{"id":2084079,"date":"2026-08-02T00:00:00","date_gmt":"2026-08-01T21:00:00","guid":{"rendered":"https:\/\/analyse.optim.biz\/?p=2084079"},"modified":"2026-08-02T00:00:00","modified_gmt":"2026-08-01T21:00:00","slug":"calendarul-zilei-de-2-august-evenimente-istorice-personalitati-marcante-si-momente-care-au-schimbat-lumea-ce-s-a-intamplat-intr-o-zi-cu-rezonanta-pentru-istorie-si-romania","status":"publish","type":"post","link":"https:\/\/analyse.optim.biz\/?p=2084079","title":{"rendered":"Calendarul zilei de 2 august: evenimente istorice, personalit\u0103\u021bi marcante \u0219i momente care au schimbat lumea. Ce s-a \u00eent\u00e2mplat \u00eentr-o zi cu rezonan\u021b\u0103 pentru istorie \u0219i Rom\u00e2nia"},"content":{"rendered":"<p>[analyse_image type=&#8221;featured&#8221; src=&#8221;https:\/\/zdvi.cname.ro\/_\/calendarul-zilei-de-2-august-evenimente-istorice-personalitati-marcante-si-momente-care-au-schimbat-lumea.-ce-s-a-intamplat-intr-o-zi-cu-rezonanta-pentru-istorie-si-romania\/mediaPool\/ugnwdKU.png&#8221;]<\/p>\n<div class=\"main-content detaliu-articol\"><a class=\"titlu-cat-list\" href=\"https:\/\/ziaruldevrancea.ro\/timp-liber\">Timp Liber<\/a><\/p>\n<h1>Calendarul zilei de 2 august: evenimente istorice, personalit\u0103\u021bi marcante \u0219i momente care au schimbat lumea. Ce s-a \u00eent\u00e2mplat \u00eentr-o zi cu rezonan\u021b\u0103 pentru istorie \u0219i Rom\u00e2nia<\/h1>\n<div class=\"date-articol clearfix\">\n<div class=\"distribuie-articol dropdown\">\n    Distribuie: \u00a0<br \/>\n    <em>|<\/em><\/div>\n<div class=\"autor-articol\"><a href=\"https:\/\/ziaruldevrancea.ro\/autor\/rodica-condurache\/\"><img decoding=\"async\" class=\"img-circle\" src=\"https:\/\/zdvi.cname.ro\/50_50\/articleAuthor\/rodica-condurache\/articleAuthor\/uy6Kz5r.jpg\" alt><\/a><\/p>\n<h5><a href=\"https:\/\/ziaruldevrancea.ro\/autor\/rodica-condurache\/\">Rodica Condurache<\/a><\/h5>\n<div class=\"grup-spatiere\"><span class=\"cu-spatiere\"> 2 aug 2026<\/span><span class=\"cu-spatiere\">526 vizualiz\u0103ri<\/span><\/div>\n<\/div>\n<\/div>\n<div class=\"poza-mare\">\n<div class=\"poza-mare galerie-detaliu\">\n<div id=\"carousel-poza-mare\" class=\"carousel slide carusel-poza\" data-ride=\"carousel\" data-interval=\"0\">\n<div class=\"carousel-inner\" role=\"listbox\">\n<div class=\"item imagine-carusel active\"><a href class=\"openGallery\"><img decoding=\"async\" class=\"img-responsive\" src=\"https:\/\/zdvi.cname.ro\/850_530\/calendarul-zilei-de-2-august-evenimente-istorice-personalitati-marcante-si-momente-care-au-schimbat-lumea.-ce-s-a-intamplat-intr-o-zi-cu-rezonanta-pentru-istorie-si-romania\/article\/mediaPool\/ugnwdKU.png\" alt><\/a><\/div>\n<div class=\"item imagine-carusel \"><a href class=\"openGallery\"><img decoding=\"async\" class=\"img-responsive\" src=\"https:\/\/zdvi.cname.ro\/850_530\/calendarul-zilei-de-2-august-evenimente-istorice-personalitati-marcante-si-momente-care-au-schimbat-lumea.-ce-s-a-intamplat-intr-o-zi-cu-rezonanta-pentru-istorie-si-romania\/article\/mediaPool\/uI6oR6t.jpg\" alt><\/a><\/div>\n<div class=\"item imagine-carusel \"><a href class=\"openGallery\"><img decoding=\"async\" class=\"img-responsive\" src=\"https:\/\/zdvi.cname.ro\/850_530\/calendarul-zilei-de-2-august-evenimente-istorice-personalitati-marcante-si-momente-care-au-schimbat-lumea.-ce-s-a-intamplat-intr-o-zi-cu-rezonanta-pentru-istorie-si-romania\/article\/mediaPool\/uBtO06I.jpg\" alt><\/a><\/div>\n<div class=\"item imagine-carusel \"><a href class=\"openGallery\"><img decoding=\"async\" class=\"img-responsive\" src=\"https:\/\/zdvi.cname.ro\/850_530\/calendarul-zilei-de-2-august-evenimente-istorice-personalitati-marcante-si-momente-care-au-schimbat-lumea.-ce-s-a-intamplat-intr-o-zi-cu-rezonanta-pentru-istorie-si-romania\/article\/mediaPool\/uUlXvrj.jpg\" alt><\/a><\/div>\n<div class=\"item imagine-carusel \"><a href class=\"openGallery\"><img decoding=\"async\" class=\"img-responsive\" src=\"https:\/\/zdvi.cname.ro\/850_530\/calendarul-zilei-de-2-august-evenimente-istorice-personalitati-marcante-si-momente-care-au-schimbat-lumea.-ce-s-a-intamplat-intr-o-zi-cu-rezonanta-pentru-istorie-si-romania\/article\/mediaPool\/u5t8aMT.jpg\" alt><\/a><\/div>\n<\/div>\n<\/div>\n<div id=\"carousel-poze-mici\" class=\"carousel slide carusel-mici\" data-ride=\"carousel\" data-interval=\"0\">\n<div class=\"carousel-inner\" role=\"listbox\">\n<div class=\"item active\">\n<ul class=\"navigare-carusel-imagini\">\n<li data-target=\"#carousel-poza-mare\" data-slide-to=\"0\"><img decoding=\"async\" class=\"img-responsive\" src=\"https:\/\/zdvi.cname.ro\/_90\/calendarul-zilei-de-2-august-evenimente-istorice-personalitati-marcante-si-momente-care-au-schimbat-lumea.-ce-s-a-intamplat-intr-o-zi-cu-rezonanta-pentru-istorie-si-romania\/article\/mediaPool\/ugnwdKU.png\" alt><\/li>\n<li data-target=\"#carousel-poza-mare\" data-slide-to=\"1\"><img decoding=\"async\" class=\"img-responsive\" src=\"https:\/\/zdvi.cname.ro\/_90\/calendarul-zilei-de-2-august-evenimente-istorice-personalitati-marcante-si-momente-care-au-schimbat-lumea.-ce-s-a-intamplat-intr-o-zi-cu-rezonanta-pentru-istorie-si-romania\/article\/mediaPool\/uI6oR6t.jpg\" alt><\/li>\n<li data-target=\"#carousel-poza-mare\" data-slide-to=\"2\"><img decoding=\"async\" class=\"img-responsive\" src=\"https:\/\/zdvi.cname.ro\/_90\/calendarul-zilei-de-2-august-evenimente-istorice-personalitati-marcante-si-momente-care-au-schimbat-lumea.-ce-s-a-intamplat-intr-o-zi-cu-rezonanta-pentru-istorie-si-romania\/article\/mediaPool\/uBtO06I.jpg\" alt><\/li>\n<li data-target=\"#carousel-poza-mare\" data-slide-to=\"3\"><img decoding=\"async\" class=\"img-responsive\" src=\"https:\/\/zdvi.cname.ro\/_90\/calendarul-zilei-de-2-august-evenimente-istorice-personalitati-marcante-si-momente-care-au-schimbat-lumea.-ce-s-a-intamplat-intr-o-zi-cu-rezonanta-pentru-istorie-si-romania\/article\/mediaPool\/uUlXvrj.jpg\" alt><\/li>\n<li data-target=\"#carousel-poza-mare\" data-slide-to=\"4\"><img decoding=\"async\" class=\"img-responsive\" src=\"https:\/\/zdvi.cname.ro\/_90\/calendarul-zilei-de-2-august-evenimente-istorice-personalitati-marcante-si-momente-care-au-schimbat-lumea.-ce-s-a-intamplat-intr-o-zi-cu-rezonanta-pentru-istorie-si-romania\/article\/mediaPool\/u5t8aMT.jpg\" alt><\/li>\n<\/ul>\n<\/div>\n<\/div>\n<\/div>\n<\/div>\n<\/div>\n<p><strong>2 august este cea de-a 214-a zi a anului (215-a \u00een anii bisec\u021bi), iar p\u00e2n\u0103 la sf\u00e2r\u0219itul lui 2026 mai sunt 151 de zile. Data de 2 august ocup\u0103 un loc aparte \u00een istoria universal\u0103 \u0219i \u00een cea a Rom\u00e2niei, reunind evenimente politice, militare, culturale \u0219i sportive care au influen\u021bat evolu\u021bia societ\u0103\u021bii. \u00cen cadrul rubricii \u201eCalendarul zilei\u201d, Ziarul de Vrancea prezint\u0103 cele mai importante momente consemnate de istorie.<\/strong><\/p>\n<p><strong>Rubrica \u201eCalendarul zilei\u201d din Ziarul de Vrancea readuce \u00een aten\u021bia cititorilor cele mai importante evenimente petrecute la 2 august, de la b\u0103t\u0103lii care au schimbat cursul istoriei \u0219i momente esen\u021biale pentru Rom\u00e2nia, p\u00e2n\u0103 la na\u0219terea unor mari personalit\u0103\u021bi ale culturii \u0219i dispari\u021bia unor nume care au marcat lumea.<\/strong><\/p>\n<p>\u00a0<\/p>\n<p>\u00a0<\/p>\n<p><strong>Evenimente importante petrecute la 2 august<\/strong><\/p>\n<p>Printre cele mai cunoscute momente istorice se num\u0103r\u0103 <strong>B\u0103t\u0103lia de la Cannae<\/strong> din anul <strong>216 \u00ee.Hr.<\/strong>, una dintre cele mai spectaculoase victorii militare din toate timpurile. Generalul cartaginez <strong>Hannibal<\/strong> a reu\u0219it s\u0103 \u00eenving\u0103 o armat\u0103 roman\u0103 considerabil mai numeroas\u0103, folosind o tactic\u0103 militar\u0103 studiat\u0103 \u0219i ast\u0103zi \u00een academiile de r\u0103zboi.<\/p>\n<p>\u00cen anul <strong>338 \u00ee.Hr.<\/strong>, victoria lui <strong>Filip al II-lea al Macedoniei<\/strong> \u00een <strong>B\u0103t\u0103lia de la Cheroneea<\/strong> a deschis drumul hegemoniei macedonene asupra Greciei \u0219i a preg\u0103tit ascensiunea fiului s\u0103u, Alexandru cel Mare.<\/p>\n<p>La <strong>2 august 1492<\/strong>, unul dintre cele mai dramatice episoade din istoria Europei a devenit realitate: evreii au fost expulza\u021bi din Spania prin decret regal, eveniment care a provocat migrarea a zeci de mii de oameni c\u0103tre Imperiul Otoman \u0219i alte regiuni ale continentului.<\/p>\n<p>O alt\u0103 dat\u0103 simbolic\u0103 este <strong>2 august 1776<\/strong>, c\u00e2nd a fost semnat\u0103 oficial <strong>Declara\u021bia de Independen\u021b\u0103 a Statelor Unite ale Americii<\/strong>, document fundamental pentru dezvoltarea democra\u021biei moderne.<\/p>\n<p><strong>Momente importante pentru Rom\u00e2nia<\/strong><\/p>\n<p>Istoria Rom\u00e2niei consemneaz\u0103 mai multe evenimente relevante la aceast\u0103 dat\u0103.<\/p>\n<p>\u00cen <strong>1929<\/strong> a fost \u00eenfiin\u021bat\u0103 <strong>Regia Autonom\u0103 a Porturilor \u0219i C\u0103ilor de Comunica\u021bie pe Ap\u0103<\/strong>, institu\u021bie care a avut un rol esen\u021bial \u00een administrarea infrastructurii portuare \u0219i a transportului naval.<\/p>\n<p>La <strong>2 august 1953<\/strong> a fost inaugurat <strong>Stadionul Na\u021bional din Bucure\u0219ti<\/strong>, una dintre cele mai importante arene sportive ale \u021b\u0103rii \u00een perioada postbelic\u0103.<\/p>\n<p>\u00cen <strong>1969<\/strong>, Rom\u00e2nia a intrat \u00een aten\u021bia lumii prin vizita oficial\u0103 a pre\u0219edintelui american <strong>Richard Nixon<\/strong>, primul lider al Statelor Unite care a efectuat o vizit\u0103 la Bucure\u0219ti, \u00eentr-un context geopolitic dominat de R\u0103zboiul Rece.\u00a0<a href=\"https:\/\/historia.ro\/sectiune\/general\/vizita-lui-richard-nixon-in-romania-1969-in-588996.html\" target=\"_blank\">Vizita lui Richard Nixon \u00een Rom\u00e2nia (1969), \u00een documentele contraspionajului rom\u00e2n<\/a><\/p>\n<p>Un episod controversat al istoriei este cel din <strong>2 august 1940<\/strong>, c\u00e2nd liderul sovietic <strong>Iosif Stalin<\/strong> a semnat decretul privind constituirea Republicii Sovietice Socialiste Moldovene\u0219ti pe o parte a teritoriului rom\u00e2nesc ocupat de Uniunea Sovietic\u0103.<\/p>\n<p>\u00cen <strong>1994<\/strong>, pre\u0219edintele <strong>Ion Iliescu<\/strong> a promulgat legea privind privatizarea prin metoda MEBO, act normativ important pentru procesul de restructurare economic\u0103 din Rom\u00e2nia postcomunist\u0103.<\/p>\n<p><strong>Evenimente care au schimbat lumea<\/strong><\/p>\n<p>La <strong>2 august 1945<\/strong> s-a \u00eencheiat <strong>Conferin\u021ba de la Potsdam<\/strong>, reuniune \u00een cadrul c\u0103reia liderii Puterilor Aliate au stabilit direc\u021biile reorganiz\u0103rii Germaniei dup\u0103 cel de-Al Doilea R\u0103zboi Mondial.<\/p>\n<p>\u00cen <strong>1939<\/strong>, fizicienii <strong>Albert Einstein<\/strong> \u0219i <strong>Leo Szil\u00e1rd<\/strong> au transmis celebra scrisoare c\u0103tre pre\u0219edintele american Franklin D. Roosevelt, document care avea s\u0103 conduc\u0103 la lansarea Proiectului Manhattan \u0219i la dezvoltarea bombei atomice.<\/p>\n<p>Data de <strong>2 august 1990<\/strong> marcheaz\u0103 \u00eenceputul <strong>R\u0103zboiului din Golf<\/strong>, dup\u0103 invadarea Kuweitului de c\u0103tre Irak, conflict care a schimbat echilibrul geopolitic din Orientul Mijlociu.<\/p>\n<p><strong>Personalit\u0103\u021bi n\u0103scute la 2 august<\/strong><\/p>\n<p>Calendarul zilei reune\u0219te \u0219i numeroase personalit\u0103\u021bi care \u0219i-au pus amprenta asupra culturii, artei \u0219i vie\u021bii publice.<\/p>\n<p>Printre acestea se num\u0103r\u0103:<\/p>\n<ul>\n<li>\n<p>compozitorul rom\u00e2n <strong>Mihail Jora<\/strong>;<\/p>\n<\/li>\n<li>\n<p>compozitorul \u0219i dirijorul <strong>Alfred Alessandrescu<\/strong>;<\/p>\n<\/li>\n<li>\n<p>actorul <strong>Mircea \u0218eptilici<\/strong>;<\/p>\n<\/li>\n<li>\n<p>laureatul Premiului Nobel pentru Pace \u0219i fostul pre\u0219edinte al Israelului <strong>\u0218imon Peres<\/strong>;<\/p>\n<\/li>\n<li>\n<p>scriitoarea <strong>Isabel Allende<\/strong>;<\/p>\n<\/li>\n<li>\n<p>regizorul rom\u00e2n <strong>Stere Gulea<\/strong>;<\/p>\n<\/li>\n<li>\n<p>actorul rom\u00e2n <strong>Marcel Iure\u0219<\/strong>;<\/p>\n<\/li>\n<li>\n<p>fostul fotbalist <strong>Cornel Dinu<\/strong>;<\/p>\n<\/li>\n<li>\n<p>tenorul <strong>Vlad Miri\u021b\u0103<\/strong>;<\/p>\n<\/li>\n<li>\n<p>artistul din Republica Moldova <strong>The Motans<\/strong>.<\/p>\n<\/li>\n<\/ul>\n<p>Tot la 2 august s-a n\u0103scut \u0219i sculptorul francez <strong>Fr\u00e9d\u00e9ric Auguste Bartholdi<\/strong>, creatorul celebrei <strong>Statui a Libert\u0103\u021bii<\/strong>, unul dintre cele mai cunoscute monumente din lume.<\/p>\n<p><strong>Personalit\u0103\u021bi comemorate la 2 august<\/strong><\/p>\n<p>Aceast\u0103 zi aminte\u0219te \u0219i de dispari\u021bia unor personalit\u0103\u021bi marcante.<\/p>\n<p>Printre acestea se reg\u0103sesc:<\/p>\n<ul>\n<li>\n<p>tenorul italian <strong>Enrico Caruso<\/strong>;<\/p>\n<\/li>\n<li>\n<p>inventatorul telefonului <strong>Alexander Graham Bell<\/strong>;<\/p>\n<\/li>\n<li>\n<p>mare\u0219alul german <strong>Paul von Hindenburg<\/strong>;<\/p>\n<\/li>\n<li>\n<p>regizorii <strong>Jean-Pierre Melville<\/strong> \u0219i <strong>Fritz Lang<\/strong>;<\/p>\n<\/li>\n<li>\n<p>pianista rom\u00e2n\u0103 <strong>Mihaela Ursuleasa<\/strong>;<\/p>\n<\/li>\n<li>\n<p>filosoful <strong>Tudor Ghideanu<\/strong>;<\/p>\n<\/li>\n<li>\n<p>muzicianul <strong>Nicu Covaci<\/strong>, fondatorul legendarei forma\u021bii Phoenix, a c\u0103rui dispari\u021bie, \u00een 2024, a marcat profund lumea muzicii rom\u00e2ne\u0219ti.<\/p>\n<\/li>\n<\/ul>\n<p><strong>O zi care reune\u0219te istorie, cultur\u0103 \u0219i memorie<\/strong><\/p>\n<p>De la marile confrunt\u0103ri militare ale Antichit\u0103\u021bii \u0219i p\u00e2n\u0103 la evenimentele politice ale secolului XX, data de <strong>2 august<\/strong> r\u0103m\u00e2ne una dintre zilele bogate \u00een repere istorice. \u00cen acela\u0219i timp, na\u0219terea \u0219i dispari\u021bia unor personalit\u0103\u021bi din cultur\u0103, muzic\u0103, \u0219tiin\u021b\u0103 \u0219i politic\u0103 transform\u0103 aceast\u0103 zi \u00eentr-un adev\u0103rat reper al memoriei colective.<\/p>\n<p>Prin rubrica <strong>\u201eCalendarul zilei\u201d<\/strong>, <strong>Ziarul de Vrancea<\/strong> continu\u0103 s\u0103 readuc\u0103 \u00een aten\u021bia cititorilor momentele care au influen\u021bat evolu\u021bia Rom\u00e2niei \u0219i a lumii, oferind context istoric \u0219i informa\u021bii relevante despre evenimentele petrecute \u00een fiecare zi a anului.<\/p>\n<hr>\n<hr>\n<div class=\"bloc-widget widget-rosu\">\n<p>\u00cen lipsa unui acord scris din partea Ziarului de Vrancea, pute\u0163i prelua maxim 500 de caractere din acest articol dac\u0103 preciza\u0163i sursa \u015fi insera\u0163i vizibil link-ul articolului:\u00a0<span>#insertcurrentlinkhere<\/span><\/p>\n<\/div>\n<div class=\"extra-articol listing-anunturi\">\n<h6>Anun\u021buri <span class=\"text-primary\">ZdV<\/span> Premium<\/h6>\n<div class=\"row\">\n<div class=\"col-lg-4 col-md-6 bloc-egal\"><a class=\"card-anunt\" href=\"https:\/\/ziaruldevrancea.ro\/anunturi\/inchirieri\/locuinte-oferte\/primesc-in-gazda-elevi-anunt-72832\"><strong class=\"titlu\">Locuin\u021be oferte<\/strong><span class=\"text-anunt\">Primesc \u00een gazd\u0103 elevi la cas\u0103-vil\u0103,&#8230;<\/span><span class=\"data-anunt\">07.08.2026  <\/span><\/a><\/div>\n<div class=\"col-lg-4 col-md-6 bloc-egal\"><a class=\"card-anunt\" href=\"https:\/\/ziaruldevrancea.ro\/anunturi\/altele\/matrimoniale\/Imi-caut-sufletul-pereche-anunt-72833\"><strong class=\"titlu\">Matrimoniale<\/strong><span class=\"text-anunt\">Domn serios caut doamn\u0103 serioas\u0103, v\u00e2rsta&#8230;<\/span><span class=\"data-anunt\">07.08.2026  <\/span><\/a><\/div>\n<div class=\"col-lg-4 col-md-6 bloc-egal\"><a class=\"card-anunt\" href=\"https:\/\/ziaruldevrancea.ro\/anunturi\/angajari\/oferte-angajari\/angajare-anunt-72830\"><strong class=\"titlu\">Oferte<\/strong><span class=\"text-anunt\">ECOSISTEM SRL cu sediul in localitatea Jorasti,&#8230;<\/span><span class=\"data-anunt\">05.08.2026  <\/span><\/a><\/div>\n<\/div>\n<\/div>\n<div class=\"extra-articol alte-articole\">\n<div class=\"row\">\n<div class=\"col-lg-6 bloc-egal\">\n<div class=\"card articol-listing\">\n<h6>\u00cen categoria <a href=\"https:\/\/ziaruldevrancea.ro\/timp-liber\">Timp Liber<\/a><\/h6>\n<div class=\"grup-articol-listing\">\n<div class=\"cont-pils\"><a href=\"https:\/\/ziaruldevrancea.ro\/timp-liber\/eveniment-cultural-in-aer-liber-sambata-seara-la-focsani\"><img decoding=\"async\" src=\"https:\/\/zdvi.cname.ro\/180_135\/timp-liber\/eveniment-cultural-in-aer-liber-sambata-seara-la-focsani\/mediaPool\/uvyuJqJ.jpg\" class=\"img-responsive img-180\" alt><\/a><\/div>\n<h2><a class=\"link-titlu\" href=\"https:\/\/ziaruldevrancea.ro\/timp-liber\/eveniment-cultural-in-aer-liber-sambata-seara-la-focsani\">Eveniment cultural \u00een aer liber, s\u00e2mb\u0103t\u0103 sear\u0103, la Foc\u0219ani<\/a><\/h2>\n<div class=\"date-post\"><a href=\"https:\/\/ziaruldevrancea.ro\/autor\/camelia-marin\">Camelia Marin<\/a>,  8 aug 2026  <\/div>\n<\/div>\n<div class=\"grup-articol-listing\">\n<div class=\"cont-pils\"><a href=\"https:\/\/ziaruldevrancea.ro\/timp-liber\/horoscop-8-august-2026\"><img decoding=\"async\" src=\"https:\/\/zdvi.cname.ro\/180_135\/timp-liber\/horoscop-8-august-2026\/mediaPool\/uA8enxT.jpg\" class=\"img-responsive img-180\" alt><\/a><\/div>\n<h2><a class=\"link-titlu\" href=\"https:\/\/ziaruldevrancea.ro\/timp-liber\/horoscop-8-august-2026\">Horoscop 8 august 2026 <\/a><\/h2>\n<div class=\"date-post\"><a href=\"https:\/\/ziaruldevrancea.ro\/#comentarii\" class=\"pull-right\"> 4<\/a><a href=\"https:\/\/ziaruldevrancea.ro\/autor\/rodica-condurache\">Rodica Condurache<\/a>,  8 aug 2026  <\/div>\n<\/div>\n<div class=\"grup-articol-listing\">\n<div class=\"cont-pils\"><a href=\"https:\/\/ziaruldevrancea.ro\/timp-liber\/calendarul-zilei-de-8-august-edcizia-construirii-catedralei-mitropolitane-din-iasi-scoala-superioara-de-razboi-republica-de-la-ploiesti-si-personalitatile-nascute-in-aceasta-zi\"><img decoding=\"async\" src=\"https:\/\/zdvi.cname.ro\/180_135\/timp-liber\/calendarul-zilei-de-8-august-edcizia-construirii-catedralei-mitropolitane-din-iasi-scoala-superioara-de-razboi-republica-de-la-ploiesti-si-personalitatile-nascute-in-aceasta-zi\/mediaPool\/uDnSomR.png\" class=\"img-responsive img-180\" alt><\/a><\/div>\n<h2><a class=\"link-titlu\" href=\"https:\/\/ziaruldevrancea.ro\/timp-liber\/calendarul-zilei-de-8-august-edcizia-construirii-catedralei-mitropolitane-din-iasi-scoala-superioara-de-razboi-republica-de-la-ploiesti-si-personalitatile-nascute-in-aceasta-zi\">Calendarul zilei de 8 august: 200 de ani de decizia construirii Catedralei Mitropolitane din Ia\u0219i, \u0218coala Superioar\u0103 de R\u0103zboi, Rom\u00e2nia invitat\u0103 la Conferin\u021ba de Pace de la Paris, \u201eRepublica de la Ploie\u0219ti\u201d \u0219i personalit\u0103\u021bile n\u0103scute \u00een aceast\u0103 zi<\/a><\/h2>\n<div class=\"date-post\"><a href=\"https:\/\/ziaruldevrancea.ro\/autor\/rodica-condurache\">Rodica Condurache<\/a>,  8 aug 2026  <\/div>\n<\/div>\n<\/div>\n<\/div>\n<div class=\"col-lg-6 bloc-egal\">\n<div class=\"card articol-listing\">\n<h6>De acela\u0219i <a href=\"https:\/\/ziaruldevrancea.ro\/autor\/rodica-condurache\/\">autor<\/a><\/h6>\n<div class=\"grup-articol-listing\">\n<div class=\"cont-pils\"><a href=\"https:\/\/ziaruldevrancea.ro\/actualitatea\/stiri-locale\/prima-pagina-a-editiei-tiparite-a-ziarului-de-vrancea-de-astazi-7-august-2026\"><img decoding=\"async\" src=\"https:\/\/zdvi.cname.ro\/180_135\/actualitatea\/stiri-locale\/prima-pagina-a-editiei-tiparite-a-ziarului-de-vrancea-de-astazi-7-august-2026\/mediaPool\/uXvVkzo.jpg\" class=\"img-responsive img-180\" alt><\/a><\/div>\n<h2><a class=\"link-titlu\" href=\"https:\/\/ziaruldevrancea.ro\/actualitatea\/stiri-locale\/prima-pagina-a-editiei-tiparite-a-ziarului-de-vrancea-de-astazi-7-august-2026\">Prima pagin\u0103 a edi\u021biei tip\u0103rite a Ziarului de Vrancea de ast\u0103zi, 7 august 2026: Autostrada A7, tragedia din C\u00e2mpuri, performan\u021be vr\u00e2ncene \u00een Italia \u0219i comemorarea eroilor de la M\u0103r\u0103\u0219e\u0219ti<\/a><\/h2>\n<div class=\"date-post\"><a href=\"https:\/\/ziaruldevrancea.ro\/autor\/rodica-condurache\">Rodica Condurache<\/a>,  7 aug 2026  <\/div>\n<\/div>\n<div class=\"grup-articol-listing\">\n<div class=\"cont-pils\"><a href=\"https:\/\/ziaruldevrancea.ro\/timp-liber\/calendarul-zilei-de-7-august-repere-din-istorie-si-personalitati-care-au-marcat-aceasta-data.-ce-s-a-intamplat-de-a-lungul-timpului-si-de-ce-conteaza-pentru-cititorii-din-vrancea\"><img decoding=\"async\" src=\"https:\/\/zdvi.cname.ro\/180_135\/timp-liber\/calendarul-zilei-de-7-august-repere-din-istorie-si-personalitati-care-au-marcat-aceasta-data.-ce-s-a-intamplat-de-a-lungul-timpului-si-de-ce-conteaza-pentru-cititorii-din-vrancea\/mediaPool\/ubfSoBo.PNG\" class=\"img-responsive img-180\" alt><\/a><\/div>\n<h2><a class=\"link-titlu\" href=\"https:\/\/ziaruldevrancea.ro\/timp-liber\/calendarul-zilei-de-7-august-repere-din-istorie-si-personalitati-care-au-marcat-aceasta-data.-ce-s-a-intamplat-de-a-lungul-timpului-si-de-ce-conteaza-pentru-cititorii-din-vrancea\">Calendarul zilei de 7 august: Momente care au influen\u021bat evolu\u021bia Rom\u00e2niei, personalit\u0103\u021bi care au l\u0103sat \u00een urm\u0103 opere, descoperiri sau exemple de via\u021b\u0103. O invita\u021bie la redescoperirea trecutului \u0219i la \u00een\u021belegerea contextului \u00een care s-a construit prezentul<\/a><\/h2>\n<div class=\"date-post\"><a href=\"https:\/\/ziaruldevrancea.ro\/autor\/rodica-condurache\">Rodica Condurache<\/a>,  7 aug 2026  <\/div>\n<\/div>\n<div class=\"grup-articol-listing\">\n<div class=\"cont-pils\"><a href=\"https:\/\/ziaruldevrancea.ro\/actualitatea\/stiri-locale\/prima-pagina-a-editiei-tiparite-a-ziarului-de-vrancea-de-astazi-6-august-2026-tragedia-de-pe-siret-investitii-in-sanatate-istorie-si-proiecte-pentru-judet\"><img decoding=\"async\" src=\"https:\/\/zdvi.cname.ro\/180_135\/actualitatea\/stiri-locale\/prima-pagina-a-editiei-tiparite-a-ziarului-de-vrancea-de-astazi-6-august-2026-tragedia-de-pe-siret-investitii-in-sanatate-istorie-si-proiecte-pentru-judet\/mediaPool\/uBAQGKM.jpg\" class=\"img-responsive img-180\" alt><\/a><\/div>\n<h2><a class=\"link-titlu\" href=\"https:\/\/ziaruldevrancea.ro\/actualitatea\/stiri-locale\/prima-pagina-a-editiei-tiparite-a-ziarului-de-vrancea-de-astazi-6-august-2026-tragedia-de-pe-siret-investitii-in-sanatate-istorie-si-proiecte-pentru-judet\">Prima pagin\u0103 a edi\u021biei tip\u0103rite a Ziarului de Vrancea de ast\u0103zi, 6 august 2026: Canicul\u0103, comemorarea eroilor de la M\u0103r\u0103\u0219e\u0219ti, investi\u021bii verzi \u0219i dosarul Cernob\u00eelului, \u00een centrul actualit\u0103\u021bii <\/a><\/h2>\n<div class=\"date-post\"><a href=\"https:\/\/ziaruldevrancea.ro\/autor\/rodica-condurache\">Rodica Condurache<\/a>,  6 aug 2026  <\/div>\n<\/div>\n<\/div>\n<\/div>\n<\/div>\n<\/div>\n<div class=\"extra-articol listing-anunturi\">\n<h6>Anun\u021buri <span class=\"text-primary\">ZdV<\/span> Premium<\/h6>\n<div class=\"row\">\n<div class=\"col-lg-4 col-md-6 bloc-egal\"><a class=\"card-anunt\" href=\"https:\/\/ziaruldevrancea.ro\/anunturi\/altele\/servicii\/caut-o-persoana-sau-o-familie-pentru-ingrijirea-unei-batrane\"><strong class=\"titlu\">Servicii<\/strong><span class=\"text-anunt\">Caut o persoan\u0103\u00a0sau o familie serioas\u0103&#8230;<\/span><span class=\"data-anunt\">04.08.2026  <\/span><\/a><\/div>\n<div class=\"col-lg-4 col-md-6 bloc-egal\"><a class=\"card-anunt\" href=\"https:\/\/ziaruldevrancea.ro\/anunturi\/imobiliare\/vanzari-ap-2-camere\/vand-apartament-2-camere-in-focsani-anunt-72825\"><strong class=\"titlu\">V\u00e2nz\u0103ri ap 2 camere<\/strong><span class=\"text-anunt\">V\u00e2nd apartament 2 camere, hol p\u0103trat,&#8230;<\/span><span class=\"data-anunt\">04.08.2026  <\/span><\/a><\/div>\n<div class=\"col-lg-4 col-md-6 bloc-egal\"><a class=\"card-anunt\" href=\"https:\/\/ziaruldevrancea.ro\/anunturi\/angajari\/oferte-angajari\/caut-femeie-pt-supraveghere-batrana-paralizata-focsani-fara-menaj-program-de-la-9la-17-de-luni-pana-vineri-salariu-2600\"><strong class=\"titlu\">Oferte<\/strong><span class=\"text-anunt\">Caut femeie pentru\u00a0supraveghere&#8230;<\/span><span class=\"data-anunt\">05.08.2026 , Vrancea , Foc\u0219ani<\/span><\/a><\/div>\n<\/div>\n<\/div>\n<div class=\"bloc-widget widget-albastru\">\n    Ziarul de Vrancea \u00a0nu este responsabil juridic pentru con\u0163inutul textelor din comentariile de mai jos. Responsabilitatea pentru mesajele dumneavoastra v\u0103 revine \u00een exclusivitate.\n<\/div>\n<div class=\"comentarii-articol\" id=\"comentarii\">\n<h3>Comentarii: <span class=\"text-primary\">0<\/span><\/h3>\n<p><a href=\"https:\/\/ziaruldevrancea.ro\/timp-liber\/calendarul-zilei-de-2-august-evenimente-istorice-personalitati-marcante-si-momente-care-au-schimbat-lumea.-ce-s-a-intamplat-intr-o-zi-cu-rezonanta-pentru-istorie-si-romania\" class=\"btn btn-success btn-adauga-com\" data-toggle=\"modal\" data-parent=\"0\" data-target=\"#commentModal\">Adaug\u0103 comentariu<\/a><\/p>\n<div class=\"loadMask comments-mask\"><img decoding=\"async\" src=\"https:\/\/zdvs.cname.ro\/images\/loader_40.gif\"><\/div>\n<div class=\"comenteaza-jos\">Trebuie s\u0103 fii <a href=\"https:\/\/ziaruldevrancea.ro\/account\">autentificat<\/a> pentru a putea <a href=\"https:\/\/ziaruldevrancea.ro\/timp-liber\/calendarul-zilei-de-2-august-evenimente-istorice-personalitati-marcante-si-momente-care-au-schimbat-lumea.-ce-s-a-intamplat-intr-o-zi-cu-rezonanta-pentru-istorie-si-romania\" class data-toggle=\"modal\" data-parent=\"0\" data-target=\"#commentModal\">posta un comentariu<\/a>.<\/div>\n<\/div>\n<div class=\"modal fade\" id=\"commentModal\" role=\"dialog\" aria-labelledby=\"commentModalLabel\">\n<div class=\"modal-dialog modal-lg\" role=\"document\">\n<div class=\"modal-content\">\n<div class=\"modal-header\">\n<h3 class=\"modal-title\" id=\"commentModalLabel\">Comenteaz\u0103<\/h3>\n<\/div>\n<div class=\"modal-body\">\n<div class=\"tabel tabel-full\">\n<div class=\"celula\">\n              Trebuie s\u0103 fii <a href=\"https:\/\/ziaruldevrancea.ro\/account\">autentificat<\/a> pentru a putea posta un comentariu.\n            <\/div>\n<\/div>\n<\/div>\n<div class=\"modal-footer\">\n<div id=\"commentPending\" class=\"formPending pull-left\"><img decoding=\"async\" src=\"https:\/\/zdvs.cname.ro\/images\/loader_40.gif\"> In curs de procesare&#8230;<\/div>\n<p><a href=\"https:\/\/ziaruldevrancea.ro\/timp-liber\/calendarul-zilei-de-2-august-evenimente-istorice-personalitati-marcante-si-momente-care-au-schimbat-lumea.-ce-s-a-intamplat-intr-o-zi-cu-rezonanta-pentru-istorie-si-romania\" class=\"btn btn-default\" data-dismiss=\"modal\">Anuleaz\u0103<\/a><\/div>\n<\/div>\n<\/div>\n<\/div>\n<div class=\"modal fade\" id=\"commentReportModal\" role=\"dialog\" aria-labelledby=\"commentReportModalLabel\">\n<div class=\"modal-dialog modal-lg\" role=\"document\">\n<div class=\"modal-content\">\n<div class=\"modal-header\">\n<h3 class=\"modal-title\" id=\"commentReportModalLabel\">Raporteaza comentariu<\/h3>\n<\/div>\n<div class=\"modal-body\">\n<div class=\"tabel tabel-full\">\n<div class=\"celula\">\n              Trebuie s\u0103 fii <a href=\"https:\/\/ziaruldevrancea.ro\/account\">autentificat<\/a> pentru a putea raporta un comentariu.\n            <\/div>\n<\/div>\n<\/div>\n<div class=\"modal-footer\">\n<div id=\"commentReportPending\" class=\"formPending pull-left\"><img decoding=\"async\" src=\"https:\/\/zdvs.cname.ro\/images\/loader_40.gif\"> In curs de procesare&#8230;<\/div>\n<p><a href=\"https:\/\/ziaruldevrancea.ro\/timp-liber\/calendarul-zilei-de-2-august-evenimente-istorice-personalitati-marcante-si-momente-care-au-schimbat-lumea.-ce-s-a-intamplat-intr-o-zi-cu-rezonanta-pentru-istorie-si-romania\" class=\"btn btn-default\" data-dismiss=\"modal\">Anuleaz\u0103<\/a><\/div>\n<\/div>\n<\/div>\n<\/div>\n<div class=\"modal fade\" id=\"commentLikeModal\" role=\"dialog\" aria-labelledby=\"commentLikeModalLabel\">\n<div class=\"modal-dialog modal-lg\" role=\"document\">\n<div class=\"modal-content\">\n<div class=\"modal-header\">\n<h3 class=\"modal-title\" id=\"commentReportModalLabel\">Apreciaza comentariu<\/h3>\n<\/div>\n<div class=\"modal-body\">\n<div class=\"tabel tabel-full\">\n<div class=\"celula\">\n            Trebuie s\u0103 fii <a href=\"https:\/\/ziaruldevrancea.ro\/account\">autentificat<\/a> pentru a putea aprecia un comentariu.\n          <\/div>\n<\/div>\n<\/div>\n<div class=\"modal-footer\"><a href=\"https:\/\/ziaruldevrancea.ro\/timp-liber\/calendarul-zilei-de-2-august-evenimente-istorice-personalitati-marcante-si-momente-care-au-schimbat-lumea.-ce-s-a-intamplat-intr-o-zi-cu-rezonanta-pentru-istorie-si-romania\" class=\"btn btn-default\" data-dismiss=\"modal\">Anuleaz\u0103<\/a><\/div>\n<\/div>\n<\/div>\n<\/div>\n<div class=\"bloc-widget widget-rosu\"><span><small>Ziarul de Vrancea doreste ca acest site sa fie un spatiu al discutiilor civilizate, al comentariilor de bun simt. Din acest motiv, cei care posteaza comentarii la articole trebuie sa respecte urmatoarele reguli:<br \/>\n1. Sa se refere doar la articolul la care posteaza comentarii.<br \/>\n2. Sa foloseasca un limbaj civilizat, fara injurii, calomnii, comentarii antisemite, xenofobe sau rasiste.<br \/>\n3. Sunt interzise atacurile la adresa autorilor, daca acestea nu au legatura cu textul.<br \/>\n4. Username-ul sa nu fie nume de personalitati ale vietii publice sau parodieri ale acestora.<br \/>\nAutorul unui articol poate fi criticat pentru eventuale greseli, incoerenta, lipsa de documentare etc.<br \/>\nNerespectarea regulilor mentionate mai sus va duce la stergerea comentariilor, fara avertisment si fara explicatii.<br \/>\nAbaterile repetate vor avea drept consecinta interdictia accesului la aceasta facilitate a site-ului.<\/small><\/span><\/div>\n<\/div>\n<p>[analyse_source url=&#8221;https:\/\/ziaruldevrancea.ro\/timp-liber\/calendarul-zilei-de-2-august-evenimente-istorice-personalitati-marcante-si-momente-care-au-schimbat-lumea.-ce-s-a-intamplat-intr-o-zi-cu-rezonanta-pentru-istorie-si-romania&#8221;]<\/p>\n","protected":false},"excerpt":{"rendered":"<p>[analyse_image type=&#8221;featured&#8221; src=&#8221;https:\/\/zdvi.cname.ro\/_\/calendarul-zilei-de-2-august-evenimente-istorice-personalitati-marcante-si-momente-care-au-schimbat-lumea.-ce-s-a-intamplat-intr-o-zi-cu-rezonanta-pentru-istorie-si-romania\/mediaPool\/ugnwdKU.png&#8221;] Timp Liber Calendarul zilei de 2 august: evenimente istorice, personalit\u0103\u021bi marcante \u0219i momente care au schimbat lumea. Ce s-a \u00eent\u00e2mplat \u00eentr-o zi cu rezonan\u021b\u0103 pentru istorie \u0219i Rom\u00e2nia Distribuie: \u00a0 | Rodica Condurache 2 aug 2026526 vizualiz\u0103ri 2 august este cea de-a 214-a zi a anului (215-a \u00een anii bisec\u021bi), iar p\u00e2n\u0103 [&hellip;]<\/p>\n","protected":false},"author":1,"featured_media":0,"comment_status":"open","ping_status":"","sticky":false,"template":"","format":"standard","meta":{"footnotes":""},"categories":[89],"tags":[226,208],"class_list":["post-2084079","post","type-post","status-publish","format-standard","hentry","category-romania","tag-crawlmanager","tag-ziaruldevrancea-ro"],"_links":{"self":[{"href":"https:\/\/analyse.optim.biz\/index.php?rest_route=\/wp\/v2\/posts\/2084079","targetHints":{"allow":["GET"]}}],"collection":[{"href":"https:\/\/analyse.optim.biz\/index.php?rest_route=\/wp\/v2\/posts"}],"about":[{"href":"https:\/\/analyse.optim.biz\/index.php?rest_route=\/wp\/v2\/types\/post"}],"author":[{"embeddable":true,"href":"https:\/\/analyse.optim.biz\/index.php?rest_route=\/wp\/v2\/users\/1"}],"replies":[{"embeddable":true,"href":"https:\/\/analyse.optim.biz\/index.php?rest_route=%2Fwp%2Fv2%2Fcomments&post=2084079"}],"version-history":[{"count":0,"href":"https:\/\/analyse.optim.biz\/index.php?rest_route=\/wp\/v2\/posts\/2084079\/revisions"}],"wp:attachment":[{"href":"https:\/\/analyse.optim.biz\/index.php?rest_route=%2Fwp%2Fv2%2Fmedia&parent=2084079"}],"wp:term":[{"taxonomy":"category","embeddable":true,"href":"https:\/\/analyse.optim.biz\/index.php?rest_route=%2Fwp%2Fv2%2Fcategories&post=2084079"},{"taxonomy":"post_tag","embeddable":true,"href":"https:\/\/analyse.optim.biz\/index.php?rest_route=%2Fwp%2Fv2%2Ftags&post=2084079"}],"curies":[{"name":"wp","href":"https:\/\/api.w.org\/{rel}","templated":true}]}}