{"id":2084076,"date":"2026-08-01T00:00:00","date_gmt":"2026-07-31T21:00:00","guid":{"rendered":"https:\/\/analyse.optim.biz\/?p=2084076"},"modified":"2026-08-01T00:00:00","modified_gmt":"2026-07-31T21:00:00","slug":"calendarul-zilei-de-1-august-momente-care-au-marcat-istoria-romaniei-si-a-lumii-ce-personalitati-sunt-legate-de-aceasta-data","status":"publish","type":"post","link":"https:\/\/analyse.optim.biz\/?p=2084076","title":{"rendered":"Calendarul zilei de 1 august: momente care au marcat istoria Rom\u00e2niei \u0219i a lumii. Ce personalit\u0103\u021bi sunt legate de aceast\u0103 dat\u0103"},"content":{"rendered":"<p>[analyse_image type=&#8221;featured&#8221; src=&#8221;https:\/\/zdvi.cname.ro\/_\/95593-calendarul-zilei-de-1-august.html\/mediaPool\/calendar_1_Dimitrie_Cantemir___Foto01_910393403.jpg&#8221;]<\/p>\n<div class=\"main-content detaliu-articol\"><a class=\"titlu-cat-list\" href=\"https:\/\/ziaruldevrancea.ro\/timp-liber\">Timp Liber<\/a><\/p>\n<h1>Calendarul zilei de 1 august: momente care au marcat istoria Rom\u00e2niei \u0219i a lumii. Ce personalit\u0103\u021bi sunt legate de aceast\u0103 dat\u0103<\/h1>\n<div class=\"date-articol clearfix\">\n<div class=\"distribuie-articol dropdown\">\n    Distribuie: \u00a0<br \/>\n    <em>|<\/em><\/div>\n<div class=\"autor-articol\"><a href=\"https:\/\/ziaruldevrancea.ro\/autor\/rodica-condurache\/\"><img decoding=\"async\" class=\"img-circle\" src=\"https:\/\/zdvi.cname.ro\/50_50\/articleAuthor\/rodica-condurache\/articleAuthor\/uy6Kz5r.jpg\" alt><\/a><\/p>\n<h5><a href=\"https:\/\/ziaruldevrancea.ro\/autor\/rodica-condurache\/\">Rodica Condurache<\/a><\/h5>\n<div class=\"grup-spatiere\"><span class=\"cu-spatiere\"> 1 aug 2026<\/span><span class=\"cu-spatiere\">1454 vizualiz\u0103ri<\/span><\/div>\n<\/div>\n<\/div>\n<div class=\"poza-mare\"><a href class=\"openGallery\"><img decoding=\"async\" class=\"img-responsive\" src=\"https:\/\/zdvi.cname.ro\/850_530\/95593-calendarul-zilei-de-1-august.html\/article\/mediaPool\/calendar_1_Dimitrie_Cantemir___Foto01_910393403.jpg\" alt><\/a><\/div>\n<p><strong>De la \u00eenfiin\u021barea Ministerului Afacerilor Externe al Rom\u00e2niei \u0219i bombardarea Ploie\u0219tiului \u00een Al Doilea R\u0103zboi Mondial, p\u00e2n\u0103 la aniversarea unor mari personalit\u0103\u021bi ale culturii rom\u00e2ne, ziua de 1 august ocup\u0103 un loc aparte \u00een calendarul istoriei. 1 august este a 213-a zi a calendarului gregorian \u015fi a 214-a zi \u00een anii bisec\u0163i.\u00a0<br \/>\nMai sunt 152 de zile p\u00e2n\u0103 la sf\u00e2r\u0219itul anului.<\/strong><\/p>\n<p>\u00a0<\/p>\n<p>\u00a0<\/p>\n<p><strong>De la \u00eenfiin\u021barea Ministerului Afacerilor Externe al Rom\u00e2niei \u0219i bombardarea Ploie\u0219tiului \u00een Al Doilea R\u0103zboi Mondial, p\u00e2n\u0103 la aniversarea unor mari personalit\u0103\u021bi ale culturii rom\u00e2ne, ziua de 1 august ocup\u0103 un loc aparte \u00een calendarul istoriei.<\/strong><\/p>\n<p>Data de <strong>1 august<\/strong> reune\u0219te numeroase evenimente istorice, anivers\u0103ri \u0219i momente care au influen\u021bat evolu\u021bia Rom\u00e2niei \u0219i a lumii. De la decizii politice \u0219i diplomatice importante, p\u00e2n\u0103 la na\u0219terea unor personalit\u0103\u021bi marcante ale culturii \u0219i economiei rom\u00e2ne\u0219ti, aceast\u0103 zi ocup\u0103 un loc aparte \u00een calendarul istoric.<\/p>\n<p><strong>Evenimente importante petrecute la 1 august<\/strong><\/p>\n<p>Pentru Rom\u00e2nia, una dintre cele mai importante repere este <strong>\u00eenfiin\u021barea Ministerului Afacerilor Externe<\/strong>, la <strong>1 august 1862<\/strong>, institu\u021bie care avea s\u0103 coordoneze politica extern\u0103 a statului rom\u00e2n modern.<\/p>\n<p>Tot \u00eentr-o zi de 1 august, \u00een <strong>1943<\/strong>, ora\u0219ul <strong>Ploie\u0219ti<\/strong> a fost bombardat de avia\u021bia american\u0103 \u00een cadrul <strong>Opera\u021biunii Tidal Wave<\/strong>, una dintre cele mai ample ac\u021biuni aeriene ale celui de-Al Doilea R\u0103zboi Mondial, av\u00e2nd ca \u021bint\u0103 rafin\u0103riile de petrol care alimentau ma\u0219ina de r\u0103zboi german\u0103.<\/p>\n<p>\u00cen <strong>1975<\/strong> a fost semnat <strong>Actul Final de la Helsinki<\/strong>, document care a pus bazele cooper\u0103rii europene \u00een domeniul securit\u0103\u021bii \u0219i drepturilor omului.<\/p>\n<p>Printre celelalte momente importante consemnate la aceast\u0103 dat\u0103 se num\u0103r\u0103:<\/p>\n<ul>\n<li>\n<p>atestarea documentar\u0103 a ora\u0219ului <strong>Zal\u0103u<\/strong> \u00een anul <strong>1473<\/strong>;<\/p>\n<\/li>\n<li>\n<p>alegerea lui <strong>Dimitrie Cantemir<\/strong> ca membru al Academiei din Berlin \u00een <strong>1714<\/strong>, o recunoa\u0219tere remarcabil\u0103 pentru cultura rom\u00e2neasc\u0103;<\/p>\n<\/li>\n<li>\n<p>lansarea postului muzical <strong>MTV<\/strong>, la <strong>1 august 1981<\/strong>, un moment care a schimbat industria muzical\u0103 mondial\u0103;<\/p>\n<\/li>\n<li>\n<p>inaugurarea \u00een Bucure\u0219ti a <strong>Memorialului Rena\u0219terii<\/strong>, dedicat Revolu\u021biei Rom\u00e2ne din Decembrie 1989. <\/p>\n<\/li>\n<\/ul>\n<p><strong>Personalit\u0103\u021bi n\u0103scute la 1 august<\/strong><\/p>\n<p>Ziua de 1 august marcheaz\u0103 aniversarea mai multor personalit\u0103\u021bi rom\u00e2ne \u0219i interna\u021bionale.<\/p>\n<p>Dintre rom\u00e2ni se remarc\u0103:<\/p>\n<ul>\n<li>\n<p><strong>Pantelimon Halippa<\/strong> (1883), politician \u0219i om de cultur\u0103;<\/p>\n<\/li>\n<li>\n<p><strong>Gellu Naum<\/strong> (1915), unul dintre cei mai importan\u021bi poe\u021bi suprareali\u0219ti ai Rom\u00e2niei;<\/p>\n<\/li>\n<li>\n<p><strong>Valeria Seciu<\/strong> (1939), una dintre marile actri\u021be ale teatrului rom\u00e2nesc;<\/p>\n<\/li>\n<li>\n<p><strong>Tudor Gheorghe<\/strong> (1945), artist emblematic al muzicii \u0219i poeziei rom\u00e2ne\u0219ti;<\/p>\n<\/li>\n<li>\n<p><strong>Mugur Is\u0103rescu<\/strong> (1949), economist \u0219i guvernator al B\u0103ncii Na\u021bionale a Rom\u00e2niei;<\/p>\n<\/li>\n<li>\n<p><strong>Dana Dogaru<\/strong>, <strong>Emilia Dobrin<\/strong>, <strong>Dieter Nisipeanu<\/strong>, <strong>Bogdan \u021a\u0103ru\u0219<\/strong>, <strong>Eliza Buceschi<\/strong> \u0219i al\u021bi reprezentan\u021bi ai culturii \u0219i sportului rom\u00e2nesc. <\/p>\n<\/li>\n<\/ul>\n<p>Pe plan interna\u021bional s-au n\u0103scut, \u00eentre al\u021bii, scriitorul <strong>Herman Melville<\/strong>, creatorul romanului <em>Moby-Dick<\/em>, designerul <strong>Yves Saint-Laurent<\/strong>, regizorul <strong>Sam Mendes<\/strong>, actorul <strong>Jason Momoa<\/strong> \u0219i fostul fotbalist <strong>Bastian Schweinsteiger<\/strong>.<\/p>\n<p><strong>Personalit\u0103\u021bi comemorate la 1 august<\/strong><\/p>\n<p>Calendarul aminte\u0219te \u0219i de dispari\u021bia unor personalit\u0103\u021bi importante.<\/p>\n<p>Pentru Rom\u00e2nia sunt remarcate decesul arhitectului <strong>Horia Creang\u0103<\/strong> (1943), al tenorului <strong>Petre Alexandru<\/strong> (1978), al fizicianului \u0219i academicianului <strong>Radu Grigorovici<\/strong> (2008), al actri\u021bei <strong>Silvia Dumitrescu-Timic\u0103<\/strong> (1999), al Principesei <strong>Ana a Rom\u00e2niei<\/strong> (2016) \u0219i al dramaturgului <strong>Pu\u0219i Dinulescu<\/strong> (2019).<\/p>\n<p><strong>S\u0103rb\u0103tori marcate la 1 august<\/strong><\/p>\n<p>Din punct de vedere religios, Biserica Ortodox\u0103 \u00eei pomene\u0219te pe <strong>Sfin\u021bii 7 Mucenici Macabei<\/strong>, iar \u00een calendarul romano-catolic este pr\u0103znuit <strong>Sf\u00e2ntul Alfons Maria de Liguori<\/strong>. Totodat\u0103, <strong>Elve\u021bia<\/strong> \u00ee\u0219i s\u0103rb\u0103tore\u0219te Ziua Na\u021bional\u0103, iar \u00een China este marcat\u0103 Ziua Armatei Populare Chineze.<\/p>\n<p>Prin evenimentele istorice, anivers\u0103rile \u0219i comemor\u0103rile sale, ziua de <strong>1 august<\/strong> r\u0103m\u00e2ne una dintre datele importante ale calendarului, ilustr\u00e2nd at\u00e2t momente definitorii pentru Rom\u00e2nia, c\u00e2t \u0219i repere semnificative din istoria universal\u0103.<\/p>\n<hr>\n<p>\u00a0<\/p>\n<p>\u00a0<\/p>\n<hr>\n<div class=\"bloc-widget widget-rosu\">\n<p>\u00cen lipsa unui acord scris din partea Ziarului de Vrancea, pute\u0163i prelua maxim 500 de caractere din acest articol dac\u0103 preciza\u0163i sursa \u015fi insera\u0163i vizibil link-ul articolului:\u00a0<span>#insertcurrentlinkhere<\/span><\/p>\n<\/div>\n<div class=\"extra-articol listing-anunturi\">\n<h6>Anun\u021buri <span class=\"text-primary\">ZdV<\/span> Premium<\/h6>\n<div class=\"row\">\n<div class=\"col-lg-4 col-md-6 bloc-egal\"><a class=\"card-anunt\" href=\"https:\/\/ziaruldevrancea.ro\/anunturi\/inchirieri\/locuinte-oferte\/primesc-in-gazda-elevi-anunt-72832\"><strong class=\"titlu\">Locuin\u021be oferte<\/strong><span class=\"text-anunt\">Primesc \u00een gazd\u0103 elevi la cas\u0103-vil\u0103,&#8230;<\/span><span class=\"data-anunt\">07.08.2026  <\/span><\/a><\/div>\n<div class=\"col-lg-4 col-md-6 bloc-egal\"><a class=\"card-anunt\" href=\"https:\/\/ziaruldevrancea.ro\/anunturi\/altele\/matrimoniale\/Imi-caut-sufletul-pereche-anunt-72833\"><strong class=\"titlu\">Matrimoniale<\/strong><span class=\"text-anunt\">Domn serios caut doamn\u0103 serioas\u0103, v\u00e2rsta&#8230;<\/span><span class=\"data-anunt\">07.08.2026  <\/span><\/a><\/div>\n<div class=\"col-lg-4 col-md-6 bloc-egal\"><a class=\"card-anunt\" href=\"https:\/\/ziaruldevrancea.ro\/anunturi\/angajari\/oferte-angajari\/angajare-anunt-72830\"><strong class=\"titlu\">Oferte<\/strong><span class=\"text-anunt\">ECOSISTEM SRL cu sediul in localitatea Jorasti,&#8230;<\/span><span class=\"data-anunt\">05.08.2026  <\/span><\/a><\/div>\n<\/div>\n<\/div>\n<div class=\"extra-articol alte-articole\">\n<div class=\"row\">\n<div class=\"col-lg-6 bloc-egal\">\n<div class=\"card articol-listing\">\n<h6>\u00cen categoria <a href=\"https:\/\/ziaruldevrancea.ro\/timp-liber\">Timp Liber<\/a><\/h6>\n<div class=\"grup-articol-listing\">\n<div class=\"cont-pils\"><a href=\"https:\/\/ziaruldevrancea.ro\/timp-liber\/eveniment-cultural-in-aer-liber-sambata-seara-la-focsani\"><img decoding=\"async\" src=\"https:\/\/zdvi.cname.ro\/180_135\/timp-liber\/eveniment-cultural-in-aer-liber-sambata-seara-la-focsani\/mediaPool\/uvyuJqJ.jpg\" class=\"img-responsive img-180\" alt><\/a><\/div>\n<h2><a class=\"link-titlu\" href=\"https:\/\/ziaruldevrancea.ro\/timp-liber\/eveniment-cultural-in-aer-liber-sambata-seara-la-focsani\">Eveniment cultural \u00een aer liber, s\u00e2mb\u0103t\u0103 sear\u0103, la Foc\u0219ani<\/a><\/h2>\n<div class=\"date-post\"><a href=\"https:\/\/ziaruldevrancea.ro\/autor\/camelia-marin\">Camelia Marin<\/a>,  8 aug 2026  <\/div>\n<\/div>\n<div class=\"grup-articol-listing\">\n<div class=\"cont-pils\"><a href=\"https:\/\/ziaruldevrancea.ro\/timp-liber\/horoscop-8-august-2026\"><img decoding=\"async\" src=\"https:\/\/zdvi.cname.ro\/180_135\/timp-liber\/horoscop-8-august-2026\/mediaPool\/uA8enxT.jpg\" class=\"img-responsive img-180\" alt><\/a><\/div>\n<h2><a class=\"link-titlu\" href=\"https:\/\/ziaruldevrancea.ro\/timp-liber\/horoscop-8-august-2026\">Horoscop 8 august 2026 <\/a><\/h2>\n<div class=\"date-post\"><a href=\"https:\/\/ziaruldevrancea.ro\/#comentarii\" class=\"pull-right\"> 4<\/a><a href=\"https:\/\/ziaruldevrancea.ro\/autor\/rodica-condurache\">Rodica Condurache<\/a>,  8 aug 2026  <\/div>\n<\/div>\n<div class=\"grup-articol-listing\">\n<div class=\"cont-pils\"><a href=\"https:\/\/ziaruldevrancea.ro\/timp-liber\/calendarul-zilei-de-8-august-edcizia-construirii-catedralei-mitropolitane-din-iasi-scoala-superioara-de-razboi-republica-de-la-ploiesti-si-personalitatile-nascute-in-aceasta-zi\"><img decoding=\"async\" src=\"https:\/\/zdvi.cname.ro\/180_135\/timp-liber\/calendarul-zilei-de-8-august-edcizia-construirii-catedralei-mitropolitane-din-iasi-scoala-superioara-de-razboi-republica-de-la-ploiesti-si-personalitatile-nascute-in-aceasta-zi\/mediaPool\/uDnSomR.png\" class=\"img-responsive img-180\" alt><\/a><\/div>\n<h2><a class=\"link-titlu\" href=\"https:\/\/ziaruldevrancea.ro\/timp-liber\/calendarul-zilei-de-8-august-edcizia-construirii-catedralei-mitropolitane-din-iasi-scoala-superioara-de-razboi-republica-de-la-ploiesti-si-personalitatile-nascute-in-aceasta-zi\">Calendarul zilei de 8 august: 200 de ani de decizia construirii Catedralei Mitropolitane din Ia\u0219i, \u0218coala Superioar\u0103 de R\u0103zboi, Rom\u00e2nia invitat\u0103 la Conferin\u021ba de Pace de la Paris, \u201eRepublica de la Ploie\u0219ti\u201d \u0219i personalit\u0103\u021bile n\u0103scute \u00een aceast\u0103 zi<\/a><\/h2>\n<div class=\"date-post\"><a href=\"https:\/\/ziaruldevrancea.ro\/autor\/rodica-condurache\">Rodica Condurache<\/a>,  8 aug 2026  <\/div>\n<\/div>\n<\/div>\n<\/div>\n<div class=\"col-lg-6 bloc-egal\">\n<div class=\"card articol-listing\">\n<h6>De acela\u0219i <a href=\"https:\/\/ziaruldevrancea.ro\/autor\/rodica-condurache\/\">autor<\/a><\/h6>\n<div class=\"grup-articol-listing\">\n<div class=\"cont-pils\"><a href=\"https:\/\/ziaruldevrancea.ro\/actualitatea\/stiri-locale\/prima-pagina-a-editiei-tiparite-a-ziarului-de-vrancea-de-astazi-7-august-2026\"><img decoding=\"async\" src=\"https:\/\/zdvi.cname.ro\/180_135\/actualitatea\/stiri-locale\/prima-pagina-a-editiei-tiparite-a-ziarului-de-vrancea-de-astazi-7-august-2026\/mediaPool\/uXvVkzo.jpg\" class=\"img-responsive img-180\" alt><\/a><\/div>\n<h2><a class=\"link-titlu\" href=\"https:\/\/ziaruldevrancea.ro\/actualitatea\/stiri-locale\/prima-pagina-a-editiei-tiparite-a-ziarului-de-vrancea-de-astazi-7-august-2026\">Prima pagin\u0103 a edi\u021biei tip\u0103rite a Ziarului de Vrancea de ast\u0103zi, 7 august 2026: Autostrada A7, tragedia din C\u00e2mpuri, performan\u021be vr\u00e2ncene \u00een Italia \u0219i comemorarea eroilor de la M\u0103r\u0103\u0219e\u0219ti<\/a><\/h2>\n<div class=\"date-post\"><a href=\"https:\/\/ziaruldevrancea.ro\/autor\/rodica-condurache\">Rodica Condurache<\/a>,  7 aug 2026  <\/div>\n<\/div>\n<div class=\"grup-articol-listing\">\n<div class=\"cont-pils\"><a href=\"https:\/\/ziaruldevrancea.ro\/timp-liber\/calendarul-zilei-de-7-august-repere-din-istorie-si-personalitati-care-au-marcat-aceasta-data.-ce-s-a-intamplat-de-a-lungul-timpului-si-de-ce-conteaza-pentru-cititorii-din-vrancea\"><img decoding=\"async\" src=\"https:\/\/zdvi.cname.ro\/180_135\/timp-liber\/calendarul-zilei-de-7-august-repere-din-istorie-si-personalitati-care-au-marcat-aceasta-data.-ce-s-a-intamplat-de-a-lungul-timpului-si-de-ce-conteaza-pentru-cititorii-din-vrancea\/mediaPool\/ubfSoBo.PNG\" class=\"img-responsive img-180\" alt><\/a><\/div>\n<h2><a class=\"link-titlu\" href=\"https:\/\/ziaruldevrancea.ro\/timp-liber\/calendarul-zilei-de-7-august-repere-din-istorie-si-personalitati-care-au-marcat-aceasta-data.-ce-s-a-intamplat-de-a-lungul-timpului-si-de-ce-conteaza-pentru-cititorii-din-vrancea\">Calendarul zilei de 7 august: Momente care au influen\u021bat evolu\u021bia Rom\u00e2niei, personalit\u0103\u021bi care au l\u0103sat \u00een urm\u0103 opere, descoperiri sau exemple de via\u021b\u0103. O invita\u021bie la redescoperirea trecutului \u0219i la \u00een\u021belegerea contextului \u00een care s-a construit prezentul<\/a><\/h2>\n<div class=\"date-post\"><a href=\"https:\/\/ziaruldevrancea.ro\/autor\/rodica-condurache\">Rodica Condurache<\/a>,  7 aug 2026  <\/div>\n<\/div>\n<div class=\"grup-articol-listing\">\n<div class=\"cont-pils\"><a href=\"https:\/\/ziaruldevrancea.ro\/actualitatea\/stiri-locale\/prima-pagina-a-editiei-tiparite-a-ziarului-de-vrancea-de-astazi-6-august-2026-tragedia-de-pe-siret-investitii-in-sanatate-istorie-si-proiecte-pentru-judet\"><img decoding=\"async\" src=\"https:\/\/zdvi.cname.ro\/180_135\/actualitatea\/stiri-locale\/prima-pagina-a-editiei-tiparite-a-ziarului-de-vrancea-de-astazi-6-august-2026-tragedia-de-pe-siret-investitii-in-sanatate-istorie-si-proiecte-pentru-judet\/mediaPool\/uBAQGKM.jpg\" class=\"img-responsive img-180\" alt><\/a><\/div>\n<h2><a class=\"link-titlu\" href=\"https:\/\/ziaruldevrancea.ro\/actualitatea\/stiri-locale\/prima-pagina-a-editiei-tiparite-a-ziarului-de-vrancea-de-astazi-6-august-2026-tragedia-de-pe-siret-investitii-in-sanatate-istorie-si-proiecte-pentru-judet\">Prima pagin\u0103 a edi\u021biei tip\u0103rite a Ziarului de Vrancea de ast\u0103zi, 6 august 2026: Canicul\u0103, comemorarea eroilor de la M\u0103r\u0103\u0219e\u0219ti, investi\u021bii verzi \u0219i dosarul Cernob\u00eelului, \u00een centrul actualit\u0103\u021bii <\/a><\/h2>\n<div class=\"date-post\"><a href=\"https:\/\/ziaruldevrancea.ro\/autor\/rodica-condurache\">Rodica Condurache<\/a>,  6 aug 2026  <\/div>\n<\/div>\n<\/div>\n<\/div>\n<\/div>\n<\/div>\n<div class=\"extra-articol listing-anunturi\">\n<h6>Anun\u021buri <span class=\"text-primary\">ZdV<\/span> Premium<\/h6>\n<div class=\"row\">\n<div class=\"col-lg-4 col-md-6 bloc-egal\"><a class=\"card-anunt\" href=\"https:\/\/ziaruldevrancea.ro\/anunturi\/altele\/servicii\/caut-o-persoana-sau-o-familie-pentru-ingrijirea-unei-batrane\"><strong class=\"titlu\">Servicii<\/strong><span class=\"text-anunt\">Caut o persoan\u0103\u00a0sau o familie serioas\u0103&#8230;<\/span><span class=\"data-anunt\">04.08.2026  <\/span><\/a><\/div>\n<div class=\"col-lg-4 col-md-6 bloc-egal\"><a class=\"card-anunt\" href=\"https:\/\/ziaruldevrancea.ro\/anunturi\/imobiliare\/vanzari-ap-2-camere\/vand-apartament-2-camere-in-focsani-anunt-72825\"><strong class=\"titlu\">V\u00e2nz\u0103ri ap 2 camere<\/strong><span class=\"text-anunt\">V\u00e2nd apartament 2 camere, hol p\u0103trat,&#8230;<\/span><span class=\"data-anunt\">04.08.2026  <\/span><\/a><\/div>\n<div class=\"col-lg-4 col-md-6 bloc-egal\"><a class=\"card-anunt\" href=\"https:\/\/ziaruldevrancea.ro\/anunturi\/angajari\/oferte-angajari\/caut-femeie-pt-supraveghere-batrana-paralizata-focsani-fara-menaj-program-de-la-9la-17-de-luni-pana-vineri-salariu-2600\"><strong class=\"titlu\">Oferte<\/strong><span class=\"text-anunt\">Caut femeie pentru\u00a0supraveghere&#8230;<\/span><span class=\"data-anunt\">05.08.2026 , Vrancea , Foc\u0219ani<\/span><\/a><\/div>\n<\/div>\n<\/div>\n<div class=\"bloc-widget widget-albastru\">\n    Ziarul de Vrancea \u00a0nu este responsabil juridic pentru con\u0163inutul textelor din comentariile de mai jos. Responsabilitatea pentru mesajele dumneavoastra v\u0103 revine \u00een exclusivitate.\n<\/div>\n<div class=\"comentarii-articol\" id=\"comentarii\">\n<h3>Comentarii: <span class=\"text-primary\">0<\/span><\/h3>\n<p><a href=\"https:\/\/ziaruldevrancea.ro\/timp-liber\/95593-calendarul-zilei-de-1-august.html\" class=\"btn btn-success btn-adauga-com\" data-toggle=\"modal\" data-parent=\"0\" data-target=\"#commentModal\">Adaug\u0103 comentariu<\/a><\/p>\n<div class=\"loadMask comments-mask\"><img decoding=\"async\" src=\"https:\/\/zdvs.cname.ro\/images\/loader_40.gif\"><\/div>\n<div class=\"comenteaza-jos\">Trebuie s\u0103 fii <a href=\"https:\/\/ziaruldevrancea.ro\/account\">autentificat<\/a> pentru a putea <a href=\"https:\/\/ziaruldevrancea.ro\/timp-liber\/95593-calendarul-zilei-de-1-august.html\" class data-toggle=\"modal\" data-parent=\"0\" data-target=\"#commentModal\">posta un comentariu<\/a>.<\/div>\n<\/div>\n<div class=\"modal fade\" id=\"commentModal\" role=\"dialog\" aria-labelledby=\"commentModalLabel\">\n<div class=\"modal-dialog modal-lg\" role=\"document\">\n<div class=\"modal-content\">\n<div class=\"modal-header\">\n<h3 class=\"modal-title\" id=\"commentModalLabel\">Comenteaz\u0103<\/h3>\n<\/div>\n<div class=\"modal-body\">\n<div class=\"tabel tabel-full\">\n<div class=\"celula\">\n              Trebuie s\u0103 fii <a href=\"https:\/\/ziaruldevrancea.ro\/account\">autentificat<\/a> pentru a putea posta un comentariu.\n            <\/div>\n<\/div>\n<\/div>\n<div class=\"modal-footer\">\n<div id=\"commentPending\" class=\"formPending pull-left\"><img decoding=\"async\" src=\"https:\/\/zdvs.cname.ro\/images\/loader_40.gif\"> In curs de procesare&#8230;<\/div>\n<p><a href=\"https:\/\/ziaruldevrancea.ro\/timp-liber\/95593-calendarul-zilei-de-1-august.html\" class=\"btn btn-default\" data-dismiss=\"modal\">Anuleaz\u0103<\/a><\/div>\n<\/div>\n<\/div>\n<\/div>\n<div class=\"modal fade\" id=\"commentReportModal\" role=\"dialog\" aria-labelledby=\"commentReportModalLabel\">\n<div class=\"modal-dialog modal-lg\" role=\"document\">\n<div class=\"modal-content\">\n<div class=\"modal-header\">\n<h3 class=\"modal-title\" id=\"commentReportModalLabel\">Raporteaza comentariu<\/h3>\n<\/div>\n<div class=\"modal-body\">\n<div class=\"tabel tabel-full\">\n<div class=\"celula\">\n              Trebuie s\u0103 fii <a href=\"https:\/\/ziaruldevrancea.ro\/account\">autentificat<\/a> pentru a putea raporta un comentariu.\n            <\/div>\n<\/div>\n<\/div>\n<div class=\"modal-footer\">\n<div id=\"commentReportPending\" class=\"formPending pull-left\"><img decoding=\"async\" src=\"https:\/\/zdvs.cname.ro\/images\/loader_40.gif\"> In curs de procesare&#8230;<\/div>\n<p><a href=\"https:\/\/ziaruldevrancea.ro\/timp-liber\/95593-calendarul-zilei-de-1-august.html\" class=\"btn btn-default\" data-dismiss=\"modal\">Anuleaz\u0103<\/a><\/div>\n<\/div>\n<\/div>\n<\/div>\n<div class=\"modal fade\" id=\"commentLikeModal\" role=\"dialog\" aria-labelledby=\"commentLikeModalLabel\">\n<div class=\"modal-dialog modal-lg\" role=\"document\">\n<div class=\"modal-content\">\n<div class=\"modal-header\">\n<h3 class=\"modal-title\" id=\"commentReportModalLabel\">Apreciaza comentariu<\/h3>\n<\/div>\n<div class=\"modal-body\">\n<div class=\"tabel tabel-full\">\n<div class=\"celula\">\n            Trebuie s\u0103 fii <a href=\"https:\/\/ziaruldevrancea.ro\/account\">autentificat<\/a> pentru a putea aprecia un comentariu.\n          <\/div>\n<\/div>\n<\/div>\n<div class=\"modal-footer\"><a href=\"https:\/\/ziaruldevrancea.ro\/timp-liber\/95593-calendarul-zilei-de-1-august.html\" class=\"btn btn-default\" data-dismiss=\"modal\">Anuleaz\u0103<\/a><\/div>\n<\/div>\n<\/div>\n<\/div>\n<div class=\"bloc-widget widget-rosu\"><span><small>Ziarul de Vrancea doreste ca acest site sa fie un spatiu al discutiilor civilizate, al comentariilor de bun simt. Din acest motiv, cei care posteaza comentarii la articole trebuie sa respecte urmatoarele reguli:<br \/>\n1. Sa se refere doar la articolul la care posteaza comentarii.<br \/>\n2. Sa foloseasca un limbaj civilizat, fara injurii, calomnii, comentarii antisemite, xenofobe sau rasiste.<br \/>\n3. Sunt interzise atacurile la adresa autorilor, daca acestea nu au legatura cu textul.<br \/>\n4. Username-ul sa nu fie nume de personalitati ale vietii publice sau parodieri ale acestora.<br \/>\nAutorul unui articol poate fi criticat pentru eventuale greseli, incoerenta, lipsa de documentare etc.<br \/>\nNerespectarea regulilor mentionate mai sus va duce la stergerea comentariilor, fara avertisment si fara explicatii.<br \/>\nAbaterile repetate vor avea drept consecinta interdictia accesului la aceasta facilitate a site-ului.<\/small><\/span><\/div>\n<\/div>\n<p>[analyse_source url=&#8221;https:\/\/ziaruldevrancea.ro\/timp-liber\/95593-calendarul-zilei-de-1-august.html&#8221;]<\/p>\n","protected":false},"excerpt":{"rendered":"<p>[analyse_image type=&#8221;featured&#8221; src=&#8221;https:\/\/zdvi.cname.ro\/_\/95593-calendarul-zilei-de-1-august.html\/mediaPool\/calendar_1_Dimitrie_Cantemir___Foto01_910393403.jpg&#8221;] Timp Liber Calendarul zilei de 1 august: momente care au marcat istoria Rom\u00e2niei \u0219i a lumii. Ce personalit\u0103\u021bi sunt legate de aceast\u0103 dat\u0103 Distribuie: \u00a0 | Rodica Condurache 1 aug 20261454 vizualiz\u0103ri De la \u00eenfiin\u021barea Ministerului Afacerilor Externe al Rom\u00e2niei \u0219i bombardarea Ploie\u0219tiului \u00een Al Doilea R\u0103zboi Mondial, p\u00e2n\u0103 la aniversarea unor [&hellip;]<\/p>\n","protected":false},"author":1,"featured_media":0,"comment_status":"open","ping_status":"","sticky":false,"template":"","format":"standard","meta":{"footnotes":""},"categories":[89],"tags":[226,208],"class_list":["post-2084076","post","type-post","status-publish","format-standard","hentry","category-romania","tag-crawlmanager","tag-ziaruldevrancea-ro"],"_links":{"self":[{"href":"https:\/\/analyse.optim.biz\/index.php?rest_route=\/wp\/v2\/posts\/2084076","targetHints":{"allow":["GET"]}}],"collection":[{"href":"https:\/\/analyse.optim.biz\/index.php?rest_route=\/wp\/v2\/posts"}],"about":[{"href":"https:\/\/analyse.optim.biz\/index.php?rest_route=\/wp\/v2\/types\/post"}],"author":[{"embeddable":true,"href":"https:\/\/analyse.optim.biz\/index.php?rest_route=\/wp\/v2\/users\/1"}],"replies":[{"embeddable":true,"href":"https:\/\/analyse.optim.biz\/index.php?rest_route=%2Fwp%2Fv2%2Fcomments&post=2084076"}],"version-history":[{"count":0,"href":"https:\/\/analyse.optim.biz\/index.php?rest_route=\/wp\/v2\/posts\/2084076\/revisions"}],"wp:attachment":[{"href":"https:\/\/analyse.optim.biz\/index.php?rest_route=%2Fwp%2Fv2%2Fmedia&parent=2084076"}],"wp:term":[{"taxonomy":"category","embeddable":true,"href":"https:\/\/analyse.optim.biz\/index.php?rest_route=%2Fwp%2Fv2%2Fcategories&post=2084076"},{"taxonomy":"post_tag","embeddable":true,"href":"https:\/\/analyse.optim.biz\/index.php?rest_route=%2Fwp%2Fv2%2Ftags&post=2084076"}],"curies":[{"name":"wp","href":"https:\/\/api.w.org\/{rel}","templated":true}]}}