{"id":2084075,"date":"2026-07-31T00:00:00","date_gmt":"2026-07-30T21:00:00","guid":{"rendered":"https:\/\/analyse.optim.biz\/?p=2084075"},"modified":"2026-07-31T00:00:00","modified_gmt":"2026-07-30T21:00:00","slug":"vrancea-din-nou-pe-harta-artei-contemporane-expozitia-ipostaze-reuneste-peste-20-de-artisti-plastici-la-focsani","status":"publish","type":"post","link":"https:\/\/analyse.optim.biz\/?p=2084075","title":{"rendered":"Vrancea, din nou pe harta artei contemporane: Expozi\u021bia \u201eIpostaze\u201d reune\u0219te peste 20 de arti\u0219ti plastici la Foc\u0219ani"},"content":{"rendered":"<p>[analyse_image type=&#8221;featured&#8221; src=&#8221;https:\/\/zdvi.cname.ro\/_\/vrancea-din-nou-pe-harta-artei-contemporane-expozitia-ipostaze-reuneste-peste-20-de-artisti-plastici-la-focsani\/mediaPool\/uYZBJE0.jpg&#8221;]<\/p>\n<div class=\"main-content detaliu-articol\"><a class=\"titlu-cat-list\" href=\"https:\/\/ziaruldevrancea.ro\/timp-liber\">Timp Liber<\/a><\/p>\n<h1>Vrancea, din nou pe harta artei contemporane: Expozi\u021bia \u201eIpostaze\u201d reune\u0219te peste 20 de arti\u0219ti plastici la Foc\u0219ani<\/h1>\n<div class=\"date-articol clearfix\">\n<div class=\"distribuie-articol dropdown\">\n    Distribuie: \u00a0<br \/>\n    <em>|<\/em><\/div>\n<div class=\"autor-articol\"><a href=\"https:\/\/ziaruldevrancea.ro\/autor\/camelia-marin\/\"><img decoding=\"async\" class=\"img-circle\" src=\"https:\/\/zdvi.cname.ro\/50_50\/articleAuthor\/camelia-marin\/articleAuthor\/u9DOVkc.jpg\" alt><\/a><\/p>\n<h5><a href=\"https:\/\/ziaruldevrancea.ro\/autor\/camelia-marin\/\">Camelia Marin<\/a><\/h5>\n<div class=\"grup-spatiere\"><span class=\"cu-spatiere\">31 iul 2026<\/span><span class=\"cu-spatiere\">682 vizualiz\u0103ri<\/span><\/div>\n<\/div>\n<\/div>\n<div class=\"poza-mare\"><a href class=\"openGallery\"><img decoding=\"async\" class=\"img-responsive\" src=\"https:\/\/zdvi.cname.ro\/850_530\/vrancea-din-nou-pe-harta-artei-contemporane-expozitia-ipostaze-reuneste-peste-20-de-artisti-plastici-la-focsani\/article\/mediaPool\/uYZBJE0.jpg\" alt><\/a><\/div>\n<p><strong>Ateneul Popular \u201eMaior Gheorghe Pastia\u201d g\u0103zduie\u0219te, \u00een perioada 4\u201315 august, una dintre cele mai importante expozi\u021bii colective ale verii, organizat\u0103 de Filiala Vrancea a Uniunii Arti\u0219tilor Plastici din Rom\u00e2nia<\/strong><\/p>\n<p>\u00a0Publicul iubitor de art\u0103 este invitat s\u0103 descopere noi perspective artistice \u00een cadrul expozi\u021biei <strong>\u201eIpostaze\u201d<\/strong>, un proiect expozi\u021bional organizat de Filiala Vrancea a Uniunii Arti\u0219tilor Plastici din Rom\u00e2nia, \u00een parteneriat cu Teatrul Municipal \u201eMaior Gheorghe Pastia\u201d, sub egida Prim\u0103riei Municipiului Foc\u0219ani.<\/p>\n<p>Vernisajul va avea loc <strong>mar\u021bi, 4 august 2026, de la ora 17:00<\/strong>, \u00een <strong>Sala \u201eFlorentin Delmar\u201d a Ateneului Popular \u201eMaior Gheorghe Pastia\u201d din Foc\u0219ani<\/strong>, iar expozi\u021bia va putea fi vizitat\u0103 p\u00e2n\u0103 la <strong>15 august 2026<\/strong>.<\/p>\n<p>Evenimentul reune\u0219te un num\u0103r impresionant de arti\u0219ti plastici ai Filialei Vrancea a Uniunii Arti\u0219tilor Plastici din Rom\u00e2nia, oferind vizitatorilor oportunitatea de a descoperi lucr\u0103ri reprezentative pentru diversitatea expresiilor artistice contemporane. Expozi\u021bia propune o incursiune \u00een universuri creative diferite, fiecare artist aduc\u00e2nd \u00een fa\u021ba publicului propria viziune asupra temei \u0219i propriul limbaj plastic.<\/p>\n<p>Pe simezele S\u0103lii \u201eFlorentin Delmar\u201d vor fi expuse lucr\u0103rile arti\u0219tilor: <strong>Iuliana Andreescu Cucu, Cristina Dimu\u0219, Cristi \u00censur\u0103\u021belu, Elena B\u00e2rhal\u0103, Mihai Chiuaru, Dan P\u0103t\u0103r\u0103u, Elena Stoiciu, Emilia Filip, Gheorghi\u021b\u0103 Galan, Lauren\u021biu P\u0103un, Liviu Nedelcu, Lauren\u021biu-Iulian Nistor, Laura-Elena Dumitru, Marian Sur\u0103ianu, Mihail Sur\u0103ianu, Monica Voicu, Monica Turcu, Rodica Gherghinoiu Croitoru, Valeriu-Daniel N\u0103stase, \u0218tefan Dumitru, Titi-Florentin Leica, Vali-D\u0103nu\u021b Lancea \u0219i Gheorghe Z\u0103rnescu.<\/strong><\/p>\n<p>Prin varietatea stilurilor, tehnicilor \u0219i temelor abordate, expozi\u021bia \u201eIpostaze\u201d \u00ee\u0219i propune s\u0103 eviden\u021bieze vitalitatea \u0219i diversitatea crea\u021biei artistice vr\u00e2ncene, oferind at\u00e2t publicului local, c\u00e2t \u0219i vizitatorilor ora\u0219ului Foc\u0219ani ocazia de a intra \u00een contact cu lucr\u0103ri realizate de arti\u0219ti consacra\u021bi \u0219i activi ai filialei jude\u021bene a U.A.P.<\/p>\n<p>Organizatorii \u00eei invit\u0103 pe to\u021bi iubitorii de cultur\u0103 \u0219i arte vizuale s\u0103 participe la vernisaj \u0219i s\u0103 viziteze expozi\u021bia pe \u00eentreaga perioad\u0103 de desf\u0103\u0219urare, transform\u00e2nd o vizit\u0103 la Ateneul Popular \u201eMaior Gheorghe Pastia\u201d \u00eentr-o \u00eent\u00e2lnire cu arta contemporan\u0103 realizat\u0103 de creatorii vr\u00e2nceni.<\/p>\n<p>Expozi\u021bia <strong>\u201eIpostaze\u201d<\/strong> reprezint\u0103 unul dintre evenimentele culturale importante ale \u00eenceputului lunii august \u00een municipiul Foc\u0219ani \u0219i contribuie la promovarea artei plastice \u0219i a creatorilor din Vrancea \u00een r\u00e2ndul publicului larg.<\/p>\n<p><strong>Citi\u021bi \u0219i con\u021binutul integral al comunicatului de pres\u0103 f\u0103cut public ast\u0103zi, 30 iulie\u00a02026 de <\/strong><\/p>\n<p>Filiala UAP<\/p>\n<p><strong>\u00a0Vrancea \u00een leg\u0103tur\u0103 cu aceast\u0103 \u0219tire:\u00a0<\/strong><\/p>\n<p><strong>FILIALA VRANCEA A UNIUNII ARTI\u015eTILOR PLASTICI DIN ROM\u00c2NIA\u00a0\u00a0\u00a0\u00a0\u00a0\u00a0\u00a0\u00a0\u00a0\u00a0\u00a0\u00a0\u00a0\u00a0\u00a0\u00a0\u00a0 <\/strong><\/p>\n<p><strong>Expozi\u021bia de art\u0103 <em>Ipostaze<\/em> a Filialei Vrancea a U.A.P. din Rom\u00e2nia<\/strong><\/p>\n<p>Filiala Vrancea a Uniunii Arti\u0219tilor Plastici din Rom\u00e2nia \u0219i Teatrul <em>Mr. Gh. Pastia<\/em> al Municipiului Foc\u0219ani, sub egida Prim\u0103riei Municipiului Foc\u0219ani, organizeaz\u0103 mar\u021bi, 4 august 2026, de la ora 17.00, la Ateneul Popular <em>Maior Gheorghe Pastia<\/em>, Sala <em>Florentin Delmar<\/em>, expozi\u021bia de art\u0103<strong><em>Ipostaze<\/em><\/strong> a Filialei Vrancea a Uniunii Arti\u0219tilor Plastici din Rom\u00e2nia.<\/p>\n<p>Pe simezele s\u0103lii \u00a0<em>Florentin Delmar <\/em>a Ateneului Popular <em>Maior Gheorghe Pastia<\/em>, \u00ee\u0219i vor prezenta crea\u021biile: luliana Andreescu Cucu, Cristina Dimu\u015f, Cristi \u00censur\u0103\u021belu, Elena B\u00e2rhal\u0103, Mihai Chiuaru, Dan P\u0103t\u0103r\u0103u, Elena Stoiciu, Emilia Filip, Gheorghi\u021b\u0103 Galan, Lauren\u021biu P\u0103un, Liviu Nedelcu, Lauren\u021biu-lulian Nistor, Laura-Elena Dumitru, Marian Sur\u0103ianu, Mihail Sur\u0103ianu, Monica Voicu, Monica Turcu, Rodica Gherghinoiu Croitoru, Valeriu-Daniel N\u0103stase, \u0218tefan Dumitru, Titi-Florentin Leica, Vali-D\u0103nu\u0163 Lancea, Gheorghe Z\u0103rnescu.<\/p>\n<p>Expozi\u021bia va putea fi vizitat\u0103 \u00een perioada 4 august \u2013 15 august 2026. Vernisajul expozi\u021biei va avea loc mar\u021bi, 4 august 2026, de la ora 17.00.<\/p>\n<p>V\u0103 a\u0219tept\u0103m la Ateneul Popular <em>Maior Gheorghe Pastia<\/em>, Sala <em>Florentin Delmar<\/em>, pentru a ne bucura \u00eempreun\u0103 de acest minunat proiect expozi\u021bional.<\/p>\n<p>\u00a0<\/p>\n<hr>\n<div class=\"bloc-widget widget-rosu\">\n<p>\u00cen lipsa unui acord scris din partea Ziarului de Vrancea, pute\u0163i prelua maxim 500 de caractere din acest articol dac\u0103 preciza\u0163i sursa \u015fi insera\u0163i vizibil link-ul articolului:\u00a0<span>#insertcurrentlinkhere<\/span><\/p>\n<\/div>\n<div class=\"extra-articol listing-anunturi\">\n<h6>Anun\u021buri <span class=\"text-primary\">ZdV<\/span> Premium<\/h6>\n<div class=\"row\">\n<div class=\"col-lg-4 col-md-6 bloc-egal\"><a class=\"card-anunt\" href=\"https:\/\/ziaruldevrancea.ro\/anunturi\/inchirieri\/locuinte-oferte\/primesc-in-gazda-elevi-anunt-72832\"><strong class=\"titlu\">Locuin\u021be oferte<\/strong><span class=\"text-anunt\">Primesc \u00een gazd\u0103 elevi la cas\u0103-vil\u0103,&#8230;<\/span><span class=\"data-anunt\">07.08.2026  <\/span><\/a><\/div>\n<div class=\"col-lg-4 col-md-6 bloc-egal\"><a class=\"card-anunt\" href=\"https:\/\/ziaruldevrancea.ro\/anunturi\/altele\/matrimoniale\/Imi-caut-sufletul-pereche-anunt-72833\"><strong class=\"titlu\">Matrimoniale<\/strong><span class=\"text-anunt\">Domn serios caut doamn\u0103 serioas\u0103, v\u00e2rsta&#8230;<\/span><span class=\"data-anunt\">07.08.2026  <\/span><\/a><\/div>\n<div class=\"col-lg-4 col-md-6 bloc-egal\"><a class=\"card-anunt\" href=\"https:\/\/ziaruldevrancea.ro\/anunturi\/angajari\/oferte-angajari\/angajare-anunt-72830\"><strong class=\"titlu\">Oferte<\/strong><span class=\"text-anunt\">ECOSISTEM SRL cu sediul in localitatea Jorasti,&#8230;<\/span><span class=\"data-anunt\">05.08.2026  <\/span><\/a><\/div>\n<\/div>\n<\/div>\n<div class=\"extra-articol alte-articole\">\n<div class=\"row\">\n<div class=\"col-lg-6 bloc-egal\">\n<div class=\"card articol-listing\">\n<h6>\u00cen categoria <a href=\"https:\/\/ziaruldevrancea.ro\/timp-liber\">Timp Liber<\/a><\/h6>\n<div class=\"grup-articol-listing\">\n<div class=\"cont-pils\"><a href=\"https:\/\/ziaruldevrancea.ro\/timp-liber\/eveniment-cultural-in-aer-liber-sambata-seara-la-focsani\"><img decoding=\"async\" src=\"https:\/\/zdvi.cname.ro\/180_135\/timp-liber\/eveniment-cultural-in-aer-liber-sambata-seara-la-focsani\/mediaPool\/uvyuJqJ.jpg\" class=\"img-responsive img-180\" alt><\/a><\/div>\n<h2><a class=\"link-titlu\" href=\"https:\/\/ziaruldevrancea.ro\/timp-liber\/eveniment-cultural-in-aer-liber-sambata-seara-la-focsani\">Eveniment cultural \u00een aer liber, s\u00e2mb\u0103t\u0103 sear\u0103, la Foc\u0219ani<\/a><\/h2>\n<div class=\"date-post\"><a href=\"https:\/\/ziaruldevrancea.ro\/autor\/camelia-marin\">Camelia Marin<\/a>,  8 aug 2026  <\/div>\n<\/div>\n<div class=\"grup-articol-listing\">\n<div class=\"cont-pils\"><a href=\"https:\/\/ziaruldevrancea.ro\/timp-liber\/horoscop-8-august-2026\"><img decoding=\"async\" src=\"https:\/\/zdvi.cname.ro\/180_135\/timp-liber\/horoscop-8-august-2026\/mediaPool\/uA8enxT.jpg\" class=\"img-responsive img-180\" alt><\/a><\/div>\n<h2><a class=\"link-titlu\" href=\"https:\/\/ziaruldevrancea.ro\/timp-liber\/horoscop-8-august-2026\">Horoscop 8 august 2026 <\/a><\/h2>\n<div class=\"date-post\"><a href=\"https:\/\/ziaruldevrancea.ro\/#comentarii\" class=\"pull-right\"> 4<\/a><a href=\"https:\/\/ziaruldevrancea.ro\/autor\/rodica-condurache\">Rodica Condurache<\/a>,  8 aug 2026  <\/div>\n<\/div>\n<div class=\"grup-articol-listing\">\n<div class=\"cont-pils\"><a href=\"https:\/\/ziaruldevrancea.ro\/timp-liber\/calendarul-zilei-de-8-august-edcizia-construirii-catedralei-mitropolitane-din-iasi-scoala-superioara-de-razboi-republica-de-la-ploiesti-si-personalitatile-nascute-in-aceasta-zi\"><img decoding=\"async\" src=\"https:\/\/zdvi.cname.ro\/180_135\/timp-liber\/calendarul-zilei-de-8-august-edcizia-construirii-catedralei-mitropolitane-din-iasi-scoala-superioara-de-razboi-republica-de-la-ploiesti-si-personalitatile-nascute-in-aceasta-zi\/mediaPool\/uDnSomR.png\" class=\"img-responsive img-180\" alt><\/a><\/div>\n<h2><a class=\"link-titlu\" href=\"https:\/\/ziaruldevrancea.ro\/timp-liber\/calendarul-zilei-de-8-august-edcizia-construirii-catedralei-mitropolitane-din-iasi-scoala-superioara-de-razboi-republica-de-la-ploiesti-si-personalitatile-nascute-in-aceasta-zi\">Calendarul zilei de 8 august: 200 de ani de decizia construirii Catedralei Mitropolitane din Ia\u0219i, \u0218coala Superioar\u0103 de R\u0103zboi, Rom\u00e2nia invitat\u0103 la Conferin\u021ba de Pace de la Paris, \u201eRepublica de la Ploie\u0219ti\u201d \u0219i personalit\u0103\u021bile n\u0103scute \u00een aceast\u0103 zi<\/a><\/h2>\n<div class=\"date-post\"><a href=\"https:\/\/ziaruldevrancea.ro\/autor\/rodica-condurache\">Rodica Condurache<\/a>,  8 aug 2026  <\/div>\n<\/div>\n<\/div>\n<\/div>\n<div class=\"col-lg-6 bloc-egal\">\n<div class=\"card articol-listing\">\n<h6>De acela\u0219i <a href=\"https:\/\/ziaruldevrancea.ro\/autor\/camelia-marin\/\">autor<\/a><\/h6>\n<div class=\"grup-articol-listing\">\n<div class=\"cont-pils\"><a href=\"https:\/\/ziaruldevrancea.ro\/promo\/evenimente-speciale\/andreea-racoviteanu-revine-in-fata-publicului-din-focsani.-recital-de-pian-si-voce-intr-o-cladire-istorica-din-centrul-orasului\"><img decoding=\"async\" src=\"https:\/\/zdvi.cname.ro\/180_135\/promo\/evenimente-speciale\/andreea-racoviteanu-revine-in-fata-publicului-din-focsani.-recital-de-pian-si-voce-intr-o-cladire-istorica-din-centrul-orasului\/mediaPool\/uFYS4IQ.jpg\" class=\"img-responsive img-180\" alt><\/a><\/div>\n<h2><a class=\"link-titlu\" href=\"https:\/\/ziaruldevrancea.ro\/promo\/evenimente-speciale\/andreea-racoviteanu-revine-in-fata-publicului-din-focsani.-recital-de-pian-si-voce-intr-o-cladire-istorica-din-centrul-orasului\">Andreea Racovi\u021beanu revine \u00een fa\u021ba publicului din Foc\u0219ani. Recital de pian \u0219i voce \u00eentr-o cl\u0103dire istoric\u0103 din centrul ora\u0219ului<\/a><\/h2>\n<div class=\"date-post\"><a href=\"https:\/\/ziaruldevrancea.ro\/autor\/camelia-marin\">Camelia Marin<\/a>,  7 aug 2026  <\/div>\n<\/div>\n<div class=\"grup-articol-listing\">\n<div class=\"cont-pils\"><a href=\"https:\/\/ziaruldevrancea.ro\/actualitatea\/stiri-locale\/doliu-in-comunitatea-din-racoasa-scoala-gimnaziala-academician-aurel-iancu-isi-ia-ramas-bun-de-la-colega-mirela-vladoiu\"><img decoding=\"async\" src=\"https:\/\/zdvi.cname.ro\/180_135\/actualitatea\/stiri-locale\/doliu-in-comunitatea-din-racoasa-scoala-gimnaziala-academician-aurel-iancu-isi-ia-ramas-bun-de-la-colega-mirela-vladoiu\/mediaPool\/uXYpsln.jpg\" class=\"img-responsive img-180\" alt><\/a><\/div>\n<h2><a class=\"link-titlu\" href=\"https:\/\/ziaruldevrancea.ro\/actualitatea\/stiri-locale\/doliu-in-comunitatea-din-racoasa-scoala-gimnaziala-academician-aurel-iancu-isi-ia-ramas-bun-de-la-colega-mirela-vladoiu\">Doliu \u00een comunitatea din R\u0103coasa: \u0218coala Gimnazial\u0103 \u201eAcademician Aurel Iancu\u201d \u00ee\u0219i ia r\u0103mas-bun de la colega Mirela Vl\u0103doiu<\/a><\/h2>\n<div class=\"date-post\"><a href=\"https:\/\/ziaruldevrancea.ro\/autor\/camelia-marin\">Camelia Marin<\/a>,  6 aug 2026  <\/div>\n<\/div>\n<div class=\"grup-articol-listing\">\n<div class=\"cont-pils\"><a href=\"https:\/\/ziaruldevrancea.ro\/timp-liber\/concert-extraordinar-la-crangul-petresti-orchestra-metropolitana-bucuresti-si-soprana-oana-serban-concerteaza-in-vrancea-pe-15-august\"><img decoding=\"async\" src=\"https:\/\/zdvi.cname.ro\/180_135\/timp-liber\/concert-extraordinar-la-crangul-petresti-orchestra-metropolitana-bucuresti-si-soprana-oana-serban-concerteaza-in-vrancea-pe-15-august\/mediaPool\/u6AKDJH.jpg\" class=\"img-responsive img-180\" alt><\/a><\/div>\n<h2><a class=\"link-titlu\" href=\"https:\/\/ziaruldevrancea.ro\/timp-liber\/concert-extraordinar-la-crangul-petresti-orchestra-metropolitana-bucuresti-si-soprana-oana-serban-concerteaza-in-vrancea-pe-15-august\">Concert extraordinar la Cr\u00e2ngul Petre\u0219ti: Orchestra Metropolitan\u0103 Bucure\u0219ti \u0219i soprana Oana \u0218erban concerteaz\u0103 \u00een Vrancea pe 15 august<\/a><\/h2>\n<div class=\"date-post\"><a href=\"https:\/\/ziaruldevrancea.ro\/autor\/camelia-marin\">Camelia Marin<\/a>,  6 aug 2026  <\/div>\n<\/div>\n<\/div>\n<\/div>\n<\/div>\n<\/div>\n<div class=\"extra-articol listing-anunturi\">\n<h6>Anun\u021buri <span class=\"text-primary\">ZdV<\/span> Premium<\/h6>\n<div class=\"row\">\n<div class=\"col-lg-4 col-md-6 bloc-egal\"><a class=\"card-anunt\" href=\"https:\/\/ziaruldevrancea.ro\/anunturi\/altele\/servicii\/caut-o-persoana-sau-o-familie-pentru-ingrijirea-unei-batrane\"><strong class=\"titlu\">Servicii<\/strong><span class=\"text-anunt\">Caut o persoan\u0103\u00a0sau o familie serioas\u0103&#8230;<\/span><span class=\"data-anunt\">04.08.2026  <\/span><\/a><\/div>\n<div class=\"col-lg-4 col-md-6 bloc-egal\"><a class=\"card-anunt\" href=\"https:\/\/ziaruldevrancea.ro\/anunturi\/imobiliare\/vanzari-ap-2-camere\/vand-apartament-2-camere-in-focsani-anunt-72825\"><strong class=\"titlu\">V\u00e2nz\u0103ri ap 2 camere<\/strong><span class=\"text-anunt\">V\u00e2nd apartament 2 camere, hol p\u0103trat,&#8230;<\/span><span class=\"data-anunt\">04.08.2026  <\/span><\/a><\/div>\n<div class=\"col-lg-4 col-md-6 bloc-egal\"><a class=\"card-anunt\" href=\"https:\/\/ziaruldevrancea.ro\/anunturi\/angajari\/oferte-angajari\/caut-femeie-pt-supraveghere-batrana-paralizata-focsani-fara-menaj-program-de-la-9la-17-de-luni-pana-vineri-salariu-2600\"><strong class=\"titlu\">Oferte<\/strong><span class=\"text-anunt\">Caut femeie pentru\u00a0supraveghere&#8230;<\/span><span class=\"data-anunt\">05.08.2026 , Vrancea , Foc\u0219ani<\/span><\/a><\/div>\n<\/div>\n<\/div>\n<div class=\"bloc-widget widget-albastru\">\n    Ziarul de Vrancea \u00a0nu este responsabil juridic pentru con\u0163inutul textelor din comentariile de mai jos. Responsabilitatea pentru mesajele dumneavoastra v\u0103 revine \u00een exclusivitate.\n<\/div>\n<div class=\"comentarii-articol\" id=\"comentarii\">\n<h3>Comentarii: <span class=\"text-primary\">0<\/span><\/h3>\n<p><a href=\"https:\/\/ziaruldevrancea.ro\/timp-liber\/vrancea-din-nou-pe-harta-artei-contemporane-expozitia-ipostaze-reuneste-peste-20-de-artisti-plastici-la-focsani\" class=\"btn btn-success btn-adauga-com\" data-toggle=\"modal\" data-parent=\"0\" data-target=\"#commentModal\">Adaug\u0103 comentariu<\/a><\/p>\n<div class=\"loadMask comments-mask\"><img decoding=\"async\" src=\"https:\/\/zdvs.cname.ro\/images\/loader_40.gif\"><\/div>\n<div class=\"comenteaza-jos\">Trebuie s\u0103 fii <a href=\"https:\/\/ziaruldevrancea.ro\/account\">autentificat<\/a> pentru a putea <a href=\"https:\/\/ziaruldevrancea.ro\/timp-liber\/vrancea-din-nou-pe-harta-artei-contemporane-expozitia-ipostaze-reuneste-peste-20-de-artisti-plastici-la-focsani\" class data-toggle=\"modal\" data-parent=\"0\" data-target=\"#commentModal\">posta un comentariu<\/a>.<\/div>\n<\/div>\n<div class=\"modal fade\" id=\"commentModal\" role=\"dialog\" aria-labelledby=\"commentModalLabel\">\n<div class=\"modal-dialog modal-lg\" role=\"document\">\n<div class=\"modal-content\">\n<div class=\"modal-header\">\n<h3 class=\"modal-title\" id=\"commentModalLabel\">Comenteaz\u0103<\/h3>\n<\/div>\n<div class=\"modal-body\">\n<div class=\"tabel tabel-full\">\n<div class=\"celula\">\n              Trebuie s\u0103 fii <a href=\"https:\/\/ziaruldevrancea.ro\/account\">autentificat<\/a> pentru a putea posta un comentariu.\n            <\/div>\n<\/div>\n<\/div>\n<div class=\"modal-footer\">\n<div id=\"commentPending\" class=\"formPending pull-left\"><img decoding=\"async\" src=\"https:\/\/zdvs.cname.ro\/images\/loader_40.gif\"> In curs de procesare&#8230;<\/div>\n<p><a href=\"https:\/\/ziaruldevrancea.ro\/timp-liber\/vrancea-din-nou-pe-harta-artei-contemporane-expozitia-ipostaze-reuneste-peste-20-de-artisti-plastici-la-focsani\" class=\"btn btn-default\" data-dismiss=\"modal\">Anuleaz\u0103<\/a><\/div>\n<\/div>\n<\/div>\n<\/div>\n<div class=\"modal fade\" id=\"commentReportModal\" role=\"dialog\" aria-labelledby=\"commentReportModalLabel\">\n<div class=\"modal-dialog modal-lg\" role=\"document\">\n<div class=\"modal-content\">\n<div class=\"modal-header\">\n<h3 class=\"modal-title\" id=\"commentReportModalLabel\">Raporteaza comentariu<\/h3>\n<\/div>\n<div class=\"modal-body\">\n<div class=\"tabel tabel-full\">\n<div class=\"celula\">\n              Trebuie s\u0103 fii <a href=\"https:\/\/ziaruldevrancea.ro\/account\">autentificat<\/a> pentru a putea raporta un comentariu.\n            <\/div>\n<\/div>\n<\/div>\n<div class=\"modal-footer\">\n<div id=\"commentReportPending\" class=\"formPending pull-left\"><img decoding=\"async\" src=\"https:\/\/zdvs.cname.ro\/images\/loader_40.gif\"> In curs de procesare&#8230;<\/div>\n<p><a href=\"https:\/\/ziaruldevrancea.ro\/timp-liber\/vrancea-din-nou-pe-harta-artei-contemporane-expozitia-ipostaze-reuneste-peste-20-de-artisti-plastici-la-focsani\" class=\"btn btn-default\" data-dismiss=\"modal\">Anuleaz\u0103<\/a><\/div>\n<\/div>\n<\/div>\n<\/div>\n<div class=\"modal fade\" id=\"commentLikeModal\" role=\"dialog\" aria-labelledby=\"commentLikeModalLabel\">\n<div class=\"modal-dialog modal-lg\" role=\"document\">\n<div class=\"modal-content\">\n<div class=\"modal-header\">\n<h3 class=\"modal-title\" id=\"commentReportModalLabel\">Apreciaza comentariu<\/h3>\n<\/div>\n<div class=\"modal-body\">\n<div class=\"tabel tabel-full\">\n<div class=\"celula\">\n            Trebuie s\u0103 fii <a href=\"https:\/\/ziaruldevrancea.ro\/account\">autentificat<\/a> pentru a putea aprecia un comentariu.\n          <\/div>\n<\/div>\n<\/div>\n<div class=\"modal-footer\"><a href=\"https:\/\/ziaruldevrancea.ro\/timp-liber\/vrancea-din-nou-pe-harta-artei-contemporane-expozitia-ipostaze-reuneste-peste-20-de-artisti-plastici-la-focsani\" class=\"btn btn-default\" data-dismiss=\"modal\">Anuleaz\u0103<\/a><\/div>\n<\/div>\n<\/div>\n<\/div>\n<div class=\"bloc-widget widget-rosu\"><span><small>Ziarul de Vrancea doreste ca acest site sa fie un spatiu al discutiilor civilizate, al comentariilor de bun simt. Din acest motiv, cei care posteaza comentarii la articole trebuie sa respecte urmatoarele reguli:<br \/>\n1. Sa se refere doar la articolul la care posteaza comentarii.<br \/>\n2. Sa foloseasca un limbaj civilizat, fara injurii, calomnii, comentarii antisemite, xenofobe sau rasiste.<br \/>\n3. Sunt interzise atacurile la adresa autorilor, daca acestea nu au legatura cu textul.<br \/>\n4. Username-ul sa nu fie nume de personalitati ale vietii publice sau parodieri ale acestora.<br \/>\nAutorul unui articol poate fi criticat pentru eventuale greseli, incoerenta, lipsa de documentare etc.<br \/>\nNerespectarea regulilor mentionate mai sus va duce la stergerea comentariilor, fara avertisment si fara explicatii.<br \/>\nAbaterile repetate vor avea drept consecinta interdictia accesului la aceasta facilitate a site-ului.<\/small><\/span><\/div>\n<\/div>\n<p>[analyse_source url=&#8221;https:\/\/ziaruldevrancea.ro\/timp-liber\/vrancea-din-nou-pe-harta-artei-contemporane-expozitia-ipostaze-reuneste-peste-20-de-artisti-plastici-la-focsani&#8221;]<\/p>\n","protected":false},"excerpt":{"rendered":"<p>[analyse_image type=&#8221;featured&#8221; src=&#8221;https:\/\/zdvi.cname.ro\/_\/vrancea-din-nou-pe-harta-artei-contemporane-expozitia-ipostaze-reuneste-peste-20-de-artisti-plastici-la-focsani\/mediaPool\/uYZBJE0.jpg&#8221;] Timp Liber Vrancea, din nou pe harta artei contemporane: Expozi\u021bia \u201eIpostaze\u201d reune\u0219te peste 20 de arti\u0219ti plastici la Foc\u0219ani Distribuie: \u00a0 | Camelia Marin 31 iul 2026682 vizualiz\u0103ri Ateneul Popular \u201eMaior Gheorghe Pastia\u201d g\u0103zduie\u0219te, \u00een perioada 4\u201315 august, una dintre cele mai importante expozi\u021bii colective ale verii, organizat\u0103 de Filiala Vrancea a [&hellip;]<\/p>\n","protected":false},"author":1,"featured_media":0,"comment_status":"open","ping_status":"","sticky":false,"template":"","format":"standard","meta":{"footnotes":""},"categories":[89],"tags":[226,208],"class_list":["post-2084075","post","type-post","status-publish","format-standard","hentry","category-romania","tag-crawlmanager","tag-ziaruldevrancea-ro"],"_links":{"self":[{"href":"https:\/\/analyse.optim.biz\/index.php?rest_route=\/wp\/v2\/posts\/2084075","targetHints":{"allow":["GET"]}}],"collection":[{"href":"https:\/\/analyse.optim.biz\/index.php?rest_route=\/wp\/v2\/posts"}],"about":[{"href":"https:\/\/analyse.optim.biz\/index.php?rest_route=\/wp\/v2\/types\/post"}],"author":[{"embeddable":true,"href":"https:\/\/analyse.optim.biz\/index.php?rest_route=\/wp\/v2\/users\/1"}],"replies":[{"embeddable":true,"href":"https:\/\/analyse.optim.biz\/index.php?rest_route=%2Fwp%2Fv2%2Fcomments&post=2084075"}],"version-history":[{"count":0,"href":"https:\/\/analyse.optim.biz\/index.php?rest_route=\/wp\/v2\/posts\/2084075\/revisions"}],"wp:attachment":[{"href":"https:\/\/analyse.optim.biz\/index.php?rest_route=%2Fwp%2Fv2%2Fmedia&parent=2084075"}],"wp:term":[{"taxonomy":"category","embeddable":true,"href":"https:\/\/analyse.optim.biz\/index.php?rest_route=%2Fwp%2Fv2%2Fcategories&post=2084075"},{"taxonomy":"post_tag","embeddable":true,"href":"https:\/\/analyse.optim.biz\/index.php?rest_route=%2Fwp%2Fv2%2Ftags&post=2084075"}],"curies":[{"name":"wp","href":"https:\/\/api.w.org\/{rel}","templated":true}]}}