{"id":2084074,"date":"2026-07-31T00:00:00","date_gmt":"2026-07-30T21:00:00","guid":{"rendered":"https:\/\/analyse.optim.biz\/?p=2084074"},"modified":"2026-07-31T00:00:00","modified_gmt":"2026-07-30T21:00:00","slug":"video-va-mai-amintiti-de-radio-vacanta-costinesti-astazi-despre-vocea-costinestiului-de-altadata-andrei-partos-psihologul-clinician-care-dupa-zece-ani-de-activitate-s-a-dedicat-n","status":"publish","type":"post","link":"https:\/\/analyse.optim.biz\/?p=2084074","title":{"rendered":"VIDEO V\u0103 mai aminti\u021bi de \u201eRADIO VACAN\u021aA COSTINE\u0218TI\u201d? Ast\u0103zi despre vocea Costine\u015ftiului de alt\u0103dat\u0103. Andrei Parto\u0219 &#8211; Psihologul clinician care dup\u0103 zece ani de activitate s-a dedicat nevoii de a repune muzica \u015fi poezia rom\u00e2neasc\u0103 la un loc bun"},"content":{"rendered":"<p>[analyse_image type=&#8221;featured&#8221; src=&#8221;https:\/\/zdvi.cname.ro\/_\/astazi-despre-psihologul-clinician-andrei-partos&#8212;om-bun&#8212;nevoia-de-a-repune-muzica-si-poezia-romaneasca-la-un-loc-bun\/mediaPool\/uYSVhEO.jpg&#8221;]<\/p>\n<div class=\"main-content detaliu-articol\"><a class=\"titlu-cat-list\" href=\"https:\/\/ziaruldevrancea.ro\/timp-liber\">Timp Liber<\/a><\/p>\n<h1>VIDEO V\u0103 mai aminti\u021bi de \u201eRADIO VACAN\u021aA COSTINE\u0218TI\u201d? Ast\u0103zi despre vocea Costine\u015ftiului de alt\u0103dat\u0103. Andrei Parto\u0219 &#8211; Psihologul clinician care dup\u0103 zece ani de activitate s-a dedicat nevoii de a repune muzica \u015fi poezia rom\u00e2neasc\u0103 la un loc bun<\/h1>\n<div class=\"date-articol clearfix\">\n<div class=\"distribuie-articol dropdown\">\n    Distribuie: \u00a0<br \/>\n    <em>|<\/em><\/div>\n<div class=\"autor-articol\"><a href=\"https:\/\/ziaruldevrancea.ro\/autor\/rodica-condurache\/\"><img decoding=\"async\" class=\"img-circle\" src=\"https:\/\/zdvi.cname.ro\/50_50\/articleAuthor\/rodica-condurache\/articleAuthor\/uy6Kz5r.jpg\" alt><\/a><\/p>\n<h5><a href=\"https:\/\/ziaruldevrancea.ro\/autor\/rodica-condurache\/\">Rodica Condurache<\/a><\/h5>\n<div class=\"grup-spatiere\"><span class=\"cu-spatiere\">31 iul 2026<\/span><span class=\"cu-spatiere\">4219 vizualiz\u0103ri<\/span><\/div>\n<\/div>\n<\/div>\n<div class=\"poza-mare\"><a href class=\"openGallery\"><img decoding=\"async\" class=\"img-responsive\" src=\"https:\/\/zdvi.cname.ro\/850_530\/astazi-despre-psihologul-clinician-andrei-partos---om-bun---nevoia-de-a-repune-muzica-si-poezia-romaneasca-la-un-loc-bun\/article\/mediaPool\/uYSVhEO.jpg\" alt><\/a><\/div>\n<p><strong>Andrei Parto\u0219 (n. 31 iulie 1949, Bra\u0219ov) este un jurnalist rom\u00e2n \u0219i un comentator muzical din Rom\u00e2nia. A absolvit Facultatea de Filosofie, sec\u021bia Psihologie din cadrul Universit\u0103\u021bii Bucure\u0219ti<\/strong><\/p>\n<p><strong>Andrei Parto\u0219 a realizat interviuri cu arti\u0219ti precum Rod Stewart, Chris de Burgh, Joe Cocker, Gipsy Kings, Eros Ramazzotti, Joan Baez, Kylie Minogue, Patricia Kaas, Jacques Higelin, Paul Rodgers, Smokie, Peter Maffay, Marcel Avram, Carl Palmer, Peter Hammill, Mathias Jabbs, Engelbert Humperdinck, Julio Iglesias, Mireille Mathieu, Bonnie Tyler, Dan MacCaffertty (Nazareth), Leo Lyons (Ten Years After), Chris Norman, Michael Angelo Batio, Glenn Hughes, Beth Hart, Albano, Dulce Pontes \u0219i al\u021bii<\/strong><\/p>\n<p>\u00a0<\/p>\n<div class=\"video-embed\"><iframe loading=\"lazy\" frameborder height=\"560\" scrolling=\"no\" src=\"https:\/\/www.youtube.com\/embed\/pTr8xio5Zl8\" width=\"100%\"><\/iframe><\/div>\n<div class=\"video-embed\"><iframe loading=\"lazy\" frameborder height=\"560\" scrolling=\"no\" src=\"https:\/\/www.youtube.com\/embed\/ag50Ggcmqis\" width=\"100%\"><\/iframe><\/div>\n<p>\u00a0<\/p>\n<div class=\"video-embed\"><iframe loading=\"lazy\" frameborder height=\"560\" scrolling=\"no\" src=\"https:\/\/www.youtube.com\/embed\/rT3VdoSlMjQ\" width=\"100%\"><\/iframe><\/div>\n<p>A fost psiholog clinician, timp de 10 ani, mai \u00eent\u00e2i la Policlinica de Copii din cadrul Spitalului Jude\u021bean Constan\u021ba (1975-1977), \u0219i apoi la Spitalul &#8220;Poroschia&#8221; din Alexandria, jude\u021bul Teleorman (1977-1985). \u00cen 1985 Andrei Parto\u0219 \u00ee\u0219i \u00eenceteaz\u0103 activitatea de psiholog clinician.<\/p>\n<p><strong>Activitate profesional\u0103<\/strong><\/p>\n<p>Andrei Parto\u0219 a realizat interviuri cu arti\u0219ti precum Rod Stewart, Chris de Burgh, Joe Cocker, Gipsy Kings, Eros Ramazzotti, Joan Baez, Kylie Minogue, Patricia Kaas, Jacques Higelin, Paul Rodgers, Smokie, Peter Maffay, Marcel Avram, Carl Palmer, Peter Hammill, Mathias Jabbs, Engelbert Humperdinck, Julio Iglesias, Mireille Mathieu, Bonnie Tyler, Dan MacCaffertty (Nazareth), Leo Lyons (Ten Years After), Chris Norman, Michael Angelo Batio, Glenn Hughes, Beth Hart, Albano, Dulce Pontes \u0219i al\u021bii. \u00centre 1985-1989 a fost instructor cultural \u0219i DJ la Biroul de Turism pentru Tineret.<\/p>\n<p>De-a lungul \u00eentregii activit\u0103\u021bi \u00een lumea muzical\u0103, a prezentat programe de discotec\u0103 (din 1970 la Casa Stunden\u021bilor, Club Universitas, Disco-Ring Costine\u0219ti, Rainbow-Neptun, P\u00e2r\u00e2ul Rece-Predeal, Pui de Urs \u0219i Interna\u021bional-Olimp, Paradis, Meteor-Jupiter \u0219i Vox Maris Costine\u0219ti) \u0219i peste 500 de spectacole pop-rock, dintre care amintim: Galele Rock &#8220;Serb\u0103rile M\u0103rii&#8221;, &#8220;Serb\u0103rile Z\u0103pezii&#8221;; Festivalul &#8220;Prim\u0103vara Baladelor&#8221;; c\u00e2teva edi\u021bii ale Festivalului de Folk &#8220;Om Bun&#8221;; Galele Tele 7abc; concertul sus\u021binut de forma\u021bia Nazareth \u00een Rom\u00e2nia; Turneul British Rock for Romania din februarie 1990; Turnee Holograf \u0219i Compact \u00een \u021bar\u0103 (peste 50 de concerte); Spring Rock Festival din 2002. De asemenea, a efectuat transmisii \u00een direct pentru mai multe posturi de radio (de exemplu, la Radio Total a relatat de la concertele Pink Floyd \u0219i Chris de Burgh din Germania). \u00cen 1992 a prezentat emisiunea TV &#8220;Ei \u0219i&#8221; (realizator Mihai Godoroja) difuzat\u0103 pe TVR \u00een 12 episoade. Printre invita\u021bi s-au num\u0103rat: Laura Stoica, Iris, Valeriu Sterian. Din 1993 a fost reprezentantul pentru Rom\u00e2nia al paginilor din EUROPOP BOOK, fiind singurul ziarist rom\u00e2n invitat la Festivalul de la Bourges din 1990 (prin amabilitatea lui Jacques Higelin) \u0219i de la Bellefort (Les Eurock\u00e9ennes, 1992 \u0219i 1993). Andrei Parto\u0219 a f\u0103cut parte din numeroase jurii folk, rock \u0219i pop, dintre care amintim c\u00e2teva dintre cele mai recente: \u00een 2002 a fost reprezentantul Rom\u00e2niei pentru jurizarea pieselor din cadrul concursului intrena\u021bional Eurovision. \u00cen decembrie 2003 a fost membru \u00een juriul Festivalului &#8220;Om Bun&#8221;, edi\u021bia a 14a. \u00cen 2003 \u0219i 2004 a fost prezent \u00een Juriul-Radio pentru selec\u021bia na\u021bional\u0103 Eurovision \u0219i \u00een Juriul Festivalului C\u00e2ntecului de Dragoste. \u00cen 2006 a f\u0103cut parte din juriul semifinalelor na\u021bionale pentru Eurovision.<\/p>\n<p>Dup\u0103 o pauz\u0103 de 12 ani a revenit pe scen\u0103 la Rowmania Fest (30-31.08.2014 la Tulcea) la care au participat Pas\u0103rea Rock, Cristi Minculescu \u0219i Nu\u021bu Olteanu, Florian Stoica \u0219i Victor Solomon, Robin and The Backstabbers \u0219.a.<\/p>\n<p>\u00cen 2018 a prezentat Festivalul Folk Fest Remember Costine\u0219ti la care au participat Alexandru Andrie\u0219, Mike Godoroja, Mircea Vintil\u0103, Florin Chilian, Dinu Ol\u0103ra\u0219u, Nicu Alifantis, Ecou, Daniel Iancu \u0219i Costel P\u0103rtr\u0103\u0219can \u0219i al\u021bii.<\/p>\n<p>Din aprilie 2018 realizeaz\u0103 vlogul Foc de P.A.E. cu particpare select\u0103 a unor oameni valoro\u0219i din diverse domenii: Radu Paraschivescu, Cristian Diaconescu, Dan B\u0103dulescu, Adrian B\u0103rar, Josef Kappl, Mihail Neam\u021bu, Mihaela Tatu, Melania Medeleanu \u0219.a.m.d.<\/p>\n<p>Radio<\/p>\n<p>\u00centre 1979-1984 este colaborator permanent al Radio Televiziunii Rom\u00e2ne pentru emisiuni ca: &#8220;Student Club&#8221;, &#8220;Muzicoteca pentru to\u021bi&#8221;, &#8220;Radio Recording&#8221;, &#8220;Revelionul Tinere\u021bii&#8221;. Tot \u00een aceast\u0103 perioad\u0103 a realizat rubrici muzicale pentru RADIO VACAN\u021aA MAMAIA.<\/p>\n<p>S-a implicat substan\u021bial \u00een lansarea postului local RADIO VACAN\u021aA COSTINE\u0218TI, al c\u0103rui redactor muzical permanent a fost din 1982 p\u00e2n\u0103 \u00een 1990; \u00een toat\u0103 aceast\u0103 perioad\u0103 a realizat programele zilnice ale postului RADIO VACAN\u021aA COSTINE\u0218TI, \u00een acela\u0219i timp ocup\u00e2ndu-se \u0219i de programul discotecii VOX MARIS COSTINE\u0218TI. Din 1984 p\u00e2n\u0103 \u00een 1989 i-a fost interzis accesul \u00een Radio Televiziune dar nu \u0219i la RADIO VACAN\u021aA COSTINE\u0218TI. \u00cen 1996 a revenit la VOX RADIO VACAN\u021aA COSTINE\u0218TI, unde a mai activat \u0219i \u00een anii 1997, 1998, 1999 \u0219i 2002.<\/p>\n<p>\u00cen 1991, al\u0103turi de redactorul muzical Lucia Popescu Moraru, a fondat \u0219i a realizat emisiunea &#8220;Vineri Noaptea \u00een Direct&#8221;. Emisiune s\u0103pt\u0103m\u00e2nal\u0103 cu durata de 4-6 ore, difuzat\u0103 pe Radio Rom\u00e2nia Actualit\u0103\u021bi.<\/p>\n<p>Din 1994 apare pe frecven\u021bele radiourilor particulare. Astfel, timp de un an (1994-1995), Andrei Parto\u0219 a realizat emisiunea &#8220;Friday I&#8217;m in love&#8221;, cu durata de 4 ore, la Radio Total. Din 1996 p\u00e2n\u0103 \u00een 1997, a fost realizatorul emisiunii &#8220;Sunday oldies&#8221; (av\u00e2ndu-l \u00een regia de emisie pe \u0218erban Huidu), la Radio 21.<\/p>\n<p>\u00centre 1995-1998, a realizat emisiunea s\u0103pt\u0103m\u00e2nal\u0103 &#8220;Vox Pop Rock&#8221;, cu durata de 6 ore, la Activ FM.<\/p>\n<p>Din 1998 p\u00e2n\u0103 pe 1 iunie 2002, a realizat emisiunea &#8220;Vox Pop Rock&#8221; (emisiune s\u0103pt\u0103m\u00e2nal\u0103 care dura 5 ore); de asemenea, din anul 2000 a realizat \u0219i emisiunea &#8220;Weekend Caleidoscop&#8221; (6 ore de program), care din 2002 \u0219i-a schimbat numele \u00een &#8220;Ficus muzical- ficus duminical&#8221;. Ambele emisiuni se difuzau pe Romantic FM. \u00cen 1999, la Premiile Bucure\u0219ti, emisiunea &#8220;Vox Pop Rock&#8221; a fost declarat\u0103 cea mai bun\u0103 emisiune radio, primind Microfonul de Aur.<\/p>\n<p>Din 2002, Andrei Parto\u0219 revine \u00een urma unui concurs de proiecte la Radio Rom\u00e2nia Actualit\u0103\u021bi. Astfel, din 1 noiembrie 2002 p\u00e2n\u0103 \u00een decembrie 2003 este realizatorul \u0219i produc\u0103torul emisiunilor &#8220;Prima de s\u00e2mb\u0103t\u0103&#8221; \u0219i &#8220;Psihologul muzical&#8221;.<\/p>\n<p>\u00cen 2003 i se acord\u0103 Premiul de Excelen\u021b\u0103 pentru \u00eentreaga activitate audiovizual\u0103, din partea CNA.<\/p>\n<p>Din iulie 2003 este realizatorul emisiunii &#8220;Psihologul estival&#8221; difuzat\u0103 pe Radio Rom\u00e2nia Actualit\u0103\u021bi, cu o prezen\u021b\u0103 s\u0103pt\u0103m\u00e2nal\u0103 de 270 de minute. Dup\u0103 sezonul estival, Andrei Parto\u0219 a r\u0103mas \u00een nop\u021bile de vineri cu emisiunea &#8220;Psihologul muzical&#8221; (care a trecut de 840 de edi\u021bii) unde poate fi ascultat \u0219i \u00een prezent. Mai nou, pe l\u00e2ng\u0103 telefoane, ascult\u0103torii pot comunica cu realizatorul emisiunii \u0219i prin sms-uri sau pe pagina de Facebook a emisiunii. &#8220;Psihologul muzical&#8221; este una dintre pu\u021binele emisiuni-radio care pune la dispozi\u021bia ascult\u0103torilor patru numere de telefon, o pagina de Facebook \u0219i un num\u0103r de WhatsApp.<\/p>\n<p>Presa scris\u0103<\/p>\n<p>\u00a0\u00a0\u00a0 \u00centre 1983-1989 a fost titularul rubricii TOP din revista &#8220;S\u0103pt\u0103m\u00e2na&#8221;.<\/p>\n<p>\u00a0\u00a0\u00a0 \u00cen 1990 a pus bazele revistei muzicale &#8220;Metronom&#8221;, av\u00e2ndu-i printre asocia\u021bi pe Mihai Pocorschi \u0219i Gabriel Cotabi\u021b\u0103.<\/p>\n<p>\u00a0\u00a0\u00a0 \u00cen 1991 a fondat revista &#8220;Pop Rock &amp; Sport&#8221; (devenit\u0103 ulterior &#8220;Pop Rock &amp; Show&#8221;), editat\u0103 de Curierul Na\u021bional. \u00cen aceea\u0219i perioad\u0103 a semnat o rubric\u0103 muzical\u0103 cotidian\u0103 \u00een &#8220;Curierul Na\u021bional&#8221;, precum \u0219i una s\u0103pt\u0103m\u00e2nal\u0103 \u00een revista &#8220;\u021aara&#8221;.<\/p>\n<p>\u00a0\u00a0\u00a0 \u00cen 1993 a fondat \u0219i a fost directorul revistei muzicale &#8220;Vox Pop Rock&#8221;, care din motive financiare nu a mai ap\u0103rut din 1999.<\/p>\n<p>\u00a0\u00a0\u00a0 \u00centre 1993-1999 a colaborat la cotidianul &#8220;Ziua&#8221;, revistele &#8220;Academia Ca\u021bavencu&#8221;, &#8220;Privirea&#8221; \u0219i alte publica\u021bii locale din \u021bar\u0103.<\/p>\n<p>\u00a0\u00a0\u00a0 Din octombrie 2002 p\u00e2n\u0103 \u00een aprilie 2003 a colaborat la cotidianul &#8220;Jurnalul Na\u021bional&#8221;.<\/p>\n<p>\u00a0\u00a0\u00a0 \u00cen 2002, 2003, \u0219i 2004 a conceput \u0219i a realizat revista Festivalului Interna\u021bional al C\u00e2ntecului pentru Copii \u0219i Adolescen\u021bi &#8220;Steaua de Aur&#8221; (edi\u021biile I, II, III).<\/p>\n<p>\u00a0\u00a0\u00a0 \u00cen 2004 s-a ocupat de revista Festivalului &#8220;Cerbul de Aur&#8221; de la Bra\u0219ov, care cuprindea cronici \u0219i comentarii zilnice.<\/p>\n<p>\u00a0\u00a0\u00a0 Din noiembrie 2004 p\u00e2n\u0103 \u00een 2005 s-a ocupat de paginile de muzic\u0103 pop ale revistei &#8220;Universul Radio&#8221;.<\/p>\n<p>\u00a0\u00a0\u00a0 2007-2009 a colaborat la revista Q Magazine, unde a semnat rubricile de muzic\u0103 \u0219i cronica TV, intitulat\u0103 M\u0103 holbez \u0219i eu.<\/p>\n<p>Surse<\/p>\n<p>\u00a0\u00a0\u00a0 Daniela Caraman Fotea, Claudiu Nicolau, &#8220;Rock, Pop Folk &#8230; remix&#8221;, editura Humanitas Educa\u021bional 2003, Bucure\u0219ti<\/p>\n<p>\u00a0\u00a0\u00a0 Colec\u021biile revistelor &#8220;Vox Pop Rock&#8221;, &#8220;S\u0103pt\u0103m\u00e2na&#8221;, &#8220;Universul Radio&#8221;, Ziarul &#8220;Cotidianul&#8221;.<\/p>\n<p>\u00a0\u00a0\u00a0 Arhiva foto personal\u0103<\/p>\n<p>\u00a0\u00a0\u00a0 Arhiva foto a Revistei &#8220;VIP&#8221;.<\/p>\n<p>Leg\u0103turi externe<\/p>\n<p>\u00a0\u00a0\u00a0 Site-ul oficial al lui Andrei Parto\u0219<\/p>\n<p>\u00a0\u00a0\u00a0 Asculta\u021bi emisiunea Psihologul muzical pe site-ul Societ\u0103\u021bii Rom\u00e2ne de Radiodifuziune &#8211; \u00cen Arhiv\u0103 g\u0103si\u021bi fragmente din edi\u021biile cu Florin Piersic, Emilia Popescu, Oana Pellea, Tudor Gheorghe \u0219i al\u021bii<\/p>\n<p>\u00a0\u00a0\u00a0 Andrei Parto\u0219 &#8211; \u201eMi-am spus c\u0103 dac\u0103 nu m\u0103 face fiul meu bunic, atunci m\u0103 fac singur tat\u0103!\u201d, 30 martie 2012, Alice N\u0103stase Buciuta, Revista Tango<\/p>\n<p>\u00a0\u00a0\u00a0 Andrei Parto\u0219 &#8211; \u201eDac\u0103 e\u0219ti nesigur \u00een rela\u021bie, \u00eenainte de c\u0103s\u0103torie, tot asa vei fi \u0219i dup\u0103 nunt\u0103\u201d, 5 mai 2010, Alice Nastase, Fotografii: Artista (artista.Ro), Revista Tango<\/p>\n<p>\u00a0\u00a0\u00a0 Cronica de disc &#8211; Celelalte Cuvinte<\/p>\n<p>\u00a0\u00a0\u00a0 Daniela Caraman Fotea despe Psihologul muzical (invitat Adrian Enescu)]<\/p>\n<p>\u00a0\u00a0\u00a0 Amintiri cu Rolling Stones, 17 martie 2007, Adev\u0103rul<\/p>\n<p>\u00a0\u00a0\u00a0 200 de nop\u021bi cu &#8220;psihologul muzical&#8221;, 2 mai 2007, Evelyn Badea, Adev\u0103rul<\/p>\n<p>\u00a0\u00a0\u00a0 Aplauze pentru Mo\u021bu, 7 august 2007, Adev\u0103rul<\/p>\n<p>De la Wikipedia, enciclopedia liber\u0103<\/p>\n<p>\u00a0<\/p>\n<p>\u00a0<\/p>\n<p>\u00a0<\/p>\n<p>\u00a0<\/p>\n<p>\u00a0<\/p>\n<p>\u00a0<\/p>\n<hr>\n<div class=\"bloc-widget widget-rosu\">\n<p>\u00cen lipsa unui acord scris din partea Ziarului de Vrancea, pute\u0163i prelua maxim 500 de caractere din acest articol dac\u0103 preciza\u0163i sursa \u015fi insera\u0163i vizibil link-ul articolului:\u00a0<span>#insertcurrentlinkhere<\/span><\/p>\n<\/div>\n<div class=\"extra-articol listing-anunturi\">\n<h6>Anun\u021buri <span class=\"text-primary\">ZdV<\/span> Premium<\/h6>\n<div class=\"row\">\n<div class=\"col-lg-4 col-md-6 bloc-egal\"><a class=\"card-anunt\" href=\"https:\/\/ziaruldevrancea.ro\/anunturi\/inchirieri\/locuinte-oferte\/primesc-in-gazda-elevi-anunt-72832\"><strong class=\"titlu\">Locuin\u021be oferte<\/strong><span class=\"text-anunt\">Primesc \u00een gazd\u0103 elevi la cas\u0103-vil\u0103,&#8230;<\/span><span class=\"data-anunt\">07.08.2026  <\/span><\/a><\/div>\n<div class=\"col-lg-4 col-md-6 bloc-egal\"><a class=\"card-anunt\" href=\"https:\/\/ziaruldevrancea.ro\/anunturi\/altele\/matrimoniale\/Imi-caut-sufletul-pereche-anunt-72833\"><strong class=\"titlu\">Matrimoniale<\/strong><span class=\"text-anunt\">Domn serios caut doamn\u0103 serioas\u0103, v\u00e2rsta&#8230;<\/span><span class=\"data-anunt\">07.08.2026  <\/span><\/a><\/div>\n<div class=\"col-lg-4 col-md-6 bloc-egal\"><a class=\"card-anunt\" href=\"https:\/\/ziaruldevrancea.ro\/anunturi\/angajari\/oferte-angajari\/angajare-anunt-72830\"><strong class=\"titlu\">Oferte<\/strong><span class=\"text-anunt\">ECOSISTEM SRL cu sediul in localitatea Jorasti,&#8230;<\/span><span class=\"data-anunt\">05.08.2026  <\/span><\/a><\/div>\n<\/div>\n<\/div>\n<div class=\"extra-articol alte-articole\">\n<div class=\"row\">\n<div class=\"col-lg-6 bloc-egal\">\n<div class=\"card articol-listing\">\n<h6>\u00cen categoria <a href=\"https:\/\/ziaruldevrancea.ro\/timp-liber\">Timp Liber<\/a><\/h6>\n<div class=\"grup-articol-listing\">\n<div class=\"cont-pils\"><a href=\"https:\/\/ziaruldevrancea.ro\/timp-liber\/eveniment-cultural-in-aer-liber-sambata-seara-la-focsani\"><img decoding=\"async\" src=\"https:\/\/zdvi.cname.ro\/180_135\/timp-liber\/eveniment-cultural-in-aer-liber-sambata-seara-la-focsani\/mediaPool\/uvyuJqJ.jpg\" class=\"img-responsive img-180\" alt><\/a><\/div>\n<h2><a class=\"link-titlu\" href=\"https:\/\/ziaruldevrancea.ro\/timp-liber\/eveniment-cultural-in-aer-liber-sambata-seara-la-focsani\">Eveniment cultural \u00een aer liber, s\u00e2mb\u0103t\u0103 sear\u0103, la Foc\u0219ani<\/a><\/h2>\n<div class=\"date-post\"><a href=\"https:\/\/ziaruldevrancea.ro\/autor\/camelia-marin\">Camelia Marin<\/a>,  8 aug 2026  <\/div>\n<\/div>\n<div class=\"grup-articol-listing\">\n<div class=\"cont-pils\"><a href=\"https:\/\/ziaruldevrancea.ro\/timp-liber\/horoscop-8-august-2026\"><img decoding=\"async\" src=\"https:\/\/zdvi.cname.ro\/180_135\/timp-liber\/horoscop-8-august-2026\/mediaPool\/uA8enxT.jpg\" class=\"img-responsive img-180\" alt><\/a><\/div>\n<h2><a class=\"link-titlu\" href=\"https:\/\/ziaruldevrancea.ro\/timp-liber\/horoscop-8-august-2026\">Horoscop 8 august 2026 <\/a><\/h2>\n<div class=\"date-post\"><a href=\"https:\/\/ziaruldevrancea.ro\/#comentarii\" class=\"pull-right\"> 4<\/a><a href=\"https:\/\/ziaruldevrancea.ro\/autor\/rodica-condurache\">Rodica Condurache<\/a>,  8 aug 2026  <\/div>\n<\/div>\n<div class=\"grup-articol-listing\">\n<div class=\"cont-pils\"><a href=\"https:\/\/ziaruldevrancea.ro\/timp-liber\/calendarul-zilei-de-8-august-edcizia-construirii-catedralei-mitropolitane-din-iasi-scoala-superioara-de-razboi-republica-de-la-ploiesti-si-personalitatile-nascute-in-aceasta-zi\"><img decoding=\"async\" src=\"https:\/\/zdvi.cname.ro\/180_135\/timp-liber\/calendarul-zilei-de-8-august-edcizia-construirii-catedralei-mitropolitane-din-iasi-scoala-superioara-de-razboi-republica-de-la-ploiesti-si-personalitatile-nascute-in-aceasta-zi\/mediaPool\/uDnSomR.png\" class=\"img-responsive img-180\" alt><\/a><\/div>\n<h2><a class=\"link-titlu\" href=\"https:\/\/ziaruldevrancea.ro\/timp-liber\/calendarul-zilei-de-8-august-edcizia-construirii-catedralei-mitropolitane-din-iasi-scoala-superioara-de-razboi-republica-de-la-ploiesti-si-personalitatile-nascute-in-aceasta-zi\">Calendarul zilei de 8 august: 200 de ani de decizia construirii Catedralei Mitropolitane din Ia\u0219i, \u0218coala Superioar\u0103 de R\u0103zboi, Rom\u00e2nia invitat\u0103 la Conferin\u021ba de Pace de la Paris, \u201eRepublica de la Ploie\u0219ti\u201d \u0219i personalit\u0103\u021bile n\u0103scute \u00een aceast\u0103 zi<\/a><\/h2>\n<div class=\"date-post\"><a href=\"https:\/\/ziaruldevrancea.ro\/autor\/rodica-condurache\">Rodica Condurache<\/a>,  8 aug 2026  <\/div>\n<\/div>\n<\/div>\n<\/div>\n<div class=\"col-lg-6 bloc-egal\">\n<div class=\"card articol-listing\">\n<h6>De acela\u0219i <a href=\"https:\/\/ziaruldevrancea.ro\/autor\/rodica-condurache\/\">autor<\/a><\/h6>\n<div class=\"grup-articol-listing\">\n<div class=\"cont-pils\"><a href=\"https:\/\/ziaruldevrancea.ro\/actualitatea\/stiri-locale\/prima-pagina-a-editiei-tiparite-a-ziarului-de-vrancea-de-astazi-7-august-2026\"><img decoding=\"async\" src=\"https:\/\/zdvi.cname.ro\/180_135\/actualitatea\/stiri-locale\/prima-pagina-a-editiei-tiparite-a-ziarului-de-vrancea-de-astazi-7-august-2026\/mediaPool\/uXvVkzo.jpg\" class=\"img-responsive img-180\" alt><\/a><\/div>\n<h2><a class=\"link-titlu\" href=\"https:\/\/ziaruldevrancea.ro\/actualitatea\/stiri-locale\/prima-pagina-a-editiei-tiparite-a-ziarului-de-vrancea-de-astazi-7-august-2026\">Prima pagin\u0103 a edi\u021biei tip\u0103rite a Ziarului de Vrancea de ast\u0103zi, 7 august 2026: Autostrada A7, tragedia din C\u00e2mpuri, performan\u021be vr\u00e2ncene \u00een Italia \u0219i comemorarea eroilor de la M\u0103r\u0103\u0219e\u0219ti<\/a><\/h2>\n<div class=\"date-post\"><a href=\"https:\/\/ziaruldevrancea.ro\/autor\/rodica-condurache\">Rodica Condurache<\/a>,  7 aug 2026  <\/div>\n<\/div>\n<div class=\"grup-articol-listing\">\n<div class=\"cont-pils\"><a href=\"https:\/\/ziaruldevrancea.ro\/timp-liber\/calendarul-zilei-de-7-august-repere-din-istorie-si-personalitati-care-au-marcat-aceasta-data.-ce-s-a-intamplat-de-a-lungul-timpului-si-de-ce-conteaza-pentru-cititorii-din-vrancea\"><img decoding=\"async\" src=\"https:\/\/zdvi.cname.ro\/180_135\/timp-liber\/calendarul-zilei-de-7-august-repere-din-istorie-si-personalitati-care-au-marcat-aceasta-data.-ce-s-a-intamplat-de-a-lungul-timpului-si-de-ce-conteaza-pentru-cititorii-din-vrancea\/mediaPool\/ubfSoBo.PNG\" class=\"img-responsive img-180\" alt><\/a><\/div>\n<h2><a class=\"link-titlu\" href=\"https:\/\/ziaruldevrancea.ro\/timp-liber\/calendarul-zilei-de-7-august-repere-din-istorie-si-personalitati-care-au-marcat-aceasta-data.-ce-s-a-intamplat-de-a-lungul-timpului-si-de-ce-conteaza-pentru-cititorii-din-vrancea\">Calendarul zilei de 7 august: Momente care au influen\u021bat evolu\u021bia Rom\u00e2niei, personalit\u0103\u021bi care au l\u0103sat \u00een urm\u0103 opere, descoperiri sau exemple de via\u021b\u0103. O invita\u021bie la redescoperirea trecutului \u0219i la \u00een\u021belegerea contextului \u00een care s-a construit prezentul<\/a><\/h2>\n<div class=\"date-post\"><a href=\"https:\/\/ziaruldevrancea.ro\/autor\/rodica-condurache\">Rodica Condurache<\/a>,  7 aug 2026  <\/div>\n<\/div>\n<div class=\"grup-articol-listing\">\n<div class=\"cont-pils\"><a href=\"https:\/\/ziaruldevrancea.ro\/actualitatea\/stiri-locale\/prima-pagina-a-editiei-tiparite-a-ziarului-de-vrancea-de-astazi-6-august-2026-tragedia-de-pe-siret-investitii-in-sanatate-istorie-si-proiecte-pentru-judet\"><img decoding=\"async\" src=\"https:\/\/zdvi.cname.ro\/180_135\/actualitatea\/stiri-locale\/prima-pagina-a-editiei-tiparite-a-ziarului-de-vrancea-de-astazi-6-august-2026-tragedia-de-pe-siret-investitii-in-sanatate-istorie-si-proiecte-pentru-judet\/mediaPool\/uBAQGKM.jpg\" class=\"img-responsive img-180\" alt><\/a><\/div>\n<h2><a class=\"link-titlu\" href=\"https:\/\/ziaruldevrancea.ro\/actualitatea\/stiri-locale\/prima-pagina-a-editiei-tiparite-a-ziarului-de-vrancea-de-astazi-6-august-2026-tragedia-de-pe-siret-investitii-in-sanatate-istorie-si-proiecte-pentru-judet\">Prima pagin\u0103 a edi\u021biei tip\u0103rite a Ziarului de Vrancea de ast\u0103zi, 6 august 2026: Canicul\u0103, comemorarea eroilor de la M\u0103r\u0103\u0219e\u0219ti, investi\u021bii verzi \u0219i dosarul Cernob\u00eelului, \u00een centrul actualit\u0103\u021bii <\/a><\/h2>\n<div class=\"date-post\"><a href=\"https:\/\/ziaruldevrancea.ro\/autor\/rodica-condurache\">Rodica Condurache<\/a>,  6 aug 2026  <\/div>\n<\/div>\n<\/div>\n<\/div>\n<\/div>\n<\/div>\n<div class=\"extra-articol listing-anunturi\">\n<h6>Anun\u021buri <span class=\"text-primary\">ZdV<\/span> Premium<\/h6>\n<div class=\"row\">\n<div class=\"col-lg-4 col-md-6 bloc-egal\"><a class=\"card-anunt\" href=\"https:\/\/ziaruldevrancea.ro\/anunturi\/altele\/servicii\/caut-o-persoana-sau-o-familie-pentru-ingrijirea-unei-batrane\"><strong class=\"titlu\">Servicii<\/strong><span class=\"text-anunt\">Caut o persoan\u0103\u00a0sau o familie serioas\u0103&#8230;<\/span><span class=\"data-anunt\">04.08.2026  <\/span><\/a><\/div>\n<div class=\"col-lg-4 col-md-6 bloc-egal\"><a class=\"card-anunt\" href=\"https:\/\/ziaruldevrancea.ro\/anunturi\/imobiliare\/vanzari-ap-2-camere\/vand-apartament-2-camere-in-focsani-anunt-72825\"><strong class=\"titlu\">V\u00e2nz\u0103ri ap 2 camere<\/strong><span class=\"text-anunt\">V\u00e2nd apartament 2 camere, hol p\u0103trat,&#8230;<\/span><span class=\"data-anunt\">04.08.2026  <\/span><\/a><\/div>\n<div class=\"col-lg-4 col-md-6 bloc-egal\"><a class=\"card-anunt\" href=\"https:\/\/ziaruldevrancea.ro\/anunturi\/angajari\/oferte-angajari\/caut-femeie-pt-supraveghere-batrana-paralizata-focsani-fara-menaj-program-de-la-9la-17-de-luni-pana-vineri-salariu-2600\"><strong class=\"titlu\">Oferte<\/strong><span class=\"text-anunt\">Caut femeie pentru\u00a0supraveghere&#8230;<\/span><span class=\"data-anunt\">05.08.2026 , Vrancea , Foc\u0219ani<\/span><\/a><\/div>\n<\/div>\n<\/div>\n<div class=\"bloc-widget widget-albastru\">\n    Ziarul de Vrancea \u00a0nu este responsabil juridic pentru con\u0163inutul textelor din comentariile de mai jos. Responsabilitatea pentru mesajele dumneavoastra v\u0103 revine \u00een exclusivitate.\n<\/div>\n<div class=\"comentarii-articol\" id=\"comentarii\">\n<h3>Comentarii: <span class=\"text-primary\">0<\/span><\/h3>\n<p><a href=\"https:\/\/ziaruldevrancea.ro\/timp-liber\/astazi-despre-psihologul-clinician-andrei-partos---om-bun---nevoia-de-a-repune-muzica-si-poezia-romaneasca-la-un-loc-bun\" class=\"btn btn-success btn-adauga-com\" data-toggle=\"modal\" data-parent=\"0\" data-target=\"#commentModal\">Adaug\u0103 comentariu<\/a><\/p>\n<div class=\"loadMask comments-mask\"><img decoding=\"async\" src=\"https:\/\/zdvs.cname.ro\/images\/loader_40.gif\"><\/div>\n<div class=\"comenteaza-jos\">Trebuie s\u0103 fii <a href=\"https:\/\/ziaruldevrancea.ro\/account\">autentificat<\/a> pentru a putea <a href=\"https:\/\/ziaruldevrancea.ro\/timp-liber\/astazi-despre-psihologul-clinician-andrei-partos---om-bun---nevoia-de-a-repune-muzica-si-poezia-romaneasca-la-un-loc-bun\" class data-toggle=\"modal\" data-parent=\"0\" data-target=\"#commentModal\">posta un comentariu<\/a>.<\/div>\n<\/div>\n<div class=\"modal fade\" id=\"commentModal\" role=\"dialog\" aria-labelledby=\"commentModalLabel\">\n<div class=\"modal-dialog modal-lg\" role=\"document\">\n<div class=\"modal-content\">\n<div class=\"modal-header\">\n<h3 class=\"modal-title\" id=\"commentModalLabel\">Comenteaz\u0103<\/h3>\n<\/div>\n<div class=\"modal-body\">\n<div class=\"tabel tabel-full\">\n<div class=\"celula\">\n              Trebuie s\u0103 fii <a href=\"https:\/\/ziaruldevrancea.ro\/account\">autentificat<\/a> pentru a putea posta un comentariu.\n            <\/div>\n<\/div>\n<\/div>\n<div class=\"modal-footer\">\n<div id=\"commentPending\" class=\"formPending pull-left\"><img decoding=\"async\" src=\"https:\/\/zdvs.cname.ro\/images\/loader_40.gif\"> In curs de procesare&#8230;<\/div>\n<p><a href=\"https:\/\/ziaruldevrancea.ro\/timp-liber\/astazi-despre-psihologul-clinician-andrei-partos---om-bun---nevoia-de-a-repune-muzica-si-poezia-romaneasca-la-un-loc-bun\" class=\"btn btn-default\" data-dismiss=\"modal\">Anuleaz\u0103<\/a><\/div>\n<\/div>\n<\/div>\n<\/div>\n<div class=\"modal fade\" id=\"commentReportModal\" role=\"dialog\" aria-labelledby=\"commentReportModalLabel\">\n<div class=\"modal-dialog modal-lg\" role=\"document\">\n<div class=\"modal-content\">\n<div class=\"modal-header\">\n<h3 class=\"modal-title\" id=\"commentReportModalLabel\">Raporteaza comentariu<\/h3>\n<\/div>\n<div class=\"modal-body\">\n<div class=\"tabel tabel-full\">\n<div class=\"celula\">\n              Trebuie s\u0103 fii <a href=\"https:\/\/ziaruldevrancea.ro\/account\">autentificat<\/a> pentru a putea raporta un comentariu.\n            <\/div>\n<\/div>\n<\/div>\n<div class=\"modal-footer\">\n<div id=\"commentReportPending\" class=\"formPending pull-left\"><img decoding=\"async\" src=\"https:\/\/zdvs.cname.ro\/images\/loader_40.gif\"> In curs de procesare&#8230;<\/div>\n<p><a href=\"https:\/\/ziaruldevrancea.ro\/timp-liber\/astazi-despre-psihologul-clinician-andrei-partos---om-bun---nevoia-de-a-repune-muzica-si-poezia-romaneasca-la-un-loc-bun\" class=\"btn btn-default\" data-dismiss=\"modal\">Anuleaz\u0103<\/a><\/div>\n<\/div>\n<\/div>\n<\/div>\n<div class=\"modal fade\" id=\"commentLikeModal\" role=\"dialog\" aria-labelledby=\"commentLikeModalLabel\">\n<div class=\"modal-dialog modal-lg\" role=\"document\">\n<div class=\"modal-content\">\n<div class=\"modal-header\">\n<h3 class=\"modal-title\" id=\"commentReportModalLabel\">Apreciaza comentariu<\/h3>\n<\/div>\n<div class=\"modal-body\">\n<div class=\"tabel tabel-full\">\n<div class=\"celula\">\n            Trebuie s\u0103 fii <a href=\"https:\/\/ziaruldevrancea.ro\/account\">autentificat<\/a> pentru a putea aprecia un comentariu.\n          <\/div>\n<\/div>\n<\/div>\n<div class=\"modal-footer\"><a href=\"https:\/\/ziaruldevrancea.ro\/timp-liber\/astazi-despre-psihologul-clinician-andrei-partos---om-bun---nevoia-de-a-repune-muzica-si-poezia-romaneasca-la-un-loc-bun\" class=\"btn btn-default\" data-dismiss=\"modal\">Anuleaz\u0103<\/a><\/div>\n<\/div>\n<\/div>\n<\/div>\n<div class=\"bloc-widget widget-rosu\"><span><small>Ziarul de Vrancea doreste ca acest site sa fie un spatiu al discutiilor civilizate, al comentariilor de bun simt. Din acest motiv, cei care posteaza comentarii la articole trebuie sa respecte urmatoarele reguli:<br \/>\n1. Sa se refere doar la articolul la care posteaza comentarii.<br \/>\n2. Sa foloseasca un limbaj civilizat, fara injurii, calomnii, comentarii antisemite, xenofobe sau rasiste.<br \/>\n3. Sunt interzise atacurile la adresa autorilor, daca acestea nu au legatura cu textul.<br \/>\n4. Username-ul sa nu fie nume de personalitati ale vietii publice sau parodieri ale acestora.<br \/>\nAutorul unui articol poate fi criticat pentru eventuale greseli, incoerenta, lipsa de documentare etc.<br \/>\nNerespectarea regulilor mentionate mai sus va duce la stergerea comentariilor, fara avertisment si fara explicatii.<br \/>\nAbaterile repetate vor avea drept consecinta interdictia accesului la aceasta facilitate a site-ului.<\/small><\/span><\/div>\n<\/div>\n<p>[analyse_source url=&#8221;https:\/\/ziaruldevrancea.ro\/timp-liber\/astazi-despre-psihologul-clinician-andrei-partos&#8212;om-bun&#8212;nevoia-de-a-repune-muzica-si-poezia-romaneasca-la-un-loc-bun&#8221;]<\/p>\n","protected":false},"excerpt":{"rendered":"<p>[analyse_image type=&#8221;featured&#8221; src=&#8221;https:\/\/zdvi.cname.ro\/_\/astazi-despre-psihologul-clinician-andrei-partos&#8212;om-bun&#8212;nevoia-de-a-repune-muzica-si-poezia-romaneasca-la-un-loc-bun\/mediaPool\/uYSVhEO.jpg&#8221;] Timp Liber VIDEO V\u0103 mai aminti\u021bi de \u201eRADIO VACAN\u021aA COSTINE\u0218TI\u201d? Ast\u0103zi despre vocea Costine\u015ftiului de alt\u0103dat\u0103. Andrei Parto\u0219 &#8211; Psihologul clinician care dup\u0103 zece ani de activitate s-a dedicat nevoii de a repune muzica \u015fi poezia rom\u00e2neasc\u0103 la un loc bun Distribuie: \u00a0 | Rodica Condurache 31 iul 20264219 vizualiz\u0103ri Andrei Parto\u0219 [&hellip;]<\/p>\n","protected":false},"author":1,"featured_media":0,"comment_status":"open","ping_status":"","sticky":false,"template":"","format":"standard","meta":{"footnotes":""},"categories":[89],"tags":[226,208],"class_list":["post-2084074","post","type-post","status-publish","format-standard","hentry","category-romania","tag-crawlmanager","tag-ziaruldevrancea-ro"],"_links":{"self":[{"href":"https:\/\/analyse.optim.biz\/index.php?rest_route=\/wp\/v2\/posts\/2084074","targetHints":{"allow":["GET"]}}],"collection":[{"href":"https:\/\/analyse.optim.biz\/index.php?rest_route=\/wp\/v2\/posts"}],"about":[{"href":"https:\/\/analyse.optim.biz\/index.php?rest_route=\/wp\/v2\/types\/post"}],"author":[{"embeddable":true,"href":"https:\/\/analyse.optim.biz\/index.php?rest_route=\/wp\/v2\/users\/1"}],"replies":[{"embeddable":true,"href":"https:\/\/analyse.optim.biz\/index.php?rest_route=%2Fwp%2Fv2%2Fcomments&post=2084074"}],"version-history":[{"count":0,"href":"https:\/\/analyse.optim.biz\/index.php?rest_route=\/wp\/v2\/posts\/2084074\/revisions"}],"wp:attachment":[{"href":"https:\/\/analyse.optim.biz\/index.php?rest_route=%2Fwp%2Fv2%2Fmedia&parent=2084074"}],"wp:term":[{"taxonomy":"category","embeddable":true,"href":"https:\/\/analyse.optim.biz\/index.php?rest_route=%2Fwp%2Fv2%2Fcategories&post=2084074"},{"taxonomy":"post_tag","embeddable":true,"href":"https:\/\/analyse.optim.biz\/index.php?rest_route=%2Fwp%2Fv2%2Ftags&post=2084074"}],"curies":[{"name":"wp","href":"https:\/\/api.w.org\/{rel}","templated":true}]}}