{"id":2084073,"date":"2026-07-31T00:00:00","date_gmt":"2026-07-30T21:00:00","guid":{"rendered":"https:\/\/analyse.optim.biz\/?p=2084073"},"modified":"2026-07-31T00:00:00","modified_gmt":"2026-07-30T21:00:00","slug":"calendarul-zilei-de-31-iulie-evenimente-personalitati-si-momente-care-au-marcat-aceasta-zi","status":"publish","type":"post","link":"https:\/\/analyse.optim.biz\/?p=2084073","title":{"rendered":"Calendarul zilei de 31 iulie | Evenimente, personalit\u0103\u021bi \u0219i momente care au marcat aceast\u0103 zi"},"content":{"rendered":"<p>[analyse_image type=&#8221;featured&#8221; src=&#8221;https:\/\/zdvi.cname.ro\/_\/calendarul-zilei-de-31-iulie-evenimente-personalitati-si-momente-care-au-marcat-aceasta-zi\/mediaPool\/uVFdgAV.jpg&#8221;]<\/p>\n<div class=\"main-content detaliu-articol\"><a class=\"titlu-cat-list\" href=\"https:\/\/ziaruldevrancea.ro\/timp-liber\">Timp Liber<\/a><\/p>\n<h1>Calendarul zilei de 31 iulie | Evenimente, personalit\u0103\u021bi \u0219i momente care au marcat aceast\u0103 zi<\/h1>\n<div class=\"date-articol clearfix\">\n<div class=\"distribuie-articol dropdown\">\n    Distribuie: \u00a0<br \/>\n    <em>|<\/em><\/div>\n<div class=\"autor-articol\"><a href=\"https:\/\/ziaruldevrancea.ro\/autor\/rodica-condurache\/\"><img decoding=\"async\" class=\"img-circle\" src=\"https:\/\/zdvi.cname.ro\/50_50\/articleAuthor\/rodica-condurache\/articleAuthor\/uy6Kz5r.jpg\" alt><\/a><\/p>\n<h5><a href=\"https:\/\/ziaruldevrancea.ro\/autor\/rodica-condurache\/\">Rodica Condurache<\/a><\/h5>\n<div class=\"grup-spatiere\"><span class=\"cu-spatiere\">31 iul 2026<\/span><span class=\"cu-spatiere\">696 vizualiz\u0103ri<\/span><\/div>\n<\/div>\n<\/div>\n<div class=\"poza-mare\"><a href class=\"openGallery\"><img decoding=\"async\" class=\"img-responsive\" src=\"https:\/\/zdvi.cname.ro\/850_530\/calendarul-zilei-de-31-iulie-evenimente-personalitati-si-momente-care-au-marcat-aceasta-zi\/article\/mediaPool\/uVFdgAV.jpg\" alt><\/a><\/div>\n<p><strong>De la prima ascensiune pe K2 \u0219i imaginile istorice transmise de sonda Ranger 7 de pe Lun\u0103 p\u00e2n\u0103 la personalit\u0103\u021bi precum Mircea Baniciu, Hora\u021biu M\u0103l\u0103iele \u0219i Louis de Fun\u00e8s, data de 31 iulie reune\u0219te numeroase repere istorice, culturale \u0219i \u0219tiin\u021bifice.<br \/>\n<\/strong><\/p>\n<p><strong><strong>31 iulie este cea de-a 212-a zi a anului \u00een calendarul gregorian (213-a \u00een anii bisec\u021bi), iar p\u00e2n\u0103 la sf\u00e2r\u0219itul anului mai r\u0103m\u00e2n 153 de zile. De-a lungul timpului, aceast\u0103 dat\u0103 a fost asociat\u0103 cu evenimente istorice importante, descoperiri \u0219tiin\u021bifice, premiere mondiale \u0219i aniversarea unor personalit\u0103\u021bi care au influen\u021bat cultura, politica, sportul \u0219i arta.<\/strong><\/strong><\/p>\n<p>\u00a0<\/p>\n<p>Printre cele mai importante momente consemnate la 31 iulie se num\u0103r\u0103 anul 1877, c\u00e2nd, \u00een timpul R\u0103zboiului de Independen\u021b\u0103, Marele Duce Nicolae al Rusiei i-a solicitat principelui Carol I sprijin militar dup\u0103 \u00eenfr\u00e2ngerea de la Plevna. \u00cen urma acestei solicit\u0103ri, primele unit\u0103\u021bi ale Armatei Rom\u00e2ne au trecut Dun\u0103rea \u0219i au preluat ap\u0103rarea podului de vase dintre Zimnicea \u0219i Svi\u0219tov, contribuind decisiv la campania militar\u0103.<\/p>\n<p>\u00cen istoria mondial\u0103, 31 iulie 1954 a r\u0103mas cunoscut\u0103 pentru prima ascensiune reu\u0219it\u0103 pe K2, al doilea cel mai \u00eenalt v\u00e2rf al planetei, realizat\u0103 de expedi\u021bia italian\u0103 condus\u0103 de Ardito Desio. Zece ani mai t\u00e2rziu, \u00een 1964, sonda american\u0103 Ranger 7 a atins Luna, transmi\u021b\u00e2nd peste 4.300 de fotografii de \u00eenalt\u0103 calitate \u00eenainte de impact, un pas esen\u021bial \u00een preg\u0103tirea viitoarelor misiuni spa\u021biale cu echipaj uman.<\/p>\n<p>Tot la 31 iulie sunt legate \u0219i alte momente importante ale istoriei: descoperirea insulei Trinidad de c\u0103tre Cristofor Columb \u00een 1498, prima atestare intern\u0103 a ora\u0219ului Piatra Neam\u021b \u00een 1431, intrarea \u00een func\u021biune a primului reactor atomic rom\u00e2nesc \u00een 1957 \u0219i \u00eenceputul uneia dintre cele mai s\u00e2ngeroase confrunt\u0103ri ale Primului R\u0103zboi Mondial \u2013 B\u0103t\u0103lia de la Passchendaele, \u00een 1917.<\/p>\n<p><strong>Personalit\u0103\u021bi n\u0103scute la 31 iulie<\/strong><\/p>\n<p>Ziua de 31 iulie marcheaz\u0103 aniversarea unor personalit\u0103\u021bi remarcabile din domenii diverse.<\/p>\n<p>\u00cen muzica rom\u00e2neasc\u0103, \u00ee\u0219i s\u0103rb\u0103tore\u0219te ziua de na\u0219tere Mircea Baniciu, unul dintre cei mai aprecia\u021bi arti\u0219ti ai folk-rock-ului rom\u00e2nesc \u0219i fost solist al forma\u021biei Phoenix.<\/p>\n<p>Tot ast\u0103zi este aniversat Hora\u021biu M\u0103l\u0103iele, actor, regizor \u0219i caricaturist, considerat una dintre cele mai importante figuri ale teatrului rom\u00e2nesc contemporan.<\/p>\n<p>\u00cen cinematografia mondial\u0103 este comemorat\u0103 na\u0219terea actorului francez Louis de Fun\u00e8s, unul dintre cei mai populari interpre\u021bi ai filmului de comedie, ale c\u0103rui produc\u021bii continu\u0103 s\u0103 fie urm\u0103rite \u0219i ast\u0103zi.<\/p>\n<p>De asemenea, pe 31 iulie s-au n\u0103scut economistul laureat al Premiului Nobel Milton Friedman, actorul american Wesley Snipes, fostul fotbalist \u0219i antrenor italian Antonio Conte, juc\u0103toarea de tenis Victoria Azarenka \u0219i t\u00e2n\u0103ra artist\u0103 rom\u00e2n\u0103 Alexandra C\u0103pit\u0103nescu.<\/p>\n<p><strong>Personalit\u0103\u021bi comemorate la aceast\u0103 dat\u0103<\/strong><\/p>\n<p>31 iulie este \u0219i ziua \u00een care sunt comemorate numeroase personalit\u0103\u021bi care au l\u0103sat o amprent\u0103 important\u0103 asupra culturii \u0219i istoriei universale.<\/p>\n<p>\u00cen 1784 s-a stins din via\u021b\u0103 filosoful iluminist Denis Diderot, unul dintre coordonatorii celebrei \u201eEnciclopedii\u201d.<\/p>\n<p>\u00cen 1886 a murit compozitorul \u0219i pianistul Franz Liszt, unul dintre cei mai influen\u021bi muzicieni ai secolului al XIX-lea.<\/p>\n<p>Scriitorul \u0219i aviatorul francez Antoine de Saint-Exup\u00e9ry, autorul romanului \u201eMicul Prin\u021b\u201d, este declarat disp\u0103rut dup\u0103 ultimul s\u0103u zbor de recunoa\u0219tere efectuat la 31 iulie 1944.<\/p>\n<p>\u00cen Rom\u00e2nia sunt comemora\u021bi, \u00eentre al\u021bii, fostul Patriarh al Bisericii Ortodoxe Rom\u00e2ne Iustin Moisescu, episcopul greco-catolic Ioan Ploscaru \u0219i medicul Iulian Mincu.<\/p>\n<p>\u00cen lumea sportului, 31 iulie aminte\u0219te \u0219i de dispari\u021bia legendarului antrenor englez Sir Bobby Robson, iar \u00een cinematografie de actri\u021ba francez\u0103 Jeanne Moreau \u0219i regizorul britanic Alan Parker.<\/p>\n<p><strong>O zi cu numeroase repere istorice<\/strong><\/p>\n<p>De la evenimente militare \u0219i descoperiri geografice p\u00e2n\u0103 la premiere \u0219tiin\u021bifice \u0219i aniversarea unor mari personalit\u0103\u021bi, data de 31 iulie ocup\u0103 un loc important \u00een cronologia istoriei universale. Pentru pasiona\u021bii de istorie, cultur\u0103 \u0219i \u0219tiin\u021b\u0103, aceast\u0103 zi ofer\u0103 numeroase repere care ilustreaz\u0103 evolu\u021bia societ\u0103\u021bii \u0219i contribu\u021bia unor oameni ce au influen\u021bat lumea \u00een domeniile lor de activitate.<\/p>\n<p>\u00a0<\/p>\n<p>\u00a0<\/p>\n<hr>\n<div class=\"bloc-widget widget-rosu\">\n<p>\u00cen lipsa unui acord scris din partea Ziarului de Vrancea, pute\u0163i prelua maxim 500 de caractere din acest articol dac\u0103 preciza\u0163i sursa \u015fi insera\u0163i vizibil link-ul articolului:\u00a0<span>#insertcurrentlinkhere<\/span><\/p>\n<\/div>\n<div class=\"extra-articol listing-anunturi\">\n<h6>Anun\u021buri <span class=\"text-primary\">ZdV<\/span> Premium<\/h6>\n<div class=\"row\">\n<div class=\"col-lg-4 col-md-6 bloc-egal\"><a class=\"card-anunt\" href=\"https:\/\/ziaruldevrancea.ro\/anunturi\/inchirieri\/locuinte-oferte\/primesc-in-gazda-elevi-anunt-72832\"><strong class=\"titlu\">Locuin\u021be oferte<\/strong><span class=\"text-anunt\">Primesc \u00een gazd\u0103 elevi la cas\u0103-vil\u0103,&#8230;<\/span><span class=\"data-anunt\">07.08.2026  <\/span><\/a><\/div>\n<div class=\"col-lg-4 col-md-6 bloc-egal\"><a class=\"card-anunt\" href=\"https:\/\/ziaruldevrancea.ro\/anunturi\/altele\/matrimoniale\/Imi-caut-sufletul-pereche-anunt-72833\"><strong class=\"titlu\">Matrimoniale<\/strong><span class=\"text-anunt\">Domn serios caut doamn\u0103 serioas\u0103, v\u00e2rsta&#8230;<\/span><span class=\"data-anunt\">07.08.2026  <\/span><\/a><\/div>\n<div class=\"col-lg-4 col-md-6 bloc-egal\"><a class=\"card-anunt\" href=\"https:\/\/ziaruldevrancea.ro\/anunturi\/angajari\/oferte-angajari\/angajare-anunt-72830\"><strong class=\"titlu\">Oferte<\/strong><span class=\"text-anunt\">ECOSISTEM SRL cu sediul in localitatea Jorasti,&#8230;<\/span><span class=\"data-anunt\">05.08.2026  <\/span><\/a><\/div>\n<\/div>\n<\/div>\n<div class=\"extra-articol alte-articole\">\n<div class=\"row\">\n<div class=\"col-lg-6 bloc-egal\">\n<div class=\"card articol-listing\">\n<h6>\u00cen categoria <a href=\"https:\/\/ziaruldevrancea.ro\/timp-liber\">Timp Liber<\/a><\/h6>\n<div class=\"grup-articol-listing\">\n<div class=\"cont-pils\"><a href=\"https:\/\/ziaruldevrancea.ro\/timp-liber\/eveniment-cultural-in-aer-liber-sambata-seara-la-focsani\"><img decoding=\"async\" src=\"https:\/\/zdvi.cname.ro\/180_135\/timp-liber\/eveniment-cultural-in-aer-liber-sambata-seara-la-focsani\/mediaPool\/uvyuJqJ.jpg\" class=\"img-responsive img-180\" alt><\/a><\/div>\n<h2><a class=\"link-titlu\" href=\"https:\/\/ziaruldevrancea.ro\/timp-liber\/eveniment-cultural-in-aer-liber-sambata-seara-la-focsani\">Eveniment cultural \u00een aer liber, s\u00e2mb\u0103t\u0103 sear\u0103, la Foc\u0219ani<\/a><\/h2>\n<div class=\"date-post\"><a href=\"https:\/\/ziaruldevrancea.ro\/autor\/camelia-marin\">Camelia Marin<\/a>,  8 aug 2026  <\/div>\n<\/div>\n<div class=\"grup-articol-listing\">\n<div class=\"cont-pils\"><a href=\"https:\/\/ziaruldevrancea.ro\/timp-liber\/horoscop-8-august-2026\"><img decoding=\"async\" src=\"https:\/\/zdvi.cname.ro\/180_135\/timp-liber\/horoscop-8-august-2026\/mediaPool\/uA8enxT.jpg\" class=\"img-responsive img-180\" alt><\/a><\/div>\n<h2><a class=\"link-titlu\" href=\"https:\/\/ziaruldevrancea.ro\/timp-liber\/horoscop-8-august-2026\">Horoscop 8 august 2026 <\/a><\/h2>\n<div class=\"date-post\"><a href=\"https:\/\/ziaruldevrancea.ro\/#comentarii\" class=\"pull-right\"> 4<\/a><a href=\"https:\/\/ziaruldevrancea.ro\/autor\/rodica-condurache\">Rodica Condurache<\/a>,  8 aug 2026  <\/div>\n<\/div>\n<div class=\"grup-articol-listing\">\n<div class=\"cont-pils\"><a href=\"https:\/\/ziaruldevrancea.ro\/timp-liber\/calendarul-zilei-de-8-august-edcizia-construirii-catedralei-mitropolitane-din-iasi-scoala-superioara-de-razboi-republica-de-la-ploiesti-si-personalitatile-nascute-in-aceasta-zi\"><img decoding=\"async\" src=\"https:\/\/zdvi.cname.ro\/180_135\/timp-liber\/calendarul-zilei-de-8-august-edcizia-construirii-catedralei-mitropolitane-din-iasi-scoala-superioara-de-razboi-republica-de-la-ploiesti-si-personalitatile-nascute-in-aceasta-zi\/mediaPool\/uDnSomR.png\" class=\"img-responsive img-180\" alt><\/a><\/div>\n<h2><a class=\"link-titlu\" href=\"https:\/\/ziaruldevrancea.ro\/timp-liber\/calendarul-zilei-de-8-august-edcizia-construirii-catedralei-mitropolitane-din-iasi-scoala-superioara-de-razboi-republica-de-la-ploiesti-si-personalitatile-nascute-in-aceasta-zi\">Calendarul zilei de 8 august: 200 de ani de decizia construirii Catedralei Mitropolitane din Ia\u0219i, \u0218coala Superioar\u0103 de R\u0103zboi, Rom\u00e2nia invitat\u0103 la Conferin\u021ba de Pace de la Paris, \u201eRepublica de la Ploie\u0219ti\u201d \u0219i personalit\u0103\u021bile n\u0103scute \u00een aceast\u0103 zi<\/a><\/h2>\n<div class=\"date-post\"><a href=\"https:\/\/ziaruldevrancea.ro\/autor\/rodica-condurache\">Rodica Condurache<\/a>,  8 aug 2026  <\/div>\n<\/div>\n<\/div>\n<\/div>\n<div class=\"col-lg-6 bloc-egal\">\n<div class=\"card articol-listing\">\n<h6>De acela\u0219i <a href=\"https:\/\/ziaruldevrancea.ro\/autor\/rodica-condurache\/\">autor<\/a><\/h6>\n<div class=\"grup-articol-listing\">\n<div class=\"cont-pils\"><a href=\"https:\/\/ziaruldevrancea.ro\/actualitatea\/stiri-locale\/prima-pagina-a-editiei-tiparite-a-ziarului-de-vrancea-de-astazi-7-august-2026\"><img decoding=\"async\" src=\"https:\/\/zdvi.cname.ro\/180_135\/actualitatea\/stiri-locale\/prima-pagina-a-editiei-tiparite-a-ziarului-de-vrancea-de-astazi-7-august-2026\/mediaPool\/uXvVkzo.jpg\" class=\"img-responsive img-180\" alt><\/a><\/div>\n<h2><a class=\"link-titlu\" href=\"https:\/\/ziaruldevrancea.ro\/actualitatea\/stiri-locale\/prima-pagina-a-editiei-tiparite-a-ziarului-de-vrancea-de-astazi-7-august-2026\">Prima pagin\u0103 a edi\u021biei tip\u0103rite a Ziarului de Vrancea de ast\u0103zi, 7 august 2026: Autostrada A7, tragedia din C\u00e2mpuri, performan\u021be vr\u00e2ncene \u00een Italia \u0219i comemorarea eroilor de la M\u0103r\u0103\u0219e\u0219ti<\/a><\/h2>\n<div class=\"date-post\"><a href=\"https:\/\/ziaruldevrancea.ro\/autor\/rodica-condurache\">Rodica Condurache<\/a>,  7 aug 2026  <\/div>\n<\/div>\n<div class=\"grup-articol-listing\">\n<div class=\"cont-pils\"><a href=\"https:\/\/ziaruldevrancea.ro\/timp-liber\/calendarul-zilei-de-7-august-repere-din-istorie-si-personalitati-care-au-marcat-aceasta-data.-ce-s-a-intamplat-de-a-lungul-timpului-si-de-ce-conteaza-pentru-cititorii-din-vrancea\"><img decoding=\"async\" src=\"https:\/\/zdvi.cname.ro\/180_135\/timp-liber\/calendarul-zilei-de-7-august-repere-din-istorie-si-personalitati-care-au-marcat-aceasta-data.-ce-s-a-intamplat-de-a-lungul-timpului-si-de-ce-conteaza-pentru-cititorii-din-vrancea\/mediaPool\/ubfSoBo.PNG\" class=\"img-responsive img-180\" alt><\/a><\/div>\n<h2><a class=\"link-titlu\" href=\"https:\/\/ziaruldevrancea.ro\/timp-liber\/calendarul-zilei-de-7-august-repere-din-istorie-si-personalitati-care-au-marcat-aceasta-data.-ce-s-a-intamplat-de-a-lungul-timpului-si-de-ce-conteaza-pentru-cititorii-din-vrancea\">Calendarul zilei de 7 august: Momente care au influen\u021bat evolu\u021bia Rom\u00e2niei, personalit\u0103\u021bi care au l\u0103sat \u00een urm\u0103 opere, descoperiri sau exemple de via\u021b\u0103. O invita\u021bie la redescoperirea trecutului \u0219i la \u00een\u021belegerea contextului \u00een care s-a construit prezentul<\/a><\/h2>\n<div class=\"date-post\"><a href=\"https:\/\/ziaruldevrancea.ro\/autor\/rodica-condurache\">Rodica Condurache<\/a>,  7 aug 2026  <\/div>\n<\/div>\n<div class=\"grup-articol-listing\">\n<div class=\"cont-pils\"><a href=\"https:\/\/ziaruldevrancea.ro\/actualitatea\/stiri-locale\/prima-pagina-a-editiei-tiparite-a-ziarului-de-vrancea-de-astazi-6-august-2026-tragedia-de-pe-siret-investitii-in-sanatate-istorie-si-proiecte-pentru-judet\"><img decoding=\"async\" src=\"https:\/\/zdvi.cname.ro\/180_135\/actualitatea\/stiri-locale\/prima-pagina-a-editiei-tiparite-a-ziarului-de-vrancea-de-astazi-6-august-2026-tragedia-de-pe-siret-investitii-in-sanatate-istorie-si-proiecte-pentru-judet\/mediaPool\/uBAQGKM.jpg\" class=\"img-responsive img-180\" alt><\/a><\/div>\n<h2><a class=\"link-titlu\" href=\"https:\/\/ziaruldevrancea.ro\/actualitatea\/stiri-locale\/prima-pagina-a-editiei-tiparite-a-ziarului-de-vrancea-de-astazi-6-august-2026-tragedia-de-pe-siret-investitii-in-sanatate-istorie-si-proiecte-pentru-judet\">Prima pagin\u0103 a edi\u021biei tip\u0103rite a Ziarului de Vrancea de ast\u0103zi, 6 august 2026: Canicul\u0103, comemorarea eroilor de la M\u0103r\u0103\u0219e\u0219ti, investi\u021bii verzi \u0219i dosarul Cernob\u00eelului, \u00een centrul actualit\u0103\u021bii <\/a><\/h2>\n<div class=\"date-post\"><a href=\"https:\/\/ziaruldevrancea.ro\/autor\/rodica-condurache\">Rodica Condurache<\/a>,  6 aug 2026  <\/div>\n<\/div>\n<\/div>\n<\/div>\n<\/div>\n<\/div>\n<div class=\"extra-articol listing-anunturi\">\n<h6>Anun\u021buri <span class=\"text-primary\">ZdV<\/span> Premium<\/h6>\n<div class=\"row\">\n<div class=\"col-lg-4 col-md-6 bloc-egal\"><a class=\"card-anunt\" href=\"https:\/\/ziaruldevrancea.ro\/anunturi\/altele\/servicii\/caut-o-persoana-sau-o-familie-pentru-ingrijirea-unei-batrane\"><strong class=\"titlu\">Servicii<\/strong><span class=\"text-anunt\">Caut o persoan\u0103\u00a0sau o familie serioas\u0103&#8230;<\/span><span class=\"data-anunt\">04.08.2026  <\/span><\/a><\/div>\n<div class=\"col-lg-4 col-md-6 bloc-egal\"><a class=\"card-anunt\" href=\"https:\/\/ziaruldevrancea.ro\/anunturi\/imobiliare\/vanzari-ap-2-camere\/vand-apartament-2-camere-in-focsani-anunt-72825\"><strong class=\"titlu\">V\u00e2nz\u0103ri ap 2 camere<\/strong><span class=\"text-anunt\">V\u00e2nd apartament 2 camere, hol p\u0103trat,&#8230;<\/span><span class=\"data-anunt\">04.08.2026  <\/span><\/a><\/div>\n<div class=\"col-lg-4 col-md-6 bloc-egal\"><a class=\"card-anunt\" href=\"https:\/\/ziaruldevrancea.ro\/anunturi\/angajari\/oferte-angajari\/caut-femeie-pt-supraveghere-batrana-paralizata-focsani-fara-menaj-program-de-la-9la-17-de-luni-pana-vineri-salariu-2600\"><strong class=\"titlu\">Oferte<\/strong><span class=\"text-anunt\">Caut femeie pentru\u00a0supraveghere&#8230;<\/span><span class=\"data-anunt\">05.08.2026 , Vrancea , Foc\u0219ani<\/span><\/a><\/div>\n<\/div>\n<\/div>\n<div class=\"bloc-widget widget-albastru\">\n    Ziarul de Vrancea \u00a0nu este responsabil juridic pentru con\u0163inutul textelor din comentariile de mai jos. Responsabilitatea pentru mesajele dumneavoastra v\u0103 revine \u00een exclusivitate.\n<\/div>\n<div class=\"comentarii-articol\" id=\"comentarii\">\n<h3>Comentarii: <span class=\"text-primary\">0<\/span><\/h3>\n<p><a href=\"https:\/\/ziaruldevrancea.ro\/timp-liber\/calendarul-zilei-de-31-iulie-evenimente-personalitati-si-momente-care-au-marcat-aceasta-zi\" class=\"btn btn-success btn-adauga-com\" data-toggle=\"modal\" data-parent=\"0\" data-target=\"#commentModal\">Adaug\u0103 comentariu<\/a><\/p>\n<div class=\"loadMask comments-mask\"><img decoding=\"async\" src=\"https:\/\/zdvs.cname.ro\/images\/loader_40.gif\"><\/div>\n<div class=\"comenteaza-jos\">Trebuie s\u0103 fii <a href=\"https:\/\/ziaruldevrancea.ro\/account\">autentificat<\/a> pentru a putea <a href=\"https:\/\/ziaruldevrancea.ro\/timp-liber\/calendarul-zilei-de-31-iulie-evenimente-personalitati-si-momente-care-au-marcat-aceasta-zi\" class data-toggle=\"modal\" data-parent=\"0\" data-target=\"#commentModal\">posta un comentariu<\/a>.<\/div>\n<\/div>\n<div class=\"modal fade\" id=\"commentModal\" role=\"dialog\" aria-labelledby=\"commentModalLabel\">\n<div class=\"modal-dialog modal-lg\" role=\"document\">\n<div class=\"modal-content\">\n<div class=\"modal-header\">\n<h3 class=\"modal-title\" id=\"commentModalLabel\">Comenteaz\u0103<\/h3>\n<\/div>\n<div class=\"modal-body\">\n<div class=\"tabel tabel-full\">\n<div class=\"celula\">\n              Trebuie s\u0103 fii <a href=\"https:\/\/ziaruldevrancea.ro\/account\">autentificat<\/a> pentru a putea posta un comentariu.\n            <\/div>\n<\/div>\n<\/div>\n<div class=\"modal-footer\">\n<div id=\"commentPending\" class=\"formPending pull-left\"><img decoding=\"async\" src=\"https:\/\/zdvs.cname.ro\/images\/loader_40.gif\"> In curs de procesare&#8230;<\/div>\n<p><a href=\"https:\/\/ziaruldevrancea.ro\/timp-liber\/calendarul-zilei-de-31-iulie-evenimente-personalitati-si-momente-care-au-marcat-aceasta-zi\" class=\"btn btn-default\" data-dismiss=\"modal\">Anuleaz\u0103<\/a><\/div>\n<\/div>\n<\/div>\n<\/div>\n<div class=\"modal fade\" id=\"commentReportModal\" role=\"dialog\" aria-labelledby=\"commentReportModalLabel\">\n<div class=\"modal-dialog modal-lg\" role=\"document\">\n<div class=\"modal-content\">\n<div class=\"modal-header\">\n<h3 class=\"modal-title\" id=\"commentReportModalLabel\">Raporteaza comentariu<\/h3>\n<\/div>\n<div class=\"modal-body\">\n<div class=\"tabel tabel-full\">\n<div class=\"celula\">\n              Trebuie s\u0103 fii <a href=\"https:\/\/ziaruldevrancea.ro\/account\">autentificat<\/a> pentru a putea raporta un comentariu.\n            <\/div>\n<\/div>\n<\/div>\n<div class=\"modal-footer\">\n<div id=\"commentReportPending\" class=\"formPending pull-left\"><img decoding=\"async\" src=\"https:\/\/zdvs.cname.ro\/images\/loader_40.gif\"> In curs de procesare&#8230;<\/div>\n<p><a href=\"https:\/\/ziaruldevrancea.ro\/timp-liber\/calendarul-zilei-de-31-iulie-evenimente-personalitati-si-momente-care-au-marcat-aceasta-zi\" class=\"btn btn-default\" data-dismiss=\"modal\">Anuleaz\u0103<\/a><\/div>\n<\/div>\n<\/div>\n<\/div>\n<div class=\"modal fade\" id=\"commentLikeModal\" role=\"dialog\" aria-labelledby=\"commentLikeModalLabel\">\n<div class=\"modal-dialog modal-lg\" role=\"document\">\n<div class=\"modal-content\">\n<div class=\"modal-header\">\n<h3 class=\"modal-title\" id=\"commentReportModalLabel\">Apreciaza comentariu<\/h3>\n<\/div>\n<div class=\"modal-body\">\n<div class=\"tabel tabel-full\">\n<div class=\"celula\">\n            Trebuie s\u0103 fii <a href=\"https:\/\/ziaruldevrancea.ro\/account\">autentificat<\/a> pentru a putea aprecia un comentariu.\n          <\/div>\n<\/div>\n<\/div>\n<div class=\"modal-footer\"><a href=\"https:\/\/ziaruldevrancea.ro\/timp-liber\/calendarul-zilei-de-31-iulie-evenimente-personalitati-si-momente-care-au-marcat-aceasta-zi\" class=\"btn btn-default\" data-dismiss=\"modal\">Anuleaz\u0103<\/a><\/div>\n<\/div>\n<\/div>\n<\/div>\n<div class=\"bloc-widget widget-rosu\"><span><small>Ziarul de Vrancea doreste ca acest site sa fie un spatiu al discutiilor civilizate, al comentariilor de bun simt. Din acest motiv, cei care posteaza comentarii la articole trebuie sa respecte urmatoarele reguli:<br \/>\n1. Sa se refere doar la articolul la care posteaza comentarii.<br \/>\n2. Sa foloseasca un limbaj civilizat, fara injurii, calomnii, comentarii antisemite, xenofobe sau rasiste.<br \/>\n3. Sunt interzise atacurile la adresa autorilor, daca acestea nu au legatura cu textul.<br \/>\n4. Username-ul sa nu fie nume de personalitati ale vietii publice sau parodieri ale acestora.<br \/>\nAutorul unui articol poate fi criticat pentru eventuale greseli, incoerenta, lipsa de documentare etc.<br \/>\nNerespectarea regulilor mentionate mai sus va duce la stergerea comentariilor, fara avertisment si fara explicatii.<br \/>\nAbaterile repetate vor avea drept consecinta interdictia accesului la aceasta facilitate a site-ului.<\/small><\/span><\/div>\n<\/div>\n<p>[analyse_source url=&#8221;https:\/\/ziaruldevrancea.ro\/timp-liber\/calendarul-zilei-de-31-iulie-evenimente-personalitati-si-momente-care-au-marcat-aceasta-zi&#8221;]<\/p>\n","protected":false},"excerpt":{"rendered":"<p>[analyse_image type=&#8221;featured&#8221; src=&#8221;https:\/\/zdvi.cname.ro\/_\/calendarul-zilei-de-31-iulie-evenimente-personalitati-si-momente-care-au-marcat-aceasta-zi\/mediaPool\/uVFdgAV.jpg&#8221;] Timp Liber Calendarul zilei de 31 iulie | Evenimente, personalit\u0103\u021bi \u0219i momente care au marcat aceast\u0103 zi Distribuie: \u00a0 | Rodica Condurache 31 iul 2026696 vizualiz\u0103ri De la prima ascensiune pe K2 \u0219i imaginile istorice transmise de sonda Ranger 7 de pe Lun\u0103 p\u00e2n\u0103 la personalit\u0103\u021bi precum Mircea Baniciu, Hora\u021biu M\u0103l\u0103iele \u0219i [&hellip;]<\/p>\n","protected":false},"author":1,"featured_media":0,"comment_status":"open","ping_status":"","sticky":false,"template":"","format":"standard","meta":{"footnotes":""},"categories":[89],"tags":[226,208],"class_list":["post-2084073","post","type-post","status-publish","format-standard","hentry","category-romania","tag-crawlmanager","tag-ziaruldevrancea-ro"],"_links":{"self":[{"href":"https:\/\/analyse.optim.biz\/index.php?rest_route=\/wp\/v2\/posts\/2084073","targetHints":{"allow":["GET"]}}],"collection":[{"href":"https:\/\/analyse.optim.biz\/index.php?rest_route=\/wp\/v2\/posts"}],"about":[{"href":"https:\/\/analyse.optim.biz\/index.php?rest_route=\/wp\/v2\/types\/post"}],"author":[{"embeddable":true,"href":"https:\/\/analyse.optim.biz\/index.php?rest_route=\/wp\/v2\/users\/1"}],"replies":[{"embeddable":true,"href":"https:\/\/analyse.optim.biz\/index.php?rest_route=%2Fwp%2Fv2%2Fcomments&post=2084073"}],"version-history":[{"count":0,"href":"https:\/\/analyse.optim.biz\/index.php?rest_route=\/wp\/v2\/posts\/2084073\/revisions"}],"wp:attachment":[{"href":"https:\/\/analyse.optim.biz\/index.php?rest_route=%2Fwp%2Fv2%2Fmedia&parent=2084073"}],"wp:term":[{"taxonomy":"category","embeddable":true,"href":"https:\/\/analyse.optim.biz\/index.php?rest_route=%2Fwp%2Fv2%2Fcategories&post=2084073"},{"taxonomy":"post_tag","embeddable":true,"href":"https:\/\/analyse.optim.biz\/index.php?rest_route=%2Fwp%2Fv2%2Ftags&post=2084073"}],"curies":[{"name":"wp","href":"https:\/\/api.w.org\/{rel}","templated":true}]}}