{"id":2084069,"date":"2026-07-30T00:00:00","date_gmt":"2026-07-29T21:00:00","guid":{"rendered":"https:\/\/analyse.optim.biz\/?p=2084069"},"modified":"2026-07-30T00:00:00","modified_gmt":"2026-07-29T21:00:00","slug":"vrancea-celebreaza-ziua-nationala-a-salvamont-romania-demonstratii-activitati-pentru-copii-si-intalnire-cu-salvatorii-montani-la-crangul-petresti","status":"publish","type":"post","link":"https:\/\/analyse.optim.biz\/?p=2084069","title":{"rendered":"Vrancea celebreaz\u0103 Ziua Na\u021bional\u0103 a Salvamont Rom\u00e2nia: demonstra\u021bii, activit\u0103\u021bi pentru copii \u0219i \u00eent\u00e2lnire cu salvatorii montani la Cr\u00e2ngul Petre\u0219ti"},"content":{"rendered":"<p>[analyse_image type=&#8221;featured&#8221; src=&#8221;https:\/\/zdvi.cname.ro\/_\/vrancea-celebreaza-ziua-nationala-a-salvamont-romania-demonstratii-activitati-pentru-copii-si-intalnire-cu-salvatorii-montani-la-crangul-petresti\/mediaPool\/u3KcG10.jpg&#8221;]<\/p>\n<div class=\"main-content detaliu-articol\"><a class=\"titlu-cat-list\" href=\"https:\/\/ziaruldevrancea.ro\/timp-liber\">Timp Liber<\/a><\/p>\n<h1> Vrancea celebreaz\u0103 Ziua Na\u021bional\u0103 a Salvamont Rom\u00e2nia: demonstra\u021bii, activit\u0103\u021bi pentru copii \u0219i \u00eent\u00e2lnire cu salvatorii montani la Cr\u00e2ngul Petre\u0219ti<\/h1>\n<div class=\"date-articol clearfix\">\n<div class=\"distribuie-articol dropdown\">\n    Distribuie: \u00a0<br \/>\n    <em>|<\/em><\/div>\n<div class=\"autor-articol\"><a href=\"https:\/\/ziaruldevrancea.ro\/autor\/camelia-marin\/\"><img decoding=\"async\" class=\"img-circle\" src=\"https:\/\/zdvi.cname.ro\/50_50\/articleAuthor\/camelia-marin\/articleAuthor\/u9DOVkc.jpg\" alt><\/a><\/p>\n<h5><a href=\"https:\/\/ziaruldevrancea.ro\/autor\/camelia-marin\/\">Camelia Marin<\/a><\/h5>\n<div class=\"grup-spatiere\"><span class=\"cu-spatiere\">30 iul 2026<\/span><span class=\"cu-spatiere\">572 vizualiz\u0103ri<\/span><\/div>\n<\/div>\n<\/div>\n<div class=\"poza-mare\"><a href class=\"openGallery\"><img decoding=\"async\" class=\"img-responsive\" src=\"https:\/\/zdvi.cname.ro\/850_530\/vrancea-celebreaza-ziua-nationala-a-salvamont-romania-demonstratii-activitati-pentru-copii-si-intalnire-cu-salvatorii-montani-la-crangul-petresti\/article\/mediaPool\/u3KcG10.jpg\" alt><\/a><\/div>\n<p><strong>Consiliul Jude\u021bean Vrancea \u0219i Centrul Cultural Vrancea invit\u0103 publicul, pe 1 august, \u00een Zona de Agrement Cr\u00e2ngul Petre\u0219ti, la un eveniment dedicat salvamonti\u0219tilor vr\u00e2nceni, cu demonstra\u021bii practice, activit\u0103\u021bi interactive \u0219i acces gratuit.<\/strong><\/p>\n<p><strong>Locuitorii jude\u021bului Vrancea sunt invita\u021bi s\u00e2mb\u0103t\u0103, 1 august 2026, \u00eencep\u00e2nd cu ora 09:00, \u00een Zona de Agrement a Cr\u00e2ngului Petre\u0219ti, unde va avea loc un eveniment dedicat Zilei Na\u021bionale a Salvamont Rom\u00e2nia. Manifestarea este organizat\u0103 de Consiliul Jude\u021bean Vrancea, prin Centrul Cultural Vrancea, \u0219i \u00ee\u0219i propune s\u0103 aduc\u0103 mai aproape de public activitatea salvatorilor montani \u0219i importan\u021ba interven\u021biilor desf\u0103\u0219urate \u00een zonele montane.<\/strong><\/p>\n<p>Evenimentul va avea loc \u00eentre orele 09:00 \u0219i 14:00, iar accesul publicului este gratuit.<\/p>\n<p>Organizatorii anun\u021b\u0103 un program variat, adresat at\u00e2t copiilor, c\u00e2t \u0219i adul\u021bilor. Vizitatorii vor avea ocazia s\u0103 descopere echipamentele moderne utilizate \u00een misiunile de salvare montan\u0103, s\u0103 urm\u0103reasc\u0103 demonstra\u021bii practice \u0219i s\u0103 afle detalii despre modul \u00een care se desf\u0103\u0219oar\u0103 interven\u021biile Salvamont \u00een situa\u021bii de urgen\u021b\u0103.<\/p>\n<p>De asemenea, participan\u021bii vor putea discuta direct cu salvamonti\u0219tii vr\u00e2nceni \u0219i vor asculta pove\u0219ti din misiuni reale, interven\u021bii \u00een care profesionalismul, preg\u0103tirea \u0219i rapiditatea au contribuit la salvarea unor vie\u021bi omene\u0219ti.<\/p>\n<p>Programul include \u0219i activit\u0103\u021bi interactive dedicate \u00eentregii familii. Copiii vor putea \u00eencerca o tirolian\u0103 special amenajat\u0103, iar iubitorii de natur\u0103 vor avea parte de experien\u021be outdoor concepute pentru a promova siguran\u021ba \u00een mediul montan \u0219i comportamentul responsabil pe traseele turistice.<\/p>\n<p>Prin aceast\u0103 ini\u021biativ\u0103, organizatorii urm\u0103resc s\u0103 \u00eencurajeze cultura preven\u021biei \u0219i respectul pentru natur\u0103, oferind participan\u021bilor informa\u021bii utile despre riscurile din zona montan\u0103 \u0219i despre m\u0103surile care pot contribui la evitarea accidentelor.<\/p>\n<p>Ziua Na\u021bional\u0103 a Salvamont Rom\u00e2nia reprezint\u0103 totodat\u0103 un moment de recunoa\u0219tere a activit\u0103\u021bii salvatorilor montani, oameni care intervin \u00een condi\u021bii dificile pentru protejarea vie\u021bii turi\u0219tilor \u0219i a celor afla\u021bi \u00een pericol. Potrivit organizatorilor, fiecare interven\u021bie este rezultatul unei preg\u0103tiri continue, al disciplinei \u0219i al spiritului de echip\u0103.<\/p>\n<p>Centrul Cultural Vrancea adreseaz\u0103 invita\u021bia \u00eentregii comunit\u0103\u021bi s\u0103 participe la acest eveniment dedicat celor care aleg s\u0103 intervin\u0103 atunci c\u00e2nd fiecare minut poate face diferen\u021ba, oferind publicului ocazia de a descoperi mai \u00eendeaproape activitatea Salvamont \u0219i rolul esen\u021bial pe care aceast\u0103 structur\u0103 \u00eel are \u00een siguran\u021ba celor care ajung \u00een zona montan\u0103.<\/p>\n<p>Intrarea este liber\u0103.<\/p>\n<p>\u00a0<\/p>\n<p><strong>Citi\u021bi \u0219i con\u021binutul integral al comunicatului de pres\u0103 f\u0103cut public ast\u0103zi, iulie 2026 de purt\u0103torul de cuv\u00e2nt al IPJ Vrancea \u00een leg\u0103tur\u0103 cu aceast\u0103 \u0219tire: <\/strong><\/p>\n<p>COMUNICAT DE PRES\u0102<\/p>\n<p>Consiliul Jude\u021bean Vrancea, prin Centrul Cultural Vrancea, organizeaz\u0103 s\u00e2mb\u0103t\u0103, 1 august 2026, ora 09.00, un eveniment dedicat Zilei Na\u021bionale a Salvamont Rom\u00e2nia \u2013 1 august.<\/p>\n<p>Invit\u0103m publicul s\u0103 participe, \u00een data de 1 august 2026, \u00eentre orele 09:00 \u0219i 14:00, \u00een Zona de Agrement a Cr\u00e2ngului Petre\u0219ti, la un eveniment dedicat celor care, prin devotament, competen\u021b\u0103 \u0219i spirit de sacrificiu, transform\u0103 fiecare misiune \u00eentr-o promisiune de a salva vie\u021bi. <\/p>\n<p>Evenimentul \u00ee\u0219i propune s\u0103 aduc\u0103 publicul mai aproape de universul Salvamont, oferind oportunitatea de a descoperi echipamentele \u0219i tehnicile moderne de interven\u021bie, precum \u0219i de a cunoa\u0219te oamenii afla\u021bi \u00een spatele unor misiuni desf\u0103\u0219urate, de cele mai multe ori, dincolo de lumina reflectoarelor. Vizitatorii vor putea dialoga cu salvamonti\u0219tii vr\u00e2nceni, vor asista la demonstra\u021bii practice \u0219i vor afla pove\u0219ti autentice din interven\u021biile care au f\u0103cut diferen\u021ba \u00eentre speran\u021b\u0103 \u0219i dezn\u0103dejde.<\/p>\n<p>Programul cuprinde activit\u0103\u021bi interactive dedicate \u00eentregii familii, printre care o tirolian\u0103 pentru copii \u0219i experien\u021be outdoor concepute pentru a \u00eembina adrenalina cu educa\u021bia privind siguran\u021ba \u00een natur\u0103. Prin aceste activit\u0103\u021bi, organizatorii urm\u0103resc s\u0103 promoveze respectul pentru mediul montan \u0219i cultura preven\u021biei, valori esen\u021biale pentru orice iubitor al muntelui.<\/p>\n<p>Mai mult dec\u00e2t o celebrare simbolic\u0103, aceast\u0103 zi reprezint\u0103 un prilej de recunoa\u0219tere a profesionalismului, curajului \u0219i altruismului celor care vegheaz\u0103 permanent la siguran\u021ba comunit\u0103\u021bii \u0219i a turi\u0219tilor. Fiecare interven\u021bie Salvamont este rezultatul unei preg\u0103tiri continue, al unei discipline exemplare \u0219i al unei solidarit\u0103\u021bi care inspir\u0103 \u00eencredere \u0219i respect.<\/p>\n<p>Centrul Cultural Vrancea invit\u0103 \u00eentreaga comunitate s\u0103 fie parte a acestui moment de apreciere \u0219i recuno\u0219tin\u021b\u0103, dedicat oamenilor care aleg s\u0103 porneasc\u0103 la drum atunci c\u00e2nd ceilal\u021bi caut\u0103 ad\u0103post, demonstr\u00e2nd c\u0103 adev\u0103ratul curaj \u00eenseamn\u0103 s\u0103 fii mereu preg\u0103tit s\u0103 \u00eei aju\u021bi pe ceilal\u021bi.<\/p>\n<p>Intrarea este liber\u0103!<\/p>\n<hr>\n<div class=\"bloc-widget widget-rosu\">\n<p>\u00cen lipsa unui acord scris din partea Ziarului de Vrancea, pute\u0163i prelua maxim 500 de caractere din acest articol dac\u0103 preciza\u0163i sursa \u015fi insera\u0163i vizibil link-ul articolului:\u00a0<span>#insertcurrentlinkhere<\/span><\/p>\n<\/div>\n<div class=\"extra-articol listing-anunturi\">\n<h6>Anun\u021buri <span class=\"text-primary\">ZdV<\/span> Premium<\/h6>\n<div class=\"row\">\n<div class=\"col-lg-4 col-md-6 bloc-egal\"><a class=\"card-anunt\" href=\"https:\/\/ziaruldevrancea.ro\/anunturi\/inchirieri\/locuinte-oferte\/primesc-in-gazda-elevi-anunt-72832\"><strong class=\"titlu\">Locuin\u021be oferte<\/strong><span class=\"text-anunt\">Primesc \u00een gazd\u0103 elevi la cas\u0103-vil\u0103,&#8230;<\/span><span class=\"data-anunt\">07.08.2026  <\/span><\/a><\/div>\n<div class=\"col-lg-4 col-md-6 bloc-egal\"><a class=\"card-anunt\" href=\"https:\/\/ziaruldevrancea.ro\/anunturi\/altele\/matrimoniale\/Imi-caut-sufletul-pereche-anunt-72833\"><strong class=\"titlu\">Matrimoniale<\/strong><span class=\"text-anunt\">Domn serios caut doamn\u0103 serioas\u0103, v\u00e2rsta&#8230;<\/span><span class=\"data-anunt\">07.08.2026  <\/span><\/a><\/div>\n<div class=\"col-lg-4 col-md-6 bloc-egal\"><a class=\"card-anunt\" href=\"https:\/\/ziaruldevrancea.ro\/anunturi\/angajari\/oferte-angajari\/angajare-anunt-72830\"><strong class=\"titlu\">Oferte<\/strong><span class=\"text-anunt\">ECOSISTEM SRL cu sediul in localitatea Jorasti,&#8230;<\/span><span class=\"data-anunt\">05.08.2026  <\/span><\/a><\/div>\n<\/div>\n<\/div>\n<div class=\"extra-articol alte-articole\">\n<div class=\"row\">\n<div class=\"col-lg-6 bloc-egal\">\n<div class=\"card articol-listing\">\n<h6>\u00cen categoria <a href=\"https:\/\/ziaruldevrancea.ro\/timp-liber\">Timp Liber<\/a><\/h6>\n<div class=\"grup-articol-listing\">\n<div class=\"cont-pils\"><a href=\"https:\/\/ziaruldevrancea.ro\/timp-liber\/eveniment-cultural-in-aer-liber-sambata-seara-la-focsani\"><img decoding=\"async\" src=\"https:\/\/zdvi.cname.ro\/180_135\/timp-liber\/eveniment-cultural-in-aer-liber-sambata-seara-la-focsani\/mediaPool\/uvyuJqJ.jpg\" class=\"img-responsive img-180\" alt><\/a><\/div>\n<h2><a class=\"link-titlu\" href=\"https:\/\/ziaruldevrancea.ro\/timp-liber\/eveniment-cultural-in-aer-liber-sambata-seara-la-focsani\">Eveniment cultural \u00een aer liber, s\u00e2mb\u0103t\u0103 sear\u0103, la Foc\u0219ani<\/a><\/h2>\n<div class=\"date-post\"><a href=\"https:\/\/ziaruldevrancea.ro\/autor\/camelia-marin\">Camelia Marin<\/a>,  8 aug 2026  <\/div>\n<\/div>\n<div class=\"grup-articol-listing\">\n<div class=\"cont-pils\"><a href=\"https:\/\/ziaruldevrancea.ro\/timp-liber\/horoscop-8-august-2026\"><img decoding=\"async\" src=\"https:\/\/zdvi.cname.ro\/180_135\/timp-liber\/horoscop-8-august-2026\/mediaPool\/uA8enxT.jpg\" class=\"img-responsive img-180\" alt><\/a><\/div>\n<h2><a class=\"link-titlu\" href=\"https:\/\/ziaruldevrancea.ro\/timp-liber\/horoscop-8-august-2026\">Horoscop 8 august 2026 <\/a><\/h2>\n<div class=\"date-post\"><a href=\"https:\/\/ziaruldevrancea.ro\/#comentarii\" class=\"pull-right\"> 4<\/a><a href=\"https:\/\/ziaruldevrancea.ro\/autor\/rodica-condurache\">Rodica Condurache<\/a>,  8 aug 2026  <\/div>\n<\/div>\n<div class=\"grup-articol-listing\">\n<div class=\"cont-pils\"><a href=\"https:\/\/ziaruldevrancea.ro\/timp-liber\/calendarul-zilei-de-8-august-edcizia-construirii-catedralei-mitropolitane-din-iasi-scoala-superioara-de-razboi-republica-de-la-ploiesti-si-personalitatile-nascute-in-aceasta-zi\"><img decoding=\"async\" src=\"https:\/\/zdvi.cname.ro\/180_135\/timp-liber\/calendarul-zilei-de-8-august-edcizia-construirii-catedralei-mitropolitane-din-iasi-scoala-superioara-de-razboi-republica-de-la-ploiesti-si-personalitatile-nascute-in-aceasta-zi\/mediaPool\/uDnSomR.png\" class=\"img-responsive img-180\" alt><\/a><\/div>\n<h2><a class=\"link-titlu\" href=\"https:\/\/ziaruldevrancea.ro\/timp-liber\/calendarul-zilei-de-8-august-edcizia-construirii-catedralei-mitropolitane-din-iasi-scoala-superioara-de-razboi-republica-de-la-ploiesti-si-personalitatile-nascute-in-aceasta-zi\">Calendarul zilei de 8 august: 200 de ani de decizia construirii Catedralei Mitropolitane din Ia\u0219i, \u0218coala Superioar\u0103 de R\u0103zboi, Rom\u00e2nia invitat\u0103 la Conferin\u021ba de Pace de la Paris, \u201eRepublica de la Ploie\u0219ti\u201d \u0219i personalit\u0103\u021bile n\u0103scute \u00een aceast\u0103 zi<\/a><\/h2>\n<div class=\"date-post\"><a href=\"https:\/\/ziaruldevrancea.ro\/autor\/rodica-condurache\">Rodica Condurache<\/a>,  8 aug 2026  <\/div>\n<\/div>\n<\/div>\n<\/div>\n<div class=\"col-lg-6 bloc-egal\">\n<div class=\"card articol-listing\">\n<h6>De acela\u0219i <a href=\"https:\/\/ziaruldevrancea.ro\/autor\/camelia-marin\/\">autor<\/a><\/h6>\n<div class=\"grup-articol-listing\">\n<div class=\"cont-pils\"><a href=\"https:\/\/ziaruldevrancea.ro\/promo\/evenimente-speciale\/andreea-racoviteanu-revine-in-fata-publicului-din-focsani.-recital-de-pian-si-voce-intr-o-cladire-istorica-din-centrul-orasului\"><img decoding=\"async\" src=\"https:\/\/zdvi.cname.ro\/180_135\/promo\/evenimente-speciale\/andreea-racoviteanu-revine-in-fata-publicului-din-focsani.-recital-de-pian-si-voce-intr-o-cladire-istorica-din-centrul-orasului\/mediaPool\/uFYS4IQ.jpg\" class=\"img-responsive img-180\" alt><\/a><\/div>\n<h2><a class=\"link-titlu\" href=\"https:\/\/ziaruldevrancea.ro\/promo\/evenimente-speciale\/andreea-racoviteanu-revine-in-fata-publicului-din-focsani.-recital-de-pian-si-voce-intr-o-cladire-istorica-din-centrul-orasului\">Andreea Racovi\u021beanu revine \u00een fa\u021ba publicului din Foc\u0219ani. Recital de pian \u0219i voce \u00eentr-o cl\u0103dire istoric\u0103 din centrul ora\u0219ului<\/a><\/h2>\n<div class=\"date-post\"><a href=\"https:\/\/ziaruldevrancea.ro\/autor\/camelia-marin\">Camelia Marin<\/a>,  7 aug 2026  <\/div>\n<\/div>\n<div class=\"grup-articol-listing\">\n<div class=\"cont-pils\"><a href=\"https:\/\/ziaruldevrancea.ro\/actualitatea\/stiri-locale\/doliu-in-comunitatea-din-racoasa-scoala-gimnaziala-academician-aurel-iancu-isi-ia-ramas-bun-de-la-colega-mirela-vladoiu\"><img decoding=\"async\" src=\"https:\/\/zdvi.cname.ro\/180_135\/actualitatea\/stiri-locale\/doliu-in-comunitatea-din-racoasa-scoala-gimnaziala-academician-aurel-iancu-isi-ia-ramas-bun-de-la-colega-mirela-vladoiu\/mediaPool\/uXYpsln.jpg\" class=\"img-responsive img-180\" alt><\/a><\/div>\n<h2><a class=\"link-titlu\" href=\"https:\/\/ziaruldevrancea.ro\/actualitatea\/stiri-locale\/doliu-in-comunitatea-din-racoasa-scoala-gimnaziala-academician-aurel-iancu-isi-ia-ramas-bun-de-la-colega-mirela-vladoiu\">Doliu \u00een comunitatea din R\u0103coasa: \u0218coala Gimnazial\u0103 \u201eAcademician Aurel Iancu\u201d \u00ee\u0219i ia r\u0103mas-bun de la colega Mirela Vl\u0103doiu<\/a><\/h2>\n<div class=\"date-post\"><a href=\"https:\/\/ziaruldevrancea.ro\/autor\/camelia-marin\">Camelia Marin<\/a>,  6 aug 2026  <\/div>\n<\/div>\n<div class=\"grup-articol-listing\">\n<div class=\"cont-pils\"><a href=\"https:\/\/ziaruldevrancea.ro\/timp-liber\/concert-extraordinar-la-crangul-petresti-orchestra-metropolitana-bucuresti-si-soprana-oana-serban-concerteaza-in-vrancea-pe-15-august\"><img decoding=\"async\" src=\"https:\/\/zdvi.cname.ro\/180_135\/timp-liber\/concert-extraordinar-la-crangul-petresti-orchestra-metropolitana-bucuresti-si-soprana-oana-serban-concerteaza-in-vrancea-pe-15-august\/mediaPool\/u6AKDJH.jpg\" class=\"img-responsive img-180\" alt><\/a><\/div>\n<h2><a class=\"link-titlu\" href=\"https:\/\/ziaruldevrancea.ro\/timp-liber\/concert-extraordinar-la-crangul-petresti-orchestra-metropolitana-bucuresti-si-soprana-oana-serban-concerteaza-in-vrancea-pe-15-august\">Concert extraordinar la Cr\u00e2ngul Petre\u0219ti: Orchestra Metropolitan\u0103 Bucure\u0219ti \u0219i soprana Oana \u0218erban concerteaz\u0103 \u00een Vrancea pe 15 august<\/a><\/h2>\n<div class=\"date-post\"><a href=\"https:\/\/ziaruldevrancea.ro\/autor\/camelia-marin\">Camelia Marin<\/a>,  6 aug 2026  <\/div>\n<\/div>\n<\/div>\n<\/div>\n<\/div>\n<\/div>\n<div class=\"extra-articol listing-anunturi\">\n<h6>Anun\u021buri <span class=\"text-primary\">ZdV<\/span> Premium<\/h6>\n<div class=\"row\">\n<div class=\"col-lg-4 col-md-6 bloc-egal\"><a class=\"card-anunt\" href=\"https:\/\/ziaruldevrancea.ro\/anunturi\/altele\/servicii\/caut-o-persoana-sau-o-familie-pentru-ingrijirea-unei-batrane\"><strong class=\"titlu\">Servicii<\/strong><span class=\"text-anunt\">Caut o persoan\u0103\u00a0sau o familie serioas\u0103&#8230;<\/span><span class=\"data-anunt\">04.08.2026  <\/span><\/a><\/div>\n<div class=\"col-lg-4 col-md-6 bloc-egal\"><a class=\"card-anunt\" href=\"https:\/\/ziaruldevrancea.ro\/anunturi\/imobiliare\/vanzari-ap-2-camere\/vand-apartament-2-camere-in-focsani-anunt-72825\"><strong class=\"titlu\">V\u00e2nz\u0103ri ap 2 camere<\/strong><span class=\"text-anunt\">V\u00e2nd apartament 2 camere, hol p\u0103trat,&#8230;<\/span><span class=\"data-anunt\">04.08.2026  <\/span><\/a><\/div>\n<div class=\"col-lg-4 col-md-6 bloc-egal\"><a class=\"card-anunt\" href=\"https:\/\/ziaruldevrancea.ro\/anunturi\/angajari\/oferte-angajari\/caut-femeie-pt-supraveghere-batrana-paralizata-focsani-fara-menaj-program-de-la-9la-17-de-luni-pana-vineri-salariu-2600\"><strong class=\"titlu\">Oferte<\/strong><span class=\"text-anunt\">Caut femeie pentru\u00a0supraveghere&#8230;<\/span><span class=\"data-anunt\">05.08.2026 , Vrancea , Foc\u0219ani<\/span><\/a><\/div>\n<\/div>\n<\/div>\n<div class=\"bloc-widget widget-albastru\">\n    Ziarul de Vrancea \u00a0nu este responsabil juridic pentru con\u0163inutul textelor din comentariile de mai jos. Responsabilitatea pentru mesajele dumneavoastra v\u0103 revine \u00een exclusivitate.\n<\/div>\n<div class=\"comentarii-articol\" id=\"comentarii\">\n<h3>Comentarii: <span class=\"text-primary\">0<\/span><\/h3>\n<p><a href=\"https:\/\/ziaruldevrancea.ro\/timp-liber\/vrancea-celebreaza-ziua-nationala-a-salvamont-romania-demonstratii-activitati-pentru-copii-si-intalnire-cu-salvatorii-montani-la-crangul-petresti\" class=\"btn btn-success btn-adauga-com\" data-toggle=\"modal\" data-parent=\"0\" data-target=\"#commentModal\">Adaug\u0103 comentariu<\/a><\/p>\n<div class=\"loadMask comments-mask\"><img decoding=\"async\" src=\"https:\/\/zdvs.cname.ro\/images\/loader_40.gif\"><\/div>\n<div class=\"comenteaza-jos\">Trebuie s\u0103 fii <a href=\"https:\/\/ziaruldevrancea.ro\/account\">autentificat<\/a> pentru a putea <a href=\"https:\/\/ziaruldevrancea.ro\/timp-liber\/vrancea-celebreaza-ziua-nationala-a-salvamont-romania-demonstratii-activitati-pentru-copii-si-intalnire-cu-salvatorii-montani-la-crangul-petresti\" class data-toggle=\"modal\" data-parent=\"0\" data-target=\"#commentModal\">posta un comentariu<\/a>.<\/div>\n<\/div>\n<div class=\"modal fade\" id=\"commentModal\" role=\"dialog\" aria-labelledby=\"commentModalLabel\">\n<div class=\"modal-dialog modal-lg\" role=\"document\">\n<div class=\"modal-content\">\n<div class=\"modal-header\">\n<h3 class=\"modal-title\" id=\"commentModalLabel\">Comenteaz\u0103<\/h3>\n<\/div>\n<div class=\"modal-body\">\n<div class=\"tabel tabel-full\">\n<div class=\"celula\">\n              Trebuie s\u0103 fii <a href=\"https:\/\/ziaruldevrancea.ro\/account\">autentificat<\/a> pentru a putea posta un comentariu.\n            <\/div>\n<\/div>\n<\/div>\n<div class=\"modal-footer\">\n<div id=\"commentPending\" class=\"formPending pull-left\"><img decoding=\"async\" src=\"https:\/\/zdvs.cname.ro\/images\/loader_40.gif\"> In curs de procesare&#8230;<\/div>\n<p><a href=\"https:\/\/ziaruldevrancea.ro\/timp-liber\/vrancea-celebreaza-ziua-nationala-a-salvamont-romania-demonstratii-activitati-pentru-copii-si-intalnire-cu-salvatorii-montani-la-crangul-petresti\" class=\"btn btn-default\" data-dismiss=\"modal\">Anuleaz\u0103<\/a><\/div>\n<\/div>\n<\/div>\n<\/div>\n<div class=\"modal fade\" id=\"commentReportModal\" role=\"dialog\" aria-labelledby=\"commentReportModalLabel\">\n<div class=\"modal-dialog modal-lg\" role=\"document\">\n<div class=\"modal-content\">\n<div class=\"modal-header\">\n<h3 class=\"modal-title\" id=\"commentReportModalLabel\">Raporteaza comentariu<\/h3>\n<\/div>\n<div class=\"modal-body\">\n<div class=\"tabel tabel-full\">\n<div class=\"celula\">\n              Trebuie s\u0103 fii <a href=\"https:\/\/ziaruldevrancea.ro\/account\">autentificat<\/a> pentru a putea raporta un comentariu.\n            <\/div>\n<\/div>\n<\/div>\n<div class=\"modal-footer\">\n<div id=\"commentReportPending\" class=\"formPending pull-left\"><img decoding=\"async\" src=\"https:\/\/zdvs.cname.ro\/images\/loader_40.gif\"> In curs de procesare&#8230;<\/div>\n<p><a href=\"https:\/\/ziaruldevrancea.ro\/timp-liber\/vrancea-celebreaza-ziua-nationala-a-salvamont-romania-demonstratii-activitati-pentru-copii-si-intalnire-cu-salvatorii-montani-la-crangul-petresti\" class=\"btn btn-default\" data-dismiss=\"modal\">Anuleaz\u0103<\/a><\/div>\n<\/div>\n<\/div>\n<\/div>\n<div class=\"modal fade\" id=\"commentLikeModal\" role=\"dialog\" aria-labelledby=\"commentLikeModalLabel\">\n<div class=\"modal-dialog modal-lg\" role=\"document\">\n<div class=\"modal-content\">\n<div class=\"modal-header\">\n<h3 class=\"modal-title\" id=\"commentReportModalLabel\">Apreciaza comentariu<\/h3>\n<\/div>\n<div class=\"modal-body\">\n<div class=\"tabel tabel-full\">\n<div class=\"celula\">\n            Trebuie s\u0103 fii <a href=\"https:\/\/ziaruldevrancea.ro\/account\">autentificat<\/a> pentru a putea aprecia un comentariu.\n          <\/div>\n<\/div>\n<\/div>\n<div class=\"modal-footer\"><a href=\"https:\/\/ziaruldevrancea.ro\/timp-liber\/vrancea-celebreaza-ziua-nationala-a-salvamont-romania-demonstratii-activitati-pentru-copii-si-intalnire-cu-salvatorii-montani-la-crangul-petresti\" class=\"btn btn-default\" data-dismiss=\"modal\">Anuleaz\u0103<\/a><\/div>\n<\/div>\n<\/div>\n<\/div>\n<div class=\"bloc-widget widget-rosu\"><span><small>Ziarul de Vrancea doreste ca acest site sa fie un spatiu al discutiilor civilizate, al comentariilor de bun simt. Din acest motiv, cei care posteaza comentarii la articole trebuie sa respecte urmatoarele reguli:<br \/>\n1. Sa se refere doar la articolul la care posteaza comentarii.<br \/>\n2. Sa foloseasca un limbaj civilizat, fara injurii, calomnii, comentarii antisemite, xenofobe sau rasiste.<br \/>\n3. Sunt interzise atacurile la adresa autorilor, daca acestea nu au legatura cu textul.<br \/>\n4. Username-ul sa nu fie nume de personalitati ale vietii publice sau parodieri ale acestora.<br \/>\nAutorul unui articol poate fi criticat pentru eventuale greseli, incoerenta, lipsa de documentare etc.<br \/>\nNerespectarea regulilor mentionate mai sus va duce la stergerea comentariilor, fara avertisment si fara explicatii.<br \/>\nAbaterile repetate vor avea drept consecinta interdictia accesului la aceasta facilitate a site-ului.<\/small><\/span><\/div>\n<\/div>\n<p>[analyse_source url=&#8221;https:\/\/ziaruldevrancea.ro\/timp-liber\/vrancea-celebreaza-ziua-nationala-a-salvamont-romania-demonstratii-activitati-pentru-copii-si-intalnire-cu-salvatorii-montani-la-crangul-petresti&#8221;]<\/p>\n","protected":false},"excerpt":{"rendered":"<p>[analyse_image type=&#8221;featured&#8221; src=&#8221;https:\/\/zdvi.cname.ro\/_\/vrancea-celebreaza-ziua-nationala-a-salvamont-romania-demonstratii-activitati-pentru-copii-si-intalnire-cu-salvatorii-montani-la-crangul-petresti\/mediaPool\/u3KcG10.jpg&#8221;] Timp Liber Vrancea celebreaz\u0103 Ziua Na\u021bional\u0103 a Salvamont Rom\u00e2nia: demonstra\u021bii, activit\u0103\u021bi pentru copii \u0219i \u00eent\u00e2lnire cu salvatorii montani la Cr\u00e2ngul Petre\u0219ti Distribuie: \u00a0 | Camelia Marin 30 iul 2026572 vizualiz\u0103ri Consiliul Jude\u021bean Vrancea \u0219i Centrul Cultural Vrancea invit\u0103 publicul, pe 1 august, \u00een Zona de Agrement Cr\u00e2ngul Petre\u0219ti, la un eveniment dedicat [&hellip;]<\/p>\n","protected":false},"author":1,"featured_media":0,"comment_status":"open","ping_status":"","sticky":false,"template":"","format":"standard","meta":{"footnotes":""},"categories":[89],"tags":[226,208],"class_list":["post-2084069","post","type-post","status-publish","format-standard","hentry","category-romania","tag-crawlmanager","tag-ziaruldevrancea-ro"],"_links":{"self":[{"href":"https:\/\/analyse.optim.biz\/index.php?rest_route=\/wp\/v2\/posts\/2084069","targetHints":{"allow":["GET"]}}],"collection":[{"href":"https:\/\/analyse.optim.biz\/index.php?rest_route=\/wp\/v2\/posts"}],"about":[{"href":"https:\/\/analyse.optim.biz\/index.php?rest_route=\/wp\/v2\/types\/post"}],"author":[{"embeddable":true,"href":"https:\/\/analyse.optim.biz\/index.php?rest_route=\/wp\/v2\/users\/1"}],"replies":[{"embeddable":true,"href":"https:\/\/analyse.optim.biz\/index.php?rest_route=%2Fwp%2Fv2%2Fcomments&post=2084069"}],"version-history":[{"count":0,"href":"https:\/\/analyse.optim.biz\/index.php?rest_route=\/wp\/v2\/posts\/2084069\/revisions"}],"wp:attachment":[{"href":"https:\/\/analyse.optim.biz\/index.php?rest_route=%2Fwp%2Fv2%2Fmedia&parent=2084069"}],"wp:term":[{"taxonomy":"category","embeddable":true,"href":"https:\/\/analyse.optim.biz\/index.php?rest_route=%2Fwp%2Fv2%2Fcategories&post=2084069"},{"taxonomy":"post_tag","embeddable":true,"href":"https:\/\/analyse.optim.biz\/index.php?rest_route=%2Fwp%2Fv2%2Ftags&post=2084069"}],"curies":[{"name":"wp","href":"https:\/\/api.w.org\/{rel}","templated":true}]}}