{"id":2084068,"date":"2026-07-30T00:00:00","date_gmt":"2026-07-29T21:00:00","guid":{"rendered":"https:\/\/analyse.optim.biz\/?p=2084068"},"modified":"2026-07-30T00:00:00","modified_gmt":"2026-07-29T21:00:00","slug":"biblioteca-de-vacanta-revine-in-vrancea-crangul-petresti-devine-in-luna-august-locul-unde-copiii-descopera-lectura-jocul-si-creativitatea","status":"publish","type":"post","link":"https:\/\/analyse.optim.biz\/?p=2084068","title":{"rendered":"Biblioteca de Vacan\u021b\u0103 revine \u00een Vrancea: Cr\u00e2ngul Petre\u0219ti devine, \u00een luna august, locul unde copiii descoper\u0103 lectura, jocul \u0219i creativitatea"},"content":{"rendered":"<p>[analyse_image type=&#8221;featured&#8221; src=&#8221;https:\/\/zdvi.cname.ro\/_\/biblioteca-de-vacanta-revine-in-vrancea-crangul-petresti-devine-in-luna-august-locul-unde-copiii-descopera-lectura-jocul-si-creativitatea\/mediaPool\/u1rpGJ2.jpeg&#8221;]<\/p>\n<div class=\"main-content detaliu-articol\"><a class=\"titlu-cat-list\" href=\"https:\/\/ziaruldevrancea.ro\/timp-liber\">Timp Liber<\/a><\/p>\n<h1>Biblioteca de Vacan\u021b\u0103 revine \u00een Vrancea: Cr\u00e2ngul Petre\u0219ti devine, \u00een luna august, locul unde copiii descoper\u0103 lectura, jocul \u0219i creativitatea<\/h1>\n<div class=\"date-articol clearfix\">\n<div class=\"distribuie-articol dropdown\">\n    Distribuie: \u00a0<br \/>\n    <em>|<\/em><\/div>\n<div class=\"autor-articol\"><a href=\"https:\/\/ziaruldevrancea.ro\/autor\/camelia-marin\/\"><img decoding=\"async\" class=\"img-circle\" src=\"https:\/\/zdvi.cname.ro\/50_50\/articleAuthor\/camelia-marin\/articleAuthor\/u9DOVkc.jpg\" alt><\/a><\/p>\n<h5><a href=\"https:\/\/ziaruldevrancea.ro\/autor\/camelia-marin\/\">Camelia Marin<\/a><\/h5>\n<div class=\"grup-spatiere\"><span class=\"cu-spatiere\">30 iul 2026<\/span><span class=\"cu-spatiere\">649 vizualiz\u0103ri<\/span><\/div>\n<\/div>\n<\/div>\n<div class=\"poza-mare\"><a href class=\"openGallery\"><img decoding=\"async\" class=\"img-responsive\" src=\"https:\/\/zdvi.cname.ro\/850_530\/biblioteca-de-vacanta-revine-in-vrancea-crangul-petresti-devine-in-luna-august-locul-unde-copiii-descopera-lectura-jocul-si-creativitatea\/article\/mediaPool\/u1rpGJ2.jpeg\" alt><\/a><\/div>\n<p><strong>Biblioteca Jude\u021bean\u0103 \u201eDuiliu Zamfirescu\u201d Vrancea organizeaz\u0103 cea de-a XVIII-a edi\u021bie a programului \u201eBiblioteca de Vacan\u021b\u0103\u201d, cu ateliere gratuite de lectur\u0103, crea\u021bie, jocuri educative \u0219i concursuri dedicate copiilor \u0219i familiilor, \u00een fiecare s\u0103pt\u0103m\u00e2n\u0103 din luna august, la Cr\u00e2ngul Petre\u0219ti.<\/strong><\/p>\n<p>Copiii din jude\u021bul Vrancea sunt invita\u021bi s\u0103 petreac\u0103 ultimele s\u0103pt\u0103m\u00e2ni ale vacan\u021bei de var\u0103 \u00eentr-un mod educativ \u0219i recreativ. Consiliul Jude\u021bean Vrancea, prin Biblioteca Jude\u021bean\u0103 \u201eDuiliu Zamfirescu\u201d Vrancea, \u00een parteneriat cu Centrul Cultural Vrancea, organizeaz\u0103 \u00een luna august cea de-a XVIII-a edi\u021bie a programului <strong>\u201eBiblioteca de Vacan\u021b\u0103\u201d<\/strong>, unul dintre cele mai longevive \u0219i apreciate proiecte dedicate lecturii \u0219i activit\u0103\u021bilor culturale pentru cei mici.<\/p>\n<p>Evenimentul se va desf\u0103\u0219ura la <strong>Centrul de Informare din Cr\u00e2ngul Petre\u0219ti<\/strong>, \u00een zilele de <strong>6-7 august, 13-14 august, 20-21 august \u0219i 27-28 august 2026<\/strong>, \u00een intervalul orar <strong>17:00-20:00<\/strong>.<\/p>\n<p>Pe parcursul celor opt seri de var\u0103, spa\u021biul verde din Cr\u00e2ngul Petre\u0219ti va deveni un loc dedicat lecturii, creativit\u0103\u021bii \u0219i \u00eent\u00e2lnirilor dintre copii, c\u0103r\u021bi \u0219i natur\u0103. Organizatorii au preg\u0103tit un program variat, adaptat diferitelor categorii de v\u00e2rst\u0103, astfel \u00eenc\u00e2t fiecare participant s\u0103 g\u0103seasc\u0103 activit\u0103\u021bi pe gustul s\u0103u.<\/p>\n<p><strong>Ateliere creative \u0219i jocuri educative pentru copiii din Vrancea<\/strong><\/p>\n<p>Programul din acest an include <strong>ateliere de lectur\u0103 \u00een aer liber<\/strong>, activit\u0103\u021bi creative, sesiuni de pictur\u0103 pe pietre \u0219i materiale textile, ateliere de bricolaj \u0219i campania <strong>\u201eC\u0103r\u021bi de luat acas\u0103\u201d<\/strong>, prin care participan\u021bii vor putea pleca acas\u0103 cu volume oferite gratuit, pentru a continua aventura lecturii \u0219i dup\u0103 \u00eencheierea evenimentelor.<\/p>\n<p>Totodat\u0103, copiii vor putea participa la jocuri \u0219i concursuri interactive, menite s\u0103 \u00eembine distrac\u021bia cu \u00eenv\u0103\u021barea.<\/p>\n<p>Printre activit\u0103\u021bile preg\u0103tite se num\u0103r\u0103:<\/p>\n<ul>\n<li>\n<p>ateliere de lectur\u0103 \u00een aer liber;<\/p>\n<\/li>\n<li>\n<p>ateliere creative \u0219i de bricolaj;<\/p>\n<\/li>\n<li>\n<p>pictur\u0103 pe pietre \u0219i pe materiale textile;<\/p>\n<\/li>\n<li>\n<p>campania <strong>\u201eC\u0103r\u021bi de luat acas\u0103\u201d<\/strong>;<\/p>\n<\/li>\n<li>\n<p><strong>\u201eCuf\u0103rul cu ghicitori\u201d<\/strong>, destinat dezvolt\u0103rii imagina\u021biei \u0219i spiritului de observa\u021bie;<\/p>\n<\/li>\n<li>\n<p><strong>\u201eEnglish Games\u201d<\/strong>, activit\u0103\u021bi educative prin joc;<\/p>\n<\/li>\n<li>\n<p>concursurile <strong>\u201eMin\u021bi iste\u021be, C\u0103r\u021bi deschise\u201d<\/strong>, \u00een care vor fi stimulate curiozitatea, cultura general\u0103 \u0219i spiritul de echip\u0103.<\/p>\n<\/li>\n<\/ul>\n<p><strong>Biblioteca Jude\u021bean\u0103 Vrancea promoveaz\u0103 lectura \u0219i timpul liber petrecut \u00een mod creativ<\/strong><\/p>\n<p>Prin organizarea acestei noi edi\u021bii a <strong>Bibliotecii de Vacan\u021b\u0103<\/strong>, Biblioteca Jude\u021bean\u0103 \u201eDuiliu Zamfirescu\u201d Vrancea \u00ee\u0219i continu\u0103 misiunea de promovare a lecturii, educa\u021biei \u0219i dezvolt\u0103rii creativit\u0103\u021bii \u00een r\u00e2ndul copiilor.<\/p>\n<p>Evenimentul urm\u0103re\u0219te s\u0103 demonstreze c\u0103 lectura poate deveni o experien\u021b\u0103 pl\u0103cut\u0103 atunci c\u00e2nd este \u00eembinat\u0103 cu jocul, natura \u0219i activit\u0103\u021bile interactive, oferind participan\u021bilor ocazia de a socializa, de a \u00eenv\u0103\u021ba \u0219i de a-\u0219i descoperi noi pasiuni.<\/p>\n<p><strong>Invita\u021bie pentru \u00eentreaga familie<\/strong><\/p>\n<p>Organizatorii \u00eei invit\u0103 pe copii, al\u0103turi de p\u0103rin\u021bi \u0219i bunici, s\u0103 participe la activit\u0103\u021bile desf\u0103\u0219urate \u00een Cr\u00e2ngul Petre\u0219ti \u0219i s\u0103 transforme serile de var\u0103 \u00een momente petrecute \u00eempreun\u0103, \u00eentr-un cadru relaxant \u0219i prietenos.<\/p>\n<p>Prin pove\u0219ti, jocuri, ateliere \u0219i activit\u0103\u021bi creative, edi\u021bia din acest an a <strong>Bibliotecii de Vacan\u021b\u0103<\/strong> \u00ee\u0219i propune s\u0103 transforme fiecare carte descoperit\u0103 \u00eentr-o nou\u0103 aventur\u0103 \u0219i fiecare \u00eent\u00e2lnire \u00eentr-o amintire frumoas\u0103 pentru \u00eentreaga familie.<\/p>\n<p><strong>Citi\u021bi \u0219i con\u021binutul integral al comunicatului de pres\u0103 f\u0103cut public ast\u0103zi, 30 iulie\u00a02026 de purt\u0103torul de cuv\u00e2nt al B.Jj Vrancea<\/strong><strong> \u00een leg\u0103tur\u0103 cu aceast\u0103 \u0219tire:\u00a0<\/strong>\u00a0\u00a0\u00a0\u00a0\u00a0\u00a0\u00a0\u00a0<\/p>\n<p>\u00a0B.P.\u00a0 Nr. 1286 \/ 30.07.2026<\/p>\n<p><em>Biblioteca de Vacan\u021b\u0103 revine la Cr\u00e2ngul Petre\u0219ti cu o nou\u0103 edi\u021bie dedicat\u0103 copiilor \u0219i familiilor<\/em><\/p>\n<p>Consiliul Jude\u021bean Vrancea, prin Biblioteca Jude\u021bean\u0103 \u201eDuiliu Zamfirescu\u201d Vrancea, \u00een parteneriat cu Centrul Cultural Vrancea, organizeaz\u0103, pe parcursul lunii august, cea de-a XVIII-a edi\u021bie a Programului \u201eBiblioteca de Vacan\u021b\u0103\u201d, unul dintre cele mai \u00eendr\u0103gite proiecte estivale dedicate copiilor.<\/p>\n<p>Activit\u0103\u021bile se vor desf\u0103\u0219ura la Centrul de Informare din Cr\u00e2ngul Petre\u0219ti, \u00een zilele de 6-7 august, 13-14 august, 20-21 august \u0219i 27-28 august 2026, \u00een intervalul orar 17:00-20:00, transform\u00e2nd acest spa\u021biu \u00eentr-un loc al lecturii, creativit\u0103\u021bii \u0219i al \u00eent\u00e2lnirilor frumoase dintre copii, c\u0103r\u021bi \u0219i natur\u0103.<\/p>\n<p>Programul preg\u0103tit pentru aceast\u0103 edi\u021bie este unul divers \u0219i atractiv, reunind ateliere de lectur\u0103 \u00een aer liber, ateliere creative, ateliere de pictur\u0103 pe pietre \u0219i pe materiale textile, activit\u0103\u021bi de bricolaj \u0219i campania \u201eC\u0103r\u021bi de luat acas\u0103\u201d, prin care participan\u021bii vor putea duce cu ei nu doar amintiri frumoase, ci \u0219i c\u0103r\u021bi care s\u0103 le \u00eenso\u021beasc\u0103 vacan\u021ba.<\/p>\n<p>Copiii vor fi invita\u021bi s\u0103 \u00ee\u0219i pun\u0103 la \u00eencercare imagina\u021bia \u0219i spiritul de observa\u021bie \u00een cadrul provoc\u0103rilor din \u201eCuf\u0103rul cu ghicitori\u201d, s\u0103 \u00eenve\u021be prin joac\u0103 \u00een atelierele \u201eEnglish Games\u201d \u0219i s\u0103 participe la concursurile interactive \u201eMin\u021bi iste\u021be, C\u0103r\u021bi deschise\u201d, unde curiozitatea, cuno\u0219tin\u021bele \u0219i munca \u00een echip\u0103 vor fi r\u0103spl\u0103tite.<\/p>\n<p>Prin acest program, Biblioteca Jude\u021bean\u0103 \u201eDuiliu Zamfirescu\u201d Vrancea \u00ee\u0219i reafirm\u0103 angajamentul de a promova lectura, educa\u021bia \u0219i petrecerea timpului liber \u00een mod creativ, oferind copiilor oportunitatea de a descoperi c\u0103 o carte poate deveni \u00eenceputul celor mai frumoase aventuri.<\/p>\n<p>Adres\u0103m invita\u021bia tuturor copiilor, al\u0103turi de p\u0103rin\u021bi \u0219i bunici, s\u0103 ni se al\u0103ture la Cr\u00e2ngul Petre\u0219ti pentru seri de var\u0103 pline de pove\u0219ti, jocuri, culoare, prietenie \u0219i voie bun\u0103.<\/p>\n<p>Haide\u021bi s\u0103 transform\u0103m \u00eempreun\u0103 fiecare pagin\u0103 citit\u0103, fiecare joc \u0219i fiecare z\u00e2mbet \u00eentr-o vacan\u021b\u0103 de neuitat! V\u0103 a\u0219tept\u0103m cu drag la Biblioteca de Vacan\u021b\u0103!<\/p>\n<p>Manager,<\/p>\n<p>Oana \u2013 Raluca Boian<\/p>\n<p>\u00a0<\/p>\n<p>\u00a0<\/p>\n<hr>\n<div class=\"bloc-widget widget-rosu\">\n<p>\u00cen lipsa unui acord scris din partea Ziarului de Vrancea, pute\u0163i prelua maxim 500 de caractere din acest articol dac\u0103 preciza\u0163i sursa \u015fi insera\u0163i vizibil link-ul articolului:\u00a0<span>#insertcurrentlinkhere<\/span><\/p>\n<\/div>\n<div class=\"extra-articol listing-anunturi\">\n<h6>Anun\u021buri <span class=\"text-primary\">ZdV<\/span> Premium<\/h6>\n<div class=\"row\">\n<div class=\"col-lg-4 col-md-6 bloc-egal\"><a class=\"card-anunt\" href=\"https:\/\/ziaruldevrancea.ro\/anunturi\/inchirieri\/locuinte-oferte\/primesc-in-gazda-elevi-anunt-72832\"><strong class=\"titlu\">Locuin\u021be oferte<\/strong><span class=\"text-anunt\">Primesc \u00een gazd\u0103 elevi la cas\u0103-vil\u0103,&#8230;<\/span><span class=\"data-anunt\">07.08.2026  <\/span><\/a><\/div>\n<div class=\"col-lg-4 col-md-6 bloc-egal\"><a class=\"card-anunt\" href=\"https:\/\/ziaruldevrancea.ro\/anunturi\/altele\/matrimoniale\/Imi-caut-sufletul-pereche-anunt-72833\"><strong class=\"titlu\">Matrimoniale<\/strong><span class=\"text-anunt\">Domn serios caut doamn\u0103 serioas\u0103, v\u00e2rsta&#8230;<\/span><span class=\"data-anunt\">07.08.2026  <\/span><\/a><\/div>\n<div class=\"col-lg-4 col-md-6 bloc-egal\"><a class=\"card-anunt\" href=\"https:\/\/ziaruldevrancea.ro\/anunturi\/angajari\/oferte-angajari\/angajare-anunt-72830\"><strong class=\"titlu\">Oferte<\/strong><span class=\"text-anunt\">ECOSISTEM SRL cu sediul in localitatea Jorasti,&#8230;<\/span><span class=\"data-anunt\">05.08.2026  <\/span><\/a><\/div>\n<\/div>\n<\/div>\n<div class=\"extra-articol alte-articole\">\n<div class=\"row\">\n<div class=\"col-lg-6 bloc-egal\">\n<div class=\"card articol-listing\">\n<h6>\u00cen categoria <a href=\"https:\/\/ziaruldevrancea.ro\/timp-liber\">Timp Liber<\/a><\/h6>\n<div class=\"grup-articol-listing\">\n<div class=\"cont-pils\"><a href=\"https:\/\/ziaruldevrancea.ro\/timp-liber\/eveniment-cultural-in-aer-liber-sambata-seara-la-focsani\"><img decoding=\"async\" src=\"https:\/\/zdvi.cname.ro\/180_135\/timp-liber\/eveniment-cultural-in-aer-liber-sambata-seara-la-focsani\/mediaPool\/uvyuJqJ.jpg\" class=\"img-responsive img-180\" alt><\/a><\/div>\n<h2><a class=\"link-titlu\" href=\"https:\/\/ziaruldevrancea.ro\/timp-liber\/eveniment-cultural-in-aer-liber-sambata-seara-la-focsani\">Eveniment cultural \u00een aer liber, s\u00e2mb\u0103t\u0103 sear\u0103, la Foc\u0219ani<\/a><\/h2>\n<div class=\"date-post\"><a href=\"https:\/\/ziaruldevrancea.ro\/autor\/camelia-marin\">Camelia Marin<\/a>,  8 aug 2026  <\/div>\n<\/div>\n<div class=\"grup-articol-listing\">\n<div class=\"cont-pils\"><a href=\"https:\/\/ziaruldevrancea.ro\/timp-liber\/horoscop-8-august-2026\"><img decoding=\"async\" src=\"https:\/\/zdvi.cname.ro\/180_135\/timp-liber\/horoscop-8-august-2026\/mediaPool\/uA8enxT.jpg\" class=\"img-responsive img-180\" alt><\/a><\/div>\n<h2><a class=\"link-titlu\" href=\"https:\/\/ziaruldevrancea.ro\/timp-liber\/horoscop-8-august-2026\">Horoscop 8 august 2026 <\/a><\/h2>\n<div class=\"date-post\"><a href=\"https:\/\/ziaruldevrancea.ro\/#comentarii\" class=\"pull-right\"> 4<\/a><a href=\"https:\/\/ziaruldevrancea.ro\/autor\/rodica-condurache\">Rodica Condurache<\/a>,  8 aug 2026  <\/div>\n<\/div>\n<div class=\"grup-articol-listing\">\n<div class=\"cont-pils\"><a href=\"https:\/\/ziaruldevrancea.ro\/timp-liber\/calendarul-zilei-de-8-august-edcizia-construirii-catedralei-mitropolitane-din-iasi-scoala-superioara-de-razboi-republica-de-la-ploiesti-si-personalitatile-nascute-in-aceasta-zi\"><img decoding=\"async\" src=\"https:\/\/zdvi.cname.ro\/180_135\/timp-liber\/calendarul-zilei-de-8-august-edcizia-construirii-catedralei-mitropolitane-din-iasi-scoala-superioara-de-razboi-republica-de-la-ploiesti-si-personalitatile-nascute-in-aceasta-zi\/mediaPool\/uDnSomR.png\" class=\"img-responsive img-180\" alt><\/a><\/div>\n<h2><a class=\"link-titlu\" href=\"https:\/\/ziaruldevrancea.ro\/timp-liber\/calendarul-zilei-de-8-august-edcizia-construirii-catedralei-mitropolitane-din-iasi-scoala-superioara-de-razboi-republica-de-la-ploiesti-si-personalitatile-nascute-in-aceasta-zi\">Calendarul zilei de 8 august: 200 de ani de decizia construirii Catedralei Mitropolitane din Ia\u0219i, \u0218coala Superioar\u0103 de R\u0103zboi, Rom\u00e2nia invitat\u0103 la Conferin\u021ba de Pace de la Paris, \u201eRepublica de la Ploie\u0219ti\u201d \u0219i personalit\u0103\u021bile n\u0103scute \u00een aceast\u0103 zi<\/a><\/h2>\n<div class=\"date-post\"><a href=\"https:\/\/ziaruldevrancea.ro\/autor\/rodica-condurache\">Rodica Condurache<\/a>,  8 aug 2026  <\/div>\n<\/div>\n<\/div>\n<\/div>\n<div class=\"col-lg-6 bloc-egal\">\n<div class=\"card articol-listing\">\n<h6>De acela\u0219i <a href=\"https:\/\/ziaruldevrancea.ro\/autor\/camelia-marin\/\">autor<\/a><\/h6>\n<div class=\"grup-articol-listing\">\n<div class=\"cont-pils\"><a href=\"https:\/\/ziaruldevrancea.ro\/promo\/evenimente-speciale\/andreea-racoviteanu-revine-in-fata-publicului-din-focsani.-recital-de-pian-si-voce-intr-o-cladire-istorica-din-centrul-orasului\"><img decoding=\"async\" src=\"https:\/\/zdvi.cname.ro\/180_135\/promo\/evenimente-speciale\/andreea-racoviteanu-revine-in-fata-publicului-din-focsani.-recital-de-pian-si-voce-intr-o-cladire-istorica-din-centrul-orasului\/mediaPool\/uFYS4IQ.jpg\" class=\"img-responsive img-180\" alt><\/a><\/div>\n<h2><a class=\"link-titlu\" href=\"https:\/\/ziaruldevrancea.ro\/promo\/evenimente-speciale\/andreea-racoviteanu-revine-in-fata-publicului-din-focsani.-recital-de-pian-si-voce-intr-o-cladire-istorica-din-centrul-orasului\">Andreea Racovi\u021beanu revine \u00een fa\u021ba publicului din Foc\u0219ani. Recital de pian \u0219i voce \u00eentr-o cl\u0103dire istoric\u0103 din centrul ora\u0219ului<\/a><\/h2>\n<div class=\"date-post\"><a href=\"https:\/\/ziaruldevrancea.ro\/autor\/camelia-marin\">Camelia Marin<\/a>,  7 aug 2026  <\/div>\n<\/div>\n<div class=\"grup-articol-listing\">\n<div class=\"cont-pils\"><a href=\"https:\/\/ziaruldevrancea.ro\/actualitatea\/stiri-locale\/doliu-in-comunitatea-din-racoasa-scoala-gimnaziala-academician-aurel-iancu-isi-ia-ramas-bun-de-la-colega-mirela-vladoiu\"><img decoding=\"async\" src=\"https:\/\/zdvi.cname.ro\/180_135\/actualitatea\/stiri-locale\/doliu-in-comunitatea-din-racoasa-scoala-gimnaziala-academician-aurel-iancu-isi-ia-ramas-bun-de-la-colega-mirela-vladoiu\/mediaPool\/uXYpsln.jpg\" class=\"img-responsive img-180\" alt><\/a><\/div>\n<h2><a class=\"link-titlu\" href=\"https:\/\/ziaruldevrancea.ro\/actualitatea\/stiri-locale\/doliu-in-comunitatea-din-racoasa-scoala-gimnaziala-academician-aurel-iancu-isi-ia-ramas-bun-de-la-colega-mirela-vladoiu\">Doliu \u00een comunitatea din R\u0103coasa: \u0218coala Gimnazial\u0103 \u201eAcademician Aurel Iancu\u201d \u00ee\u0219i ia r\u0103mas-bun de la colega Mirela Vl\u0103doiu<\/a><\/h2>\n<div class=\"date-post\"><a href=\"https:\/\/ziaruldevrancea.ro\/autor\/camelia-marin\">Camelia Marin<\/a>,  6 aug 2026  <\/div>\n<\/div>\n<div class=\"grup-articol-listing\">\n<div class=\"cont-pils\"><a href=\"https:\/\/ziaruldevrancea.ro\/timp-liber\/concert-extraordinar-la-crangul-petresti-orchestra-metropolitana-bucuresti-si-soprana-oana-serban-concerteaza-in-vrancea-pe-15-august\"><img decoding=\"async\" src=\"https:\/\/zdvi.cname.ro\/180_135\/timp-liber\/concert-extraordinar-la-crangul-petresti-orchestra-metropolitana-bucuresti-si-soprana-oana-serban-concerteaza-in-vrancea-pe-15-august\/mediaPool\/u6AKDJH.jpg\" class=\"img-responsive img-180\" alt><\/a><\/div>\n<h2><a class=\"link-titlu\" href=\"https:\/\/ziaruldevrancea.ro\/timp-liber\/concert-extraordinar-la-crangul-petresti-orchestra-metropolitana-bucuresti-si-soprana-oana-serban-concerteaza-in-vrancea-pe-15-august\">Concert extraordinar la Cr\u00e2ngul Petre\u0219ti: Orchestra Metropolitan\u0103 Bucure\u0219ti \u0219i soprana Oana \u0218erban concerteaz\u0103 \u00een Vrancea pe 15 august<\/a><\/h2>\n<div class=\"date-post\"><a href=\"https:\/\/ziaruldevrancea.ro\/autor\/camelia-marin\">Camelia Marin<\/a>,  6 aug 2026  <\/div>\n<\/div>\n<\/div>\n<\/div>\n<\/div>\n<\/div>\n<div class=\"extra-articol listing-anunturi\">\n<h6>Anun\u021buri <span class=\"text-primary\">ZdV<\/span> Premium<\/h6>\n<div class=\"row\">\n<div class=\"col-lg-4 col-md-6 bloc-egal\"><a class=\"card-anunt\" href=\"https:\/\/ziaruldevrancea.ro\/anunturi\/altele\/servicii\/caut-o-persoana-sau-o-familie-pentru-ingrijirea-unei-batrane\"><strong class=\"titlu\">Servicii<\/strong><span class=\"text-anunt\">Caut o persoan\u0103\u00a0sau o familie serioas\u0103&#8230;<\/span><span class=\"data-anunt\">04.08.2026  <\/span><\/a><\/div>\n<div class=\"col-lg-4 col-md-6 bloc-egal\"><a class=\"card-anunt\" href=\"https:\/\/ziaruldevrancea.ro\/anunturi\/imobiliare\/vanzari-ap-2-camere\/vand-apartament-2-camere-in-focsani-anunt-72825\"><strong class=\"titlu\">V\u00e2nz\u0103ri ap 2 camere<\/strong><span class=\"text-anunt\">V\u00e2nd apartament 2 camere, hol p\u0103trat,&#8230;<\/span><span class=\"data-anunt\">04.08.2026  <\/span><\/a><\/div>\n<div class=\"col-lg-4 col-md-6 bloc-egal\"><a class=\"card-anunt\" href=\"https:\/\/ziaruldevrancea.ro\/anunturi\/angajari\/oferte-angajari\/caut-femeie-pt-supraveghere-batrana-paralizata-focsani-fara-menaj-program-de-la-9la-17-de-luni-pana-vineri-salariu-2600\"><strong class=\"titlu\">Oferte<\/strong><span class=\"text-anunt\">Caut femeie pentru\u00a0supraveghere&#8230;<\/span><span class=\"data-anunt\">05.08.2026 , Vrancea , Foc\u0219ani<\/span><\/a><\/div>\n<\/div>\n<\/div>\n<div class=\"bloc-widget widget-albastru\">\n    Ziarul de Vrancea \u00a0nu este responsabil juridic pentru con\u0163inutul textelor din comentariile de mai jos. Responsabilitatea pentru mesajele dumneavoastra v\u0103 revine \u00een exclusivitate.\n<\/div>\n<div class=\"comentarii-articol\" id=\"comentarii\">\n<h3>Comentarii: <span class=\"text-primary\">0<\/span><\/h3>\n<p><a href=\"https:\/\/ziaruldevrancea.ro\/timp-liber\/biblioteca-de-vacanta-revine-in-vrancea-crangul-petresti-devine-in-luna-august-locul-unde-copiii-descopera-lectura-jocul-si-creativitatea\" class=\"btn btn-success btn-adauga-com\" data-toggle=\"modal\" data-parent=\"0\" data-target=\"#commentModal\">Adaug\u0103 comentariu<\/a><\/p>\n<div class=\"loadMask comments-mask\"><img decoding=\"async\" src=\"https:\/\/zdvs.cname.ro\/images\/loader_40.gif\"><\/div>\n<div class=\"comenteaza-jos\">Trebuie s\u0103 fii <a href=\"https:\/\/ziaruldevrancea.ro\/account\">autentificat<\/a> pentru a putea <a href=\"https:\/\/ziaruldevrancea.ro\/timp-liber\/biblioteca-de-vacanta-revine-in-vrancea-crangul-petresti-devine-in-luna-august-locul-unde-copiii-descopera-lectura-jocul-si-creativitatea\" class data-toggle=\"modal\" data-parent=\"0\" data-target=\"#commentModal\">posta un comentariu<\/a>.<\/div>\n<\/div>\n<div class=\"modal fade\" id=\"commentModal\" role=\"dialog\" aria-labelledby=\"commentModalLabel\">\n<div class=\"modal-dialog modal-lg\" role=\"document\">\n<div class=\"modal-content\">\n<div class=\"modal-header\">\n<h3 class=\"modal-title\" id=\"commentModalLabel\">Comenteaz\u0103<\/h3>\n<\/div>\n<div class=\"modal-body\">\n<div class=\"tabel tabel-full\">\n<div class=\"celula\">\n              Trebuie s\u0103 fii <a href=\"https:\/\/ziaruldevrancea.ro\/account\">autentificat<\/a> pentru a putea posta un comentariu.\n            <\/div>\n<\/div>\n<\/div>\n<div class=\"modal-footer\">\n<div id=\"commentPending\" class=\"formPending pull-left\"><img decoding=\"async\" src=\"https:\/\/zdvs.cname.ro\/images\/loader_40.gif\"> In curs de procesare&#8230;<\/div>\n<p><a href=\"https:\/\/ziaruldevrancea.ro\/timp-liber\/biblioteca-de-vacanta-revine-in-vrancea-crangul-petresti-devine-in-luna-august-locul-unde-copiii-descopera-lectura-jocul-si-creativitatea\" class=\"btn btn-default\" data-dismiss=\"modal\">Anuleaz\u0103<\/a><\/div>\n<\/div>\n<\/div>\n<\/div>\n<div class=\"modal fade\" id=\"commentReportModal\" role=\"dialog\" aria-labelledby=\"commentReportModalLabel\">\n<div class=\"modal-dialog modal-lg\" role=\"document\">\n<div class=\"modal-content\">\n<div class=\"modal-header\">\n<h3 class=\"modal-title\" id=\"commentReportModalLabel\">Raporteaza comentariu<\/h3>\n<\/div>\n<div class=\"modal-body\">\n<div class=\"tabel tabel-full\">\n<div class=\"celula\">\n              Trebuie s\u0103 fii <a href=\"https:\/\/ziaruldevrancea.ro\/account\">autentificat<\/a> pentru a putea raporta un comentariu.\n            <\/div>\n<\/div>\n<\/div>\n<div class=\"modal-footer\">\n<div id=\"commentReportPending\" class=\"formPending pull-left\"><img decoding=\"async\" src=\"https:\/\/zdvs.cname.ro\/images\/loader_40.gif\"> In curs de procesare&#8230;<\/div>\n<p><a href=\"https:\/\/ziaruldevrancea.ro\/timp-liber\/biblioteca-de-vacanta-revine-in-vrancea-crangul-petresti-devine-in-luna-august-locul-unde-copiii-descopera-lectura-jocul-si-creativitatea\" class=\"btn btn-default\" data-dismiss=\"modal\">Anuleaz\u0103<\/a><\/div>\n<\/div>\n<\/div>\n<\/div>\n<div class=\"modal fade\" id=\"commentLikeModal\" role=\"dialog\" aria-labelledby=\"commentLikeModalLabel\">\n<div class=\"modal-dialog modal-lg\" role=\"document\">\n<div class=\"modal-content\">\n<div class=\"modal-header\">\n<h3 class=\"modal-title\" id=\"commentReportModalLabel\">Apreciaza comentariu<\/h3>\n<\/div>\n<div class=\"modal-body\">\n<div class=\"tabel tabel-full\">\n<div class=\"celula\">\n            Trebuie s\u0103 fii <a href=\"https:\/\/ziaruldevrancea.ro\/account\">autentificat<\/a> pentru a putea aprecia un comentariu.\n          <\/div>\n<\/div>\n<\/div>\n<div class=\"modal-footer\"><a href=\"https:\/\/ziaruldevrancea.ro\/timp-liber\/biblioteca-de-vacanta-revine-in-vrancea-crangul-petresti-devine-in-luna-august-locul-unde-copiii-descopera-lectura-jocul-si-creativitatea\" class=\"btn btn-default\" data-dismiss=\"modal\">Anuleaz\u0103<\/a><\/div>\n<\/div>\n<\/div>\n<\/div>\n<div class=\"bloc-widget widget-rosu\"><span><small>Ziarul de Vrancea doreste ca acest site sa fie un spatiu al discutiilor civilizate, al comentariilor de bun simt. Din acest motiv, cei care posteaza comentarii la articole trebuie sa respecte urmatoarele reguli:<br \/>\n1. Sa se refere doar la articolul la care posteaza comentarii.<br \/>\n2. Sa foloseasca un limbaj civilizat, fara injurii, calomnii, comentarii antisemite, xenofobe sau rasiste.<br \/>\n3. Sunt interzise atacurile la adresa autorilor, daca acestea nu au legatura cu textul.<br \/>\n4. Username-ul sa nu fie nume de personalitati ale vietii publice sau parodieri ale acestora.<br \/>\nAutorul unui articol poate fi criticat pentru eventuale greseli, incoerenta, lipsa de documentare etc.<br \/>\nNerespectarea regulilor mentionate mai sus va duce la stergerea comentariilor, fara avertisment si fara explicatii.<br \/>\nAbaterile repetate vor avea drept consecinta interdictia accesului la aceasta facilitate a site-ului.<\/small><\/span><\/div>\n<\/div>\n<p>[analyse_source url=&#8221;https:\/\/ziaruldevrancea.ro\/timp-liber\/biblioteca-de-vacanta-revine-in-vrancea-crangul-petresti-devine-in-luna-august-locul-unde-copiii-descopera-lectura-jocul-si-creativitatea&#8221;]<\/p>\n","protected":false},"excerpt":{"rendered":"<p>[analyse_image type=&#8221;featured&#8221; src=&#8221;https:\/\/zdvi.cname.ro\/_\/biblioteca-de-vacanta-revine-in-vrancea-crangul-petresti-devine-in-luna-august-locul-unde-copiii-descopera-lectura-jocul-si-creativitatea\/mediaPool\/u1rpGJ2.jpeg&#8221;] Timp Liber Biblioteca de Vacan\u021b\u0103 revine \u00een Vrancea: Cr\u00e2ngul Petre\u0219ti devine, \u00een luna august, locul unde copiii descoper\u0103 lectura, jocul \u0219i creativitatea Distribuie: \u00a0 | Camelia Marin 30 iul 2026649 vizualiz\u0103ri Biblioteca Jude\u021bean\u0103 \u201eDuiliu Zamfirescu\u201d Vrancea organizeaz\u0103 cea de-a XVIII-a edi\u021bie a programului \u201eBiblioteca de Vacan\u021b\u0103\u201d, cu ateliere gratuite de lectur\u0103, crea\u021bie, [&hellip;]<\/p>\n","protected":false},"author":1,"featured_media":0,"comment_status":"open","ping_status":"","sticky":false,"template":"","format":"standard","meta":{"footnotes":""},"categories":[89],"tags":[226,208],"class_list":["post-2084068","post","type-post","status-publish","format-standard","hentry","category-romania","tag-crawlmanager","tag-ziaruldevrancea-ro"],"_links":{"self":[{"href":"https:\/\/analyse.optim.biz\/index.php?rest_route=\/wp\/v2\/posts\/2084068","targetHints":{"allow":["GET"]}}],"collection":[{"href":"https:\/\/analyse.optim.biz\/index.php?rest_route=\/wp\/v2\/posts"}],"about":[{"href":"https:\/\/analyse.optim.biz\/index.php?rest_route=\/wp\/v2\/types\/post"}],"author":[{"embeddable":true,"href":"https:\/\/analyse.optim.biz\/index.php?rest_route=\/wp\/v2\/users\/1"}],"replies":[{"embeddable":true,"href":"https:\/\/analyse.optim.biz\/index.php?rest_route=%2Fwp%2Fv2%2Fcomments&post=2084068"}],"version-history":[{"count":0,"href":"https:\/\/analyse.optim.biz\/index.php?rest_route=\/wp\/v2\/posts\/2084068\/revisions"}],"wp:attachment":[{"href":"https:\/\/analyse.optim.biz\/index.php?rest_route=%2Fwp%2Fv2%2Fmedia&parent=2084068"}],"wp:term":[{"taxonomy":"category","embeddable":true,"href":"https:\/\/analyse.optim.biz\/index.php?rest_route=%2Fwp%2Fv2%2Fcategories&post=2084068"},{"taxonomy":"post_tag","embeddable":true,"href":"https:\/\/analyse.optim.biz\/index.php?rest_route=%2Fwp%2Fv2%2Ftags&post=2084068"}],"curies":[{"name":"wp","href":"https:\/\/api.w.org\/{rel}","templated":true}]}}