{"id":2084067,"date":"2026-07-30T00:00:00","date_gmt":"2026-07-29T21:00:00","guid":{"rendered":"https:\/\/analyse.optim.biz\/?p=2084067"},"modified":"2026-07-30T00:00:00","modified_gmt":"2026-07-29T21:00:00","slug":"videofoto-astazi-despre-alexandru-orascu-arhitectul-care-a-elaborat-proiectul-de-sistematizare-a-bucurestilor-in-anul-1893-universitatea-din-bucuresti-mitropolia-din-iasi-hotelul-carol-din-con","status":"publish","type":"post","link":"https:\/\/analyse.optim.biz\/?p=2084067","title":{"rendered":"VIDEO+FOTO: Ast\u0103zi despre: Alexandru Or\u0103scu &#8211; arhitectul care a elaborat proiectul de sistematizare a Bucure\u0219tilor \u00een anul 1893, Universitatea din Bucure\u0219ti, Mitropolia din Ia\u0219i, Hotelul Carol din Constan\u021ba, Biserica Domni\u021ba B\u0103la\u0219a"},"content":{"rendered":"<p>[analyse_image type=&#8221;featured&#8221; src=&#8221;https:\/\/zdvi.cname.ro\/_\/astazi-despre-alexandru-orascu&#8212;arhitectul-care-a-elaborat-in-anul-1893-proiectul-de-sistematizare-a-bucurestilor&#8212;universitatea-din-bucuresti-hotelul-carol-din-constanta-biserica-domnita-balasa-si-mitropolia-din-iasi\/mediaPool\/uditgJu.jpg&#8221;]<\/p>\n<div class=\"main-content detaliu-articol\"><a class=\"titlu-cat-list\" href=\"https:\/\/ziaruldevrancea.ro\/timp-liber\">Timp Liber<\/a><\/p>\n<h1>VIDEO+FOTO: Ast\u0103zi despre: Alexandru Or\u0103scu &#8211; arhitectul care a elaborat proiectul de sistematizare a Bucure\u0219tilor \u00een anul 1893, Universitatea din Bucure\u0219ti, Mitropolia din Ia\u0219i, Hotelul Carol din Constan\u021ba, Biserica Domni\u021ba B\u0103la\u0219a <\/h1>\n<div class=\"date-articol clearfix\">\n<div class=\"distribuie-articol dropdown\">\n    Distribuie: \u00a0<br \/>\n    <em>|<\/em><\/div>\n<div class=\"autor-articol\"><a href=\"https:\/\/ziaruldevrancea.ro\/autor\/ziarul-de-vrancea\/\"><img decoding=\"async\" class=\"img-circle\" src=\"https:\/\/zdvi.cname.ro\/50_50\/articleAuthor\/ziarul-de-vrancea\/articleAuthor\/uMPfPxc.jpg\" alt><\/a><\/p>\n<h5><a href=\"https:\/\/ziaruldevrancea.ro\/autor\/ziarul-de-vrancea\/\">Ziarul de Vrancea<\/a><\/h5>\n<div class=\"grup-spatiere\"><span class=\"cu-spatiere\">30 iul 2026<\/span><span class=\"cu-spatiere\">8286 vizualiz\u0103ri<\/span><\/div>\n<\/div>\n<\/div>\n<div class=\"poza-mare\"><a href class=\"openGallery\"><img decoding=\"async\" class=\"img-responsive\" src=\"https:\/\/zdvi.cname.ro\/850_530\/astazi-despre-alexandru-orascu---arhitectul-care-a-elaborat-in-anul-1893-proiectul-de-sistematizare-a-bucurestilor---universitatea-din-bucuresti-hotelul-carol-din-constanta-biserica-domnita-balasa-si-mitropolia-din-iasi\/article\/mediaPool\/uditgJu.jpg\" alt><\/a><\/div>\n<div class=\"video-embed\"><iframe loading=\"lazy\" frameborder height=\"560\" scrolling=\"no\" src=\"https:\/\/www.youtube.com\/embed\/ADQvmoz_9Ps\" width=\"100%\"><\/iframe><\/div>\n<p>Alexandru Hristea Or\u0103scu (cunoscut mai ales ca Alexandru Or\u0103scu, n. 30 iulie 1817, Bucure\u0219ti \u2013 d. 16 decembrie 1894, Bucure\u0219ti) a fost un arhitect, urbanist \u0219i profesor universitar rom\u00e2n. \u00centre 1885 &#8211; 1889 Or\u0103scu a fost rector al Universit\u0103\u021bii Bucure\u0219ti, iar \u00eentre 1890 &#8211; 1892 pre\u0219edintele Ligii Culturale. Este autorul Planului Or\u0103scu al Bucure\u0219tilor.<\/p>\n<p>\u00a0<\/p>\n<p>Alexandru Or\u0103scu este primul arhitect rom\u00e2n cu studii superioare de specialitate, reprezent\u00e2nd o figur\u0103 legendar\u0103 a fenomenului crea\u021biei arhitecturale \u00een Rom\u00e2nia secolului XIX. N\u0103scut \u0219i crescut \u00een Bucure\u0219ti, acesta face studiile la Academia de Arhitectur\u0103 din Berlin, \u0219i apoi la cea de Arte din M\u00fcnchen.<\/p>\n<p>Alexandru Or\u0103scu a fost autorul unor edificii semnificative \u00een evolu\u021bia arhitectonic\u0103 a Bucure\u0219tilor. Cunosc\u00e2nd \u00een profunzime principiile directoare ale stilului neoclasic, el va aplica dou\u0103 formule: prin conceperea unei construc\u021bii planimetric \u0219i decorativ, cum a realizat Palatul Academiei \u0219i Hotelul din Constan\u021ba, sau aplic\u00e2nd o fa\u021bad\u0103 de factur\u0103 neoclasic\u0103, iar ca plan folosindu-l pe cel tradi\u021bional, cum este cazul Mitropoliei din Ia\u0219i \u0219i a Palatului Dacia.<\/p>\n<p>&#8220;Ceea ce d\u0103 caracterul distinctiv al Bucure\u0219tiului \u0219i Ia\u0219iului, ceea ce face ca aceste ora\u0219e s\u0103 nu semene cu ora\u0219ele noastre europene, este deosebita inegalitate a locuin\u021belor. Imagina\u021bi-v\u0103 unele dintre cele mai s\u0103rmane locuin\u021be ale noastre, \u0219i \u00een mijlocul lor locuin\u021be care amintesc de notele din Paris \u0219i Viena &#8211; palate elegante, f\u0103r\u0103 nici o locuin\u021b\u0103 intermediar\u0103, care s\u0103 serveasc\u0103 drept tranzi\u021bie&#8221;, spunea Saint Mare de Girardin \u00een 1852.(acdecultura)<\/p>\n<p>\u00a0<\/p>\n<p>\u00a0<\/p>\n<p>\u00a0<\/p>\n<p>\u00a0<\/p>\n<p>\u00a0<\/p>\n<p>\u00a0<\/p>\n<p>\u00cen anii 1840, atunci c\u00e2nd arhitectul catalan &#8211; rom\u00e2n Xavier Villacrosse a fost numit arhitect \u0219ef al ora\u0219ului, func\u021bie pe care a \u00eendeplinit-o \u00eentre 1840 \u0219i 1848, adjunctul s\u0103u a fost arhitectul Alexandru Hristea Or\u0103scu. Ulterior, a participat la Revolu\u021bia de la 1848, respectiv a avut \u0219i o carier\u0103 de politician, iar \u00een 1876 a fost ministru al Cultelor \u0219i Instruc\u021biunii publice. \u00centre anii 1891 &#8211; 1894 a fost primul pre\u0219edinte al Societ\u0103\u021bii Arhitec\u021bilor Rom\u00e2ni.<\/p>\n<p>Ca arhitect, a fost un promotor al clasicismului, dup\u0103 planurile sale fiind ridicate<img decoding=\"async\" alt src=\"https:\/\/zdvi.cname.ro\/_\/mediaPool-file\/mediaPool\/uJP51Zn.jpg\"><\/p>\n<p>Universitatea din Bucure\u0219ti (sediul vechi), Hotelul Carol din Constan\u021ba, Biserica Domni\u021ba B\u0103la\u0219a \u0219i <img decoding=\"async\" alt src=\"https:\/\/zdvi.cname.ro\/_\/mediaPool-file\/mediaPool\/u9V51Ps.JPG\">Mitropolia Nou\u0103 din Ia\u0219i. A realizat &#8220;planul Or\u0103scu&#8221; al Bucure\u0219tilor, un proiect de sistematizare a ora\u0219ului, \u00een 1893.<\/p>\n<p>O strad\u0103 din Bucure\u0219ti, aflat\u0103 \u00een cartierul Izvor, a purtat numele lui Alexandru Or\u0103scu, p\u00e2n\u0103 \u00een 1984, c\u00e2nd zona a fost demolat\u0103 abuziv pentru proiectul &#8220;Casa Poporului&#8221;.<\/p>\n<p>\u00a0<\/p>\n<p>De la Wikipedia, enciclopedia liber\u0103<\/p>\n<p>\u00a0<\/p>\n<p>Citi\u021bi \u0219i:\u00a0<a href=\"https:\/\/www.ziaruldevrancea.ro\/timp-liber\/astazi-despre-catedrala-mitropolitana-din-iasi\" target=\"_blank\">Ast\u0103zi despre Catedrala Mitropolitan\u0103 din Ia\u0219i, una dintre cele \u0219ase<\/a><\/p>\n<p> catedrale mitropolitane ortodoxe din Rom\u00e2nia. Pictat\u0103 de pictorul <\/p>\n<p>foc\u0219\u0103nean Gheorghe Tattarescu. 137 de ani de la sfin\u021bire, \u00een prezen\u021ba <\/p>\n<p>Regelui Carol I \u0219i a Reginei Elisabeta<\/p>\n<p>\u00a0<\/p>\n<p>\u00a0<\/p>\n<p>\u00a0<\/p>\n<hr>\n<div class=\"bloc-widget widget-rosu\">\n<p>\u00cen lipsa unui acord scris din partea Ziarului de Vrancea, pute\u0163i prelua maxim 500 de caractere din acest articol dac\u0103 preciza\u0163i sursa \u015fi insera\u0163i vizibil link-ul articolului:\u00a0<span>#insertcurrentlinkhere<\/span><\/p>\n<\/div>\n<div class=\"extra-articol listing-anunturi\">\n<h6>Anun\u021buri <span class=\"text-primary\">ZdV<\/span> Premium<\/h6>\n<div class=\"row\">\n<div class=\"col-lg-4 col-md-6 bloc-egal\"><a class=\"card-anunt\" href=\"https:\/\/ziaruldevrancea.ro\/anunturi\/inchirieri\/locuinte-oferte\/primesc-in-gazda-elevi-anunt-72832\"><strong class=\"titlu\">Locuin\u021be oferte<\/strong><span class=\"text-anunt\">Primesc \u00een gazd\u0103 elevi la cas\u0103-vil\u0103,&#8230;<\/span><span class=\"data-anunt\">07.08.2026  <\/span><\/a><\/div>\n<div class=\"col-lg-4 col-md-6 bloc-egal\"><a class=\"card-anunt\" href=\"https:\/\/ziaruldevrancea.ro\/anunturi\/altele\/matrimoniale\/Imi-caut-sufletul-pereche-anunt-72833\"><strong class=\"titlu\">Matrimoniale<\/strong><span class=\"text-anunt\">Domn serios caut doamn\u0103 serioas\u0103, v\u00e2rsta&#8230;<\/span><span class=\"data-anunt\">07.08.2026  <\/span><\/a><\/div>\n<div class=\"col-lg-4 col-md-6 bloc-egal\"><a class=\"card-anunt\" href=\"https:\/\/ziaruldevrancea.ro\/anunturi\/angajari\/oferte-angajari\/angajare-anunt-72830\"><strong class=\"titlu\">Oferte<\/strong><span class=\"text-anunt\">ECOSISTEM SRL cu sediul in localitatea Jorasti,&#8230;<\/span><span class=\"data-anunt\">05.08.2026  <\/span><\/a><\/div>\n<\/div>\n<\/div>\n<div class=\"extra-articol alte-articole\">\n<div class=\"row\">\n<div class=\"col-lg-6 bloc-egal\">\n<div class=\"card articol-listing\">\n<h6>\u00cen categoria <a href=\"https:\/\/ziaruldevrancea.ro\/timp-liber\">Timp Liber<\/a><\/h6>\n<div class=\"grup-articol-listing\">\n<div class=\"cont-pils\"><a href=\"https:\/\/ziaruldevrancea.ro\/timp-liber\/eveniment-cultural-in-aer-liber-sambata-seara-la-focsani\"><img decoding=\"async\" src=\"https:\/\/zdvi.cname.ro\/180_135\/timp-liber\/eveniment-cultural-in-aer-liber-sambata-seara-la-focsani\/mediaPool\/uvyuJqJ.jpg\" class=\"img-responsive img-180\" alt><\/a><\/div>\n<h2><a class=\"link-titlu\" href=\"https:\/\/ziaruldevrancea.ro\/timp-liber\/eveniment-cultural-in-aer-liber-sambata-seara-la-focsani\">Eveniment cultural \u00een aer liber, s\u00e2mb\u0103t\u0103 sear\u0103, la Foc\u0219ani<\/a><\/h2>\n<div class=\"date-post\"><a href=\"https:\/\/ziaruldevrancea.ro\/autor\/camelia-marin\">Camelia Marin<\/a>,  8 aug 2026  <\/div>\n<\/div>\n<div class=\"grup-articol-listing\">\n<div class=\"cont-pils\"><a href=\"https:\/\/ziaruldevrancea.ro\/timp-liber\/horoscop-8-august-2026\"><img decoding=\"async\" src=\"https:\/\/zdvi.cname.ro\/180_135\/timp-liber\/horoscop-8-august-2026\/mediaPool\/uA8enxT.jpg\" class=\"img-responsive img-180\" alt><\/a><\/div>\n<h2><a class=\"link-titlu\" href=\"https:\/\/ziaruldevrancea.ro\/timp-liber\/horoscop-8-august-2026\">Horoscop 8 august 2026 <\/a><\/h2>\n<div class=\"date-post\"><a href=\"https:\/\/ziaruldevrancea.ro\/#comentarii\" class=\"pull-right\"> 4<\/a><a href=\"https:\/\/ziaruldevrancea.ro\/autor\/rodica-condurache\">Rodica Condurache<\/a>,  8 aug 2026  <\/div>\n<\/div>\n<div class=\"grup-articol-listing\">\n<div class=\"cont-pils\"><a href=\"https:\/\/ziaruldevrancea.ro\/timp-liber\/calendarul-zilei-de-8-august-edcizia-construirii-catedralei-mitropolitane-din-iasi-scoala-superioara-de-razboi-republica-de-la-ploiesti-si-personalitatile-nascute-in-aceasta-zi\"><img decoding=\"async\" src=\"https:\/\/zdvi.cname.ro\/180_135\/timp-liber\/calendarul-zilei-de-8-august-edcizia-construirii-catedralei-mitropolitane-din-iasi-scoala-superioara-de-razboi-republica-de-la-ploiesti-si-personalitatile-nascute-in-aceasta-zi\/mediaPool\/uDnSomR.png\" class=\"img-responsive img-180\" alt><\/a><\/div>\n<h2><a class=\"link-titlu\" href=\"https:\/\/ziaruldevrancea.ro\/timp-liber\/calendarul-zilei-de-8-august-edcizia-construirii-catedralei-mitropolitane-din-iasi-scoala-superioara-de-razboi-republica-de-la-ploiesti-si-personalitatile-nascute-in-aceasta-zi\">Calendarul zilei de 8 august: 200 de ani de decizia construirii Catedralei Mitropolitane din Ia\u0219i, \u0218coala Superioar\u0103 de R\u0103zboi, Rom\u00e2nia invitat\u0103 la Conferin\u021ba de Pace de la Paris, \u201eRepublica de la Ploie\u0219ti\u201d \u0219i personalit\u0103\u021bile n\u0103scute \u00een aceast\u0103 zi<\/a><\/h2>\n<div class=\"date-post\"><a href=\"https:\/\/ziaruldevrancea.ro\/autor\/rodica-condurache\">Rodica Condurache<\/a>,  8 aug 2026  <\/div>\n<\/div>\n<\/div>\n<\/div>\n<div class=\"col-lg-6 bloc-egal\">\n<div class=\"card articol-listing\">\n<h6>De acela\u0219i <a href=\"https:\/\/ziaruldevrancea.ro\/autor\/ziarul-de-vrancea\/\">autor<\/a><\/h6>\n<div class=\"grup-articol-listing\">\n<div class=\"cont-pils\"><a href=\"https:\/\/ziaruldevrancea.ro\/special\/sport\/astazi-despre-prima-campioana-olimpica-din-istoria-romaniei-la-saritura-in-lungime-unde-a-stabilit-un-record-mondial-laureata-cu-medalia-de-aur-la-j.o.-mexic-1968-viorica-viscopoleanu\"><img decoding=\"async\" src=\"https:\/\/zdvi.cname.ro\/180_135\/special\/sport\/astazi-despre-prima-campioana-olimpica-din-istoria-romaniei-la-saritura-in-lungime-unde-a-stabilit-un-record-mondial-laureata-cu-medalia-de-aur-la-j.o.-mexic-1968-viorica-viscopoleanu\/mediaPool\/uHbR1sY.jpg\" class=\"img-responsive img-180\" alt><\/a><\/div>\n<h2><a class=\"link-titlu\" href=\"https:\/\/ziaruldevrancea.ro\/special\/sport\/astazi-despre-prima-campioana-olimpica-din-istoria-romaniei-la-saritura-in-lungime-unde-a-stabilit-un-record-mondial-laureata-cu-medalia-de-aur-la-j.o.-mexic-1968-viorica-viscopoleanu\">Ast\u0103zi despre: Prima campioan\u0103 olimpic\u0103 din istoria Rom\u00e2niei la s\u0103ritura \u00een lungime, unde a stabilit un record mondial, laureat\u0103 cu medalia de aur la J.O. Mexic 1968: Viorica Viscopoleanu<\/a><\/h2>\n<div class=\"date-post\"><a href=\"https:\/\/ziaruldevrancea.ro\/autor\/ziarul-de-vrancea\">Ziarul de Vrancea<\/a>,  8 aug 2026  <\/div>\n<\/div>\n<div class=\"grup-articol-listing\">\n<div class=\"cont-pils\"><a href=\"https:\/\/ziaruldevrancea.ro\/timp-liber\/astazi-despre-tatiana-stepa\"><img decoding=\"async\" src=\"https:\/\/zdvi.cname.ro\/180_135\/timp-liber\/astazi-despre-tatiana-stepa\/mediaPool\/u28q3ec.jpg\" class=\"img-responsive img-180\" alt><\/a><\/div>\n<h2><a class=\"link-titlu\" href=\"https:\/\/ziaruldevrancea.ro\/timp-liber\/astazi-despre-tatiana-stepa\">VIDEO Ast\u0103zi despre: Artista care a luat \u00een glum\u0103 toate loviturile vie\u0163ii: Tatiana Stepa. A lucrat 11 ani \u00een mina Lupeni. A r\u00e2s mereu de moarte \u015fi, \u00een final, moartea a \u00eenvins-o. Avea 46 de ani<\/a><\/h2>\n<div class=\"date-post\"><a href=\"https:\/\/ziaruldevrancea.ro\/autor\/ziarul-de-vrancea\">Ziarul de Vrancea<\/a>,  7 aug 2026  <\/div>\n<\/div>\n<div class=\"grup-articol-listing\">\n<div class=\"cont-pils\"><a href=\"https:\/\/ziaruldevrancea.ro\/timp-liber\/astazi-despre-sica-alexandrescu-regizorul-care-a-a-cladit-un-secol-de-teatru-romanesc-lansand-dramaturgi-si-formand-generatii-aurite-de-slujitori-ai-scenei.-lui-i-se-datoreaza-succesul-in-teatru-al-marelui-grigore-vasiliu-si-povestea-numelui-birlic\"><img decoding=\"async\" src=\"https:\/\/zdvi.cname.ro\/180_135\/timp-liber\/astazi-despre-sica-alexandrescu-regizorul-care-a-a-cladit-un-secol-de-teatru-romanesc-lansand-dramaturgi-si-formand-generatii-aurite-de-slujitori-ai-scenei.-lui-i-se-datoreaza-succesul-in-teatru-al-marelui-grigore-vasiliu-si-povestea-numelui-birlic\/mediaPool\/uN4nwW7.jpg\" class=\"img-responsive img-180\" alt><\/a><\/div>\n<h2><a class=\"link-titlu\" href=\"https:\/\/ziaruldevrancea.ro\/timp-liber\/astazi-despre-sica-alexandrescu-regizorul-care-a-a-cladit-un-secol-de-teatru-romanesc-lansand-dramaturgi-si-formand-generatii-aurite-de-slujitori-ai-scenei.-lui-i-se-datoreaza-succesul-in-teatru-al-marelui-grigore-vasiliu-si-povestea-numelui-birlic\">Ast\u0103zi despre: Sic\u0103 Alexandrescu, regizorul care a cl\u0103dit un secol de teatru rom\u00e2nesc, lans\u00e2nd \u0219i form\u00e2nd genera\u0163ii aurite de slujitori ai scenei. Lui i se datoreaz\u0103 succesul \u00een teatru al Elvirei Popescu, a lui Grigore Vasiliu \u015fi povestea numelui \u201eBirlic\u201d<\/a><\/h2>\n<div class=\"date-post\"><a href=\"https:\/\/ziaruldevrancea.ro\/autor\/ziarul-de-vrancea\">Ziarul de Vrancea<\/a>,  6 aug 2026  <\/div>\n<\/div>\n<\/div>\n<\/div>\n<\/div>\n<\/div>\n<div class=\"extra-articol listing-anunturi\">\n<h6>Anun\u021buri <span class=\"text-primary\">ZdV<\/span> Premium<\/h6>\n<div class=\"row\">\n<div class=\"col-lg-4 col-md-6 bloc-egal\"><a class=\"card-anunt\" href=\"https:\/\/ziaruldevrancea.ro\/anunturi\/altele\/servicii\/caut-o-persoana-sau-o-familie-pentru-ingrijirea-unei-batrane\"><strong class=\"titlu\">Servicii<\/strong><span class=\"text-anunt\">Caut o persoan\u0103\u00a0sau o familie serioas\u0103&#8230;<\/span><span class=\"data-anunt\">04.08.2026  <\/span><\/a><\/div>\n<div class=\"col-lg-4 col-md-6 bloc-egal\"><a class=\"card-anunt\" href=\"https:\/\/ziaruldevrancea.ro\/anunturi\/imobiliare\/vanzari-ap-2-camere\/vand-apartament-2-camere-in-focsani-anunt-72825\"><strong class=\"titlu\">V\u00e2nz\u0103ri ap 2 camere<\/strong><span class=\"text-anunt\">V\u00e2nd apartament 2 camere, hol p\u0103trat,&#8230;<\/span><span class=\"data-anunt\">04.08.2026  <\/span><\/a><\/div>\n<div class=\"col-lg-4 col-md-6 bloc-egal\"><a class=\"card-anunt\" href=\"https:\/\/ziaruldevrancea.ro\/anunturi\/angajari\/oferte-angajari\/caut-femeie-pt-supraveghere-batrana-paralizata-focsani-fara-menaj-program-de-la-9la-17-de-luni-pana-vineri-salariu-2600\"><strong class=\"titlu\">Oferte<\/strong><span class=\"text-anunt\">Caut femeie pentru\u00a0supraveghere&#8230;<\/span><span class=\"data-anunt\">05.08.2026 , Vrancea , Foc\u0219ani<\/span><\/a><\/div>\n<\/div>\n<\/div>\n<div class=\"bloc-widget widget-albastru\">\n    Ziarul de Vrancea \u00a0nu este responsabil juridic pentru con\u0163inutul textelor din comentariile de mai jos. Responsabilitatea pentru mesajele dumneavoastra v\u0103 revine \u00een exclusivitate.\n<\/div>\n<div class=\"comentarii-articol\" id=\"comentarii\">\n<h3>Comentarii: <span class=\"text-primary\">0<\/span><\/h3>\n<p><a href=\"https:\/\/ziaruldevrancea.ro\/timp-liber\/astazi-despre-alexandru-orascu---arhitectul-care-a-elaborat-in-anul-1893-proiectul-de-sistematizare-a-bucurestilor---universitatea-din-bucuresti-hotelul-carol-din-constanta-biserica-domnita-balasa-si-mitropolia-din-iasi\" class=\"btn btn-success btn-adauga-com\" data-toggle=\"modal\" data-parent=\"0\" data-target=\"#commentModal\">Adaug\u0103 comentariu<\/a><\/p>\n<div class=\"loadMask comments-mask\"><img decoding=\"async\" src=\"https:\/\/zdvs.cname.ro\/images\/loader_40.gif\"><\/div>\n<div class=\"comenteaza-jos\">Trebuie s\u0103 fii <a href=\"https:\/\/ziaruldevrancea.ro\/account\">autentificat<\/a> pentru a putea <a href=\"https:\/\/ziaruldevrancea.ro\/timp-liber\/astazi-despre-alexandru-orascu---arhitectul-care-a-elaborat-in-anul-1893-proiectul-de-sistematizare-a-bucurestilor---universitatea-din-bucuresti-hotelul-carol-din-constanta-biserica-domnita-balasa-si-mitropolia-din-iasi\" class data-toggle=\"modal\" data-parent=\"0\" data-target=\"#commentModal\">posta un comentariu<\/a>.<\/div>\n<\/div>\n<div class=\"modal fade\" id=\"commentModal\" role=\"dialog\" aria-labelledby=\"commentModalLabel\">\n<div class=\"modal-dialog modal-lg\" role=\"document\">\n<div class=\"modal-content\">\n<div class=\"modal-header\">\n<h3 class=\"modal-title\" id=\"commentModalLabel\">Comenteaz\u0103<\/h3>\n<\/div>\n<div class=\"modal-body\">\n<div class=\"tabel tabel-full\">\n<div class=\"celula\">\n              Trebuie s\u0103 fii <a href=\"https:\/\/ziaruldevrancea.ro\/account\">autentificat<\/a> pentru a putea posta un comentariu.\n            <\/div>\n<\/div>\n<\/div>\n<div class=\"modal-footer\">\n<div id=\"commentPending\" class=\"formPending pull-left\"><img decoding=\"async\" src=\"https:\/\/zdvs.cname.ro\/images\/loader_40.gif\"> In curs de procesare&#8230;<\/div>\n<p><a href=\"https:\/\/ziaruldevrancea.ro\/timp-liber\/astazi-despre-alexandru-orascu---arhitectul-care-a-elaborat-in-anul-1893-proiectul-de-sistematizare-a-bucurestilor---universitatea-din-bucuresti-hotelul-carol-din-constanta-biserica-domnita-balasa-si-mitropolia-din-iasi\" class=\"btn btn-default\" data-dismiss=\"modal\">Anuleaz\u0103<\/a><\/div>\n<\/div>\n<\/div>\n<\/div>\n<div class=\"modal fade\" id=\"commentReportModal\" role=\"dialog\" aria-labelledby=\"commentReportModalLabel\">\n<div class=\"modal-dialog modal-lg\" role=\"document\">\n<div class=\"modal-content\">\n<div class=\"modal-header\">\n<h3 class=\"modal-title\" id=\"commentReportModalLabel\">Raporteaza comentariu<\/h3>\n<\/div>\n<div class=\"modal-body\">\n<div class=\"tabel tabel-full\">\n<div class=\"celula\">\n              Trebuie s\u0103 fii <a href=\"https:\/\/ziaruldevrancea.ro\/account\">autentificat<\/a> pentru a putea raporta un comentariu.\n            <\/div>\n<\/div>\n<\/div>\n<div class=\"modal-footer\">\n<div id=\"commentReportPending\" class=\"formPending pull-left\"><img decoding=\"async\" src=\"https:\/\/zdvs.cname.ro\/images\/loader_40.gif\"> In curs de procesare&#8230;<\/div>\n<p><a href=\"https:\/\/ziaruldevrancea.ro\/timp-liber\/astazi-despre-alexandru-orascu---arhitectul-care-a-elaborat-in-anul-1893-proiectul-de-sistematizare-a-bucurestilor---universitatea-din-bucuresti-hotelul-carol-din-constanta-biserica-domnita-balasa-si-mitropolia-din-iasi\" class=\"btn btn-default\" data-dismiss=\"modal\">Anuleaz\u0103<\/a><\/div>\n<\/div>\n<\/div>\n<\/div>\n<div class=\"modal fade\" id=\"commentLikeModal\" role=\"dialog\" aria-labelledby=\"commentLikeModalLabel\">\n<div class=\"modal-dialog modal-lg\" role=\"document\">\n<div class=\"modal-content\">\n<div class=\"modal-header\">\n<h3 class=\"modal-title\" id=\"commentReportModalLabel\">Apreciaza comentariu<\/h3>\n<\/div>\n<div class=\"modal-body\">\n<div class=\"tabel tabel-full\">\n<div class=\"celula\">\n            Trebuie s\u0103 fii <a href=\"https:\/\/ziaruldevrancea.ro\/account\">autentificat<\/a> pentru a putea aprecia un comentariu.\n          <\/div>\n<\/div>\n<\/div>\n<div class=\"modal-footer\"><a href=\"https:\/\/ziaruldevrancea.ro\/timp-liber\/astazi-despre-alexandru-orascu---arhitectul-care-a-elaborat-in-anul-1893-proiectul-de-sistematizare-a-bucurestilor---universitatea-din-bucuresti-hotelul-carol-din-constanta-biserica-domnita-balasa-si-mitropolia-din-iasi\" class=\"btn btn-default\" data-dismiss=\"modal\">Anuleaz\u0103<\/a><\/div>\n<\/div>\n<\/div>\n<\/div>\n<div class=\"bloc-widget widget-rosu\"><span><small>Ziarul de Vrancea doreste ca acest site sa fie un spatiu al discutiilor civilizate, al comentariilor de bun simt. Din acest motiv, cei care posteaza comentarii la articole trebuie sa respecte urmatoarele reguli:<br \/>\n1. Sa se refere doar la articolul la care posteaza comentarii.<br \/>\n2. Sa foloseasca un limbaj civilizat, fara injurii, calomnii, comentarii antisemite, xenofobe sau rasiste.<br \/>\n3. Sunt interzise atacurile la adresa autorilor, daca acestea nu au legatura cu textul.<br \/>\n4. Username-ul sa nu fie nume de personalitati ale vietii publice sau parodieri ale acestora.<br \/>\nAutorul unui articol poate fi criticat pentru eventuale greseli, incoerenta, lipsa de documentare etc.<br \/>\nNerespectarea regulilor mentionate mai sus va duce la stergerea comentariilor, fara avertisment si fara explicatii.<br \/>\nAbaterile repetate vor avea drept consecinta interdictia accesului la aceasta facilitate a site-ului.<\/small><\/span><\/div>\n<\/div>\n<p>[analyse_source url=&#8221;https:\/\/ziaruldevrancea.ro\/timp-liber\/astazi-despre-alexandru-orascu&#8212;arhitectul-care-a-elaborat-in-anul-1893-proiectul-de-sistematizare-a-bucurestilor&#8212;universitatea-din-bucuresti-hotelul-carol-din-constanta-biserica-domnita-balasa-si-mitropolia-din-iasi&#8221;]<\/p>\n","protected":false},"excerpt":{"rendered":"<p>[analyse_image type=&#8221;featured&#8221; src=&#8221;https:\/\/zdvi.cname.ro\/_\/astazi-despre-alexandru-orascu&#8212;arhitectul-care-a-elaborat-in-anul-1893-proiectul-de-sistematizare-a-bucurestilor&#8212;universitatea-din-bucuresti-hotelul-carol-din-constanta-biserica-domnita-balasa-si-mitropolia-din-iasi\/mediaPool\/uditgJu.jpg&#8221;] Timp Liber VIDEO+FOTO: Ast\u0103zi despre: Alexandru Or\u0103scu &#8211; arhitectul care a elaborat proiectul de sistematizare a Bucure\u0219tilor \u00een anul 1893, Universitatea din Bucure\u0219ti, Mitropolia din Ia\u0219i, Hotelul Carol din Constan\u021ba, Biserica Domni\u021ba B\u0103la\u0219a Distribuie: \u00a0 | Ziarul de Vrancea 30 iul 20268286 vizualiz\u0103ri Alexandru Hristea Or\u0103scu (cunoscut mai ales ca Alexandru Or\u0103scu, [&hellip;]<\/p>\n","protected":false},"author":1,"featured_media":0,"comment_status":"open","ping_status":"","sticky":false,"template":"","format":"standard","meta":{"footnotes":""},"categories":[89],"tags":[226,208],"class_list":["post-2084067","post","type-post","status-publish","format-standard","hentry","category-romania","tag-crawlmanager","tag-ziaruldevrancea-ro"],"_links":{"self":[{"href":"https:\/\/analyse.optim.biz\/index.php?rest_route=\/wp\/v2\/posts\/2084067","targetHints":{"allow":["GET"]}}],"collection":[{"href":"https:\/\/analyse.optim.biz\/index.php?rest_route=\/wp\/v2\/posts"}],"about":[{"href":"https:\/\/analyse.optim.biz\/index.php?rest_route=\/wp\/v2\/types\/post"}],"author":[{"embeddable":true,"href":"https:\/\/analyse.optim.biz\/index.php?rest_route=\/wp\/v2\/users\/1"}],"replies":[{"embeddable":true,"href":"https:\/\/analyse.optim.biz\/index.php?rest_route=%2Fwp%2Fv2%2Fcomments&post=2084067"}],"version-history":[{"count":0,"href":"https:\/\/analyse.optim.biz\/index.php?rest_route=\/wp\/v2\/posts\/2084067\/revisions"}],"wp:attachment":[{"href":"https:\/\/analyse.optim.biz\/index.php?rest_route=%2Fwp%2Fv2%2Fmedia&parent=2084067"}],"wp:term":[{"taxonomy":"category","embeddable":true,"href":"https:\/\/analyse.optim.biz\/index.php?rest_route=%2Fwp%2Fv2%2Fcategories&post=2084067"},{"taxonomy":"post_tag","embeddable":true,"href":"https:\/\/analyse.optim.biz\/index.php?rest_route=%2Fwp%2Fv2%2Ftags&post=2084067"}],"curies":[{"name":"wp","href":"https:\/\/api.w.org\/{rel}","templated":true}]}}