{"id":2084066,"date":"2026-07-30T00:00:00","date_gmt":"2026-07-29T21:00:00","guid":{"rendered":"https:\/\/analyse.optim.biz\/?p=2084066"},"modified":"2026-07-30T00:00:00","modified_gmt":"2026-07-29T21:00:00","slug":"calendarul-zilei-de-30iulie-ziua-in-care-s-au-scris-pagini-importante-pentru-romania-si-lumea-intreaga-ce-personalitati-sunt-legate-de-aceasta-data","status":"publish","type":"post","link":"https:\/\/analyse.optim.biz\/?p=2084066","title":{"rendered":"Calendarul zilei de 30iulie: ziua \u00een care s-au scris pagini importante pentru Rom\u00e2nia \u0219i lumea \u00eentreag\u0103. Ce personalit\u0103\u021bi sunt legate de aceast\u0103 dat\u0103"},"content":{"rendered":"<p>[analyse_image type=&#8221;featured&#8221; src=&#8221;https:\/\/zdvi.cname.ro\/_\/calendarul-zilei-de-30iulie-30-iulie-in-istorie-ziua-in-care-s-au-scris-pagini-importante-pentru-romania-si-lumea-intreaga.-ce-personalitati-sunt-legate-de-aceasta-data\/mediaPool\/uk3eQxy.PNG&#8221;]<\/p>\n<div class=\"main-content detaliu-articol\"><a class=\"titlu-cat-list\" href=\"https:\/\/ziaruldevrancea.ro\/timp-liber\">Timp Liber<\/a><\/p>\n<h1>Calendarul zilei de 30iulie: ziua \u00een care s-au scris pagini importante pentru Rom\u00e2nia \u0219i lumea \u00eentreag\u0103. Ce personalit\u0103\u021bi sunt legate de aceast\u0103 dat\u0103<\/h1>\n<div class=\"date-articol clearfix\">\n<div class=\"distribuie-articol dropdown\">\n    Distribuie: \u00a0<br \/>\n    <em>|<\/em><\/div>\n<div class=\"autor-articol\"><a href=\"https:\/\/ziaruldevrancea.ro\/autor\/rodica-condurache\/\"><img decoding=\"async\" class=\"img-circle\" src=\"https:\/\/zdvi.cname.ro\/50_50\/articleAuthor\/rodica-condurache\/articleAuthor\/uy6Kz5r.jpg\" alt><\/a><\/p>\n<h5><a href=\"https:\/\/ziaruldevrancea.ro\/autor\/rodica-condurache\/\">Rodica Condurache<\/a><\/h5>\n<div class=\"grup-spatiere\"><span class=\"cu-spatiere\">30 iul 2026<\/span><span class=\"cu-spatiere\">656 vizualiz\u0103ri<\/span><\/div>\n<\/div>\n<\/div>\n<div class=\"poza-mare\"><a href class=\"openGallery\"><img decoding=\"async\" class=\"img-responsive\" src=\"https:\/\/zdvi.cname.ro\/850_530\/calendarul-zilei-de-30iulie-30-iulie-in-istorie-ziua-in-care-s-au-scris-pagini-importante-pentru-romania-si-lumea-intreaga.-ce-personalitati-sunt-legate-de-aceasta-data\/article\/mediaPool\/uk3eQxy.PNG\" alt><\/a><\/div>\n<p><strong>30 iulie este cea de-a 211-a zi a anului (212-a \u00een anii bisec\u021bi), iar p\u00e2n\u0103 la sf\u00e2r\u0219itul lui 2026 mai sunt 154 de zile. Data este marcat\u0103 de numeroase evenimente istorice, na\u0219teri ale unor personalit\u0103\u021bi care au influen\u021bat cultura, literatura, industria \u0219i cinematografia, dar \u0219i de dispari\u021bia unor figuri importante din istoria Rom\u00e2niei \u0219i a lumii.<\/strong><\/p>\n<p><strong>Vr\u00e2ncenii pot descoperi pe 30 iulie evenimente istorice, personalit\u0103\u021bi marcante \u0219i anivers\u0103ri care au influen\u021bat evolu\u021bia Rom\u00e2niei \u0219i a lumii, de la P\u0103storel Teodoreanu \u0219i Elena Gheorghe p\u00e2n\u0103 la momente decisive din istoria secolului XX.<\/strong><\/p>\n<p><strong>Evenimente istorice importante consemnate la 30 iulie<\/strong><\/p>\n<p>De-a lungul timpului, ziua de 30 iulie a fost martora unor momente care au schimbat cursul istoriei.<\/p>\n<p>Printre cele mai vechi se num\u0103r\u0103 <strong>fondarea ora\u0219ului Bagdad<\/strong>, \u00een anul <strong>762<\/strong>, de c\u0103tre califul Al-Mansur, ora\u0219 devenit ulterior unul dintre cele mai importante centre culturale \u0219i comerciale ale lumii islamice.<\/p>\n<p>\u00cen <strong>1619<\/strong>, \u00een colonia Virginia au fost adu\u0219i primii africani \u00eenrobi\u021bi, eveniment considerat \u00eenceputul sistemului de sclavie care avea s\u0103 marcheze profund istoria Statelor Unite.<\/p>\n<p>\u00cen plan sportiv, <strong>Uruguay<\/strong> a c\u00e2\u0219tigat \u00een <strong>1930<\/strong> primul <strong>Campionat Mondial de Fotbal<\/strong>, competi\u021bie desf\u0103\u0219urat\u0103 la Montevideo, \u00een timp ce \u00een <strong>1966<\/strong>, Anglia cucerea singurul s\u0103u titlu mondial dup\u0103 celebra final\u0103 de pe stadionul Wembley.<\/p>\n<p>Un moment important pentru sportul rom\u00e2nesc s-a produs \u00een <strong>1970<\/strong>, c\u00e2nd la <strong>Arad<\/strong> s-a disputat primul meci interna\u021bional de fotbal feminin organizat \u00een Rom\u00e2nia.<\/p>\n<p>\u00cen domeniul explor\u0103rii spa\u021biale, <strong>Apollo 15<\/strong> a realizat \u00een <strong>1971<\/strong> una dintre cele mai spectaculoase misiuni lunare, fiind prima \u00een care astronau\u021bii au utilizat roverul lunar.<\/p>\n<p>Tot pe 30 iulie, \u00een <strong>1975<\/strong>, \u00eencepea Conferin\u021ba pentru Securitate \u0219i Cooperare \u00een Europa de la Helsinki, iar \u00een <strong>2020<\/strong> era lansat\u0103 cu succes misiunea <strong>Mars 2020<\/strong>, care avea s\u0103 transporte roverul Perseverance pe planeta Marte.<\/p>\n<p>Unul dintre cele mai dramatice momente ale celui de-Al Doilea R\u0103zboi Mondial este legat de aceast\u0103 dat\u0103. \u00cen <strong>1945<\/strong>, submarinul japonez <strong>I-58<\/strong> a scufundat cruci\u0219\u0103torul american <strong>USS Indianapolis<\/strong>, tragedie soldat\u0103 cu moartea a sute de marinari \u0219i r\u0103mas\u0103 una dintre cele mai mari catastrofe navale din istoria Statelor Unite.<\/p>\n<p><strong>Personalit\u0103\u021bi n\u0103scute pe 30 iulie<\/strong><\/p>\n<p>Data de 30 iulie este asociat\u0103 cu na\u0219terea unor personalit\u0103\u021bi care \u0219i-au pus amprenta asupra culturii, industriei, sportului \u0219i cinematografiei.<\/p>\n<p>\u00cen Rom\u00e2nia se remarc\u0103:<\/p>\n<ul>\n<li>\n<p><strong>Alexandru Or\u0103scu<\/strong> (1817), arhitect, inginer \u0219i matematician;<\/p>\n<\/li>\n<li>\n<p><strong>P\u0103storel Teodoreanu<\/strong> (1894), unul dintre cei mai aprecia\u021bi epigrami\u0219ti \u0219i publici\u0219ti rom\u00e2ni;<\/p>\n<\/li>\n<li>\n<p><strong>Ana Pop-Corondan<\/strong> (1922), interpret\u0103 de muzic\u0103 popular\u0103;<\/p>\n<\/li>\n<li>\n<p><strong>Ilie Ila\u0219cu<\/strong> (1952), fost de\u021binut politic \u0219i personalitate marcant\u0103 a Basarabiei;<\/p>\n<\/li>\n<li>\n<p><strong>Elena Gheorghe<\/strong> (1985), una dintre cele mai cunoscute artiste din muzica rom\u00e2neasc\u0103.<\/p>\n<\/li>\n<\/ul>\n<p>Pe plan interna\u021bional, aceea\u0219i zi marcheaz\u0103 aniversarea unor nume celebre:<\/p>\n<ul>\n<li>\n<p><strong>Emily Bront\u00eb<\/strong>, autoarea romanului <em>La r\u0103scruce de v\u00e2nturi<\/em>;<\/p>\n<\/li>\n<li>\n<p><strong>Henry Ford<\/strong>, pionierul industriei auto moderne;<\/p>\n<\/li>\n<li>\n<p><strong>Arnold Schwarzenegger<\/strong>, actor \u0219i fost guvernator al Californiei;<\/p>\n<\/li>\n<li>\n<p><strong>Jean Reno<\/strong>, actor francez;<\/p>\n<\/li>\n<li>\n<p><strong>Patrick Modiano<\/strong>, laureat al Premiului Nobel pentru Literatur\u0103;<\/p>\n<\/li>\n<li>\n<p><strong>Christopher Nolan<\/strong>, unul dintre cei mai aprecia\u021bi regizori contemporani;<\/p>\n<\/li>\n<li>\n<p><strong>Hilary Swank<\/strong>, actri\u021b\u0103 premiat\u0103 cu dou\u0103 Oscaruri;<\/p>\n<\/li>\n<li>\n<p><strong>Kate Bush<\/strong>, c\u00e2nt\u0103rea\u021b\u0103 \u0219i compozitoare britanic\u0103.<\/p>\n<\/li>\n<\/ul>\n<p><strong>Personalit\u0103\u021bi comemorate la 30 iulie<\/strong><\/p>\n<p>Ziua de 30 iulie aminte\u0219te \u0219i de dispari\u021bia unor figuri importante ale istoriei.<\/p>\n<p>Printre acestea se num\u0103r\u0103:<\/p>\n<ul>\n<li>\n<p><strong>Otto von Bismarck<\/strong> (1898), artizanul unific\u0103rii Germaniei;<\/p>\n<\/li>\n<li>\n<p><strong>Alfred, Duce de Saxa-Coburg \u0219i Gotha<\/strong> (1900), tat\u0103l Reginei Maria a Rom\u00e2niei;<\/p>\n<\/li>\n<li>\n<p><strong>Ion Borcea<\/strong> (1936), reputat zoolog rom\u00e2n;<\/p>\n<\/li>\n<li>\n<p><strong>Teoctist<\/strong>, Patriarhul Bisericii Ortodoxe Rom\u00e2ne (2007);<\/p>\n<\/li>\n<li>\n<p><strong>Ingmar Bergman<\/strong> \u0219i <strong>Michelangelo Antonioni<\/strong>, doi dintre cei mai influen\u021bi regizori ai cinematografiei mondiale, disp\u0103ru\u021bi \u00een aceea\u0219i zi, \u00een 2007;<\/p>\n<\/li>\n<li>\n<p><strong>Florina Cercel<\/strong> (2019), actri\u021b\u0103 de referin\u021b\u0103 a teatrului \u0219i filmului rom\u00e2nesc;<\/p>\n<\/li>\n<li>\n<p><strong>Marina Scupra<\/strong> (2021), una dintre vocile apreciate ale muzicii u\u0219oare rom\u00e2ne\u0219ti.<\/p>\n<\/li>\n<\/ul>\n<p><strong>O zi care \u00eembin\u0103 istoria, cultura \u0219i memoria<\/strong><\/p>\n<p>Calendarul zilei de <strong>30 iulie<\/strong> reune\u0219te evenimente care au schimbat lumea, premiere sportive \u0219i \u0219tiin\u021bifice, dar \u0219i anivers\u0103rile unor personalit\u0103\u021bi care au influen\u021bat literatura, arta, muzica, cinematografia \u0219i industria.<\/p>\n<p>Pentru cititorii <strong>Ziarului de Vrancea<\/strong>, aceast\u0103 rubric\u0103 ofer\u0103, zi de zi, repere istorice \u0219i culturale care completeaz\u0103 imaginea unei date din calendar \u0219i readuc \u00een aten\u021bie momente ce merit\u0103 cunoscute \u0219i p\u0103strate \u00een memoria colectiv\u0103.<\/p>\n<hr>\n<div class=\"bloc-widget widget-rosu\">\n<p>\u00cen lipsa unui acord scris din partea Ziarului de Vrancea, pute\u0163i prelua maxim 500 de caractere din acest articol dac\u0103 preciza\u0163i sursa \u015fi insera\u0163i vizibil link-ul articolului:\u00a0<span>#insertcurrentlinkhere<\/span><\/p>\n<\/div>\n<div class=\"extra-articol listing-anunturi\">\n<h6>Anun\u021buri <span class=\"text-primary\">ZdV<\/span> Premium<\/h6>\n<div class=\"row\">\n<div class=\"col-lg-4 col-md-6 bloc-egal\"><a class=\"card-anunt\" href=\"https:\/\/ziaruldevrancea.ro\/anunturi\/inchirieri\/locuinte-oferte\/primesc-in-gazda-elevi-anunt-72832\"><strong class=\"titlu\">Locuin\u021be oferte<\/strong><span class=\"text-anunt\">Primesc \u00een gazd\u0103 elevi la cas\u0103-vil\u0103,&#8230;<\/span><span class=\"data-anunt\">07.08.2026  <\/span><\/a><\/div>\n<div class=\"col-lg-4 col-md-6 bloc-egal\"><a class=\"card-anunt\" href=\"https:\/\/ziaruldevrancea.ro\/anunturi\/altele\/matrimoniale\/Imi-caut-sufletul-pereche-anunt-72833\"><strong class=\"titlu\">Matrimoniale<\/strong><span class=\"text-anunt\">Domn serios caut doamn\u0103 serioas\u0103, v\u00e2rsta&#8230;<\/span><span class=\"data-anunt\">07.08.2026  <\/span><\/a><\/div>\n<div class=\"col-lg-4 col-md-6 bloc-egal\"><a class=\"card-anunt\" href=\"https:\/\/ziaruldevrancea.ro\/anunturi\/angajari\/oferte-angajari\/angajare-anunt-72830\"><strong class=\"titlu\">Oferte<\/strong><span class=\"text-anunt\">ECOSISTEM SRL cu sediul in localitatea Jorasti,&#8230;<\/span><span class=\"data-anunt\">05.08.2026  <\/span><\/a><\/div>\n<\/div>\n<\/div>\n<div class=\"extra-articol alte-articole\">\n<div class=\"row\">\n<div class=\"col-lg-6 bloc-egal\">\n<div class=\"card articol-listing\">\n<h6>\u00cen categoria <a href=\"https:\/\/ziaruldevrancea.ro\/timp-liber\">Timp Liber<\/a><\/h6>\n<div class=\"grup-articol-listing\">\n<div class=\"cont-pils\"><a href=\"https:\/\/ziaruldevrancea.ro\/timp-liber\/eveniment-cultural-in-aer-liber-sambata-seara-la-focsani\"><img decoding=\"async\" src=\"https:\/\/zdvi.cname.ro\/180_135\/timp-liber\/eveniment-cultural-in-aer-liber-sambata-seara-la-focsani\/mediaPool\/uvyuJqJ.jpg\" class=\"img-responsive img-180\" alt><\/a><\/div>\n<h2><a class=\"link-titlu\" href=\"https:\/\/ziaruldevrancea.ro\/timp-liber\/eveniment-cultural-in-aer-liber-sambata-seara-la-focsani\">Eveniment cultural \u00een aer liber, s\u00e2mb\u0103t\u0103 sear\u0103, la Foc\u0219ani<\/a><\/h2>\n<div class=\"date-post\"><a href=\"https:\/\/ziaruldevrancea.ro\/autor\/camelia-marin\">Camelia Marin<\/a>,  8 aug 2026  <\/div>\n<\/div>\n<div class=\"grup-articol-listing\">\n<div class=\"cont-pils\"><a href=\"https:\/\/ziaruldevrancea.ro\/timp-liber\/horoscop-8-august-2026\"><img decoding=\"async\" src=\"https:\/\/zdvi.cname.ro\/180_135\/timp-liber\/horoscop-8-august-2026\/mediaPool\/uA8enxT.jpg\" class=\"img-responsive img-180\" alt><\/a><\/div>\n<h2><a class=\"link-titlu\" href=\"https:\/\/ziaruldevrancea.ro\/timp-liber\/horoscop-8-august-2026\">Horoscop 8 august 2026 <\/a><\/h2>\n<div class=\"date-post\"><a href=\"https:\/\/ziaruldevrancea.ro\/#comentarii\" class=\"pull-right\"> 4<\/a><a href=\"https:\/\/ziaruldevrancea.ro\/autor\/rodica-condurache\">Rodica Condurache<\/a>,  8 aug 2026  <\/div>\n<\/div>\n<div class=\"grup-articol-listing\">\n<div class=\"cont-pils\"><a href=\"https:\/\/ziaruldevrancea.ro\/timp-liber\/calendarul-zilei-de-8-august-edcizia-construirii-catedralei-mitropolitane-din-iasi-scoala-superioara-de-razboi-republica-de-la-ploiesti-si-personalitatile-nascute-in-aceasta-zi\"><img decoding=\"async\" src=\"https:\/\/zdvi.cname.ro\/180_135\/timp-liber\/calendarul-zilei-de-8-august-edcizia-construirii-catedralei-mitropolitane-din-iasi-scoala-superioara-de-razboi-republica-de-la-ploiesti-si-personalitatile-nascute-in-aceasta-zi\/mediaPool\/uDnSomR.png\" class=\"img-responsive img-180\" alt><\/a><\/div>\n<h2><a class=\"link-titlu\" href=\"https:\/\/ziaruldevrancea.ro\/timp-liber\/calendarul-zilei-de-8-august-edcizia-construirii-catedralei-mitropolitane-din-iasi-scoala-superioara-de-razboi-republica-de-la-ploiesti-si-personalitatile-nascute-in-aceasta-zi\">Calendarul zilei de 8 august: 200 de ani de decizia construirii Catedralei Mitropolitane din Ia\u0219i, \u0218coala Superioar\u0103 de R\u0103zboi, Rom\u00e2nia invitat\u0103 la Conferin\u021ba de Pace de la Paris, \u201eRepublica de la Ploie\u0219ti\u201d \u0219i personalit\u0103\u021bile n\u0103scute \u00een aceast\u0103 zi<\/a><\/h2>\n<div class=\"date-post\"><a href=\"https:\/\/ziaruldevrancea.ro\/autor\/rodica-condurache\">Rodica Condurache<\/a>,  8 aug 2026  <\/div>\n<\/div>\n<\/div>\n<\/div>\n<div class=\"col-lg-6 bloc-egal\">\n<div class=\"card articol-listing\">\n<h6>De acela\u0219i <a href=\"https:\/\/ziaruldevrancea.ro\/autor\/rodica-condurache\/\">autor<\/a><\/h6>\n<div class=\"grup-articol-listing\">\n<div class=\"cont-pils\"><a href=\"https:\/\/ziaruldevrancea.ro\/actualitatea\/stiri-locale\/prima-pagina-a-editiei-tiparite-a-ziarului-de-vrancea-de-astazi-7-august-2026\"><img decoding=\"async\" src=\"https:\/\/zdvi.cname.ro\/180_135\/actualitatea\/stiri-locale\/prima-pagina-a-editiei-tiparite-a-ziarului-de-vrancea-de-astazi-7-august-2026\/mediaPool\/uXvVkzo.jpg\" class=\"img-responsive img-180\" alt><\/a><\/div>\n<h2><a class=\"link-titlu\" href=\"https:\/\/ziaruldevrancea.ro\/actualitatea\/stiri-locale\/prima-pagina-a-editiei-tiparite-a-ziarului-de-vrancea-de-astazi-7-august-2026\">Prima pagin\u0103 a edi\u021biei tip\u0103rite a Ziarului de Vrancea de ast\u0103zi, 7 august 2026: Autostrada A7, tragedia din C\u00e2mpuri, performan\u021be vr\u00e2ncene \u00een Italia \u0219i comemorarea eroilor de la M\u0103r\u0103\u0219e\u0219ti<\/a><\/h2>\n<div class=\"date-post\"><a href=\"https:\/\/ziaruldevrancea.ro\/autor\/rodica-condurache\">Rodica Condurache<\/a>,  7 aug 2026  <\/div>\n<\/div>\n<div class=\"grup-articol-listing\">\n<div class=\"cont-pils\"><a href=\"https:\/\/ziaruldevrancea.ro\/timp-liber\/calendarul-zilei-de-7-august-repere-din-istorie-si-personalitati-care-au-marcat-aceasta-data.-ce-s-a-intamplat-de-a-lungul-timpului-si-de-ce-conteaza-pentru-cititorii-din-vrancea\"><img decoding=\"async\" src=\"https:\/\/zdvi.cname.ro\/180_135\/timp-liber\/calendarul-zilei-de-7-august-repere-din-istorie-si-personalitati-care-au-marcat-aceasta-data.-ce-s-a-intamplat-de-a-lungul-timpului-si-de-ce-conteaza-pentru-cititorii-din-vrancea\/mediaPool\/ubfSoBo.PNG\" class=\"img-responsive img-180\" alt><\/a><\/div>\n<h2><a class=\"link-titlu\" href=\"https:\/\/ziaruldevrancea.ro\/timp-liber\/calendarul-zilei-de-7-august-repere-din-istorie-si-personalitati-care-au-marcat-aceasta-data.-ce-s-a-intamplat-de-a-lungul-timpului-si-de-ce-conteaza-pentru-cititorii-din-vrancea\">Calendarul zilei de 7 august: Momente care au influen\u021bat evolu\u021bia Rom\u00e2niei, personalit\u0103\u021bi care au l\u0103sat \u00een urm\u0103 opere, descoperiri sau exemple de via\u021b\u0103. O invita\u021bie la redescoperirea trecutului \u0219i la \u00een\u021belegerea contextului \u00een care s-a construit prezentul<\/a><\/h2>\n<div class=\"date-post\"><a href=\"https:\/\/ziaruldevrancea.ro\/autor\/rodica-condurache\">Rodica Condurache<\/a>,  7 aug 2026  <\/div>\n<\/div>\n<div class=\"grup-articol-listing\">\n<div class=\"cont-pils\"><a href=\"https:\/\/ziaruldevrancea.ro\/actualitatea\/stiri-locale\/prima-pagina-a-editiei-tiparite-a-ziarului-de-vrancea-de-astazi-6-august-2026-tragedia-de-pe-siret-investitii-in-sanatate-istorie-si-proiecte-pentru-judet\"><img decoding=\"async\" src=\"https:\/\/zdvi.cname.ro\/180_135\/actualitatea\/stiri-locale\/prima-pagina-a-editiei-tiparite-a-ziarului-de-vrancea-de-astazi-6-august-2026-tragedia-de-pe-siret-investitii-in-sanatate-istorie-si-proiecte-pentru-judet\/mediaPool\/uBAQGKM.jpg\" class=\"img-responsive img-180\" alt><\/a><\/div>\n<h2><a class=\"link-titlu\" href=\"https:\/\/ziaruldevrancea.ro\/actualitatea\/stiri-locale\/prima-pagina-a-editiei-tiparite-a-ziarului-de-vrancea-de-astazi-6-august-2026-tragedia-de-pe-siret-investitii-in-sanatate-istorie-si-proiecte-pentru-judet\">Prima pagin\u0103 a edi\u021biei tip\u0103rite a Ziarului de Vrancea de ast\u0103zi, 6 august 2026: Canicul\u0103, comemorarea eroilor de la M\u0103r\u0103\u0219e\u0219ti, investi\u021bii verzi \u0219i dosarul Cernob\u00eelului, \u00een centrul actualit\u0103\u021bii <\/a><\/h2>\n<div class=\"date-post\"><a href=\"https:\/\/ziaruldevrancea.ro\/autor\/rodica-condurache\">Rodica Condurache<\/a>,  6 aug 2026  <\/div>\n<\/div>\n<\/div>\n<\/div>\n<\/div>\n<\/div>\n<div class=\"extra-articol listing-anunturi\">\n<h6>Anun\u021buri <span class=\"text-primary\">ZdV<\/span> Premium<\/h6>\n<div class=\"row\">\n<div class=\"col-lg-4 col-md-6 bloc-egal\"><a class=\"card-anunt\" href=\"https:\/\/ziaruldevrancea.ro\/anunturi\/altele\/servicii\/caut-o-persoana-sau-o-familie-pentru-ingrijirea-unei-batrane\"><strong class=\"titlu\">Servicii<\/strong><span class=\"text-anunt\">Caut o persoan\u0103\u00a0sau o familie serioas\u0103&#8230;<\/span><span class=\"data-anunt\">04.08.2026  <\/span><\/a><\/div>\n<div class=\"col-lg-4 col-md-6 bloc-egal\"><a class=\"card-anunt\" href=\"https:\/\/ziaruldevrancea.ro\/anunturi\/imobiliare\/vanzari-ap-2-camere\/vand-apartament-2-camere-in-focsani-anunt-72825\"><strong class=\"titlu\">V\u00e2nz\u0103ri ap 2 camere<\/strong><span class=\"text-anunt\">V\u00e2nd apartament 2 camere, hol p\u0103trat,&#8230;<\/span><span class=\"data-anunt\">04.08.2026  <\/span><\/a><\/div>\n<div class=\"col-lg-4 col-md-6 bloc-egal\"><a class=\"card-anunt\" href=\"https:\/\/ziaruldevrancea.ro\/anunturi\/angajari\/oferte-angajari\/caut-femeie-pt-supraveghere-batrana-paralizata-focsani-fara-menaj-program-de-la-9la-17-de-luni-pana-vineri-salariu-2600\"><strong class=\"titlu\">Oferte<\/strong><span class=\"text-anunt\">Caut femeie pentru\u00a0supraveghere&#8230;<\/span><span class=\"data-anunt\">05.08.2026 , Vrancea , Foc\u0219ani<\/span><\/a><\/div>\n<\/div>\n<\/div>\n<div class=\"bloc-widget widget-albastru\">\n    Ziarul de Vrancea \u00a0nu este responsabil juridic pentru con\u0163inutul textelor din comentariile de mai jos. Responsabilitatea pentru mesajele dumneavoastra v\u0103 revine \u00een exclusivitate.\n<\/div>\n<div class=\"comentarii-articol\" id=\"comentarii\">\n<h3>Comentarii: <span class=\"text-primary\">0<\/span><\/h3>\n<p><a href=\"https:\/\/ziaruldevrancea.ro\/timp-liber\/calendarul-zilei-de-30iulie-30-iulie-in-istorie-ziua-in-care-s-au-scris-pagini-importante-pentru-romania-si-lumea-intreaga.-ce-personalitati-sunt-legate-de-aceasta-data\" class=\"btn btn-success btn-adauga-com\" data-toggle=\"modal\" data-parent=\"0\" data-target=\"#commentModal\">Adaug\u0103 comentariu<\/a><\/p>\n<div class=\"loadMask comments-mask\"><img decoding=\"async\" src=\"https:\/\/zdvs.cname.ro\/images\/loader_40.gif\"><\/div>\n<div class=\"comenteaza-jos\">Trebuie s\u0103 fii <a href=\"https:\/\/ziaruldevrancea.ro\/account\">autentificat<\/a> pentru a putea <a href=\"https:\/\/ziaruldevrancea.ro\/timp-liber\/calendarul-zilei-de-30iulie-30-iulie-in-istorie-ziua-in-care-s-au-scris-pagini-importante-pentru-romania-si-lumea-intreaga.-ce-personalitati-sunt-legate-de-aceasta-data\" class data-toggle=\"modal\" data-parent=\"0\" data-target=\"#commentModal\">posta un comentariu<\/a>.<\/div>\n<\/div>\n<div class=\"modal fade\" id=\"commentModal\" role=\"dialog\" aria-labelledby=\"commentModalLabel\">\n<div class=\"modal-dialog modal-lg\" role=\"document\">\n<div class=\"modal-content\">\n<div class=\"modal-header\">\n<h3 class=\"modal-title\" id=\"commentModalLabel\">Comenteaz\u0103<\/h3>\n<\/div>\n<div class=\"modal-body\">\n<div class=\"tabel tabel-full\">\n<div class=\"celula\">\n              Trebuie s\u0103 fii <a href=\"https:\/\/ziaruldevrancea.ro\/account\">autentificat<\/a> pentru a putea posta un comentariu.\n            <\/div>\n<\/div>\n<\/div>\n<div class=\"modal-footer\">\n<div id=\"commentPending\" class=\"formPending pull-left\"><img decoding=\"async\" src=\"https:\/\/zdvs.cname.ro\/images\/loader_40.gif\"> In curs de procesare&#8230;<\/div>\n<p><a href=\"https:\/\/ziaruldevrancea.ro\/timp-liber\/calendarul-zilei-de-30iulie-30-iulie-in-istorie-ziua-in-care-s-au-scris-pagini-importante-pentru-romania-si-lumea-intreaga.-ce-personalitati-sunt-legate-de-aceasta-data\" class=\"btn btn-default\" data-dismiss=\"modal\">Anuleaz\u0103<\/a><\/div>\n<\/div>\n<\/div>\n<\/div>\n<div class=\"modal fade\" id=\"commentReportModal\" role=\"dialog\" aria-labelledby=\"commentReportModalLabel\">\n<div class=\"modal-dialog modal-lg\" role=\"document\">\n<div class=\"modal-content\">\n<div class=\"modal-header\">\n<h3 class=\"modal-title\" id=\"commentReportModalLabel\">Raporteaza comentariu<\/h3>\n<\/div>\n<div class=\"modal-body\">\n<div class=\"tabel tabel-full\">\n<div class=\"celula\">\n              Trebuie s\u0103 fii <a href=\"https:\/\/ziaruldevrancea.ro\/account\">autentificat<\/a> pentru a putea raporta un comentariu.\n            <\/div>\n<\/div>\n<\/div>\n<div class=\"modal-footer\">\n<div id=\"commentReportPending\" class=\"formPending pull-left\"><img decoding=\"async\" src=\"https:\/\/zdvs.cname.ro\/images\/loader_40.gif\"> In curs de procesare&#8230;<\/div>\n<p><a href=\"https:\/\/ziaruldevrancea.ro\/timp-liber\/calendarul-zilei-de-30iulie-30-iulie-in-istorie-ziua-in-care-s-au-scris-pagini-importante-pentru-romania-si-lumea-intreaga.-ce-personalitati-sunt-legate-de-aceasta-data\" class=\"btn btn-default\" data-dismiss=\"modal\">Anuleaz\u0103<\/a><\/div>\n<\/div>\n<\/div>\n<\/div>\n<div class=\"modal fade\" id=\"commentLikeModal\" role=\"dialog\" aria-labelledby=\"commentLikeModalLabel\">\n<div class=\"modal-dialog modal-lg\" role=\"document\">\n<div class=\"modal-content\">\n<div class=\"modal-header\">\n<h3 class=\"modal-title\" id=\"commentReportModalLabel\">Apreciaza comentariu<\/h3>\n<\/div>\n<div class=\"modal-body\">\n<div class=\"tabel tabel-full\">\n<div class=\"celula\">\n            Trebuie s\u0103 fii <a href=\"https:\/\/ziaruldevrancea.ro\/account\">autentificat<\/a> pentru a putea aprecia un comentariu.\n          <\/div>\n<\/div>\n<\/div>\n<div class=\"modal-footer\"><a href=\"https:\/\/ziaruldevrancea.ro\/timp-liber\/calendarul-zilei-de-30iulie-30-iulie-in-istorie-ziua-in-care-s-au-scris-pagini-importante-pentru-romania-si-lumea-intreaga.-ce-personalitati-sunt-legate-de-aceasta-data\" class=\"btn btn-default\" data-dismiss=\"modal\">Anuleaz\u0103<\/a><\/div>\n<\/div>\n<\/div>\n<\/div>\n<div class=\"bloc-widget widget-rosu\"><span><small>Ziarul de Vrancea doreste ca acest site sa fie un spatiu al discutiilor civilizate, al comentariilor de bun simt. Din acest motiv, cei care posteaza comentarii la articole trebuie sa respecte urmatoarele reguli:<br \/>\n1. Sa se refere doar la articolul la care posteaza comentarii.<br \/>\n2. Sa foloseasca un limbaj civilizat, fara injurii, calomnii, comentarii antisemite, xenofobe sau rasiste.<br \/>\n3. Sunt interzise atacurile la adresa autorilor, daca acestea nu au legatura cu textul.<br \/>\n4. Username-ul sa nu fie nume de personalitati ale vietii publice sau parodieri ale acestora.<br \/>\nAutorul unui articol poate fi criticat pentru eventuale greseli, incoerenta, lipsa de documentare etc.<br \/>\nNerespectarea regulilor mentionate mai sus va duce la stergerea comentariilor, fara avertisment si fara explicatii.<br \/>\nAbaterile repetate vor avea drept consecinta interdictia accesului la aceasta facilitate a site-ului.<\/small><\/span><\/div>\n<\/div>\n<p>[analyse_source url=&#8221;https:\/\/ziaruldevrancea.ro\/timp-liber\/calendarul-zilei-de-30iulie-30-iulie-in-istorie-ziua-in-care-s-au-scris-pagini-importante-pentru-romania-si-lumea-intreaga.-ce-personalitati-sunt-legate-de-aceasta-data&#8221;]<\/p>\n","protected":false},"excerpt":{"rendered":"<p>[analyse_image type=&#8221;featured&#8221; src=&#8221;https:\/\/zdvi.cname.ro\/_\/calendarul-zilei-de-30iulie-30-iulie-in-istorie-ziua-in-care-s-au-scris-pagini-importante-pentru-romania-si-lumea-intreaga.-ce-personalitati-sunt-legate-de-aceasta-data\/mediaPool\/uk3eQxy.PNG&#8221;] Timp Liber Calendarul zilei de 30iulie: ziua \u00een care s-au scris pagini importante pentru Rom\u00e2nia \u0219i lumea \u00eentreag\u0103. Ce personalit\u0103\u021bi sunt legate de aceast\u0103 dat\u0103 Distribuie: \u00a0 | Rodica Condurache 30 iul 2026656 vizualiz\u0103ri 30 iulie este cea de-a 211-a zi a anului (212-a \u00een anii bisec\u021bi), iar p\u00e2n\u0103 la sf\u00e2r\u0219itul lui [&hellip;]<\/p>\n","protected":false},"author":1,"featured_media":0,"comment_status":"open","ping_status":"","sticky":false,"template":"","format":"standard","meta":{"footnotes":""},"categories":[89],"tags":[226,208],"class_list":["post-2084066","post","type-post","status-publish","format-standard","hentry","category-romania","tag-crawlmanager","tag-ziaruldevrancea-ro"],"_links":{"self":[{"href":"https:\/\/analyse.optim.biz\/index.php?rest_route=\/wp\/v2\/posts\/2084066","targetHints":{"allow":["GET"]}}],"collection":[{"href":"https:\/\/analyse.optim.biz\/index.php?rest_route=\/wp\/v2\/posts"}],"about":[{"href":"https:\/\/analyse.optim.biz\/index.php?rest_route=\/wp\/v2\/types\/post"}],"author":[{"embeddable":true,"href":"https:\/\/analyse.optim.biz\/index.php?rest_route=\/wp\/v2\/users\/1"}],"replies":[{"embeddable":true,"href":"https:\/\/analyse.optim.biz\/index.php?rest_route=%2Fwp%2Fv2%2Fcomments&post=2084066"}],"version-history":[{"count":0,"href":"https:\/\/analyse.optim.biz\/index.php?rest_route=\/wp\/v2\/posts\/2084066\/revisions"}],"wp:attachment":[{"href":"https:\/\/analyse.optim.biz\/index.php?rest_route=%2Fwp%2Fv2%2Fmedia&parent=2084066"}],"wp:term":[{"taxonomy":"category","embeddable":true,"href":"https:\/\/analyse.optim.biz\/index.php?rest_route=%2Fwp%2Fv2%2Fcategories&post=2084066"},{"taxonomy":"post_tag","embeddable":true,"href":"https:\/\/analyse.optim.biz\/index.php?rest_route=%2Fwp%2Fv2%2Ftags&post=2084066"}],"curies":[{"name":"wp","href":"https:\/\/api.w.org\/{rel}","templated":true}]}}