{"id":2084040,"date":"2026-08-04T14:11:00","date_gmt":"2026-08-04T11:11:00","guid":{"rendered":"https:\/\/analyse.optim.biz\/?p=2084040"},"modified":"2026-08-04T14:11:00","modified_gmt":"2026-08-04T11:11:00","slug":"val-de-accidente-bizare-cu-trotinete-si-biciclete-la-voitinel-stamate-si-frumosu","status":"publish","type":"post","link":"https:\/\/analyse.optim.biz\/?p=2084040","title":{"rendered":"Val de accidente bizare cu trotinete \u0219i biciclete, la Voitinel, Stamate \u0219i Frumosu"},"content":{"rendered":"<p>[analyse_image type=&#8221;featured&#8221; src=&#8221;https:\/\/blogger.googleusercontent.com\/img\/b\/R29vZ2xl\/AVvXsEhlEukTgrZHofKPNmu-cu7sTpSSPiiWNPhkerrvHXSf61B8tAlmPh4OI2cpXf6jpNEvRCvrB4PYW76yeoVa3yhyBe-Z4_SLA7yRC62V&#8211;HtirfeBSCf-GQucDr7Rqclb-B6CGJBYbG4aVCDdM7VGorpBXv_dV8YwRkaCkuK3QRyW8yNE7lA4M6clFJ1\/w1600\/accident-trotineta-electrica.jpg&#8221;]<\/p>\n<div class=\"post-body entry-content\" id=\"post-body\">\n<div class=\"separator\"><a href=\"https:\/\/blogger.googleusercontent.com\/img\/b\/R29vZ2xl\/AVvXsEhlEukTgrZHofKPNmu-cu7sTpSSPiiWNPhkerrvHXSf61B8tAlmPh4OI2cpXf6jpNEvRCvrB4PYW76yeoVa3yhyBe-Z4_SLA7yRC62V--HtirfeBSCf-GQucDr7Rqclb-B6CGJBYbG4aVCDdM7VGorpBXv_dV8YwRkaCkuK3QRyW8yNE7lA4M6clFJ1\/s1200-rw\/accident-trotineta-electrica.jpg\"><img decoding=\"async\" alt=\"Val de accidente bizare cu trotinete \u0219i biciclete, la Voitinel, Stamate \u0219i Frumosu\" border=\"0\" height=\"335\" loading=\"lazy\" src=\"https:\/\/blogger.googleusercontent.com\/img\/b\/R29vZ2xl\/AVvXsEhlEukTgrZHofKPNmu-cu7sTpSSPiiWNPhkerrvHXSf61B8tAlmPh4OI2cpXf6jpNEvRCvrB4PYW76yeoVa3yhyBe-Z4_SLA7yRC62V--HtirfeBSCf-GQucDr7Rqclb-B6CGJBYbG4aVCDdM7VGorpBXv_dV8YwRkaCkuK3QRyW8yNE7lA4M6clFJ1\/w640-h335-rw\/accident-trotineta-electrica.jpg\" title=\"Val de accidente bizare cu trotinete \u0219i biciclete, la Voitinel, Stamate \u0219i Frumosu\" width=\"640\"><\/a><\/div>\n<p><strong>Mai multe incidente rutiere neobi\u0219nuite, \u00een care au fost implicate biciclete \u0219i o trotinet\u0103 electric\u0103, au mobilizat echipajele de Poli\u021bie \u0219i ambulan\u021bele din jude\u021bul Suceava. Evenimentele s-au soldat cu r\u0103nirea mai multor persoane, \u00een cauz\u0103 fiind deschise dosare penale pentru v\u0103t\u0103mare corporal\u0103 din culp\u0103.<\/strong><\/p>\n<h2>Biciclist sub influen\u021ba alcoolului, c\u0103zut \u00een parcarea prim\u0103riei Frumosu<\/h2>\n<p>La data de 3 august 2026, ora 11:10, lucr\u0103torii Sec\u021biei 14 Poli\u021bie Rural\u0103 Vama au fost sesiza\u021bi prin SNUAU 112 despre faptul c\u0103 o persoan\u0103 de sex masculin a c\u0103zut cu bicicleta \u00een parcarea prim\u0103riei comunei Frumosu \u0219i prezint\u0103 leziuni vizibile la nivelul fe\u021bei.<\/p>\n<p>Poli\u021bi\u0219tii deplasa\u021bi la fa\u021ba locului l-au identificat pe Petru C., aflat \u00eentr-o stare avansat\u0103 de ebrietate. Din verific\u0103ri a reie\u0219it c\u0103 acesta se deplasa pe l\u00e2ng\u0103 bicicleta sa pe acostamentul DJ 176, din direc\u021bia Frumosu c\u0103tre Moldovi\u021ba. Ajuns \u00een dreptul prim\u0103riei, b\u0103rbatul s-a dezechilibrat \u0219i a c\u0103zut pe sol, f\u0103r\u0103 a fi acro\u0219at de un alt vehicul. Dup\u0103 ce a fost ajutat de persoanele din preajm\u0103 s\u0103 se a\u0219eze pe o banc\u0103, acesta s-a ridicat \u0219i, \u00eencerc\u00e2nd s\u0103-\u0219i continue deplasarea, s-a dezechilibrat din nou, c\u0103z\u00e2nd pe sol \u0219i suferind leziuni faciale.<\/p>\n<p>Din cauza r\u0103nilor din zona fe\u021bei, testarea cu aparatul etilometru nu a putut fi efectuat\u0103. Un echipaj SAJ l-a transportat la Spitalul Municipal C\u00e2mpulung Moldovenesc, unde a fost diagnosticat cu \u201epolicontuzionat la nivelul fe\u021bei\u201d. \u00cen cauz\u0103 s-a \u00eentocmit dosar penal pentru v\u0103t\u0103mare corporal\u0103 din culp\u0103, conform art. 196 alin. 1 din Codul Penal.<\/p>\n<h2>Lan\u021b rupt \u0219i c\u0103z\u0103tur\u0103 pe un drum comunal, la Stamate<\/h2>\n<p>Un al doilea incident a fost \u00eenregistrat \u00een noaptea de 3 spre 4 august 2026. \u00cen data de 4 august, la ora 00:03, poli\u021bi\u0219tii rutieri din Suceava au fost sesiza\u021bi despre un accident produs pe raza localit\u0103\u021bii <a href=\"https:\/\/stirisuceava.net\/search\/label\/Stamate\">Stamate<\/a>, comuna F\u00e2nt\u00e2nele.<\/p>\n<p>\u00cen jurul orei 23:50, Costel C., \u00een v\u00e2rst\u0103 de 25 de ani, se deplasa cu bicicleta pe un drum comunal neclasificat din Stamate. Din cauza ruperii lan\u021bului de la biciclet\u0103, acesta s-a dezechilibrat \u0219i a c\u0103zut pe partea carosabil\u0103, suferind leziuni la membrul superior drept. Biciclistul s-a deplasat ini\u021bial la locuin\u021ba sa, de unde a solicitat o ambulan\u021b\u0103 acuza\u021bie de dureri puternice.<\/p>\n<p>Victima a fost transportat\u0103 la UPU Suceava, fiind diagnosticat\u0103 cu suspiciune de fractur\u0103 la membrul superior drept. Conduc\u0103torul bicicletei a declarat c\u0103 nu dore\u0219te formularea unei pl\u00e2ngeri penale sub aspectul infrac\u021biunii de v\u0103t\u0103mare corporal\u0103 din culp\u0103.<\/p>\n<h2>Dou\u0103 tinere r\u0103nite dup\u0103 o c\u0103z\u0103tur\u0103 de pe trotineta electric\u0103, la Voitinel<\/h2>\n<p>Un alt eveniment a avut loc pe strada Tolocii din comuna Voitinel, fiind sesizat la data de 3 august 2026, ora 23:30, de c\u0103tre Spitalul Municipal R\u0103d\u0103u\u021bi, unde s-au prezentat dou\u0103 tinere cu multiple leziuni provocate prin c\u0103dere.<\/p>\n<p>Verific\u0103rile poli\u021bi\u0219tilor din cadrul Sec\u021biei 4 Poli\u021bie Rural\u0103 G\u0103l\u0103ne\u0219ti au stabilit c\u0103, \u00een jurul orei 22:30, Denisa F. (20 de ani, din Vicovu de Sus) \u0219i Mihaela B. (26 de ani, din Voitinel) se deplasau \u00eempreun\u0103 pe o trotinet\u0103 electric\u0103. La un moment dat, acestea s-au dezechilibrat \u0219i au c\u0103zut pe asfalt.<\/p>\n<p>Cele dou\u0103 au fost transportate la spitalul din R\u0103d\u0103u\u021bi de c\u0103tre o rud\u0103 pentru \u00eengrijiri medicale. \u00cen acest caz, poli\u021bi\u0219tii au \u00eentocmit un dosar penal viz\u00e2nd infrac\u021biunea de v\u0103t\u0103mare corporal\u0103 din culp\u0103, conform art. 196 alin. 1 din Codul Penal.<\/p>\n<\/div>\n<div class=\"post-body entry-content\" id=\"post-body\">\n<div class=\"separator\"><a href=\"https:\/\/blogger.googleusercontent.com\/img\/b\/R29vZ2xl\/AVvXsEhlEukTgrZHofKPNmu-cu7sTpSSPiiWNPhkerrvHXSf61B8tAlmPh4OI2cpXf6jpNEvRCvrB4PYW76yeoVa3yhyBe-Z4_SLA7yRC62V--HtirfeBSCf-GQucDr7Rqclb-B6CGJBYbG4aVCDdM7VGorpBXv_dV8YwRkaCkuK3QRyW8yNE7lA4M6clFJ1\/s1200-rw\/accident-trotineta-electrica.jpg\"><img decoding=\"async\" alt=\"Val de accidente bizare cu trotinete \u0219i biciclete, la Voitinel, Stamate \u0219i Frumosu\" border=\"0\" height=\"335\" loading=\"lazy\" src=\"https:\/\/blogger.googleusercontent.com\/img\/b\/R29vZ2xl\/AVvXsEhlEukTgrZHofKPNmu-cu7sTpSSPiiWNPhkerrvHXSf61B8tAlmPh4OI2cpXf6jpNEvRCvrB4PYW76yeoVa3yhyBe-Z4_SLA7yRC62V--HtirfeBSCf-GQucDr7Rqclb-B6CGJBYbG4aVCDdM7VGorpBXv_dV8YwRkaCkuK3QRyW8yNE7lA4M6clFJ1\/w640-h335-rw\/accident-trotineta-electrica.jpg\" title=\"Val de accidente bizare cu trotinete \u0219i biciclete, la Voitinel, Stamate \u0219i Frumosu\" width=\"640\"><\/a><\/div>\n<p><strong>Mai multe incidente rutiere neobi\u0219nuite, \u00een care au fost implicate biciclete \u0219i o trotinet\u0103 electric\u0103, au mobilizat echipajele de Poli\u021bie \u0219i ambulan\u021bele din jude\u021bul Suceava. Evenimentele s-au soldat cu r\u0103nirea mai multor persoane, \u00een cauz\u0103 fiind deschise dosare penale pentru v\u0103t\u0103mare corporal\u0103 din culp\u0103.<\/strong><\/p>\n<h2>Biciclist sub influen\u021ba alcoolului, c\u0103zut \u00een parcarea prim\u0103riei Frumosu<\/h2>\n<p>La data de 3 august 2026, ora 11:10, lucr\u0103torii Sec\u021biei 14 Poli\u021bie Rural\u0103 Vama au fost sesiza\u021bi prin SNUAU 112 despre faptul c\u0103 o persoan\u0103 de sex masculin a c\u0103zut cu bicicleta \u00een parcarea prim\u0103riei comunei Frumosu \u0219i prezint\u0103 leziuni vizibile la nivelul fe\u021bei.<\/p>\n<p>Poli\u021bi\u0219tii deplasa\u021bi la fa\u021ba locului l-au identificat pe Petru C., aflat \u00eentr-o stare avansat\u0103 de ebrietate. Din verific\u0103ri a reie\u0219it c\u0103 acesta se deplasa pe l\u00e2ng\u0103 bicicleta sa pe acostamentul DJ 176, din direc\u021bia Frumosu c\u0103tre Moldovi\u021ba. Ajuns \u00een dreptul prim\u0103riei, b\u0103rbatul s-a dezechilibrat \u0219i a c\u0103zut pe sol, f\u0103r\u0103 a fi acro\u0219at de un alt vehicul. Dup\u0103 ce a fost ajutat de persoanele din preajm\u0103 s\u0103 se a\u0219eze pe o banc\u0103, acesta s-a ridicat \u0219i, \u00eencerc\u00e2nd s\u0103-\u0219i continue deplasarea, s-a dezechilibrat din nou, c\u0103z\u00e2nd pe sol \u0219i suferind leziuni faciale.<\/p>\n<p>Din cauza r\u0103nilor din zona fe\u021bei, testarea cu aparatul etilometru nu a putut fi efectuat\u0103. Un echipaj SAJ l-a transportat la Spitalul Municipal C\u00e2mpulung Moldovenesc, unde a fost diagnosticat cu \u201epolicontuzionat la nivelul fe\u021bei\u201d. \u00cen cauz\u0103 s-a \u00eentocmit dosar penal pentru v\u0103t\u0103mare corporal\u0103 din culp\u0103, conform art. 196 alin. 1 din Codul Penal.<\/p>\n<h2>Lan\u021b rupt \u0219i c\u0103z\u0103tur\u0103 pe un drum comunal, la Stamate<\/h2>\n<p>Un al doilea incident a fost \u00eenregistrat \u00een noaptea de 3 spre 4 august 2026. \u00cen data de 4 august, la ora 00:03, poli\u021bi\u0219tii rutieri din Suceava au fost sesiza\u021bi despre un accident produs pe raza localit\u0103\u021bii <a href=\"https:\/\/stirisuceava.net\/search\/label\/Stamate\">Stamate<\/a>, comuna F\u00e2nt\u00e2nele.<\/p>\n<p>\u00cen jurul orei 23:50, Costel C., \u00een v\u00e2rst\u0103 de 25 de ani, se deplasa cu bicicleta pe un drum comunal neclasificat din Stamate. Din cauza ruperii lan\u021bului de la biciclet\u0103, acesta s-a dezechilibrat \u0219i a c\u0103zut pe partea carosabil\u0103, suferind leziuni la membrul superior drept. Biciclistul s-a deplasat ini\u021bial la locuin\u021ba sa, de unde a solicitat o ambulan\u021b\u0103 acuza\u021bie de dureri puternice.<\/p>\n<p>Victima a fost transportat\u0103 la UPU Suceava, fiind diagnosticat\u0103 cu suspiciune de fractur\u0103 la membrul superior drept. Conduc\u0103torul bicicletei a declarat c\u0103 nu dore\u0219te formularea unei pl\u00e2ngeri penale sub aspectul infrac\u021biunii de v\u0103t\u0103mare corporal\u0103 din culp\u0103.<\/p>\n<h2>Dou\u0103 tinere r\u0103nite dup\u0103 o c\u0103z\u0103tur\u0103 de pe trotineta electric\u0103, la Voitinel<\/h2>\n<p>Un alt eveniment a avut loc pe strada Tolocii din comuna Voitinel, fiind sesizat la data de 3 august 2026, ora 23:30, de c\u0103tre Spitalul Municipal R\u0103d\u0103u\u021bi, unde s-au prezentat dou\u0103 tinere cu multiple leziuni provocate prin c\u0103dere.<\/p>\n<p>Verific\u0103rile poli\u021bi\u0219tilor din cadrul Sec\u021biei 4 Poli\u021bie Rural\u0103 G\u0103l\u0103ne\u0219ti au stabilit c\u0103, \u00een jurul orei 22:30, Denisa F. (20 de ani, din Vicovu de Sus) \u0219i Mihaela B. (26 de ani, din Voitinel) se deplasau \u00eempreun\u0103 pe o trotinet\u0103 electric\u0103. La un moment dat, acestea s-au dezechilibrat \u0219i au c\u0103zut pe asfalt.<\/p>\n<p>Cele dou\u0103 au fost transportate la spitalul din R\u0103d\u0103u\u021bi de c\u0103tre o rud\u0103 pentru \u00eengrijiri medicale. \u00cen acest caz, poli\u021bi\u0219tii au \u00eentocmit un dosar penal viz\u00e2nd infrac\u021biunea de v\u0103t\u0103mare corporal\u0103 din culp\u0103, conform art. 196 alin. 1 din Codul Penal.<\/p>\n<\/div>\n<p>[analyse_source url=&#8221;https:\/\/www.stirisuceava.net\/2026\/08\/val-de-accidente-bizare-cu-trotinete-si.html&#8221;]<\/p>\n","protected":false},"excerpt":{"rendered":"<p>[analyse_image type=&#8221;featured&#8221; src=&#8221;https:\/\/blogger.googleusercontent.com\/img\/b\/R29vZ2xl\/AVvXsEhlEukTgrZHofKPNmu-cu7sTpSSPiiWNPhkerrvHXSf61B8tAlmPh4OI2cpXf6jpNEvRCvrB4PYW76yeoVa3yhyBe-Z4_SLA7yRC62V&#8211;HtirfeBSCf-GQucDr7Rqclb-B6CGJBYbG4aVCDdM7VGorpBXv_dV8YwRkaCkuK3QRyW8yNE7lA4M6clFJ1\/w1600\/accident-trotineta-electrica.jpg&#8221;] Mai multe incidente rutiere neobi\u0219nuite, \u00een care au fost implicate biciclete \u0219i o trotinet\u0103 electric\u0103, au mobilizat echipajele de Poli\u021bie \u0219i ambulan\u021bele din jude\u021bul Suceava. Evenimentele s-au soldat cu r\u0103nirea mai multor persoane, \u00een cauz\u0103 fiind deschise dosare penale pentru v\u0103t\u0103mare corporal\u0103 din culp\u0103. Biciclist sub influen\u021ba alcoolului, c\u0103zut \u00een parcarea prim\u0103riei [&hellip;]<\/p>\n","protected":false},"author":1,"featured_media":0,"comment_status":"open","ping_status":"","sticky":false,"template":"","format":"standard","meta":{"footnotes":""},"categories":[89],"tags":[226,172],"class_list":["post-2084040","post","type-post","status-publish","format-standard","hentry","category-romania","tag-crawlmanager","tag-stirisuceava-net"],"_links":{"self":[{"href":"https:\/\/analyse.optim.biz\/index.php?rest_route=\/wp\/v2\/posts\/2084040","targetHints":{"allow":["GET"]}}],"collection":[{"href":"https:\/\/analyse.optim.biz\/index.php?rest_route=\/wp\/v2\/posts"}],"about":[{"href":"https:\/\/analyse.optim.biz\/index.php?rest_route=\/wp\/v2\/types\/post"}],"author":[{"embeddable":true,"href":"https:\/\/analyse.optim.biz\/index.php?rest_route=\/wp\/v2\/users\/1"}],"replies":[{"embeddable":true,"href":"https:\/\/analyse.optim.biz\/index.php?rest_route=%2Fwp%2Fv2%2Fcomments&post=2084040"}],"version-history":[{"count":0,"href":"https:\/\/analyse.optim.biz\/index.php?rest_route=\/wp\/v2\/posts\/2084040\/revisions"}],"wp:attachment":[{"href":"https:\/\/analyse.optim.biz\/index.php?rest_route=%2Fwp%2Fv2%2Fmedia&parent=2084040"}],"wp:term":[{"taxonomy":"category","embeddable":true,"href":"https:\/\/analyse.optim.biz\/index.php?rest_route=%2Fwp%2Fv2%2Fcategories&post=2084040"},{"taxonomy":"post_tag","embeddable":true,"href":"https:\/\/analyse.optim.biz\/index.php?rest_route=%2Fwp%2Fv2%2Ftags&post=2084040"}],"curies":[{"name":"wp","href":"https:\/\/api.w.org\/{rel}","templated":true}]}}