{"id":2084036,"date":"2026-08-08T15:25:16","date_gmt":"2026-08-08T12:25:16","guid":{"rendered":"https:\/\/analyse.optim.biz\/?p=2084036"},"modified":"2026-08-08T15:25:16","modified_gmt":"2026-08-08T12:25:16","slug":"handbalistii-de-la-usv-premiati-cu-80-000-de-lei-dupa-al-cincilea-titlu-european-universitar","status":"publish","type":"post","link":"https:\/\/analyse.optim.biz\/?p=2084036","title":{"rendered":"Handbali\u0219tii de la USV, premia\u021bi cu 80.000 de lei dup\u0103 al cincilea titlu european universitar"},"content":{"rendered":"<p>[analyse_image type=&#8221;featured&#8221; src=&#8221;https:\/\/www.newsbucovina.ro\/wp-content\/uploads\/2026\/08\/WhatsApp-Image-2026-08-08-at-18.21.381.jpeghttps:\/\/cdn.newsbucovina.ro\/wp-content\/uploads\/2026\/08\/WhatsApp-Image-2026-08-08-at-18.21.381.jpeg&#8221;]<\/p>\n<div class=\"td-post-content tagdiv-type\">\n<div class=\"td-a-rec td-a-rec-id-content_top  tdi_3 td_block_template_1\"><strong>Intr\u0103 acum \u0219i \u00een grupul de <\/p>\n<div class=\"wp-block-button\"><a class=\"wp-block-button__link wp-element-button\" href=\"https:\/\/t.me\/+TH8wcfnp8fw5NWI0\">Telegram News Bucovina<\/a><\/div>\n<p><\/strong><\/div>\n<p class=\"wp-block-paragraph\">Echipa masculin\u0103 de handbal a Universit\u0103\u021bii \u201e\u0218tefan cel Mare\u201d din Suceava a fost premiat\u0103 s\u00e2mb\u0103t\u0103 pentru performan\u021ba reu\u0219it\u0103 la Jocurile Europene Universitare 2026, desf\u0103\u0219urate la Salerno, \u00een Italia. Campionii europeni au primit din partea universit\u0103\u021bii un premiu \u00een valoare de 80.000 de lei. Cecul simbolic a fost \u00eenm\u00e2nat de ordonatorul de credite al institu\u021biei, Gabriela Prelipcean.<\/p>\n<figure class=\"wp-block-image size-large\"><a href=\"https:\/\/cdn.newsbucovina.ro\/wp-content\/uploads\/2026\/08\/WhatsApp-Image-2026-08-08-at-18.21.381.jpeg\"><img loading=\"lazy\" decoding=\"async\" width=\"1024\" height=\"769\" src=\"https:\/\/cdn.newsbucovina.ro\/wp-content\/uploads\/2026\/08\/WhatsApp-Image-2026-08-08-at-18.21.381-1024x769.jpeg\" alt class=\"wp-image-446003\"><\/a><\/figure>\n<p class=\"wp-block-paragraph\">\u201eEste o deosebit\u0103 onoare s\u0103 particip\u0103m la festivitatea de premiere a echipei de handbal, care a devenit, pentru a cincea oar\u0103, campioan\u0103 european\u0103 universitar\u0103. \u0218tim c\u0103 un asemenea rezultat nu poate fi realizat \u00eentr-o zi, ci este rezultatul unei munci imense. Felicit\u0103ri staffului tehnic \u0219i antrenorilor pentru c\u0103 sunt al\u0103turi de echip\u0103 ori de c\u00e2te ori este nevoie \u0219i \u00een momentele importante\u201d, a declarat Gabriela Prelipcean.<\/p>\n<p class=\"wp-block-paragraph\">La ceremonie a fost prezent \u0219i ministrul interimar al Educa\u021biei \u0219i Cercet\u0103rii, Mihai Dimian, care a subliniat importan\u021ba rezultatului: \u201eAceasta este singura medalie de aur ob\u021binut\u0103 de o universitate rom\u00e2neasc\u0103 la Campionatul European Universitar din acest an. Chiar dac\u0103 \u00een Suceava suntem obi\u0219nui\u021bi ca aceast\u0103 echip\u0103 s\u0103 c\u00e2\u0219tige medalii, nu trebuie s\u0103 interpret\u0103m acest lucru ca pe o obi\u0219nuin\u021b\u0103, ci ca pe rezultatul unui sistem care a fost implementat \u0219i care produce \u00een continuare rezultate.\u201d<\/p>\n<figure class=\"wp-block-image size-large\"><a href=\"https:\/\/cdn.newsbucovina.ro\/wp-content\/uploads\/2026\/08\/WhatsApp-Image-2026-08-08-at-18.21.39.jpeg\"><img loading=\"lazy\" decoding=\"async\" width=\"1024\" height=\"769\" src=\"https:\/\/cdn.newsbucovina.ro\/wp-content\/uploads\/2026\/08\/WhatsApp-Image-2026-08-08-at-18.21.39-1024x769.jpeg\" alt class=\"wp-image-446005\"><\/a><\/figure>\n<p class=\"wp-block-paragraph\">Antrenorul Bogdan \u0218old\u0103nescu a vorbit despre dificultatea competi\u021biei: \u201eDe\u0219i la prima vedere poate p\u0103rea o competi\u021bie facil\u0103, chiar dac\u0103 avem cinci titluri de campioni \u00een palmares, finalele au fost de fiecare dat\u0103 foarte dificile. La Salerno a fost foarte solicitant\u0103 din punct de vedere fizic. Ne bucur\u0103m c\u0103 a ie\u0219it a\u0219a pentru noi. Cred c\u0103 finala a fost frumoas\u0103 \u0219i palpitant\u0103 pentru toat\u0103 lumea.\u201d<\/p>\n<p class=\"wp-block-paragraph\">C\u0103pitanul echipei, Alexandru Bologa, a completat: \u201eEste o munc\u0103 destul de grea pe care o practic\u0103m zi de zi, iar o munc\u0103 bun\u0103 duce la rezultate bune. Orice motiva\u021bie \u00een plus este foarte binevenit\u0103.\u201d<\/p>\n<p class=\"wp-block-paragraph\">La eveniment au mai fost prezen\u021bi prorectorul Mircea Diaconu, decanul Facult\u0103\u021bii de Educa\u021bie Fizic\u0103 \u0219i Sport, Florin Leuciuc, precum \u0219i o parte din componentele echipei feminine de fotbal a CSU Suceava, al\u0103turi de antrenorul Marcel Irimie.<\/p>\n<p class=\"wp-block-paragraph\">Lotul campioanei europene universitare din 2026 a fost alc\u0103tuit din Drago\u0219 Podovei, R\u0103zvan R\u00eep\u0103, Botond Balazs, Alexandru Bologa, Andrei Bruj, Codrin Dasc\u0103lu, Sorin Grigore, Teodor Iluc\u0103, Bogdan Niculaie, Codrin Radu, Bogdan Dobo\u0219eru, Eduard Rusu, Emanuel \u0218erban \u0219i C\u0103t\u0103lin Zari\u021bchi. Din staff au f\u0103cut parte R\u0103zvan Gavriloaia, Bogdan \u0218old\u0103nescu, George Morari \u0219i Iulian Andrei.<\/p>\n<figure class=\"wp-block-embed is-type-video is-provider-youtube wp-block-embed-youtube wp-embed-aspect-16-9 wp-has-aspect-ratio\">\n<div class=\"wp-block-embed__wrapper\">\n<div class=\"youtube-embed\" data-video_id=\"owaoRC5i8gM\"><iframe loading=\"lazy\" title=\"De ce s\u0103 vrei s\u0103 MORI la 23 de ani?? Buchet de infrac\u021biuni = ADIO via\u021b\u0103!!! Nu a avut nicio \u0219ans\u0103...\" width=\"696\" height=\"392\" src=\"https:\/\/www.youtube.com\/embed\/owaoRC5i8gM?start=15&amp;feature=oembed\" frameborder allow=\"accelerometer; autoplay; clipboard-write; encrypted-media; gyroscope; picture-in-picture; web-share\" referrerpolicy=\"strict-origin-when-cross-origin\" allowfullscreen><\/iframe><\/div>\n<\/div>\n<\/figure>\n<div class=\"td-a-rec td-a-rec-id-content_bottom  tdi_4 td_block_template_1\"><strong>Intr\u0103 acum \u0219i \u00een grupul de <\/p>\n<div class=\"wp-block-button\"><a class=\"wp-block-button__link wp-element-button\" href=\"https:\/\/t.me\/+TH8wcfnp8fw5NWI0\">Telegram News Bucovina<\/a><\/div>\n<p><\/strong><\/div>\n<\/div>\n<div class=\"td-post-content tagdiv-type\">\n<div class=\"td-a-rec td-a-rec-id-content_top  tdi_3 td_block_template_1\"><strong>Intr\u0103 acum \u0219i \u00een grupul de <\/p>\n<div class=\"wp-block-button\"><a class=\"wp-block-button__link wp-element-button\" href=\"https:\/\/t.me\/+TH8wcfnp8fw5NWI0\">Telegram News Bucovina<\/a><\/div>\n<p><\/strong><\/div>\n<p class=\"wp-block-paragraph\">Echipa masculin\u0103 de handbal a Universit\u0103\u021bii \u201e\u0218tefan cel Mare\u201d din Suceava a fost premiat\u0103 s\u00e2mb\u0103t\u0103 pentru performan\u021ba reu\u0219it\u0103 la Jocurile Europene Universitare 2026, desf\u0103\u0219urate la Salerno, \u00een Italia. Campionii europeni au primit din partea universit\u0103\u021bii un premiu \u00een valoare de 80.000 de lei. Cecul simbolic a fost \u00eenm\u00e2nat de ordonatorul de credite al institu\u021biei, Gabriela Prelipcean.<\/p>\n<figure class=\"wp-block-image size-large\"><a href=\"https:\/\/cdn.newsbucovina.ro\/wp-content\/uploads\/2026\/08\/WhatsApp-Image-2026-08-08-at-18.21.381.jpeg\"><img loading=\"lazy\" decoding=\"async\" width=\"1024\" height=\"769\" src=\"https:\/\/cdn.newsbucovina.ro\/wp-content\/uploads\/2026\/08\/WhatsApp-Image-2026-08-08-at-18.21.381-1024x769.jpeg\" alt class=\"wp-image-446003\"><\/a><\/figure>\n<p class=\"wp-block-paragraph\">\u201eEste o deosebit\u0103 onoare s\u0103 particip\u0103m la festivitatea de premiere a echipei de handbal, care a devenit, pentru a cincea oar\u0103, campioan\u0103 european\u0103 universitar\u0103. \u0218tim c\u0103 un asemenea rezultat nu poate fi realizat \u00eentr-o zi, ci este rezultatul unei munci imense. Felicit\u0103ri staffului tehnic \u0219i antrenorilor pentru c\u0103 sunt al\u0103turi de echip\u0103 ori de c\u00e2te ori este nevoie \u0219i \u00een momentele importante\u201d, a declarat Gabriela Prelipcean.<\/p>\n<p class=\"wp-block-paragraph\">La ceremonie a fost prezent \u0219i ministrul interimar al Educa\u021biei \u0219i Cercet\u0103rii, Mihai Dimian, care a subliniat importan\u021ba rezultatului: \u201eAceasta este singura medalie de aur ob\u021binut\u0103 de o universitate rom\u00e2neasc\u0103 la Campionatul European Universitar din acest an. Chiar dac\u0103 \u00een Suceava suntem obi\u0219nui\u021bi ca aceast\u0103 echip\u0103 s\u0103 c\u00e2\u0219tige medalii, nu trebuie s\u0103 interpret\u0103m acest lucru ca pe o obi\u0219nuin\u021b\u0103, ci ca pe rezultatul unui sistem care a fost implementat \u0219i care produce \u00een continuare rezultate.\u201d<\/p>\n<figure class=\"wp-block-image size-large\"><a href=\"https:\/\/cdn.newsbucovina.ro\/wp-content\/uploads\/2026\/08\/WhatsApp-Image-2026-08-08-at-18.21.39.jpeg\"><img loading=\"lazy\" decoding=\"async\" width=\"1024\" height=\"769\" src=\"https:\/\/cdn.newsbucovina.ro\/wp-content\/uploads\/2026\/08\/WhatsApp-Image-2026-08-08-at-18.21.39-1024x769.jpeg\" alt class=\"wp-image-446005\"><\/a><\/figure>\n<p class=\"wp-block-paragraph\">Antrenorul Bogdan \u0218old\u0103nescu a vorbit despre dificultatea competi\u021biei: \u201eDe\u0219i la prima vedere poate p\u0103rea o competi\u021bie facil\u0103, chiar dac\u0103 avem cinci titluri de campioni \u00een palmares, finalele au fost de fiecare dat\u0103 foarte dificile. La Salerno a fost foarte solicitant\u0103 din punct de vedere fizic. Ne bucur\u0103m c\u0103 a ie\u0219it a\u0219a pentru noi. Cred c\u0103 finala a fost frumoas\u0103 \u0219i palpitant\u0103 pentru toat\u0103 lumea.\u201d<\/p>\n<p class=\"wp-block-paragraph\">C\u0103pitanul echipei, Alexandru Bologa, a completat: \u201eEste o munc\u0103 destul de grea pe care o practic\u0103m zi de zi, iar o munc\u0103 bun\u0103 duce la rezultate bune. Orice motiva\u021bie \u00een plus este foarte binevenit\u0103.\u201d<\/p>\n<p class=\"wp-block-paragraph\">La eveniment au mai fost prezen\u021bi prorectorul Mircea Diaconu, decanul Facult\u0103\u021bii de Educa\u021bie Fizic\u0103 \u0219i Sport, Florin Leuciuc, precum \u0219i o parte din componentele echipei feminine de fotbal a CSU Suceava, al\u0103turi de antrenorul Marcel Irimie.<\/p>\n<p class=\"wp-block-paragraph\">Lotul campioanei europene universitare din 2026 a fost alc\u0103tuit din Drago\u0219 Podovei, R\u0103zvan R\u00eep\u0103, Botond Balazs, Alexandru Bologa, Andrei Bruj, Codrin Dasc\u0103lu, Sorin Grigore, Teodor Iluc\u0103, Bogdan Niculaie, Codrin Radu, Bogdan Dobo\u0219eru, Eduard Rusu, Emanuel \u0218erban \u0219i C\u0103t\u0103lin Zari\u021bchi. Din staff au f\u0103cut parte R\u0103zvan Gavriloaia, Bogdan \u0218old\u0103nescu, George Morari \u0219i Iulian Andrei.<\/p>\n<figure class=\"wp-block-embed is-type-video is-provider-youtube wp-block-embed-youtube wp-embed-aspect-16-9 wp-has-aspect-ratio\">\n<div class=\"wp-block-embed__wrapper\">\n<div class=\"youtube-embed\" data-video_id=\"owaoRC5i8gM\"><iframe loading=\"lazy\" title=\"De ce s\u0103 vrei s\u0103 MORI la 23 de ani?? Buchet de infrac\u021biuni = ADIO via\u021b\u0103!!! Nu a avut nicio \u0219ans\u0103...\" width=\"696\" height=\"392\" src=\"https:\/\/www.youtube.com\/embed\/owaoRC5i8gM?start=15&amp;feature=oembed\" frameborder allow=\"accelerometer; autoplay; clipboard-write; encrypted-media; gyroscope; picture-in-picture; web-share\" referrerpolicy=\"strict-origin-when-cross-origin\" allowfullscreen><\/iframe><\/div>\n<\/div>\n<\/figure>\n<div class=\"td-a-rec td-a-rec-id-content_bottom  tdi_4 td_block_template_1\"><strong>Intr\u0103 acum \u0219i \u00een grupul de <\/p>\n<div class=\"wp-block-button\"><a class=\"wp-block-button__link wp-element-button\" href=\"https:\/\/t.me\/+TH8wcfnp8fw5NWI0\">Telegram News Bucovina<\/a><\/div>\n<p><\/strong><\/div>\n<\/div>\n<p>[analyse_source url=&#8221;https:\/\/www.newsbucovina.ro\/actualitate\/446002\/handbalistii-de-la-usv-premiati-cu-80-000-de-lei-dupa-al-cincilea-titlu-european-universitar&#8221;]<\/p>\n","protected":false},"excerpt":{"rendered":"<p>[analyse_image type=&#8221;featured&#8221; src=&#8221;https:\/\/www.newsbucovina.ro\/wp-content\/uploads\/2026\/08\/WhatsApp-Image-2026-08-08-at-18.21.381.jpeghttps:\/\/cdn.newsbucovina.ro\/wp-content\/uploads\/2026\/08\/WhatsApp-Image-2026-08-08-at-18.21.381.jpeg&#8221;] Intr\u0103 acum \u0219i \u00een grupul de Telegram News Bucovina Echipa masculin\u0103 de handbal a Universit\u0103\u021bii \u201e\u0218tefan cel Mare\u201d din Suceava a fost premiat\u0103 s\u00e2mb\u0103t\u0103 pentru performan\u021ba reu\u0219it\u0103 la Jocurile Europene Universitare 2026, desf\u0103\u0219urate la Salerno, \u00een Italia. Campionii europeni au primit din partea universit\u0103\u021bii un premiu \u00een valoare de 80.000 de lei. [&hellip;]<\/p>\n","protected":false},"author":1,"featured_media":0,"comment_status":"open","ping_status":"","sticky":false,"template":"","format":"standard","meta":{"footnotes":""},"categories":[89],"tags":[226,165],"class_list":["post-2084036","post","type-post","status-publish","format-standard","hentry","category-romania","tag-crawlmanager","tag-newsbucovina-ro"],"_links":{"self":[{"href":"https:\/\/analyse.optim.biz\/index.php?rest_route=\/wp\/v2\/posts\/2084036","targetHints":{"allow":["GET"]}}],"collection":[{"href":"https:\/\/analyse.optim.biz\/index.php?rest_route=\/wp\/v2\/posts"}],"about":[{"href":"https:\/\/analyse.optim.biz\/index.php?rest_route=\/wp\/v2\/types\/post"}],"author":[{"embeddable":true,"href":"https:\/\/analyse.optim.biz\/index.php?rest_route=\/wp\/v2\/users\/1"}],"replies":[{"embeddable":true,"href":"https:\/\/analyse.optim.biz\/index.php?rest_route=%2Fwp%2Fv2%2Fcomments&post=2084036"}],"version-history":[{"count":0,"href":"https:\/\/analyse.optim.biz\/index.php?rest_route=\/wp\/v2\/posts\/2084036\/revisions"}],"wp:attachment":[{"href":"https:\/\/analyse.optim.biz\/index.php?rest_route=%2Fwp%2Fv2%2Fmedia&parent=2084036"}],"wp:term":[{"taxonomy":"category","embeddable":true,"href":"https:\/\/analyse.optim.biz\/index.php?rest_route=%2Fwp%2Fv2%2Fcategories&post=2084036"},{"taxonomy":"post_tag","embeddable":true,"href":"https:\/\/analyse.optim.biz\/index.php?rest_route=%2Fwp%2Fv2%2Ftags&post=2084036"}],"curies":[{"name":"wp","href":"https:\/\/api.w.org\/{rel}","templated":true}]}}