{"id":2084033,"date":"2026-08-08T14:29:49","date_gmt":"2026-08-08T11:29:49","guid":{"rendered":"https:\/\/analyse.optim.biz\/?p=2084033"},"modified":"2026-08-08T14:29:49","modified_gmt":"2026-08-08T11:29:49","slug":"barbat-din-dorna-arini-retinut-si-plasat-apoi-sub-control-judiciar-dupa-ce-a-fost-prins-conducand-fara-permis-un-autoturism-radiat-cu-numere-false","status":"publish","type":"post","link":"https:\/\/analyse.optim.biz\/?p=2084033","title":{"rendered":"B\u0103rbat din Dorna-Arini re\u021binut \u0219i plasat apoi sub control judiciar dup\u0103 ce a fost prins conduc\u00e2nd f\u0103r\u0103 permis un autoturism radiat, cu numere false"},"content":{"rendered":"<p>[analyse_image type=&#8221;featured&#8221; src=&#8221;https:\/\/www.newsbucovina.ro\/wp-content\/uploads\/2026\/04\/politie-razie-5-1.jpeghttps:\/\/cdn.newsbucovina.ro\/wp-content\/uploads\/2026\/04\/politie-razie-5-1.jpeg&#8221;]<\/p>\n<div class=\"td-post-content tagdiv-type\">\n<div class=\"td-a-rec td-a-rec-id-content_top  tdi_3 td_block_template_1\"><strong>Intr\u0103 acum \u0219i \u00een grupul de <\/p>\n<div class=\"wp-block-button\"><a class=\"wp-block-button__link wp-element-button\" href=\"https:\/\/t.me\/+TH8wcfnp8fw5NWI0\">Telegram News Bucovina<\/a><\/div>\n<p><\/strong><\/div>\n<p class=\"wp-block-paragraph\">Un b\u0103rbat din comuna Dorna-Arini a fost re\u021binut pentru 24 de ore, dup\u0103 ce a fost surprins la volanul unui autoturism radiat din circula\u021bie, pe care erau montate numere de \u00eenmatriculare false, f\u0103r\u0103 a de\u021bine permis de conducere.<\/p>\n<figure class=\"wp-block-image size-large\"><a href=\"https:\/\/cdn.newsbucovina.ro\/wp-content\/uploads\/2026\/04\/politie-razie-5-1.jpeg\"><img loading=\"lazy\" decoding=\"async\" width=\"1024\" height=\"576\" src=\"https:\/\/cdn.newsbucovina.ro\/wp-content\/uploads\/2026\/04\/politie-razie-5-1-1024x576.jpeg\" alt class=\"wp-image-436431\"><\/a><\/figure>\n<p class=\"wp-block-paragraph\">Miercuri, 6 august 2026, \u00een jurul orei 10:20, un echipaj al Biroului de Ordine Public\u0103 din cadrul Poli\u021biei Municipiului Vatra Dornei, aflat \u00een patrulare pe strada Unirii \u00een cadrul ac\u021biunii \u201eBLOCADA\u201d, a oprit pentru control un autoturism marca Audi.<\/p>\n<p class=\"wp-block-paragraph\">Conduc\u0103torul auto a fost verificat \u00een bazele de date, ocazie cu care s-a constatat c\u0103 nu de\u021bine permis de conducere. Verific\u0103rile ulterioare au ar\u0103tat c\u0103 autoturismul figureaz\u0103 radiat din circula\u021bie din data de 23 decembrie 2025, iar num\u0103rul de \u00eenmatriculare apar\u021binea unui alt vehicul, marca Ford Fiesta.<\/p>\n<p class=\"wp-block-paragraph\">Poli\u021bi\u0219tii Compartimentului Rutier Vatra Dornei au \u00eentocmit dosar de cercetare penal\u0103 pentru conducerea unui vehicul ne\u00eenmatriculat, conducerea pe drumurile publice a unui autovehicul cu num\u0103r fals de \u00eenmatriculare \u0219i conducerea unui vehicul f\u0103r\u0103 permis de conducere.<\/p>\n<p class=\"wp-block-paragraph\">\u00cen urma administr\u0103rii probatoriului, a fost dispus\u0103 re\u021binerea b\u0103rbatului pentru 24 de ore, acesta urm\u00e2nd s\u0103 fie introdus \u00een Centrul de Re\u021binere \u0219i Arestare Preventiv\u0103 al Inspectoratului de Poli\u021bie Jude\u021bean Suceava. Potrivit opiniei procurorului de caz de la Parchetul de pe l\u00e2ng\u0103 Judec\u0103toria Vatra Dornei, dup\u0103 expirarea re\u021binerii, fa\u021b\u0103 de suspect se va lua m\u0103sura controlului judiciar pentru o perioad\u0103 de 60 de zile.<\/p>\n<figure class=\"wp-block-embed is-type-video is-provider-youtube wp-block-embed-youtube wp-embed-aspect-16-9 wp-has-aspect-ratio\">\n<div class=\"wp-block-embed__wrapper\">\n<div class=\"youtube-embed\" data-video_id=\"owaoRC5i8gM\"><iframe loading=\"lazy\" title=\"De ce s\u0103 vrei s\u0103 MORI la 23 de ani?? Buchet de infrac\u021biuni = ADIO via\u021b\u0103!!! Nu a avut nicio \u0219ans\u0103...\" width=\"696\" height=\"392\" src=\"https:\/\/www.youtube.com\/embed\/owaoRC5i8gM?start=15&amp;feature=oembed\" frameborder allow=\"accelerometer; autoplay; clipboard-write; encrypted-media; gyroscope; picture-in-picture; web-share\" referrerpolicy=\"strict-origin-when-cross-origin\" allowfullscreen><\/iframe><\/div>\n<\/div>\n<\/figure>\n<div class=\"td-a-rec td-a-rec-id-content_bottom  tdi_4 td_block_template_1\"><strong>Intr\u0103 acum \u0219i \u00een grupul de <\/p>\n<div class=\"wp-block-button\"><a class=\"wp-block-button__link wp-element-button\" href=\"https:\/\/t.me\/+TH8wcfnp8fw5NWI0\">Telegram News Bucovina<\/a><\/div>\n<p><\/strong><\/div>\n<\/div>\n<div class=\"td-post-content tagdiv-type\">\n<div class=\"td-a-rec td-a-rec-id-content_top  tdi_3 td_block_template_1\"><strong>Intr\u0103 acum \u0219i \u00een grupul de <\/p>\n<div class=\"wp-block-button\"><a class=\"wp-block-button__link wp-element-button\" href=\"https:\/\/t.me\/+TH8wcfnp8fw5NWI0\">Telegram News Bucovina<\/a><\/div>\n<p><\/strong><\/div>\n<p class=\"wp-block-paragraph\">Un b\u0103rbat din comuna Dorna-Arini a fost re\u021binut pentru 24 de ore, dup\u0103 ce a fost surprins la volanul unui autoturism radiat din circula\u021bie, pe care erau montate numere de \u00eenmatriculare false, f\u0103r\u0103 a de\u021bine permis de conducere.<\/p>\n<figure class=\"wp-block-image size-large\"><a href=\"https:\/\/cdn.newsbucovina.ro\/wp-content\/uploads\/2026\/04\/politie-razie-5-1.jpeg\"><img loading=\"lazy\" decoding=\"async\" width=\"1024\" height=\"576\" src=\"https:\/\/cdn.newsbucovina.ro\/wp-content\/uploads\/2026\/04\/politie-razie-5-1-1024x576.jpeg\" alt class=\"wp-image-436431\"><\/a><\/figure>\n<p class=\"wp-block-paragraph\">Miercuri, 6 august 2026, \u00een jurul orei 10:20, un echipaj al Biroului de Ordine Public\u0103 din cadrul Poli\u021biei Municipiului Vatra Dornei, aflat \u00een patrulare pe strada Unirii \u00een cadrul ac\u021biunii \u201eBLOCADA\u201d, a oprit pentru control un autoturism marca Audi.<\/p>\n<p class=\"wp-block-paragraph\">Conduc\u0103torul auto a fost verificat \u00een bazele de date, ocazie cu care s-a constatat c\u0103 nu de\u021bine permis de conducere. Verific\u0103rile ulterioare au ar\u0103tat c\u0103 autoturismul figureaz\u0103 radiat din circula\u021bie din data de 23 decembrie 2025, iar num\u0103rul de \u00eenmatriculare apar\u021binea unui alt vehicul, marca Ford Fiesta.<\/p>\n<p class=\"wp-block-paragraph\">Poli\u021bi\u0219tii Compartimentului Rutier Vatra Dornei au \u00eentocmit dosar de cercetare penal\u0103 pentru conducerea unui vehicul ne\u00eenmatriculat, conducerea pe drumurile publice a unui autovehicul cu num\u0103r fals de \u00eenmatriculare \u0219i conducerea unui vehicul f\u0103r\u0103 permis de conducere.<\/p>\n<p class=\"wp-block-paragraph\">\u00cen urma administr\u0103rii probatoriului, a fost dispus\u0103 re\u021binerea b\u0103rbatului pentru 24 de ore, acesta urm\u00e2nd s\u0103 fie introdus \u00een Centrul de Re\u021binere \u0219i Arestare Preventiv\u0103 al Inspectoratului de Poli\u021bie Jude\u021bean Suceava. Potrivit opiniei procurorului de caz de la Parchetul de pe l\u00e2ng\u0103 Judec\u0103toria Vatra Dornei, dup\u0103 expirarea re\u021binerii, fa\u021b\u0103 de suspect se va lua m\u0103sura controlului judiciar pentru o perioad\u0103 de 60 de zile.<\/p>\n<figure class=\"wp-block-embed is-type-video is-provider-youtube wp-block-embed-youtube wp-embed-aspect-16-9 wp-has-aspect-ratio\">\n<div class=\"wp-block-embed__wrapper\">\n<div class=\"youtube-embed\" data-video_id=\"owaoRC5i8gM\"><iframe loading=\"lazy\" title=\"De ce s\u0103 vrei s\u0103 MORI la 23 de ani?? Buchet de infrac\u021biuni = ADIO via\u021b\u0103!!! Nu a avut nicio \u0219ans\u0103...\" width=\"696\" height=\"392\" src=\"https:\/\/www.youtube.com\/embed\/owaoRC5i8gM?start=15&amp;feature=oembed\" frameborder allow=\"accelerometer; autoplay; clipboard-write; encrypted-media; gyroscope; picture-in-picture; web-share\" referrerpolicy=\"strict-origin-when-cross-origin\" allowfullscreen><\/iframe><\/div>\n<\/div>\n<\/figure>\n<div class=\"td-a-rec td-a-rec-id-content_bottom  tdi_4 td_block_template_1\"><strong>Intr\u0103 acum \u0219i \u00een grupul de <\/p>\n<div class=\"wp-block-button\"><a class=\"wp-block-button__link wp-element-button\" href=\"https:\/\/t.me\/+TH8wcfnp8fw5NWI0\">Telegram News Bucovina<\/a><\/div>\n<p><\/strong><\/div>\n<\/div>\n<p>[analyse_source url=&#8221;https:\/\/www.newsbucovina.ro\/social\/445982\/barbat-din-dorna-arini-retinut-si-plasat-apoi-sub-control-judiciar-dupa-ce-a-fost-prins-conducand-fara-permis-un-autoturism-radiat-cu-numere-false&#8221;]<\/p>\n","protected":false},"excerpt":{"rendered":"<p>[analyse_image type=&#8221;featured&#8221; src=&#8221;https:\/\/www.newsbucovina.ro\/wp-content\/uploads\/2026\/04\/politie-razie-5-1.jpeghttps:\/\/cdn.newsbucovina.ro\/wp-content\/uploads\/2026\/04\/politie-razie-5-1.jpeg&#8221;] Intr\u0103 acum \u0219i \u00een grupul de Telegram News Bucovina Un b\u0103rbat din comuna Dorna-Arini a fost re\u021binut pentru 24 de ore, dup\u0103 ce a fost surprins la volanul unui autoturism radiat din circula\u021bie, pe care erau montate numere de \u00eenmatriculare false, f\u0103r\u0103 a de\u021bine permis de conducere. Miercuri, 6 august 2026, \u00een [&hellip;]<\/p>\n","protected":false},"author":1,"featured_media":0,"comment_status":"open","ping_status":"","sticky":false,"template":"","format":"standard","meta":{"footnotes":""},"categories":[89],"tags":[226,165],"class_list":["post-2084033","post","type-post","status-publish","format-standard","hentry","category-romania","tag-crawlmanager","tag-newsbucovina-ro"],"_links":{"self":[{"href":"https:\/\/analyse.optim.biz\/index.php?rest_route=\/wp\/v2\/posts\/2084033","targetHints":{"allow":["GET"]}}],"collection":[{"href":"https:\/\/analyse.optim.biz\/index.php?rest_route=\/wp\/v2\/posts"}],"about":[{"href":"https:\/\/analyse.optim.biz\/index.php?rest_route=\/wp\/v2\/types\/post"}],"author":[{"embeddable":true,"href":"https:\/\/analyse.optim.biz\/index.php?rest_route=\/wp\/v2\/users\/1"}],"replies":[{"embeddable":true,"href":"https:\/\/analyse.optim.biz\/index.php?rest_route=%2Fwp%2Fv2%2Fcomments&post=2084033"}],"version-history":[{"count":0,"href":"https:\/\/analyse.optim.biz\/index.php?rest_route=\/wp\/v2\/posts\/2084033\/revisions"}],"wp:attachment":[{"href":"https:\/\/analyse.optim.biz\/index.php?rest_route=%2Fwp%2Fv2%2Fmedia&parent=2084033"}],"wp:term":[{"taxonomy":"category","embeddable":true,"href":"https:\/\/analyse.optim.biz\/index.php?rest_route=%2Fwp%2Fv2%2Fcategories&post=2084033"},{"taxonomy":"post_tag","embeddable":true,"href":"https:\/\/analyse.optim.biz\/index.php?rest_route=%2Fwp%2Fv2%2Ftags&post=2084033"}],"curies":[{"name":"wp","href":"https:\/\/api.w.org\/{rel}","templated":true}]}}