{"id":2084032,"date":"2026-08-06T09:00:07","date_gmt":"2026-08-06T06:00:07","guid":{"rendered":"https:\/\/analyse.optim.biz\/?p=2084032"},"modified":"2026-08-06T09:00:07","modified_gmt":"2026-08-06T06:00:07","slug":"universitatea-suceveana-gazda-scolii-de-vara-pentru-masteranzi-si-cadre-didactice-din-universitatile-partenere-in-cadrul-aliantei-neolaia","status":"publish","type":"post","link":"https:\/\/analyse.optim.biz\/?p=2084032","title":{"rendered":"Universitatea sucevean\u0103, gazda \u0219colii de var\u0103 pentru masteranzi \u0219i cadre didactice din universit\u0103\u021bile partenere \u00een cadrul alian\u021bei NEOLAiA"},"content":{"rendered":"<p>[analyse_image type=&#8221;featured&#8221; src=&#8221;https:\/\/www.radiotop.ro\/img\/media\/2026\/08\/neolaia-scoala-de-vara-usv.jpg&#8221;]<\/p>\n<div class=\"entry-content no-share\">\n<div class=\"content-inner \">\n<p>Recent, Universitatea \u201e\u0218tefan cel Mare\u201d Suceava a g\u0103zduit NEOLAiA SUMMA MAST \u2013 Academia de Var\u0103 \u00een Antreprenoriat. A fost vorba despre un program intensiv organizat \u00een cadrul Alian\u021bei Universitare Europene<strong>\u00a0<\/strong>NEOLAiA, care a reunit masteranzi \u0219i cadre didactice din cele nou\u0103 universit\u0103\u021bi partenere.<\/p>\n<p>Pe parcursul unei s\u0103pt\u0103m\u00eeni de activit\u0103\u021bi intensive, studen\u021bii NEOLAiA au lucrat \u00een echipe interdisciplinare, utiliz\u00eend metodologii moderne de inovare \u0219i antreprenoriat participativ, pentru a identifica provoc\u0103ri reale ale regiunilor din care provin \u0219i pentru a dezvolta modele de afaceri capabile s\u0103 genereze valoare economic\u0103, social\u0103 \u0219i de mediu.<\/p>\n<p>Conform USV, premiul\u00a0pentru cel mai bun plan de afaceri\u00a0a fost acordat proiectului\u00a0High Five 65, o \u00eentreprindere social\u0103 care propune crearea unei re\u021bele de \u201ecompanioni digitali\u201d, persoane instruite s\u0103 ofere asisten\u021b\u0103 gratuit\u0103 adul\u021bilor v\u00eerstnici \u0219i persoanelor excluse digital \u00een utilizarea serviciilor medicale online.<\/p>\n<p>Au mai fost acordate alte patru premii: pentru cea mai bun\u0103 idee de afaceri, pentru impact regional \u0219i pentru impact durabil, \u0219i premiul publicului.<\/p>\n<\/div>\n<\/div>\n<div class=\"content-inner \">\n<p>Recent, Universitatea \u201e\u0218tefan cel Mare\u201d Suceava a g\u0103zduit NEOLAiA SUMMA MAST \u2013 Academia de Var\u0103 \u00een Antreprenoriat. A fost vorba despre un program intensiv organizat \u00een cadrul Alian\u021bei Universitare Europene<strong>\u00a0<\/strong>NEOLAiA, care a reunit masteranzi \u0219i cadre didactice din cele nou\u0103 universit\u0103\u021bi partenere.<\/p>\n<p>Pe parcursul unei s\u0103pt\u0103m\u00eeni de activit\u0103\u021bi intensive, studen\u021bii NEOLAiA au lucrat \u00een echipe interdisciplinare, utiliz\u00eend metodologii moderne de inovare \u0219i antreprenoriat participativ, pentru a identifica provoc\u0103ri reale ale regiunilor din care provin \u0219i pentru a dezvolta modele de afaceri capabile s\u0103 genereze valoare economic\u0103, social\u0103 \u0219i de mediu.<\/p>\n<p>Conform USV, premiul\u00a0pentru cel mai bun plan de afaceri\u00a0a fost acordat proiectului\u00a0High Five 65, o \u00eentreprindere social\u0103 care propune crearea unei re\u021bele de \u201ecompanioni digitali\u201d, persoane instruite s\u0103 ofere asisten\u021b\u0103 gratuit\u0103 adul\u021bilor v\u00eerstnici \u0219i persoanelor excluse digital \u00een utilizarea serviciilor medicale online.<\/p>\n<p>Au mai fost acordate alte patru premii: pentru cea mai bun\u0103 idee de afaceri, pentru impact regional \u0219i pentru impact durabil, \u0219i premiul publicului.<\/p>\n<\/div>\n<p>[analyse_source url=&#8221;https:\/\/www.radiotop.ro\/educatie\/universitatea-suceveana-gazda-scolii-de-vara-pentru-masteranzi-si-cadre-didactice-din-universitatile-partenere-in-cadrul-aliantei-neolaia.html&#8221;]<\/p>\n","protected":false},"excerpt":{"rendered":"<p>[analyse_image type=&#8221;featured&#8221; src=&#8221;https:\/\/www.radiotop.ro\/img\/media\/2026\/08\/neolaia-scoala-de-vara-usv.jpg&#8221;] Recent, Universitatea \u201e\u0218tefan cel Mare\u201d Suceava a g\u0103zduit NEOLAiA SUMMA MAST \u2013 Academia de Var\u0103 \u00een Antreprenoriat. A fost vorba despre un program intensiv organizat \u00een cadrul Alian\u021bei Universitare Europene\u00a0NEOLAiA, care a reunit masteranzi \u0219i cadre didactice din cele nou\u0103 universit\u0103\u021bi partenere. Pe parcursul unei s\u0103pt\u0103m\u00eeni de activit\u0103\u021bi intensive, studen\u021bii NEOLAiA au [&hellip;]<\/p>\n","protected":false},"author":1,"featured_media":0,"comment_status":"open","ping_status":"","sticky":false,"template":"","format":"standard","meta":{"footnotes":""},"categories":[89],"tags":[226,163],"class_list":["post-2084032","post","type-post","status-publish","format-standard","hentry","category-romania","tag-crawlmanager","tag-radiotop-ro"],"_links":{"self":[{"href":"https:\/\/analyse.optim.biz\/index.php?rest_route=\/wp\/v2\/posts\/2084032","targetHints":{"allow":["GET"]}}],"collection":[{"href":"https:\/\/analyse.optim.biz\/index.php?rest_route=\/wp\/v2\/posts"}],"about":[{"href":"https:\/\/analyse.optim.biz\/index.php?rest_route=\/wp\/v2\/types\/post"}],"author":[{"embeddable":true,"href":"https:\/\/analyse.optim.biz\/index.php?rest_route=\/wp\/v2\/users\/1"}],"replies":[{"embeddable":true,"href":"https:\/\/analyse.optim.biz\/index.php?rest_route=%2Fwp%2Fv2%2Fcomments&post=2084032"}],"version-history":[{"count":0,"href":"https:\/\/analyse.optim.biz\/index.php?rest_route=\/wp\/v2\/posts\/2084032\/revisions"}],"wp:attachment":[{"href":"https:\/\/analyse.optim.biz\/index.php?rest_route=%2Fwp%2Fv2%2Fmedia&parent=2084032"}],"wp:term":[{"taxonomy":"category","embeddable":true,"href":"https:\/\/analyse.optim.biz\/index.php?rest_route=%2Fwp%2Fv2%2Fcategories&post=2084032"},{"taxonomy":"post_tag","embeddable":true,"href":"https:\/\/analyse.optim.biz\/index.php?rest_route=%2Fwp%2Fv2%2Ftags&post=2084032"}],"curies":[{"name":"wp","href":"https:\/\/api.w.org\/{rel}","templated":true}]}}