{"id":2084030,"date":"2026-08-08T14:17:34","date_gmt":"2026-08-08T11:17:34","guid":{"rendered":"https:\/\/analyse.optim.biz\/?p=2084030"},"modified":"2026-08-08T14:17:34","modified_gmt":"2026-08-08T11:17:34","slug":"doi-frati-din-vulturesti-retinuti-dupa-o-agresiune-soldata-cu-rani-prin-injunghiere-unul-a-fost-arestat-preventiv-pentru-tentativa-de-omor","status":"publish","type":"post","link":"https:\/\/analyse.optim.biz\/?p=2084030","title":{"rendered":"Doi fra\u021bi din Vulture\u0219ti, re\u021binu\u021bi dup\u0103 o agresiune soldat\u0103 cu r\u0103ni prin \u00eenjunghiere. Unul a fost arestat preventiv pentru tentativ\u0103 de omor"},"content":{"rendered":"<p>[analyse_image type=&#8221;featured&#8221; src=&#8221;https:\/\/www.newsbucovina.ro\/wp-content\/uploads\/2026\/05\/retinere-2.jpeghttps:\/\/cdn.newsbucovina.ro\/wp-content\/uploads\/2026\/05\/retinere-2.jpeg&#8221;]<\/p>\n<div class=\"td-post-content tagdiv-type\">\n<div class=\"td-a-rec td-a-rec-id-content_top  tdi_3 td_block_template_1\"><strong>Intr\u0103 acum \u0219i \u00een grupul de <\/p>\n<div class=\"wp-block-button\"><a class=\"wp-block-button__link wp-element-button\" href=\"https:\/\/t.me\/+TH8wcfnp8fw5NWI0\">Telegram News Bucovina<\/a><\/div>\n<p><\/strong><\/div>\n<p class=\"wp-block-paragraph\">Poli\u021bi\u0219tii Sec\u021biei de Poli\u021bie Rural\u0103 Preute\u0219ti au finalizat o parte a cercet\u0103rilor \u00eentr-un dosar de agresiune grav\u0103 produs\u0103 pe 5 august 2026, \u00een satul Giurge\u0219ti, comuna Vulture\u0219ti. Cauza a fost preluat\u0103 de Parchetul de pe l\u00e2ng\u0103 Tribunalul Suceava, dup\u0103 ce \u00eencadrarea juridic\u0103 a fost schimbat\u0103, exist\u00e2nd suspiciunea de tentativ\u0103 la omor.<\/p>\n<figure class=\"wp-block-image size-full\"><a href=\"https:\/\/cdn.newsbucovina.ro\/wp-content\/uploads\/2026\/05\/retinere-2.jpeg\"><img loading=\"lazy\" decoding=\"async\" width=\"924\" height=\"520\" src=\"https:\/\/cdn.newsbucovina.ro\/wp-content\/uploads\/2026\/05\/retinere-2.jpeg\" alt class=\"wp-image-438646\"><\/a><\/figure>\n<p class=\"wp-block-paragraph\">Potrivit anchetei, \u00een seara de 5 august, \u00een jurul orei 21:15, doi fra\u021bi din localitate s-au deplasat la locuin\u021ba unui b\u0103rbat din acela\u0219i sat, pe fondul unui conflict anterior legat de un schimb de bunuri. Au p\u0103truns \u00een curte f\u0103r\u0103 acordul locatarilor, unul dintre ei av\u00e2nd asupra sa un par din lemn.<\/p>\n<p class=\"wp-block-paragraph\">\u00cen urma unui schimb de replici, unul dintre fra\u021bi s-a n\u0103pustit asupra victimei \u0219i a lovit-o cu un briceag, provoc\u00e2ndu-i r\u0103ni \u00een zona spatelui, a um\u0103rului, a pieptului \u0219i a capului. Cel de-al doilea frate a \u00eencercat s\u0103-l loveasc\u0103 pe tat\u0103l victimei cu parul, \u00eens\u0103 acesta s-a ap\u0103rat, i-a luat parul \u0219i l-a lovit la r\u00e2ndul s\u0103u \u00een zona capului.<\/p>\n<p class=\"wp-block-paragraph\">Victima a primit \u00eengrijiri medicale la fa\u021ba locului, apoi a fost transportat\u0103 la Spitalul Municipal F\u0103lticeni, unde a fost diagnosticat\u0103 cu plag\u0103 \u00eenjunghiat\u0103 la um\u0103rul drept \u0219i plag\u0103 \u00eenjunghiat\u0103 hemitoracic st\u00e2ng, r\u0103m\u00e2n\u00e2nd internat\u0103. Briceagul folosit \u00een agresiune a fost g\u0103sit asupra unuia dintre fra\u021bi, \u00een urma controlului corporal.<\/p>\n<p class=\"wp-block-paragraph\">Cei doi au p\u0103r\u0103sit locul faptei \u0219i au solicitat ei \u00een\u0219i\u0219i un echipaj de poli\u021bie, pe care l-au a\u0219teptat pe drumul public, unde au fost identifica\u021bi.<\/p>\n<p class=\"wp-block-paragraph\">Pe 7 august 2026, dup\u0103 administrarea probatoriului, fa\u021b\u0103 de unul dintre fra\u021bi s-a dispus re\u021binerea pentru 24 de ore \u0219i punerea \u00een mi\u0219care a ac\u021biunii penale pentru violarea de domiciliu. Ulterior, acesta a fost plasat sub control judiciar pentru 60 de zile.<\/p>\n<p class=\"wp-block-paragraph\">Fa\u021b\u0103 de cel de-al doilea frate s-a dispus re\u021binerea pentru 24 de ore \u0219i punerea \u00een mi\u0219care a ac\u021biunii penale pentru tentativ\u0103 la omor, amenin\u021bare \u0219i violarea de domiciliu. Procurorul de caz a solicitat arestarea preventiv\u0103, iar Tribunalul Suceava a admis propunerea, emit\u00e2nd mandat de arestare preventiv\u0103 pentru 30 de zile, \u00een perioada 7 august \u2013 5 septembrie 2026.<\/p>\n<figure class=\"wp-block-embed is-type-video is-provider-youtube wp-block-embed-youtube wp-embed-aspect-16-9 wp-has-aspect-ratio\">\n<div class=\"wp-block-embed__wrapper\">\n<div class=\"youtube-embed\" data-video_id=\"owaoRC5i8gM\"><iframe loading=\"lazy\" title=\"De ce s\u0103 vrei s\u0103 MORI la 23 de ani?? Buchet de infrac\u021biuni = ADIO via\u021b\u0103!!! Nu a avut nicio \u0219ans\u0103...\" width=\"696\" height=\"392\" src=\"https:\/\/www.youtube.com\/embed\/owaoRC5i8gM?start=15&amp;feature=oembed\" frameborder allow=\"accelerometer; autoplay; clipboard-write; encrypted-media; gyroscope; picture-in-picture; web-share\" referrerpolicy=\"strict-origin-when-cross-origin\" allowfullscreen><\/iframe><\/div>\n<\/div>\n<\/figure>\n<div class=\"td-a-rec td-a-rec-id-content_bottom  tdi_4 td_block_template_1\"><strong>Intr\u0103 acum \u0219i \u00een grupul de <\/p>\n<div class=\"wp-block-button\"><a class=\"wp-block-button__link wp-element-button\" href=\"https:\/\/t.me\/+TH8wcfnp8fw5NWI0\">Telegram News Bucovina<\/a><\/div>\n<p><\/strong><\/div>\n<\/div>\n<div class=\"td-post-content tagdiv-type\">\n<div class=\"td-a-rec td-a-rec-id-content_top  tdi_3 td_block_template_1\"><strong>Intr\u0103 acum \u0219i \u00een grupul de <\/p>\n<div class=\"wp-block-button\"><a class=\"wp-block-button__link wp-element-button\" href=\"https:\/\/t.me\/+TH8wcfnp8fw5NWI0\">Telegram News Bucovina<\/a><\/div>\n<p><\/strong><\/div>\n<p class=\"wp-block-paragraph\">Poli\u021bi\u0219tii Sec\u021biei de Poli\u021bie Rural\u0103 Preute\u0219ti au finalizat o parte a cercet\u0103rilor \u00eentr-un dosar de agresiune grav\u0103 produs\u0103 pe 5 august 2026, \u00een satul Giurge\u0219ti, comuna Vulture\u0219ti. Cauza a fost preluat\u0103 de Parchetul de pe l\u00e2ng\u0103 Tribunalul Suceava, dup\u0103 ce \u00eencadrarea juridic\u0103 a fost schimbat\u0103, exist\u00e2nd suspiciunea de tentativ\u0103 la omor.<\/p>\n<figure class=\"wp-block-image size-full\"><a href=\"https:\/\/cdn.newsbucovina.ro\/wp-content\/uploads\/2026\/05\/retinere-2.jpeg\"><img loading=\"lazy\" decoding=\"async\" width=\"924\" height=\"520\" src=\"https:\/\/cdn.newsbucovina.ro\/wp-content\/uploads\/2026\/05\/retinere-2.jpeg\" alt class=\"wp-image-438646\"><\/a><\/figure>\n<p class=\"wp-block-paragraph\">Potrivit anchetei, \u00een seara de 5 august, \u00een jurul orei 21:15, doi fra\u021bi din localitate s-au deplasat la locuin\u021ba unui b\u0103rbat din acela\u0219i sat, pe fondul unui conflict anterior legat de un schimb de bunuri. Au p\u0103truns \u00een curte f\u0103r\u0103 acordul locatarilor, unul dintre ei av\u00e2nd asupra sa un par din lemn.<\/p>\n<p class=\"wp-block-paragraph\">\u00cen urma unui schimb de replici, unul dintre fra\u021bi s-a n\u0103pustit asupra victimei \u0219i a lovit-o cu un briceag, provoc\u00e2ndu-i r\u0103ni \u00een zona spatelui, a um\u0103rului, a pieptului \u0219i a capului. Cel de-al doilea frate a \u00eencercat s\u0103-l loveasc\u0103 pe tat\u0103l victimei cu parul, \u00eens\u0103 acesta s-a ap\u0103rat, i-a luat parul \u0219i l-a lovit la r\u00e2ndul s\u0103u \u00een zona capului.<\/p>\n<p class=\"wp-block-paragraph\">Victima a primit \u00eengrijiri medicale la fa\u021ba locului, apoi a fost transportat\u0103 la Spitalul Municipal F\u0103lticeni, unde a fost diagnosticat\u0103 cu plag\u0103 \u00eenjunghiat\u0103 la um\u0103rul drept \u0219i plag\u0103 \u00eenjunghiat\u0103 hemitoracic st\u00e2ng, r\u0103m\u00e2n\u00e2nd internat\u0103. Briceagul folosit \u00een agresiune a fost g\u0103sit asupra unuia dintre fra\u021bi, \u00een urma controlului corporal.<\/p>\n<p class=\"wp-block-paragraph\">Cei doi au p\u0103r\u0103sit locul faptei \u0219i au solicitat ei \u00een\u0219i\u0219i un echipaj de poli\u021bie, pe care l-au a\u0219teptat pe drumul public, unde au fost identifica\u021bi.<\/p>\n<p class=\"wp-block-paragraph\">Pe 7 august 2026, dup\u0103 administrarea probatoriului, fa\u021b\u0103 de unul dintre fra\u021bi s-a dispus re\u021binerea pentru 24 de ore \u0219i punerea \u00een mi\u0219care a ac\u021biunii penale pentru violarea de domiciliu. Ulterior, acesta a fost plasat sub control judiciar pentru 60 de zile.<\/p>\n<p class=\"wp-block-paragraph\">Fa\u021b\u0103 de cel de-al doilea frate s-a dispus re\u021binerea pentru 24 de ore \u0219i punerea \u00een mi\u0219care a ac\u021biunii penale pentru tentativ\u0103 la omor, amenin\u021bare \u0219i violarea de domiciliu. Procurorul de caz a solicitat arestarea preventiv\u0103, iar Tribunalul Suceava a admis propunerea, emit\u00e2nd mandat de arestare preventiv\u0103 pentru 30 de zile, \u00een perioada 7 august \u2013 5 septembrie 2026.<\/p>\n<figure class=\"wp-block-embed is-type-video is-provider-youtube wp-block-embed-youtube wp-embed-aspect-16-9 wp-has-aspect-ratio\">\n<div class=\"wp-block-embed__wrapper\">\n<div class=\"youtube-embed\" data-video_id=\"owaoRC5i8gM\"><iframe loading=\"lazy\" title=\"De ce s\u0103 vrei s\u0103 MORI la 23 de ani?? Buchet de infrac\u021biuni = ADIO via\u021b\u0103!!! Nu a avut nicio \u0219ans\u0103...\" width=\"696\" height=\"392\" src=\"https:\/\/www.youtube.com\/embed\/owaoRC5i8gM?start=15&amp;feature=oembed\" frameborder allow=\"accelerometer; autoplay; clipboard-write; encrypted-media; gyroscope; picture-in-picture; web-share\" referrerpolicy=\"strict-origin-when-cross-origin\" allowfullscreen><\/iframe><\/div>\n<\/div>\n<\/figure>\n<div class=\"td-a-rec td-a-rec-id-content_bottom  tdi_4 td_block_template_1\"><strong>Intr\u0103 acum \u0219i \u00een grupul de <\/p>\n<div class=\"wp-block-button\"><a class=\"wp-block-button__link wp-element-button\" href=\"https:\/\/t.me\/+TH8wcfnp8fw5NWI0\">Telegram News Bucovina<\/a><\/div>\n<p><\/strong><\/div>\n<\/div>\n<p>[analyse_source url=&#8221;https:\/\/www.newsbucovina.ro\/social\/445977\/doi-frati-din-vulturesti-retinuti-dupa-o-agresiune-soldata-cu-rani-prin-injunghiere-unul-a-fost-arestat-preventiv-pentru-tentativa-de-omor&#8221;]<\/p>\n","protected":false},"excerpt":{"rendered":"<p>[analyse_image type=&#8221;featured&#8221; src=&#8221;https:\/\/www.newsbucovina.ro\/wp-content\/uploads\/2026\/05\/retinere-2.jpeghttps:\/\/cdn.newsbucovina.ro\/wp-content\/uploads\/2026\/05\/retinere-2.jpeg&#8221;] Intr\u0103 acum \u0219i \u00een grupul de Telegram News Bucovina Poli\u021bi\u0219tii Sec\u021biei de Poli\u021bie Rural\u0103 Preute\u0219ti au finalizat o parte a cercet\u0103rilor \u00eentr-un dosar de agresiune grav\u0103 produs\u0103 pe 5 august 2026, \u00een satul Giurge\u0219ti, comuna Vulture\u0219ti. Cauza a fost preluat\u0103 de Parchetul de pe l\u00e2ng\u0103 Tribunalul Suceava, dup\u0103 ce \u00eencadrarea juridic\u0103 a [&hellip;]<\/p>\n","protected":false},"author":1,"featured_media":0,"comment_status":"open","ping_status":"","sticky":false,"template":"","format":"standard","meta":{"footnotes":""},"categories":[89],"tags":[226,165],"class_list":["post-2084030","post","type-post","status-publish","format-standard","hentry","category-romania","tag-crawlmanager","tag-newsbucovina-ro"],"_links":{"self":[{"href":"https:\/\/analyse.optim.biz\/index.php?rest_route=\/wp\/v2\/posts\/2084030","targetHints":{"allow":["GET"]}}],"collection":[{"href":"https:\/\/analyse.optim.biz\/index.php?rest_route=\/wp\/v2\/posts"}],"about":[{"href":"https:\/\/analyse.optim.biz\/index.php?rest_route=\/wp\/v2\/types\/post"}],"author":[{"embeddable":true,"href":"https:\/\/analyse.optim.biz\/index.php?rest_route=\/wp\/v2\/users\/1"}],"replies":[{"embeddable":true,"href":"https:\/\/analyse.optim.biz\/index.php?rest_route=%2Fwp%2Fv2%2Fcomments&post=2084030"}],"version-history":[{"count":0,"href":"https:\/\/analyse.optim.biz\/index.php?rest_route=\/wp\/v2\/posts\/2084030\/revisions"}],"wp:attachment":[{"href":"https:\/\/analyse.optim.biz\/index.php?rest_route=%2Fwp%2Fv2%2Fmedia&parent=2084030"}],"wp:term":[{"taxonomy":"category","embeddable":true,"href":"https:\/\/analyse.optim.biz\/index.php?rest_route=%2Fwp%2Fv2%2Fcategories&post=2084030"},{"taxonomy":"post_tag","embeddable":true,"href":"https:\/\/analyse.optim.biz\/index.php?rest_route=%2Fwp%2Fv2%2Ftags&post=2084030"}],"curies":[{"name":"wp","href":"https:\/\/api.w.org\/{rel}","templated":true}]}}