{"id":2084027,"date":"2026-08-08T13:37:15","date_gmt":"2026-08-08T10:37:15","guid":{"rendered":"https:\/\/analyse.optim.biz\/?p=2084027"},"modified":"2026-08-08T13:37:15","modified_gmt":"2026-08-08T10:37:15","slug":"accident-in-vatra-moldovitei-un-tanar-sofer-a-fost-ranit-dupa-ce-un-alt-sofer-nu-i-a-acordat-prioritate","status":"publish","type":"post","link":"https:\/\/analyse.optim.biz\/?p=2084027","title":{"rendered":"Accident \u00een Vatra Moldovi\u021bei: Un t\u00e2n\u0103r \u0219ofer a fost r\u0103nit dup\u0103 ce un alt \u0219ofer nu i-a acordat prioritate"},"content":{"rendered":"<p>[analyse_image type=&#8221;featured&#8221; src=&#8221;https:\/\/www.newsbucovina.ro\/wp-content\/uploads\/2026\/08\/Screenshot-3-1.pnghttps:\/\/cdn.newsbucovina.ro\/wp-content\/uploads\/2026\/08\/Screenshot-3-1.png&#8221;]<\/p>\n<div class=\"td-post-content tagdiv-type\">\n<div class=\"td-a-rec td-a-rec-id-content_top  tdi_3 td_block_template_1\"><strong>Intr\u0103 acum \u0219i \u00een grupul de <\/p>\n<div class=\"wp-block-button\"><a class=\"wp-block-button__link wp-element-button\" href=\"https:\/\/t.me\/+TH8wcfnp8fw5NWI0\">Telegram News Bucovina<\/a><\/div>\n<p><\/strong><\/div>\n<p class=\"wp-block-paragraph\">Un t\u00e2n\u0103r \u00een v\u00e2rst\u0103 de 23 de ani, din jude\u021bul Vaslui, a fost r\u0103nit vineri, 7 august 2026, \u00eentr-un accident rutier produs \u00een localitatea Vatra Moldovi\u021bei.<\/p>\n<div class=\"wp-block-image\">\n<figure class=\"aligncenter size-full\"><a href=\"https:\/\/cdn.newsbucovina.ro\/wp-content\/uploads\/2026\/08\/Screenshot-3-1.png\"><img loading=\"lazy\" decoding=\"async\" width=\"747\" height=\"393\" src=\"https:\/\/cdn.newsbucovina.ro\/wp-content\/uploads\/2026\/08\/Screenshot-3-1.png\" alt class=\"wp-image-445964\"><\/a><\/figure>\n<\/div>\n<p class=\"wp-block-paragraph\">\u00cen jurul orei 13:10, un b\u0103rbat de 46 de ani, din comuna Vatra Moldovi\u021bei, conducea un autoturism marca Audi pe DJ 176. Ajuns \u00een intersec\u021bia cu DN 17A, nu a acordat prioritate de trecere unui alt autoturism Audi, care avea acest drept, provoc\u00e2nd coliziunea.<\/p>\n<p class=\"wp-block-paragraph\">\u00cen urma impactului, ma\u0219ina t\u00e2n\u0103rului a fost proiectat\u0103 \u00een gardul sta\u021biei PECO din zon\u0103, dup\u0103 care a intrat \u00een coliziune cu un autoturism Mitsubishi care sta\u021biona \u00een incinta benzin\u0103riei.<\/p>\n<p class=\"wp-block-paragraph\">Conduc\u0103torul auto r\u0103nit a fost transportat la Spitalul Municipal C\u00e2mpulung Moldovenesc, unde a fost diagnosticat cu traumatism la antebra\u021bul st\u00e2ng.<\/p>\n<p class=\"wp-block-paragraph\">Ambii \u0219oferi au fost testa\u021bi alcoolscopic. Primul a prezentat ini\u021bial o concentra\u021bie de 0,06 mg\/l alcool pur \u00een aerul expirat, \u00eens\u0103 la retestare rezultatul a fost 0,00 mg\/l. I s-au recoltat mostre biologice. Cel de-al doilea conduc\u0103tor auto a avut rezultat negativ.<\/p>\n<p class=\"wp-block-paragraph\">Poli\u021bi\u0219tii Compartimentului Rutier al Poli\u021biei Municipiului C\u00e2mpulung Moldovenesc, \u00eempreun\u0103 cu un tehnician criminalist, s-au deplasat la fa\u021ba locului. A fost \u00eentocmit dosar de cercetare penal\u0103 sub aspectul infrac\u021biunii de v\u0103t\u0103mare corporal\u0103 din culp\u0103.<\/p>\n<figure class=\"wp-block-embed is-type-video is-provider-youtube wp-block-embed-youtube wp-embed-aspect-16-9 wp-has-aspect-ratio\">\n<div class=\"wp-block-embed__wrapper\">\n<div class=\"youtube-embed\" data-video_id=\"owaoRC5i8gM\"><iframe loading=\"lazy\" title=\"De ce s\u0103 vrei s\u0103 MORI la 23 de ani?? Buchet de infrac\u021biuni = ADIO via\u021b\u0103!!! Nu a avut nicio \u0219ans\u0103...\" width=\"696\" height=\"392\" src=\"https:\/\/www.youtube.com\/embed\/owaoRC5i8gM?start=15&amp;feature=oembed\" frameborder allow=\"accelerometer; autoplay; clipboard-write; encrypted-media; gyroscope; picture-in-picture; web-share\" referrerpolicy=\"strict-origin-when-cross-origin\" allowfullscreen><\/iframe><\/div>\n<\/div>\n<\/figure>\n<div class=\"td-a-rec td-a-rec-id-content_bottom  tdi_4 td_block_template_1\"><strong>Intr\u0103 acum \u0219i \u00een grupul de <\/p>\n<div class=\"wp-block-button\"><a class=\"wp-block-button__link wp-element-button\" href=\"https:\/\/t.me\/+TH8wcfnp8fw5NWI0\">Telegram News Bucovina<\/a><\/div>\n<p><\/strong><\/div>\n<\/div>\n<div class=\"td-post-content tagdiv-type\">\n<div class=\"td-a-rec td-a-rec-id-content_top  tdi_3 td_block_template_1\"><strong>Intr\u0103 acum \u0219i \u00een grupul de <\/p>\n<div class=\"wp-block-button\"><a class=\"wp-block-button__link wp-element-button\" href=\"https:\/\/t.me\/+TH8wcfnp8fw5NWI0\">Telegram News Bucovina<\/a><\/div>\n<p><\/strong><\/div>\n<p class=\"wp-block-paragraph\">Un t\u00e2n\u0103r \u00een v\u00e2rst\u0103 de 23 de ani, din jude\u021bul Vaslui, a fost r\u0103nit vineri, 7 august 2026, \u00eentr-un accident rutier produs \u00een localitatea Vatra Moldovi\u021bei.<\/p>\n<div class=\"wp-block-image\">\n<figure class=\"aligncenter size-full\"><a href=\"https:\/\/cdn.newsbucovina.ro\/wp-content\/uploads\/2026\/08\/Screenshot-3-1.png\"><img loading=\"lazy\" decoding=\"async\" width=\"747\" height=\"393\" src=\"https:\/\/cdn.newsbucovina.ro\/wp-content\/uploads\/2026\/08\/Screenshot-3-1.png\" alt class=\"wp-image-445964\"><\/a><\/figure>\n<\/div>\n<p class=\"wp-block-paragraph\">\u00cen jurul orei 13:10, un b\u0103rbat de 46 de ani, din comuna Vatra Moldovi\u021bei, conducea un autoturism marca Audi pe DJ 176. Ajuns \u00een intersec\u021bia cu DN 17A, nu a acordat prioritate de trecere unui alt autoturism Audi, care avea acest drept, provoc\u00e2nd coliziunea.<\/p>\n<p class=\"wp-block-paragraph\">\u00cen urma impactului, ma\u0219ina t\u00e2n\u0103rului a fost proiectat\u0103 \u00een gardul sta\u021biei PECO din zon\u0103, dup\u0103 care a intrat \u00een coliziune cu un autoturism Mitsubishi care sta\u021biona \u00een incinta benzin\u0103riei.<\/p>\n<p class=\"wp-block-paragraph\">Conduc\u0103torul auto r\u0103nit a fost transportat la Spitalul Municipal C\u00e2mpulung Moldovenesc, unde a fost diagnosticat cu traumatism la antebra\u021bul st\u00e2ng.<\/p>\n<p class=\"wp-block-paragraph\">Ambii \u0219oferi au fost testa\u021bi alcoolscopic. Primul a prezentat ini\u021bial o concentra\u021bie de 0,06 mg\/l alcool pur \u00een aerul expirat, \u00eens\u0103 la retestare rezultatul a fost 0,00 mg\/l. I s-au recoltat mostre biologice. Cel de-al doilea conduc\u0103tor auto a avut rezultat negativ.<\/p>\n<p class=\"wp-block-paragraph\">Poli\u021bi\u0219tii Compartimentului Rutier al Poli\u021biei Municipiului C\u00e2mpulung Moldovenesc, \u00eempreun\u0103 cu un tehnician criminalist, s-au deplasat la fa\u021ba locului. A fost \u00eentocmit dosar de cercetare penal\u0103 sub aspectul infrac\u021biunii de v\u0103t\u0103mare corporal\u0103 din culp\u0103.<\/p>\n<figure class=\"wp-block-embed is-type-video is-provider-youtube wp-block-embed-youtube wp-embed-aspect-16-9 wp-has-aspect-ratio\">\n<div class=\"wp-block-embed__wrapper\">\n<div class=\"youtube-embed\" data-video_id=\"owaoRC5i8gM\"><iframe loading=\"lazy\" title=\"De ce s\u0103 vrei s\u0103 MORI la 23 de ani?? Buchet de infrac\u021biuni = ADIO via\u021b\u0103!!! Nu a avut nicio \u0219ans\u0103...\" width=\"696\" height=\"392\" src=\"https:\/\/www.youtube.com\/embed\/owaoRC5i8gM?start=15&amp;feature=oembed\" frameborder allow=\"accelerometer; autoplay; clipboard-write; encrypted-media; gyroscope; picture-in-picture; web-share\" referrerpolicy=\"strict-origin-when-cross-origin\" allowfullscreen><\/iframe><\/div>\n<\/div>\n<\/figure>\n<div class=\"td-a-rec td-a-rec-id-content_bottom  tdi_4 td_block_template_1\"><strong>Intr\u0103 acum \u0219i \u00een grupul de <\/p>\n<div class=\"wp-block-button\"><a class=\"wp-block-button__link wp-element-button\" href=\"https:\/\/t.me\/+TH8wcfnp8fw5NWI0\">Telegram News Bucovina<\/a><\/div>\n<p><\/strong><\/div>\n<\/div>\n<p>[analyse_source url=&#8221;https:\/\/www.newsbucovina.ro\/social\/445963\/accident-in-vatra-moldovitei-un-tanar-sofer-a-fost-ranit-dupa-ce-un-alt-sofer-nu-i-a-acordat-prioritate&#8221;]<\/p>\n","protected":false},"excerpt":{"rendered":"<p>[analyse_image type=&#8221;featured&#8221; src=&#8221;https:\/\/www.newsbucovina.ro\/wp-content\/uploads\/2026\/08\/Screenshot-3-1.pnghttps:\/\/cdn.newsbucovina.ro\/wp-content\/uploads\/2026\/08\/Screenshot-3-1.png&#8221;] Intr\u0103 acum \u0219i \u00een grupul de Telegram News Bucovina Un t\u00e2n\u0103r \u00een v\u00e2rst\u0103 de 23 de ani, din jude\u021bul Vaslui, a fost r\u0103nit vineri, 7 august 2026, \u00eentr-un accident rutier produs \u00een localitatea Vatra Moldovi\u021bei. \u00cen jurul orei 13:10, un b\u0103rbat de 46 de ani, din comuna Vatra Moldovi\u021bei, conducea un autoturism [&hellip;]<\/p>\n","protected":false},"author":1,"featured_media":0,"comment_status":"open","ping_status":"","sticky":false,"template":"","format":"standard","meta":{"footnotes":""},"categories":[89],"tags":[226,165],"class_list":["post-2084027","post","type-post","status-publish","format-standard","hentry","category-romania","tag-crawlmanager","tag-newsbucovina-ro"],"_links":{"self":[{"href":"https:\/\/analyse.optim.biz\/index.php?rest_route=\/wp\/v2\/posts\/2084027","targetHints":{"allow":["GET"]}}],"collection":[{"href":"https:\/\/analyse.optim.biz\/index.php?rest_route=\/wp\/v2\/posts"}],"about":[{"href":"https:\/\/analyse.optim.biz\/index.php?rest_route=\/wp\/v2\/types\/post"}],"author":[{"embeddable":true,"href":"https:\/\/analyse.optim.biz\/index.php?rest_route=\/wp\/v2\/users\/1"}],"replies":[{"embeddable":true,"href":"https:\/\/analyse.optim.biz\/index.php?rest_route=%2Fwp%2Fv2%2Fcomments&post=2084027"}],"version-history":[{"count":0,"href":"https:\/\/analyse.optim.biz\/index.php?rest_route=\/wp\/v2\/posts\/2084027\/revisions"}],"wp:attachment":[{"href":"https:\/\/analyse.optim.biz\/index.php?rest_route=%2Fwp%2Fv2%2Fmedia&parent=2084027"}],"wp:term":[{"taxonomy":"category","embeddable":true,"href":"https:\/\/analyse.optim.biz\/index.php?rest_route=%2Fwp%2Fv2%2Fcategories&post=2084027"},{"taxonomy":"post_tag","embeddable":true,"href":"https:\/\/analyse.optim.biz\/index.php?rest_route=%2Fwp%2Fv2%2Ftags&post=2084027"}],"curies":[{"name":"wp","href":"https:\/\/api.w.org\/{rel}","templated":true}]}}