{"id":2084024,"date":"2026-08-08T14:42:01","date_gmt":"2026-08-08T11:42:01","guid":{"rendered":"https:\/\/analyse.optim.biz\/?p=2084024"},"modified":"2026-08-08T14:42:01","modified_gmt":"2026-08-08T11:42:01","slug":"inscrieri-deschise-la-cea-de-a-iv-a-editie-a-scolii-de-vara-la-marginea-scolii","status":"publish","type":"post","link":"https:\/\/analyse.optim.biz\/?p=2084024","title":{"rendered":"\u00censcrieri deschise la cea de-a IV-a edi\u021bie a \u0218colii de Var\u0103 \u201eLa Marginea \u0218colii\u201d"},"content":{"rendered":"<p>[analyse_image type=&#8221;featured&#8221; src=&#8221;https:\/\/www.newsbucovina.ro\/wp-content\/uploads\/2026\/08\/1000470704-1.jpghttps:\/\/cdn.newsbucovina.ro\/wp-content\/uploads\/2026\/08\/1000470704-1.jpg&#8221;]<\/p>\n<div class=\"td-post-content tagdiv-type\">\n<div class=\"td-a-rec td-a-rec-id-content_top  tdi_3 td_block_template_1\"><strong>Intr\u0103 acum \u0219i \u00een grupul de <\/p>\n<div class=\"wp-block-button\"><a class=\"wp-block-button__link wp-element-button\" href=\"https:\/\/t.me\/+TH8wcfnp8fw5NWI0\">Telegram News Bucovina<\/a><\/div>\n<p><\/strong><\/div>\n<p class=\"wp-block-paragraph\">Asocia\u021bia True Health, \u00een parteneriat cu grupul de tineret \u201eTinerii M\u0103rgineni\u201d, a deschis \u00eenscrierile pentru cea de-a IV-a edi\u021bie a \u0218colii de Var\u0103 \u201eLa Marginea \u0218colii\u201d. Evenimentul se va desf\u0103\u0219ura \u00een perioada 10\u201316 august 2026, la Centrul de Tineret din comuna Marginea, sub titlul \u201eVia\u021ba bate filmul: Tu e\u0219ti doar actorul, sau \u0219i regizorul vie\u021bii tale?\u201d.<\/p>\n<div class=\"wp-block-image\">\n<figure class=\"aligncenter size-large\"><a href=\"https:\/\/cdn.newsbucovina.ro\/wp-content\/uploads\/2026\/08\/1000470704.jpg\"><img loading=\"lazy\" decoding=\"async\" width=\"768\" height=\"1024\" src=\"https:\/\/cdn.newsbucovina.ro\/wp-content\/uploads\/2026\/08\/1000470704-768x1024.jpg\" alt class=\"wp-image-445985\"><\/a><\/figure>\n<\/div>\n<p class=\"wp-block-paragraph\">Programul este destinat tinerilor cu v\u00e2rste \u00eentre 16 \u0219i 23 de ani \u0219i propune o serie de ateliere interactive gratuite, axate pe dezvoltarea personal\u0103 \u0219i social\u0103. Participan\u021bii vor avea asigurate o mas\u0103 pe zi \u0219i gust\u0103ri. Pentru tinerii care locuiesc la peste 50 de kilometri de R\u0103d\u0103u\u021bi, organizatorii pot pune la dispozi\u021bie \u0219i cazare, la nevoie.<\/p>\n<p class=\"wp-block-paragraph\">Edi\u021bia din acest an este structurat\u0103 pe cinci piloni principali: dezvoltarea identit\u0103\u021bii personale \u0219i clarificarea sistemului de valori, etichetarea social\u0103 \u0219i construc\u021bia imaginii de sine, influen\u021ba social\u0103 \u0219i rela\u021biile de suport, comportamentele adictive \u0219i mecanismele de autoreglare, precum \u0219i rezilien\u021ba psihologic\u0103 \u0219i gestionarea situa\u021biilor dificile.<\/p>\n<p class=\"wp-block-paragraph\">Speakerii \u0219i formatorii implica\u021bi au experien\u021b\u0103 \u00een educa\u021bia non-formal\u0103 \u0219i \u00een lucrul cu tinerii, urm\u00e2nd s\u0103 ghideze participan\u021bii prin sesiuni practice, adaptate nevoilor lor.<\/p>\n<p class=\"wp-block-paragraph\">\u00censcrierile se pot face p\u00e2n\u0103 duminic\u0103, 9 august 2026, ora 15:00. Selec\u021bia final\u0103 va fi anun\u021bat\u0103 \u00een aceea\u0219i zi, la ora 18:00.<\/p>\n<p class=\"wp-block-paragraph\">Activitatea face parte din proiectul \u201eMarginea+\u201d \u0219i se desf\u0103\u0219oar\u0103 sub egida programului \u201eMarginea \u2013 Sat European de Tineret 2026\u201d, titlu acordat \u00een cadrul ini\u021biativei European Youth Village.<\/p>\n<figure class=\"wp-block-embed is-type-video is-provider-youtube wp-block-embed-youtube wp-embed-aspect-16-9 wp-has-aspect-ratio\">\n<div class=\"wp-block-embed__wrapper\">\n<div class=\"youtube-embed\" data-video_id=\"owaoRC5i8gM\"><iframe loading=\"lazy\" title=\"De ce s\u0103 vrei s\u0103 MORI la 23 de ani?? Buchet de infrac\u021biuni = ADIO via\u021b\u0103!!! Nu a avut nicio \u0219ans\u0103...\" width=\"696\" height=\"392\" src=\"https:\/\/www.youtube.com\/embed\/owaoRC5i8gM?start=15&amp;feature=oembed\" frameborder allow=\"accelerometer; autoplay; clipboard-write; encrypted-media; gyroscope; picture-in-picture; web-share\" referrerpolicy=\"strict-origin-when-cross-origin\" allowfullscreen><\/iframe><\/div>\n<\/div>\n<\/figure>\n<div class=\"td-a-rec td-a-rec-id-content_bottom  tdi_4 td_block_template_1\"><strong>Intr\u0103 acum \u0219i \u00een grupul de <\/p>\n<div class=\"wp-block-button\"><a class=\"wp-block-button__link wp-element-button\" href=\"https:\/\/t.me\/+TH8wcfnp8fw5NWI0\">Telegram News Bucovina<\/a><\/div>\n<p><\/strong><\/div>\n<\/div>\n<div class=\"td-post-content tagdiv-type\">\n<div class=\"td-a-rec td-a-rec-id-content_top  tdi_3 td_block_template_1\"><strong>Intr\u0103 acum \u0219i \u00een grupul de <\/p>\n<div class=\"wp-block-button\"><a class=\"wp-block-button__link wp-element-button\" href=\"https:\/\/t.me\/+TH8wcfnp8fw5NWI0\">Telegram News Bucovina<\/a><\/div>\n<p><\/strong><\/div>\n<p class=\"wp-block-paragraph\">Asocia\u021bia True Health, \u00een parteneriat cu grupul de tineret \u201eTinerii M\u0103rgineni\u201d, a deschis \u00eenscrierile pentru cea de-a IV-a edi\u021bie a \u0218colii de Var\u0103 \u201eLa Marginea \u0218colii\u201d. Evenimentul se va desf\u0103\u0219ura \u00een perioada 10\u201316 august 2026, la Centrul de Tineret din comuna Marginea, sub titlul \u201eVia\u021ba bate filmul: Tu e\u0219ti doar actorul, sau \u0219i regizorul vie\u021bii tale?\u201d.<\/p>\n<div class=\"wp-block-image\">\n<figure class=\"aligncenter size-large\"><a href=\"https:\/\/cdn.newsbucovina.ro\/wp-content\/uploads\/2026\/08\/1000470704.jpg\"><img loading=\"lazy\" decoding=\"async\" width=\"768\" height=\"1024\" src=\"https:\/\/cdn.newsbucovina.ro\/wp-content\/uploads\/2026\/08\/1000470704-768x1024.jpg\" alt class=\"wp-image-445985\"><\/a><\/figure>\n<\/div>\n<p class=\"wp-block-paragraph\">Programul este destinat tinerilor cu v\u00e2rste \u00eentre 16 \u0219i 23 de ani \u0219i propune o serie de ateliere interactive gratuite, axate pe dezvoltarea personal\u0103 \u0219i social\u0103. Participan\u021bii vor avea asigurate o mas\u0103 pe zi \u0219i gust\u0103ri. Pentru tinerii care locuiesc la peste 50 de kilometri de R\u0103d\u0103u\u021bi, organizatorii pot pune la dispozi\u021bie \u0219i cazare, la nevoie.<\/p>\n<p class=\"wp-block-paragraph\">Edi\u021bia din acest an este structurat\u0103 pe cinci piloni principali: dezvoltarea identit\u0103\u021bii personale \u0219i clarificarea sistemului de valori, etichetarea social\u0103 \u0219i construc\u021bia imaginii de sine, influen\u021ba social\u0103 \u0219i rela\u021biile de suport, comportamentele adictive \u0219i mecanismele de autoreglare, precum \u0219i rezilien\u021ba psihologic\u0103 \u0219i gestionarea situa\u021biilor dificile.<\/p>\n<p class=\"wp-block-paragraph\">Speakerii \u0219i formatorii implica\u021bi au experien\u021b\u0103 \u00een educa\u021bia non-formal\u0103 \u0219i \u00een lucrul cu tinerii, urm\u00e2nd s\u0103 ghideze participan\u021bii prin sesiuni practice, adaptate nevoilor lor.<\/p>\n<p class=\"wp-block-paragraph\">\u00censcrierile se pot face p\u00e2n\u0103 duminic\u0103, 9 august 2026, ora 15:00. Selec\u021bia final\u0103 va fi anun\u021bat\u0103 \u00een aceea\u0219i zi, la ora 18:00.<\/p>\n<p class=\"wp-block-paragraph\">Activitatea face parte din proiectul \u201eMarginea+\u201d \u0219i se desf\u0103\u0219oar\u0103 sub egida programului \u201eMarginea \u2013 Sat European de Tineret 2026\u201d, titlu acordat \u00een cadrul ini\u021biativei European Youth Village.<\/p>\n<figure class=\"wp-block-embed is-type-video is-provider-youtube wp-block-embed-youtube wp-embed-aspect-16-9 wp-has-aspect-ratio\">\n<div class=\"wp-block-embed__wrapper\">\n<div class=\"youtube-embed\" data-video_id=\"owaoRC5i8gM\"><iframe loading=\"lazy\" title=\"De ce s\u0103 vrei s\u0103 MORI la 23 de ani?? Buchet de infrac\u021biuni = ADIO via\u021b\u0103!!! Nu a avut nicio \u0219ans\u0103...\" width=\"696\" height=\"392\" src=\"https:\/\/www.youtube.com\/embed\/owaoRC5i8gM?start=15&amp;feature=oembed\" frameborder allow=\"accelerometer; autoplay; clipboard-write; encrypted-media; gyroscope; picture-in-picture; web-share\" referrerpolicy=\"strict-origin-when-cross-origin\" allowfullscreen><\/iframe><\/div>\n<\/div>\n<\/figure>\n<div class=\"td-a-rec td-a-rec-id-content_bottom  tdi_4 td_block_template_1\"><strong>Intr\u0103 acum \u0219i \u00een grupul de <\/p>\n<div class=\"wp-block-button\"><a class=\"wp-block-button__link wp-element-button\" href=\"https:\/\/t.me\/+TH8wcfnp8fw5NWI0\">Telegram News Bucovina<\/a><\/div>\n<p><\/strong><\/div>\n<\/div>\n<p>[analyse_source url=&#8221;https:\/\/www.newsbucovina.ro\/social\/445984\/inscrieri-deschise-la-cea-de-a-iv-a-editie-a-scolii-de-vara-la-marginea-scolii&#8221;]<\/p>\n","protected":false},"excerpt":{"rendered":"<p>[analyse_image type=&#8221;featured&#8221; src=&#8221;https:\/\/www.newsbucovina.ro\/wp-content\/uploads\/2026\/08\/1000470704-1.jpghttps:\/\/cdn.newsbucovina.ro\/wp-content\/uploads\/2026\/08\/1000470704-1.jpg&#8221;] Intr\u0103 acum \u0219i \u00een grupul de Telegram News Bucovina Asocia\u021bia True Health, \u00een parteneriat cu grupul de tineret \u201eTinerii M\u0103rgineni\u201d, a deschis \u00eenscrierile pentru cea de-a IV-a edi\u021bie a \u0218colii de Var\u0103 \u201eLa Marginea \u0218colii\u201d. Evenimentul se va desf\u0103\u0219ura \u00een perioada 10\u201316 august 2026, la Centrul de Tineret din comuna Marginea, sub [&hellip;]<\/p>\n","protected":false},"author":1,"featured_media":0,"comment_status":"open","ping_status":"","sticky":false,"template":"","format":"standard","meta":{"footnotes":""},"categories":[89],"tags":[226,165],"class_list":["post-2084024","post","type-post","status-publish","format-standard","hentry","category-romania","tag-crawlmanager","tag-newsbucovina-ro"],"_links":{"self":[{"href":"https:\/\/analyse.optim.biz\/index.php?rest_route=\/wp\/v2\/posts\/2084024","targetHints":{"allow":["GET"]}}],"collection":[{"href":"https:\/\/analyse.optim.biz\/index.php?rest_route=\/wp\/v2\/posts"}],"about":[{"href":"https:\/\/analyse.optim.biz\/index.php?rest_route=\/wp\/v2\/types\/post"}],"author":[{"embeddable":true,"href":"https:\/\/analyse.optim.biz\/index.php?rest_route=\/wp\/v2\/users\/1"}],"replies":[{"embeddable":true,"href":"https:\/\/analyse.optim.biz\/index.php?rest_route=%2Fwp%2Fv2%2Fcomments&post=2084024"}],"version-history":[{"count":0,"href":"https:\/\/analyse.optim.biz\/index.php?rest_route=\/wp\/v2\/posts\/2084024\/revisions"}],"wp:attachment":[{"href":"https:\/\/analyse.optim.biz\/index.php?rest_route=%2Fwp%2Fv2%2Fmedia&parent=2084024"}],"wp:term":[{"taxonomy":"category","embeddable":true,"href":"https:\/\/analyse.optim.biz\/index.php?rest_route=%2Fwp%2Fv2%2Fcategories&post=2084024"},{"taxonomy":"post_tag","embeddable":true,"href":"https:\/\/analyse.optim.biz\/index.php?rest_route=%2Fwp%2Fv2%2Ftags&post=2084024"}],"curies":[{"name":"wp","href":"https:\/\/api.w.org\/{rel}","templated":true}]}}