{"id":2084021,"date":"2026-08-08T13:42:39","date_gmt":"2026-08-08T10:42:39","guid":{"rendered":"https:\/\/analyse.optim.biz\/?p=2084021"},"modified":"2026-08-08T13:42:39","modified_gmt":"2026-08-08T10:42:39","slug":"scandal-si-amenintari-cu-moartea-in-plina-strada-stiri-suceava","status":"publish","type":"post","link":"https:\/\/analyse.optim.biz\/?p=2084021","title":{"rendered":"Scandal \u0219i amenin\u021b\u0103ri cu moartea, \u00een plin\u0103 strad\u0103 &#8211; Stiri Suceava"},"content":{"rendered":"<p>[analyse_image type=&#8221;featured&#8221; src=&#8221;https:\/\/www.informatiata.ro\/wp-content\/uploads\/2026\/08\/filtru1-1024&#215;833.jpg&#8221;]<\/p>\n<div class=\"td-post-content tagdiv-type\">\n<div class=\"td-post-featured-image\"><a href=\"https:\/\/www.informatiata.ro\/wp-content\/uploads\/2026\/08\/filtru1-scaled.jpg\" data-caption><img loading=\"lazy\" decoding=\"async\" width=\"696\" height=\"566\" class=\"entry-thumb td-modal-image\" src=\"https:\/\/www.informatiata.ro\/wp-content\/uploads\/2026\/08\/filtru1-696x566.jpg\" alt title=\"filtru1\"><img loading=\"lazy\" decoding=\"async\" width=\"696\" height=\"566\" class=\"entry-thumb td-modal-image\" src=\"https:\/\/www.informatiata.ro\/wp-content\/uploads\/2026\/08\/filtru1-696x566.jpg\" alt title=\"filtru1\"><\/a><\/div>\n<p>Scandal \u0219i amenin\u021b\u0103ri cu moartea, \u00een plin\u0103 strad\u0103, la Fr\u0103t\u0103u\u021bii Vechi, \u00een jude\u021bul Suceava.<\/p>\n<p>O femeie din Fr\u0103t\u0103u\u021bii Vechi a sunat la 112 \u0219i a reclamat faptul c\u0103 vecinul s\u0103u, aflat sub influen\u021ba alcoolului, se comport\u0103 agresiv, \u00eenjur\u0103 \u0219i distruge bunuri.<\/p>\n<div class=\"td-a-rec td-a-rec-id-content_inlineright  tdi_7 td_block_template_1\"><img loading=\"lazy\" decoding=\"async\" class=\"aligncenter size-full wp-image-65755\" src=\"https:\/\/www.informatiata.ro\/wp-content\/uploads\/2026\/08\/FACOS-3-2.gif\" alt width=\"300\" height=\"250\"><img loading=\"lazy\" decoding=\"async\" class=\"aligncenter size-full wp-image-65755\" src=\"https:\/\/www.informatiata.ro\/wp-content\/uploads\/2026\/08\/FACOS-3-2.gif\" alt width=\"300\" height=\"250\"><img loading=\"lazy\" decoding=\"async\" class=\"aligncenter size-full wp-image-65754\" src=\"https:\/\/www.informatiata.ro\/wp-content\/uploads\/2026\/08\/SAVCOM-4-3.gif\" alt width=\"299\" height=\"250\"><img loading=\"lazy\" decoding=\"async\" class=\"aligncenter size-full wp-image-65754\" src=\"https:\/\/www.informatiata.ro\/wp-content\/uploads\/2026\/08\/SAVCOM-4-3.gif\" alt width=\"299\" height=\"250\"><\/div>\n<p>Femeia a precizat c\u0103 cei din familie, inclusiv copiii, s-au speriat de comportamentul individului.<\/p>\n<p>Av\u00e2nd \u00een vedere sesizarea \u0219i comportamentul reclamat, la interven\u021bie au fost solicitate \u0219i echipaje ale Poli\u021biei Municipiului R\u0103d\u0103u\u021bi \u2013 Biroul de Ordine Public\u0103.<\/p>\n<p>Poli\u021bi\u0219tii l-au identificat pe b\u0103rbatul reclamat pe acostamentul DJ 178F, \u00een apropierea locuin\u021bei femei care apelase la 112.<\/p>\n<p>Potrivit datelor din anchet\u0103, acesta se afla \u00een stare avansat\u0103 de ebrietate \u0219i consuma \u00een continuare b\u0103uturi alcoolice.<\/p>\n<p>La \u00eencercarea poli\u021bi\u0219tilor de a discuta cu el, b\u0103rbatul ar fi devenit recalcitrant \u0219i agresiv verbal.<\/p>\n<p>Pentru a putea clarifica situa\u021bia, poli\u021bi\u0219tii au procedat la imobilizarea \u0219i \u00eenc\u0103tu\u0219area acestuia, \u00een condi\u021biile \u00een care b\u0103rbatul s-ar fi opus.<\/p>\n<p>Apelanta la 112 le-a relatat poli\u021bi\u0219tilor c\u0103, \u00een jurul orei 20.45, b\u0103rbatul ar fi venit la poarta locuin\u021bei sale, \u00een timp ce aceasta se afla \u00een curte \u00eempreun\u0103 cu copiii minori.<\/p>\n<p>Conform declara\u021biei consemnate de poli\u021bi\u0219ti, b\u0103rbatul, aflat \u00een stare avansat\u0103 de ebrietate, i-ar fi adresat amenin\u021b\u0103ri cu moartea, f\u0103r\u0103 s\u0103 existe, potrivit acesteia, un conflict anterior. I<\/p>\n<p>Ulterior, pe drumul public, situa\u021bia ar fi escaladat. Potrivit anchetatorilor, b\u0103rbatul ar fi manifestat un comportament violent \u0219i ar fi avut asupra sa mai multe obiecte, \u00eentre care o \u0219urubelni\u021b\u0103 \u0219i bare din fier.<\/p>\n<p>Acesta ar fi adresat amenin\u021b\u0103ri cu acte de violen\u021b\u0103 mai multor persoane, inclusiv membrilor familiei reclamantei, unui alt vecin \u0219i unui conduc\u0103tor auto aflat \u00een trafic.<\/p>\n<p>Dup\u0103 interven\u021bia poli\u021bi\u0219tilor, b\u0103rbatul a fost condus la Spitalul Municipal R\u0103d\u0103u\u021bi \u2013 Unitatea de Primiri Urgen\u021be, unde a fost consultat de cadrele medicale. Ulterior, acesta a fost internat \u00eentr-o sec\u021bie de psihiatrie pentru acordarea \u00eengrijirilor medicale de specialitate.<\/p>\n<p>Potrivit poli\u021biei, pe durata interven\u021biei, b\u0103rbatul ar fi continuat s\u0103 adreseze injurii \u0219i expresii jignitoare oamenilor legii. Pentru acest comportament a fost sanc\u021bionat contraven\u021bional, cu o amend\u0103 de 1.000 de lei, \u00een baza Legii nr. 61\/1991<\/p>\n<p>Av\u00e2nd \u00een vedere circumstan\u021bele \u00een care s-ar fi produs faptele, precum \u0219i necesitatea prevenirii \u0219i descuraj\u0103rii unor astfel de comportamente, poli\u021bi\u0219tii au dispus re\u021binerea b\u0103rbatului pentru 24 de ore.<\/p>\n<p>\u00a0<\/p>\n<div class=\"td-a-rec td-a-rec-id-content_bottom  td-rec-hide-on-m tdi_8 td_block_template_1\"><img loading=\"lazy\" decoding=\"async\" class=\"aligncenter size-full wp-image-65603\" src=\"https:\/\/www.informatiata.ro\/wp-content\/uploads\/2026\/07\/SAVCOM-19.gif\" alt width=\"299\" height=\"250\"><img loading=\"lazy\" decoding=\"async\" class=\"aligncenter size-full wp-image-65603\" src=\"https:\/\/www.informatiata.ro\/wp-content\/uploads\/2026\/07\/SAVCOM-19.gif\" alt width=\"299\" height=\"250\"><img loading=\"lazy\" decoding=\"async\" class=\"aligncenter size-full wp-image-65604\" src=\"https:\/\/www.informatiata.ro\/wp-content\/uploads\/2026\/07\/FACOS-16.gif\" alt width=\"300\" height=\"250\"><img loading=\"lazy\" decoding=\"async\" class=\"aligncenter size-full wp-image-65604\" src=\"https:\/\/www.informatiata.ro\/wp-content\/uploads\/2026\/07\/FACOS-16.gif\" alt width=\"300\" height=\"250\"><\/div>\n<\/div>\n<p>[analyse_source url=&#8221;https:\/\/www.informatiata.ro\/scandal-si-amenintari-in-plina-strada\/&#8221;]<\/p>\n","protected":false},"excerpt":{"rendered":"<p>[analyse_image type=&#8221;featured&#8221; src=&#8221;https:\/\/www.informatiata.ro\/wp-content\/uploads\/2026\/08\/filtru1-1024&#215;833.jpg&#8221;] Scandal \u0219i amenin\u021b\u0103ri cu moartea, \u00een plin\u0103 strad\u0103, la Fr\u0103t\u0103u\u021bii Vechi, \u00een jude\u021bul Suceava. O femeie din Fr\u0103t\u0103u\u021bii Vechi a sunat la 112 \u0219i a reclamat faptul c\u0103 vecinul s\u0103u, aflat sub influen\u021ba alcoolului, se comport\u0103 agresiv, \u00eenjur\u0103 \u0219i distruge bunuri. Femeia a precizat c\u0103 cei din familie, inclusiv copiii, s-au speriat [&hellip;]<\/p>\n","protected":false},"author":1,"featured_media":0,"comment_status":"open","ping_status":"","sticky":false,"template":"","format":"standard","meta":{"footnotes":""},"categories":[89],"tags":[226,167],"class_list":["post-2084021","post","type-post","status-publish","format-standard","hentry","category-romania","tag-crawlmanager","tag-informatiata-ro"],"_links":{"self":[{"href":"https:\/\/analyse.optim.biz\/index.php?rest_route=\/wp\/v2\/posts\/2084021","targetHints":{"allow":["GET"]}}],"collection":[{"href":"https:\/\/analyse.optim.biz\/index.php?rest_route=\/wp\/v2\/posts"}],"about":[{"href":"https:\/\/analyse.optim.biz\/index.php?rest_route=\/wp\/v2\/types\/post"}],"author":[{"embeddable":true,"href":"https:\/\/analyse.optim.biz\/index.php?rest_route=\/wp\/v2\/users\/1"}],"replies":[{"embeddable":true,"href":"https:\/\/analyse.optim.biz\/index.php?rest_route=%2Fwp%2Fv2%2Fcomments&post=2084021"}],"version-history":[{"count":0,"href":"https:\/\/analyse.optim.biz\/index.php?rest_route=\/wp\/v2\/posts\/2084021\/revisions"}],"wp:attachment":[{"href":"https:\/\/analyse.optim.biz\/index.php?rest_route=%2Fwp%2Fv2%2Fmedia&parent=2084021"}],"wp:term":[{"taxonomy":"category","embeddable":true,"href":"https:\/\/analyse.optim.biz\/index.php?rest_route=%2Fwp%2Fv2%2Fcategories&post=2084021"},{"taxonomy":"post_tag","embeddable":true,"href":"https:\/\/analyse.optim.biz\/index.php?rest_route=%2Fwp%2Fv2%2Ftags&post=2084021"}],"curies":[{"name":"wp","href":"https:\/\/api.w.org\/{rel}","templated":true}]}}