{"id":2083850,"date":"2026-08-07T11:50:05","date_gmt":"2026-08-07T08:50:05","guid":{"rendered":"https:\/\/analyse.optim.biz\/?p=2083850"},"modified":"2026-08-07T11:50:05","modified_gmt":"2026-08-07T08:50:05","slug":"bulevardul-liviu-rebreanu-intra-in-santier-din-10-august-noi-inchideri-de-trafic-in-timisoara","status":"publish","type":"post","link":"https:\/\/analyse.optim.biz\/?p=2083850","title":{"rendered":"Bulevardul Liviu Rebreanu intr\u0103 \u00een \u0219antier din 10 august. Noi \u00eenchideri de trafic \u00een Timi\u0219oara"},"content":{"rendered":"<p>[analyse_image type=&#8221;featured&#8221; src=&#8221;https:\/\/orasul-timisoara.ro\/wp-content\/uploads\/2025\/01\/bld-liviu-rebreanu.jpg&#8221;]<\/p>\n<article id=\"post-40123\" class=\"td-post-template-7 post-40123 post type-post status-publish format-standard has-post-thumbnail category-administratie category-featured category-investitii-in-timisoara category-stiri-timisoara tag-bulevardul-liviu-rebreanu tag-bulevardul-revolutiei-din-1989 tag-calea-martirilor-1989 tag-comisia-de-circulatie-2 tag-judetul-timis-2 tag-lucrari-rutiere tag-primaria-timisoara-2 tag-restrictii-trafic-2 tag-societatea-de-drumuri-municipale tag-stpt tag-strada-nicu-filipescu tag-timisoara-2 td-container-wrap\">\n<div class=\"td-full-screen-header-image-wrap\">\n<div class=\"td-container td-post-header\">\n<div class=\"td-crumb-container\">\n<div class=\"entry-crumbs\"><span><a title=\"Vede\u021bi toate articolele \u00een Administra\u021bie local\u0103\" class=\"entry-crumb\" href=\"https:\/\/orasul-timisoara.ro\/local-category\/administratie\/\">Administra\u021bie local\u0103<\/a><\/span><span class=\"td-bred-no-url-last\">Bulevardul Liviu Rebreanu intr\u0103 \u00een \u0219antier din 10 august. Noi \u00eenchideri de&#8230;<\/span><\/div>\n<\/div>\n<div class=\"td-post-header-holder\">\n<div class=\"td-parallax-header\">\n<header class=\"td-post-title\">\n<ul class=\"td-category\">\n<li class=\"entry-category\"><a href=\"https:\/\/orasul-timisoara.ro\/local-category\/administratie\/\">Administra\u021bie local\u0103<\/a><\/li>\n<li class=\"entry-category\"><a href=\"https:\/\/orasul-timisoara.ro\/local-category\/investitii-in-timisoara\/\">Investitii in Timisoara<\/a><\/li>\n<li class=\"entry-category\"><a href=\"https:\/\/orasul-timisoara.ro\/local-category\/stiri-timisoara\/\">\u0218tiri Locale<\/a><\/li>\n<\/ul>\n<h1 class=\"entry-title\">Bulevardul Liviu Rebreanu intr\u0103 \u00een \u0219antier din 10 august. Noi \u00eenchideri de trafic \u00een Timi\u0219oara<\/h1>\n<div class=\"td-module-meta-info\">\n<div class=\"td-post-author-name\">\n<div class=\"td-author-by\">De c\u0103tre<\/div>\n<p><a href=\"https:\/\/orasul-timisoara.ro\/author\/timisoara\/\">redactia<\/a><\/p>\n<div class=\"td-author-line\"> &#8211; <\/div>\n<\/div>\n<p><span class=\"td-post-date\"><time class=\"entry-date updated td-module-date\" datetime=\"2026-08-07T14:50:05+03:00\">07\/08\/2026<\/time><\/span><\/div>\n<\/header>\n<\/div>\n<\/div>\n<\/div>\n<div id=\"td-full-screen-header-image\" class=\"td-image-gradient-style7\"><img decoding=\"async\" class=\"td-backstretch\" src=\"https:\/\/orasul-timisoara.ro\/wp-content\/uploads\/2025\/01\/bld-liviu-rebreanu.jpg\"><\/div>\n<\/div>\n<div class=\"td-container\">\n<div class=\"td-pb-row\">\n<div class=\"td-pb-span8 td-main-content\" role=\"main\">\n<div class=\"td-ss-main-content\">\n<div class=\"td-post-sharing-top\">\n<div class=\"td-post-sharing-classic\"><iframe title=\"topFacebookLike\" frameborder src=\"https:\/\/www.facebook.com\/plugins\/like.php?href=https:\/\/orasul-timisoara.ro\/local-40123\/&amp;layout=button_count&amp;show_faces=false&amp;width=105&amp;action=like&amp;colorscheme=light&amp;height=21\"><\/iframe><\/div>\n<div id=\"td_social_sharing_article_top\" class=\"td-post-sharing td-ps-bg td-ps-notext td-post-sharing-style1 \">\n<div class=\"td-post-sharing-visible\"><a class=\"td-social-sharing-button td-social-sharing-button-js td-social-network td-social-facebook\" href=\"https:\/\/www.facebook.com\/sharer.php?u=https%3A%2F%2Forasul-timisoara.ro%2Flocal-40123%2F\" title=\"Facebook\"><\/p>\n<div class=\"td-social-but-text\">Facebook<\/div>\n<p><\/a><a class=\"td-social-sharing-button td-social-sharing-button-js td-social-network td-social-twitter\" href=\"https:\/\/twitter.com\/intent\/tweet?text=Bulevardul+Liviu+Rebreanu+intr%C4%83+%C3%AEn+%C8%99antier+din+10+august.+Noi+%C3%AEnchideri+de+trafic+%C3%AEn+Timi%C8%99oara&amp;url=https%3A%2F%2Forasul-timisoara.ro%2Flocal-40123%2F&amp;via=orasultm\" title=\"Twitter\"><\/p>\n<div class=\"td-social-but-text\">Twitter<\/div>\n<p><\/a><a class=\"td-social-sharing-button td-social-sharing-button-js td-social-network td-social-whatsapp\" href=\"https:\/\/api.whatsapp.com\/send?text=Bulevardul+Liviu+Rebreanu+intr%C4%83+%C3%AEn+%C8%99antier+din+10+august.+Noi+%C3%AEnchideri+de+trafic+%C3%AEn+Timi%C8%99oara%20%0A%0A%20https:\/\/orasul-timisoara.ro\/local-40123\/\" title=\"WhatsApp\"><\/p>\n<div class=\"td-social-but-text\">WhatsApp<\/div>\n<p><\/a><a class=\"td-social-sharing-button td-social-sharing-button-js td-social-network td-social-linkedin\" href=\"https:\/\/www.linkedin.com\/shareArticle?mini=true&amp;url=https:\/\/orasul-timisoara.ro\/local-40123\/&amp;title=Bulevardul+Liviu+Rebreanu+intr%C4%83+%C3%AEn+%C8%99antier+din+10+august.+Noi+%C3%AEnchideri+de+trafic+%C3%AEn+Timi%C8%99oara\" title=\"Linkedin\"><\/p>\n<div class=\"td-social-but-text\">Linkedin<\/div>\n<p><\/a><a class=\"td-social-sharing-button td-social-sharing-button-js td-social-network td-social-reddit\" href=\"https:\/\/reddit.com\/submit?url=https:\/\/orasul-timisoara.ro\/local-40123\/&amp;title=Bulevardul+Liviu+Rebreanu+intr%C4%83+%C3%AEn+%C8%99antier+din+10+august.+Noi+%C3%AEnchideri+de+trafic+%C3%AEn+Timi%C8%99oara\" title=\"ReddIt\"><\/p>\n<div class=\"td-social-but-text\">ReddIt<\/div>\n<p><\/a><a class=\"td-social-sharing-button td-social-sharing-button-js td-social-network td-social-mail\" href=\"mailto:?subject=Bulevardul%20Liviu%20Rebreanu%20intr%C4%83%20%C3%AEn%20%C8%99antier%20din%2010%20august.%20Noi%20%C3%AEnchideri%20de%20trafic%20%C3%AEn%20Timi%C8%99oara&amp;body=https:\/\/orasul-timisoara.ro\/local-40123\/\" title=\"Email\"><\/p>\n<div class=\"td-social-but-text\">Email<\/div>\n<p><\/a><a class=\"td-social-sharing-button td-social-sharing-button-js td-social-network td-social-print\" href=\"https:\/\/orasul-timisoara.ro\/local-40123\/\" title=\"Imprimare\"><\/p>\n<div class=\"td-social-but-text\">Imprimare<\/div>\n<p><\/a><\/div>\n<\/div>\n<\/div>\n<div class=\"td-post-content tagdiv-type\">\n<p class=\"wp-block-paragraph\">Timi\u0219orenii vor \u00eent\u00e2mpina noi restric\u021bii de circula\u021bie \u00eencep\u00e2nd de luni, 10 august 2026, dup\u0103 ce Comisia de Circula\u021bie din cadrul Prim\u0103riei Municipiului Timi\u0219oara a avizat \u00eenchiderea traficului \u00een mai multe zone ale ora\u0219ului. M\u0103surile sunt necesare pentru desf\u0103\u0219urarea unor lucr\u0103ri de modernizare \u0219i \u00eentre\u021binere a infrastructurii rutiere, precum \u0219i pentru interven\u021bii la liniile de tramvai.<\/p>\n<p class=\"wp-block-paragraph\">Cele mai importante modific\u0103ri de trafic vor fi pe bulevardul Liviu Rebreanu, unde municipalitatea continu\u0103 programul de reabilitare a carosabilului prin Societatea de Drumuri Municipale. \u00cen acela\u0219i timp, lucr\u0103ri de \u00eentre\u021binere vor avea loc \u0219i la liniile de tramvai din intersec\u021bia str\u0103zii Nicu Filipescu cu bulevardul Revolu\u021biei din 1989, ceea ce va impune restric\u021bii suplimentare pentru participan\u021bii la trafic.<\/p>\n<h2 class=\"wp-block-heading\">Lucr\u0103rile de pe bulevardul Liviu Rebreanu intr\u0103 \u00eentr-o nou\u0103 etap\u0103<\/h2>\n<p class=\"wp-block-paragraph\">Programul de modernizare a bulevardului Liviu Rebreanu avanseaz\u0103 cu o nou\u0103 etap\u0103 de interven\u021bii pe latura sudic\u0103 a arterei. Lucr\u0103rile vizeaz\u0103 refacerea covorului asfaltic, o opera\u021biune care necesit\u0103 \u00eenchiderea temporar\u0103 a circula\u021biei pentru a putea fi executat\u0103 \u00een condi\u021bii de siguran\u021b\u0103 \u0219i la standardele tehnice necesare.<\/p>\n<p class=\"wp-block-paragraph\">Municipalitatea continu\u0103 astfel investi\u021biile \u00een \u00eentre\u021binerea infrastructurii rutiere, urm\u0103rind \u00eembun\u0103t\u0103\u021birea condi\u021biilor de circula\u021bie pe una dintre cele mai circulate artere din Timi\u0219oara.<\/p>\n<h2 class=\"wp-block-heading\">Circula\u021bia va fi \u00eenchis\u0103 la intersec\u021bia cu Calea Martirilor 1989<\/h2>\n<p class=\"wp-block-paragraph\">Prima etap\u0103 a restric\u021biilor va fi aplicat\u0103 \u00een perioada 10 august \u2013 13 august 2026, c\u00e2nd traficul rutier va fi \u00eenchis \u00een intersec\u021bia bulevardului Liviu Rebreanu cu Calea Martirilor 1989.<\/p>\n<p class=\"wp-block-paragraph\">Interven\u021bia este necesar\u0103 pentru refacerea stratului de asfalt \u00een aceast\u0103 zon\u0103 intens circulat\u0103. Pe durata lucr\u0103rilor, \u0219oferii sunt sf\u0103tui\u021bi s\u0103 aleag\u0103 rute alternative pentru a evita \u00eent\u00e2rzierile \u0219i aglomera\u021bia.<\/p>\n<h2 class=\"wp-block-heading\">Trafic deviat pe tronsonul dintre Calea Martirilor \u0219i strada Arie\u0219<\/h2>\n<p class=\"wp-block-paragraph\">Lucr\u0103rile vor continua p\u00e2n\u0103 \u00een 3 septembrie 2026 pe latura sudic\u0103 a bulevardului Liviu Rebreanu, pe segmentul cuprins \u00eentre Calea Martirilor 1989 \u0219i strada Arie\u0219.<\/p>\n<p class=\"wp-block-paragraph\">\u00cen aceast\u0103 perioad\u0103, circula\u021bia va fi \u00eenchis\u0103 pe sensul afectat de lucr\u0103ri, iar traficul va fi deviat pe sensul opus, unde se va desf\u0103\u0219ura \u00een regim de contrasens. M\u0103sura are rolul de a permite desf\u0103\u0219urarea lucr\u0103rilor f\u0103r\u0103 blocarea complet\u0103 a circula\u021biei \u00een zon\u0103.<\/p>\n<h2 class=\"wp-block-heading\">Restric\u021bii \u0219i \u00een zona liniilor de tramvai<\/h2>\n<p class=\"wp-block-paragraph\">O alt\u0103 decizie a Comisiei de Circula\u021bie vizeaz\u0103 solicitarea Societ\u0103\u021bii de Transport Public Timi\u0219oara privind efectuarea unor lucr\u0103ri de \u00eentre\u021binere \u0219i repara\u021bii la infrastructura de tramvai.<\/p>\n<p class=\"wp-block-paragraph\">Astfel, \u00een perioada 11 august 2026, ora 04:00 \u2013 6 septembrie 2026, ora 24:00, circula\u021bia rutier\u0103 va fi \u00eenchis\u0103 \u00een zona liniilor de tramvai din intersec\u021bia str\u0103zii Nicu Filipescu cu bulevardul Revolu\u021biei din 1989.<\/p>\n<p class=\"wp-block-paragraph\">Interven\u021biile sunt programate pentru men\u021binerea infrastructurii de transport public \u00een condi\u021bii optime de func\u021bionare \u0219i pentru prevenirea apari\u021biei unor defec\u021biuni care ar putea afecta circula\u021bia tramvaielor.<\/p>\n<h2 class=\"wp-block-heading\">Lucr\u0103rile urm\u0103resc \u00eembun\u0103t\u0103\u021birea infrastructurii rutiere \u0219i a transportului public<\/h2>\n<p class=\"wp-block-paragraph\">Proiectele aflate \u00een desf\u0103\u0219urare fac parte din programul de \u00eentre\u021binere \u0219i modernizare a infrastructurii administrate de Prim\u0103ria Municipiului Timi\u0219oara. At\u00e2t reabilitarea carosabilului, c\u00e2t \u0219i interven\u021biile la liniile de tramvai au ca obiectiv cre\u0219terea siguran\u021bei \u00een trafic \u0219i asigurarea unor condi\u021bii mai bune pentru \u0219oferi \u0219i pentru utilizatorii transportului public.<\/p>\n<p class=\"wp-block-paragraph\">Pe durata restric\u021biilor, autorit\u0103\u021bile recomand\u0103 respectarea semnaliz\u0103rii temporare din zonele afectate \u0219i planificarea din timp a deplas\u0103rilor, \u00een special \u00een orele de v\u00e2rf, c\u00e2nd valorile de trafic sunt ridicate.<\/p>\n<p class=\"wp-block-paragraph\">\u00cenchiderea temporar\u0103 a circula\u021biei va permite executarea lucr\u0103rilor \u00eentr-un ritm sus\u021binut, astfel \u00eenc\u00e2t acestea s\u0103 fie finalizate \u00een termenele stabilite \u0219i cu un impact c\u00e2t mai redus asupra traficului din municipiu.<\/p>\n<\/div>\n<footer>\n<div class=\"td-post-source-tags\">\n<ul class=\"td-tags td-post-small-box clearfix\">\n<li><span>ETICHETE<\/span><\/li>\n<li><a href=\"https:\/\/orasul-timisoara.ro\/local-tag\/bulevardul-liviu-rebreanu\/\">bulevardul Liviu Rebreanu<\/a><\/li>\n<li><a href=\"https:\/\/orasul-timisoara.ro\/local-tag\/bulevardul-revolutiei-din-1989\/\">bulevardul Revolu\u021biei din 1989<\/a><\/li>\n<li><a href=\"https:\/\/orasul-timisoara.ro\/local-tag\/calea-martirilor-1989\/\">Calea Martirilor 1989<\/a><\/li>\n<li><a href=\"https:\/\/orasul-timisoara.ro\/local-tag\/comisia-de-circulatie-2\/\">Comisia de circula\u021bie<\/a><\/li>\n<li><a href=\"https:\/\/orasul-timisoara.ro\/local-tag\/judetul-timis-2\/\">jude\u021bul Timi\u0219<\/a><\/li>\n<li><a href=\"https:\/\/orasul-timisoara.ro\/local-tag\/lucrari-rutiere\/\">lucr\u0103ri rutiere<\/a><\/li>\n<li><a href=\"https:\/\/orasul-timisoara.ro\/local-tag\/primaria-timisoara-2\/\">Prim\u0103ria Timi\u0219oara<\/a><\/li>\n<li><a href=\"https:\/\/orasul-timisoara.ro\/local-tag\/restrictii-trafic-2\/\">restric\u021bii trafic<\/a><\/li>\n<li><a href=\"https:\/\/orasul-timisoara.ro\/local-tag\/societatea-de-drumuri-municipale\/\">Societatea de Drumuri Municipale<\/a><\/li>\n<li><a href=\"https:\/\/orasul-timisoara.ro\/local-tag\/stpt\/\">stpt<\/a><\/li>\n<li><a href=\"https:\/\/orasul-timisoara.ro\/local-tag\/strada-nicu-filipescu\/\">strada Nicu Filipescu<\/a><\/li>\n<li><a href=\"https:\/\/orasul-timisoara.ro\/local-tag\/timisoara-2\/\">timi\u0219oara<\/a><\/li>\n<\/ul>\n<\/div>\n<div class=\"td-post-sharing-bottom\">\n<div class=\"td-post-sharing-classic\"><iframe title=\"bottomFacebookLike\" frameborder src=\"https:\/\/www.facebook.com\/plugins\/like.php?href=https:\/\/orasul-timisoara.ro\/local-40123\/&amp;layout=button_count&amp;show_faces=false&amp;width=105&amp;action=like&amp;colorscheme=light&amp;height=21\"><\/iframe><\/div>\n<div id=\"td_social_sharing_article_bottom\" class=\"td-post-sharing td-ps-bg td-ps-notext td-post-sharing-style1 \">\n<div class=\"td-post-sharing-visible\"><a class=\"td-social-sharing-button td-social-sharing-button-js td-social-network td-social-facebook\" href=\"https:\/\/www.facebook.com\/sharer.php?u=https%3A%2F%2Forasul-timisoara.ro%2Flocal-40123%2F\" title=\"Facebook\"><\/p>\n<div class=\"td-social-but-text\">Facebook<\/div>\n<p><\/a><a class=\"td-social-sharing-button td-social-sharing-button-js td-social-network td-social-twitter\" href=\"https:\/\/twitter.com\/intent\/tweet?text=Bulevardul+Liviu+Rebreanu+intr%C4%83+%C3%AEn+%C8%99antier+din+10+august.+Noi+%C3%AEnchideri+de+trafic+%C3%AEn+Timi%C8%99oara&amp;url=https%3A%2F%2Forasul-timisoara.ro%2Flocal-40123%2F&amp;via=orasultm\" title=\"Twitter\"><\/p>\n<div class=\"td-social-but-text\">Twitter<\/div>\n<p><\/a><a class=\"td-social-sharing-button td-social-sharing-button-js td-social-network td-social-whatsapp\" href=\"https:\/\/api.whatsapp.com\/send?text=Bulevardul+Liviu+Rebreanu+intr%C4%83+%C3%AEn+%C8%99antier+din+10+august.+Noi+%C3%AEnchideri+de+trafic+%C3%AEn+Timi%C8%99oara%20%0A%0A%20https:\/\/orasul-timisoara.ro\/local-40123\/\" title=\"WhatsApp\"><\/p>\n<div class=\"td-social-but-text\">WhatsApp<\/div>\n<p><\/a><a class=\"td-social-sharing-button td-social-sharing-button-js td-social-network td-social-linkedin\" href=\"https:\/\/www.linkedin.com\/shareArticle?mini=true&amp;url=https:\/\/orasul-timisoara.ro\/local-40123\/&amp;title=Bulevardul+Liviu+Rebreanu+intr%C4%83+%C3%AEn+%C8%99antier+din+10+august.+Noi+%C3%AEnchideri+de+trafic+%C3%AEn+Timi%C8%99oara\" title=\"Linkedin\"><\/p>\n<div class=\"td-social-but-text\">Linkedin<\/div>\n<p><\/a><a class=\"td-social-sharing-button td-social-sharing-button-js td-social-network td-social-reddit\" href=\"https:\/\/reddit.com\/submit?url=https:\/\/orasul-timisoara.ro\/local-40123\/&amp;title=Bulevardul+Liviu+Rebreanu+intr%C4%83+%C3%AEn+%C8%99antier+din+10+august.+Noi+%C3%AEnchideri+de+trafic+%C3%AEn+Timi%C8%99oara\" title=\"ReddIt\"><\/p>\n<div class=\"td-social-but-text\">ReddIt<\/div>\n<p><\/a><a class=\"td-social-sharing-button td-social-sharing-button-js td-social-network td-social-mail\" href=\"mailto:?subject=Bulevardul%20Liviu%20Rebreanu%20intr%C4%83%20%C3%AEn%20%C8%99antier%20din%2010%20august.%20Noi%20%C3%AEnchideri%20de%20trafic%20%C3%AEn%20Timi%C8%99oara&amp;body=https:\/\/orasul-timisoara.ro\/local-40123\/\" title=\"Email\"><\/p>\n<div class=\"td-social-but-text\">Email<\/div>\n<p><\/a><a class=\"td-social-sharing-button td-social-sharing-button-js td-social-network td-social-print\" href=\"https:\/\/orasul-timisoara.ro\/local-40123\/\" title=\"Imprimare\"><\/p>\n<div class=\"td-social-but-text\">Imprimare<\/div>\n<p><\/a><\/div>\n<\/div>\n<\/div>\n<div class=\"td-block-row td-post-next-prev\">\n<div class=\"td-block-span6 td-post-prev-post\">\n<div class=\"td-post-next-prev-content\"><span>Articolul precedent<\/span><a href=\"https:\/\/orasul-timisoara.ro\/local-40117\/\">Lugoj investe\u0219te 21 de milioane de lei \u00een modernizarea centrului \u0219i a cartierului I.C. Dr\u0103gan. C\u0103lin Dobra: \u201eNu ne permitem s\u0103 pierdem fondurile europene\u201d<\/a><\/div>\n<\/div>\n<div class=\"td-block-span6 td-post-next-post\">\n<div class=\"td-post-next-prev-content\"><span>Articolul urm\u0103tor<\/span><a href=\"https:\/\/orasul-timisoara.ro\/local-40125\/\">Primul loc de joac\u0103 modernizat prin noul program al Prim\u0103riei Timi\u0219oara, inaugurat pe strada Or\u0219ova<\/a><\/div>\n<\/div>\n<\/div>\n<div class=\"td-author-name vcard author\"><span class=\"fn\"><a href=\"https:\/\/orasul-timisoara.ro\/author\/timisoara\/\">redactia<\/a><\/span><\/div>\n<p><span class=\"td-page-meta\"><\/span><span class=\"td-page-meta\"><span class=\"td-page-meta\"><\/span><\/span><span class=\"td-page-meta\"><\/span><\/footer>\n<div class=\"td_block_wrap td_block_related_posts tdi_3 td_with_ajax_pagination td-pb-border-top td_block_template_8\" data-td-block-uid=\"tdi_3\">\n<h4 class=\"td-related-title td-block-title\"><a id=\"tdi_4\" class=\"td-related-left td-cur-simple-item\" data-td_filter_value data-td_block_id=\"tdi_3\" href=\"https:\/\/orasul-timisoara.ro\/local-40123\/\">ARTICOLE SIMILARE<\/a><a id=\"tdi_5\" class=\"td-related-right\" data-td_filter_value=\"td_related_more_from_author\" data-td_block_id=\"tdi_3\" href=\"https:\/\/orasul-timisoara.ro\/local-40123\/\">DE LA ACELA\u0218I AUTOR<\/a><\/h4>\n<div id=\"tdi_3\" class=\"td_block_inner\">\n<div class=\"td-related-row\">\n<div class=\"td-related-span4\">\n<div class=\"td_module_related_posts td-animation-stack td_mod_related_posts\">\n<div class=\"td-module-image\">\n<div class=\"td-module-thumb\"><a href=\"https:\/\/orasul-timisoara.ro\/local-40150\/\" rel=\"bookmark\" class=\"td-image-wrap \" title=\"Dezinsec\u021bie \u00een S\u00e2nmihaiu Rom\u00e2n pe 11 august. Ce recomand\u0103ri transmite Prim\u0103ria\"><img loading=\"lazy\" decoding=\"async\" class=\"entry-thumb\" src=\"https:\/\/orasul-timisoara.ro\/wp-content\/uploads\/2026\/08\/dezinsectie-seara-436x300.jpg\" alt title=\"Dezinsec\u021bie \u00een S\u00e2nmihaiu Rom\u00e2n pe 11 august. Ce recomand\u0103ri transmite Prim\u0103ria\" width=\"218\" height=\"150\"><\/a><\/div>\n<\/div>\n<div class=\"item-details\">\n<h3 class=\"entry-title td-module-title\"><a href=\"https:\/\/orasul-timisoara.ro\/local-40150\/\" rel=\"bookmark\" title=\"Dezinsec\u021bie \u00een S\u00e2nmihaiu Rom\u00e2n pe 11 august. Ce recomand\u0103ri transmite Prim\u0103ria\">Dezinsec\u021bie \u00een S\u00e2nmihaiu Rom\u00e2n pe 11 august. Ce recomand\u0103ri transmite Prim\u0103ria<\/a><\/h3>\n<\/div>\n<\/div>\n<\/div>\n<div class=\"td-related-span4\">\n<div class=\"td_module_related_posts td-animation-stack td_mod_related_posts\">\n<div class=\"td-module-image\">\n<div class=\"td-module-thumb\"><a href=\"https:\/\/orasul-timisoara.ro\/local-40147\/\" rel=\"bookmark\" class=\"td-image-wrap \" title=\"Consum record de ap\u0103 \u00een Timi\u0219oara. Aquatim a distribuit peste 2,5 milioane de metri cubi \u00een iulie\"><img loading=\"lazy\" decoding=\"async\" class=\"entry-thumb\" src=\"https:\/\/orasul-timisoara.ro\/wp-content\/uploads\/2026\/07\/femeie-bea-apa-4-436x300.jpg\" alt title=\"Consum record de ap\u0103 \u00een Timi\u0219oara. Aquatim a distribuit peste 2,5 milioane de metri cubi \u00een iulie\" width=\"218\" height=\"150\"><\/a><\/div>\n<\/div>\n<div class=\"item-details\">\n<h3 class=\"entry-title td-module-title\"><a href=\"https:\/\/orasul-timisoara.ro\/local-40147\/\" rel=\"bookmark\" title=\"Consum record de ap\u0103 \u00een Timi\u0219oara. Aquatim a distribuit peste 2,5 milioane de metri cubi \u00een iulie\">Consum record de ap\u0103 \u00een Timi\u0219oara. Aquatim a distribuit peste 2,5 milioane de metri cubi \u00een iulie<\/a><\/h3>\n<\/div>\n<\/div>\n<\/div>\n<div class=\"td-related-span4\">\n<div class=\"td_module_related_posts td-animation-stack td_mod_related_posts\">\n<div class=\"td-module-image\">\n<div class=\"td-module-thumb\"><a href=\"https:\/\/orasul-timisoara.ro\/local-40144\/\" rel=\"bookmark\" class=\"td-image-wrap \" title=\"Youth Summer Fest 2026 aduce art\u0103 \u0219i muzic\u0103 la Casa Tineretului din Timi\u0219oara\"><img loading=\"lazy\" decoding=\"async\" class=\"entry-thumb\" src=\"https:\/\/orasul-timisoara.ro\/wp-content\/uploads\/2026\/08\/MXM_4683-436x300.jpg\" alt title=\"Youth Summer Fest 2026 aduce art\u0103 \u0219i muzic\u0103 la Casa Tineretului din Timi\u0219oara\" width=\"218\" height=\"150\"><\/a><\/div>\n<\/div>\n<div class=\"item-details\">\n<h3 class=\"entry-title td-module-title\"><a href=\"https:\/\/orasul-timisoara.ro\/local-40144\/\" rel=\"bookmark\" title=\"Youth Summer Fest 2026 aduce art\u0103 \u0219i muzic\u0103 la Casa Tineretului din Timi\u0219oara\">Youth Summer Fest 2026 aduce art\u0103 \u0219i muzic\u0103 la Casa Tineretului din Timi\u0219oara<\/a><\/h3>\n<\/div>\n<\/div>\n<\/div>\n<\/div>\n<\/div>\n<\/div>\n<div class=\"comments\" id=\"comments\">\n<div id=\"respond\" class=\"comment-respond\">\n<h3 id=\"reply-title\" class=\"comment-reply-title\">L\u0102SA\u021aI UN MESAJ<\/h3>\n<div class=\"comment-form-input-wrap td-form-comment\">\n<div class=\"td-warning-comment\">V\u0103 rug\u0103m s\u0103 introduce\u021bi comentariul dvs.!<\/div>\n<\/div>\n<div class=\"comment-form-input-wrap td-form-author\">\n<div class=\"td-warning-author\">Introduce\u021bi aici numele dvs.<\/div>\n<\/div>\n<div class=\"comment-form-input-wrap td-form-email\">\n<div class=\"td-warning-email-error\">A\u021bi introdus o adres\u0103 de e-mail incorect\u0103!<\/div>\n<div class=\"td-warning-email\">V\u0103 rug\u0103m s\u0103 introduce\u021bi adresa dvs. de e-mail aici<\/div>\n<\/div>\n<\/div>\n<p class=\"akismet_comment_form_privacy_notice\">Acest site folose\u0219te Akismet pentru a reduce spamul. <a href=\"https:\/\/akismet.com\/privacy\/\" target=\"_blank\" rel=\"nofollow noopener\">Afl\u0103 cum sunt procesate datele comentariilor tale<\/a>.<\/p>\n<\/div>\n<\/div>\n<\/div>\n<div class=\"td-pb-span4 td-main-sidebar\" role=\"complementary\">\n<div class=\"td-ss-main-sidebar\">\n<aside id=\"block-4\" class=\"td_block_template_8 widget block-4 widget_block widget_media_image\">\n<figure class=\"wp-block-image size-full\"><img loading=\"lazy\" decoding=\"async\" width=\"336\" height=\"280\" src=\"https:\/\/orasul-timisoara.ro\/wp-content\/uploads\/2024\/11\/ReTIM-Abonamentul-Verde-Google-Ads-336x280px.gif\" alt class=\"wp-image-29257\"><\/figure>\n<\/aside>\n<div class=\"td_block_wrap td_block_social_counter td_block_widget tdi_6 td-social-style5 td-social-boxed td-pb-border-top td_block_template_8\">\n<div class=\"td-block-title-wrap\">\n<h4 class=\"td-block-title\"><span>Urm\u0103re\u0219te-ne pe Social Media<\/span><\/h4>\n<\/div>\n<div class=\"td-social-list\">\n<div class=\"td_social_type td-pb-margin-side td_social_facebook\">\n<div class=\"td-social-box\"><span class=\"td_social_info td_social_info_counter\">344,595<\/span><span class=\"td_social_info td_social_info_name\">Fani<\/span><span class=\"td_social_button\"><a href=\"https:\/\/www.facebook.com\/247timisoara\" target=\"_blank\" rel=\"nofollow\">\u00cemi place<\/a><\/span><\/div>\n<\/div>\n<div class=\"td_social_type td-pb-margin-side td_social_instagram\">\n<div class=\"td-social-box\"><span class=\"td_social_info td_social_info_counter\">4,416<\/span><span class=\"td_social_info td_social_info_name\">Cititori<\/span><span class=\"td_social_button\"><a href=\"https:\/\/instagram.com\/orasultimisoararo\/\" target=\"_blank\" rel=\"nofollow\">Conecta\u021bi-v\u0103<\/a><\/span><\/div>\n<\/div>\n<div class=\"td_social_type td-pb-margin-side td_social_rss\">\n<div class=\"td-social-box\"><span class=\"td_social_info td_social_info_counter\">12,506<\/span><span class=\"td_social_info td_social_info_name\">Cititori<\/span><span class=\"td_social_button\"><a href=\"https:\/\/orasul-timisoara.ro\/feed\/\" target=\"_blank\" rel=\"nofollow\">Conecta\u021bi-v\u0103<\/a><\/span><\/div>\n<\/div>\n<div class=\"td_social_type td-pb-margin-side td_social_tiktok\">\n<div class=\"td-social-box\"><span class=\"td_social_info td_social_info_counter\">1,500<\/span><span class=\"td_social_info td_social_info_name\">Cititori<\/span><span class=\"td_social_button\"><a href=\"https:\/\/www.tiktok.com\/@orasultimisoara\" target=\"_blank\" rel=\"nofollow\">Conecta\u021bi-v\u0103<\/a><\/span><\/div>\n<\/div>\n<div class=\"td_social_type td-pb-margin-side td_social_twitter\">\n<div class=\"td-social-box\"><span class=\"td_social_info td_social_info_counter\">1,595<\/span><span class=\"td_social_info td_social_info_name\">Cititori<\/span><span class=\"td_social_button\"><a href=\"https:\/\/twitter.com\/orasultm\" target=\"_blank\" rel=\"nofollow\">Conecta\u021bi-v\u0103<\/a><\/span><\/div>\n<\/div>\n<div class=\"td_social_type td-pb-margin-side td_social_youtube\">\n<div class=\"td-social-box\"><span class=\"td_social_info td_social_info_counter\">3,506<\/span><span class=\"td_social_info td_social_info_name\">Abona\u021bi<\/span><span class=\"td_social_button\"><a href=\"https:\/\/www.youtube.com\/channel\/UCQNsQvs2XCSIm1Z-AHRturw?sub_confirmation=1\" target=\"_blank\" rel=\"nofollow\">Abona\u021bi-v\u0103<\/a><\/span><\/div>\n<\/div>\n<\/div>\n<\/div>\n<aside id=\"text-7\" class=\"td_block_template_8 widget text-7 widget_text\">\n<h4 class=\"td-block-title\"><span>C\u0103ut\u0103ri populare pe OTM<\/span><\/h4>\n<div class=\"textwidget\"><a href=\"https:\/\/orasul-timisoara.ro\/?s=timisoara\"><span>Timisoara<\/span><\/a><a href=\"https:\/\/orasul-timisoara.ro\/?s=calin+dobra\"><span>Calin Dobra<\/span><\/a><a href=\"https:\/\/orasul-timisoara.ro\/?s=primaria+timisoara\"><span>Primaria Timisoara<\/span><\/a><a href=\"https:\/\/orasul-timisoara.ro\/?s=dominic+fritz\"><span>Dominic Fritz<\/span><\/a><a href=\"https:\/\/orasul-timisoara.ro\/?s=nicolae+robu\"><span>Nicolae Robu<\/span><\/a><a href=\"https:\/\/orasul-timisoara.ro\/?s=consiliul+local+timisoara\">Consiliul Local Timisoara<\/a><a href=\"https:\/\/orasul-timisoara.ro\/?s=consiliul+judetean+timis\"><span>Consiliul Judetean Timis<\/span><\/a><a href=\"https:\/\/orasul-timisoara.ro\/?s=cjt\"><span>CJT<\/span><\/a><a href=\"https:\/\/orasul-timisoara.ro\/?s=Alfred+Simonis\"><span>Alfred Simonis<\/span><\/a><a href=\"https:\/\/orasul-timisoara.ro\/?s=PNL\"><span>PNL<\/span><\/a><a href=\"https:\/\/orasul-timisoara.ro\/?s=coronavirus\"><span>coronavirus<\/span><\/a><a href=\"https:\/\/orasul-timisoara.ro\/?s=teatru+timisoara\">teatru Timisoara<\/a><a href=\"https:\/\/orasul-timisoara.ro\/?s=restaurante\"><span>restaurante Timisoara<\/span><\/a><a href=\"https:\/\/orasul-timisoara.ro\/?s=diskoteka\"><span>Diskoteka<\/span><\/a><a href=\"https:\/\/orasul-timisoara.ro\/?s=iulius+town\"><span>Iulius Town<\/span><\/a><a href=\"https:\/\/orasul-timisoara.ro\/?s=iulius+mall\"><span>Iulius Mall<\/span><\/a><a href=\"https:\/\/orasul-timisoara.ro\/?s=stpt\"><span>STPT<\/span><\/a><a href=\"https:\/\/orasul-timisoara.ro\/?s=alin+nica\"><span>Alin Nica<\/span><\/a><a href=\"https:\/\/orasul-timisoara.ro\/?s=psd\"><span>PSD<\/span><\/a><a href=\"https:\/\/orasul-timisoara.ro\/?s=aeroport\"><span>Aeroportul International Timisoara<\/span><\/a><a href=\"https:\/\/orasul-timisoara.ro\/?s=babes\"><span>Spitalul Victor Babes Timisoara<\/span><\/a><a href=\"https:\/\/orasul-timisoara.ro\/?s=poli\"><span>Poli Timi\u0219oara<\/span><\/a><a href=\"https:\/\/orasul-timisoara.ro\/?s=carantina\"><span>carantina<\/span><\/a><a href=\"https:\/\/orasul-timisoara.ro\/?s=aquatim\"><span>Aquatim<\/span><\/a><a href=\"https:\/\/orasul-timisoara.ro\/local-category\/stiri-timisoara\/\"><span>Stiri Timisoara<\/span><\/a><a href=\"https:\/\/orasul-timisoara.ro\/local-category\/investitii-in-timisoara\/\"><span>Investi\u021bii in Timi\u0219oara<\/span><\/a><a href=\"https:\/\/orasul-timisoara.ro\/local-9463\/\"><span>shaorma<\/span><\/a><a href=\"https:\/\/orasul-timisoara.ro\/?s=trafic\"><span>trafic rutier<\/span><\/a><a href=\"https:\/\/orasul-timisoara.ro\/?s=politia\"><span>politia locala timisoara<\/span><\/a><a href=\"https:\/\/orasul-timisoara.ro\/?s=roxana\"><span>Roxana Iliescu<\/span><\/a><a href=\"https:\/\/orasul-timisoara.ro\/?s=colterm\"><span>Colterm<\/span><\/a><a href=\"https:\/\/orasul-timisoara.ro\/?s=latcau\"><span>Ruben La\u021bc\u0103u<\/span><\/a><a href=\"https:\/\/orasul-timisoara.ro\/?s=timis\"><span>\u0218tiri din Timi\u0219<\/span><\/a><a href=\"https:\/\/orasul-timisoara.ro\/?s=spital\"><span>Spitale din Timi\u0219oara<\/span><\/a><a href=\"https:\/\/orasul-timisoara.ro\/?s=tabara\"><span>Cosmin Tab\u0103r\u0103<\/span><\/a><\/div>\n<\/aside>\n<aside id=\"rss-2\" class=\"td_block_template_8 widget rss-2 widget_rss\">\n<h4 class=\"td-block-title\"><span><a class=\"rsswidget rss-widget-feed\" href=\"https:\/\/fashionfridays.ro\/feed\"><img decoding=\"async\" class=\"rss-widget-icon\" width=\"14\" height=\"14\" src=\"https:\/\/orasul-timisoara.ro\/wp-includes\/images\/rss.png\" alt=\"RSS\" loading=\"lazy\"><\/a><a class=\"rsswidget rss-widget-title\" href=\"https:\/\/fashionfridays.ro\/\">Fashion Fridays<\/a><\/span><\/h4>\n<ul>\n<li><a class=\"rsswidget\" href=\"https:\/\/fashionfridays.ro\/romania-devine-a-29-a-piata-vogue-o-noua-era-pentru-industria-locala-de-moda\/\">Rom\u00e2nia devine a 29-a pia\u021b\u0103 Vogue: o nou\u0103 er\u0103 pentru industria local\u0103 de mod\u0103<\/a>\n<div class=\"rssSummary\">Revista Vogue \u00ee\u0219i extinde prezen\u021ba global\u0103 \u0219i va fi lansat\u0103 oficial \u00een Rom\u00e2nia \u00een prim\u0103vara anului 2027, marc\u00e2nd intrarea pe cea de-a 29-a pia\u021b\u0103 interna\u021bional\u0103. Proiectul este realizat \u00een parteneriat cu AEMME Publishing, o companie media recent \u00eenfiin\u021bat\u0103, care va publica edi\u021bia local\u0103 sub licen\u021b\u0103. Noua edi\u021bie, Vogue Rom\u00e2nia, \u00ee\u0219i propune s\u0103 combine autoritatea global\u0103 [\u2026]<\/div>\n<\/li>\n<\/ul>\n<\/aside>\n<aside id=\"rss-4\" class=\"td_block_template_8 widget rss-4 widget_rss\">\n<h4 class=\"td-block-title\"><span><a class=\"rsswidget rss-widget-feed\" href=\"https:\/\/emasini.ro\/feed\"><img decoding=\"async\" class=\"rss-widget-icon\" width=\"14\" height=\"14\" src=\"https:\/\/orasul-timisoara.ro\/wp-includes\/images\/rss.png\" alt=\"RSS\" loading=\"lazy\"><\/a><a class=\"rsswidget rss-widget-title\" href=\"https:\/\/emasini.ro\/\">eMasini<\/a><\/span><\/h4>\n<ul>\n<li><a class=\"rsswidget\" href=\"https:\/\/emasini.ro\/bmw-testeaza-noul-i4-convertible-primul-cabrio-electric-accesibil-al-marcii\/\">BMW testeaz\u0103 noul i4 Convertible, primul cabrio electric accesibil al m\u0103rcii<\/a>\n<div class=\"rssSummary\">BMW accelereaz\u0103 dezvoltarea noii genera\u021bii de modele electrice bazate pe platforma Neue Klasse, iar unul dintre cele mai interesante proiecte aflate \u00een teste este viitorul BMW i4 Convertible. Prototipul camuflat a fost surprins pe \u0219osele, confirm\u00e2nd c\u0103 produc\u0103torul german preg\u0103te\u0219te o decapotabil\u0103 electric\u0103 destinat\u0103 unui segment \u00een care oferta este, \u00een prezent, extrem de limitat\u0103. [\u2026]<\/div>\n<\/li>\n<\/ul>\n<\/aside>\n<\/div>\n<\/div>\n<\/div>\n<\/div>\n<\/article>\n<div class=\"td-post-content tagdiv-type\">\n<p class=\"wp-block-paragraph\">Timi\u0219orenii vor \u00eent\u00e2mpina noi restric\u021bii de circula\u021bie \u00eencep\u00e2nd de luni, 10 august 2026, dup\u0103 ce Comisia de Circula\u021bie din cadrul Prim\u0103riei Municipiului Timi\u0219oara a avizat \u00eenchiderea traficului \u00een mai multe zone ale ora\u0219ului. M\u0103surile sunt necesare pentru desf\u0103\u0219urarea unor lucr\u0103ri de modernizare \u0219i \u00eentre\u021binere a infrastructurii rutiere, precum \u0219i pentru interven\u021bii la liniile de tramvai.<\/p>\n<p class=\"wp-block-paragraph\">Cele mai importante modific\u0103ri de trafic vor fi pe bulevardul Liviu Rebreanu, unde municipalitatea continu\u0103 programul de reabilitare a carosabilului prin Societatea de Drumuri Municipale. \u00cen acela\u0219i timp, lucr\u0103ri de \u00eentre\u021binere vor avea loc \u0219i la liniile de tramvai din intersec\u021bia str\u0103zii Nicu Filipescu cu bulevardul Revolu\u021biei din 1989, ceea ce va impune restric\u021bii suplimentare pentru participan\u021bii la trafic.<\/p>\n<h2 class=\"wp-block-heading\">Lucr\u0103rile de pe bulevardul Liviu Rebreanu intr\u0103 \u00eentr-o nou\u0103 etap\u0103<\/h2>\n<p class=\"wp-block-paragraph\">Programul de modernizare a bulevardului Liviu Rebreanu avanseaz\u0103 cu o nou\u0103 etap\u0103 de interven\u021bii pe latura sudic\u0103 a arterei. Lucr\u0103rile vizeaz\u0103 refacerea covorului asfaltic, o opera\u021biune care necesit\u0103 \u00eenchiderea temporar\u0103 a circula\u021biei pentru a putea fi executat\u0103 \u00een condi\u021bii de siguran\u021b\u0103 \u0219i la standardele tehnice necesare.<\/p>\n<p class=\"wp-block-paragraph\">Municipalitatea continu\u0103 astfel investi\u021biile \u00een \u00eentre\u021binerea infrastructurii rutiere, urm\u0103rind \u00eembun\u0103t\u0103\u021birea condi\u021biilor de circula\u021bie pe una dintre cele mai circulate artere din Timi\u0219oara.<\/p>\n<h2 class=\"wp-block-heading\">Circula\u021bia va fi \u00eenchis\u0103 la intersec\u021bia cu Calea Martirilor 1989<\/h2>\n<p class=\"wp-block-paragraph\">Prima etap\u0103 a restric\u021biilor va fi aplicat\u0103 \u00een perioada 10 august \u2013 13 august 2026, c\u00e2nd traficul rutier va fi \u00eenchis \u00een intersec\u021bia bulevardului Liviu Rebreanu cu Calea Martirilor 1989.<\/p>\n<p class=\"wp-block-paragraph\">Interven\u021bia este necesar\u0103 pentru refacerea stratului de asfalt \u00een aceast\u0103 zon\u0103 intens circulat\u0103. Pe durata lucr\u0103rilor, \u0219oferii sunt sf\u0103tui\u021bi s\u0103 aleag\u0103 rute alternative pentru a evita \u00eent\u00e2rzierile \u0219i aglomera\u021bia.<\/p>\n<h2 class=\"wp-block-heading\">Trafic deviat pe tronsonul dintre Calea Martirilor \u0219i strada Arie\u0219<\/h2>\n<p class=\"wp-block-paragraph\">Lucr\u0103rile vor continua p\u00e2n\u0103 \u00een 3 septembrie 2026 pe latura sudic\u0103 a bulevardului Liviu Rebreanu, pe segmentul cuprins \u00eentre Calea Martirilor 1989 \u0219i strada Arie\u0219.<\/p>\n<p class=\"wp-block-paragraph\">\u00cen aceast\u0103 perioad\u0103, circula\u021bia va fi \u00eenchis\u0103 pe sensul afectat de lucr\u0103ri, iar traficul va fi deviat pe sensul opus, unde se va desf\u0103\u0219ura \u00een regim de contrasens. M\u0103sura are rolul de a permite desf\u0103\u0219urarea lucr\u0103rilor f\u0103r\u0103 blocarea complet\u0103 a circula\u021biei \u00een zon\u0103.<\/p>\n<h2 class=\"wp-block-heading\">Restric\u021bii \u0219i \u00een zona liniilor de tramvai<\/h2>\n<p class=\"wp-block-paragraph\">O alt\u0103 decizie a Comisiei de Circula\u021bie vizeaz\u0103 solicitarea Societ\u0103\u021bii de Transport Public Timi\u0219oara privind efectuarea unor lucr\u0103ri de \u00eentre\u021binere \u0219i repara\u021bii la infrastructura de tramvai.<\/p>\n<p class=\"wp-block-paragraph\">Astfel, \u00een perioada 11 august 2026, ora 04:00 \u2013 6 septembrie 2026, ora 24:00, circula\u021bia rutier\u0103 va fi \u00eenchis\u0103 \u00een zona liniilor de tramvai din intersec\u021bia str\u0103zii Nicu Filipescu cu bulevardul Revolu\u021biei din 1989.<\/p>\n<p class=\"wp-block-paragraph\">Interven\u021biile sunt programate pentru men\u021binerea infrastructurii de transport public \u00een condi\u021bii optime de func\u021bionare \u0219i pentru prevenirea apari\u021biei unor defec\u021biuni care ar putea afecta circula\u021bia tramvaielor.<\/p>\n<h2 class=\"wp-block-heading\">Lucr\u0103rile urm\u0103resc \u00eembun\u0103t\u0103\u021birea infrastructurii rutiere \u0219i a transportului public<\/h2>\n<p class=\"wp-block-paragraph\">Proiectele aflate \u00een desf\u0103\u0219urare fac parte din programul de \u00eentre\u021binere \u0219i modernizare a infrastructurii administrate de Prim\u0103ria Municipiului Timi\u0219oara. At\u00e2t reabilitarea carosabilului, c\u00e2t \u0219i interven\u021biile la liniile de tramvai au ca obiectiv cre\u0219terea siguran\u021bei \u00een trafic \u0219i asigurarea unor condi\u021bii mai bune pentru \u0219oferi \u0219i pentru utilizatorii transportului public.<\/p>\n<p class=\"wp-block-paragraph\">Pe durata restric\u021biilor, autorit\u0103\u021bile recomand\u0103 respectarea semnaliz\u0103rii temporare din zonele afectate \u0219i planificarea din timp a deplas\u0103rilor, \u00een special \u00een orele de v\u00e2rf, c\u00e2nd valorile de trafic sunt ridicate.<\/p>\n<p class=\"wp-block-paragraph\">\u00cenchiderea temporar\u0103 a circula\u021biei va permite executarea lucr\u0103rilor \u00eentr-un ritm sus\u021binut, astfel \u00eenc\u00e2t acestea s\u0103 fie finalizate \u00een termenele stabilite \u0219i cu un impact c\u00e2t mai redus asupra traficului din municipiu.<\/p>\n<\/div>\n<p>[analyse_source url=&#8221;https:\/\/orasul-timisoara.ro\/local-40123\/&#8221;]<\/p>\n","protected":false},"excerpt":{"rendered":"<p>[analyse_image type=&#8221;featured&#8221; src=&#8221;https:\/\/orasul-timisoara.ro\/wp-content\/uploads\/2025\/01\/bld-liviu-rebreanu.jpg&#8221;] Administra\u021bie local\u0103Bulevardul Liviu Rebreanu intr\u0103 \u00een \u0219antier din 10 august. Noi \u00eenchideri de&#8230; Administra\u021bie local\u0103 Investitii in Timisoara \u0218tiri Locale Bulevardul Liviu Rebreanu intr\u0103 \u00een \u0219antier din 10 august. Noi \u00eenchideri de trafic \u00een Timi\u0219oara De c\u0103tre redactia &#8211; 07\/08\/2026 Facebook Twitter WhatsApp Linkedin ReddIt Email Imprimare Timi\u0219orenii vor \u00eent\u00e2mpina noi restric\u021bii [&hellip;]<\/p>\n","protected":false},"author":1,"featured_media":0,"comment_status":"open","ping_status":"","sticky":false,"template":"","format":"standard","meta":{"footnotes":""},"categories":[89],"tags":[226,189],"class_list":["post-2083850","post","type-post","status-publish","format-standard","hentry","category-romania","tag-crawlmanager","tag-orasul-timisoara-ro"],"_links":{"self":[{"href":"https:\/\/analyse.optim.biz\/index.php?rest_route=\/wp\/v2\/posts\/2083850","targetHints":{"allow":["GET"]}}],"collection":[{"href":"https:\/\/analyse.optim.biz\/index.php?rest_route=\/wp\/v2\/posts"}],"about":[{"href":"https:\/\/analyse.optim.biz\/index.php?rest_route=\/wp\/v2\/types\/post"}],"author":[{"embeddable":true,"href":"https:\/\/analyse.optim.biz\/index.php?rest_route=\/wp\/v2\/users\/1"}],"replies":[{"embeddable":true,"href":"https:\/\/analyse.optim.biz\/index.php?rest_route=%2Fwp%2Fv2%2Fcomments&post=2083850"}],"version-history":[{"count":0,"href":"https:\/\/analyse.optim.biz\/index.php?rest_route=\/wp\/v2\/posts\/2083850\/revisions"}],"wp:attachment":[{"href":"https:\/\/analyse.optim.biz\/index.php?rest_route=%2Fwp%2Fv2%2Fmedia&parent=2083850"}],"wp:term":[{"taxonomy":"category","embeddable":true,"href":"https:\/\/analyse.optim.biz\/index.php?rest_route=%2Fwp%2Fv2%2Fcategories&post=2083850"},{"taxonomy":"post_tag","embeddable":true,"href":"https:\/\/analyse.optim.biz\/index.php?rest_route=%2Fwp%2Fv2%2Ftags&post=2083850"}],"curies":[{"name":"wp","href":"https:\/\/api.w.org\/{rel}","templated":true}]}}