{"id":2083848,"date":"2026-08-07T11:42:25","date_gmt":"2026-08-07T08:42:25","guid":{"rendered":"https:\/\/analyse.optim.biz\/?p=2083848"},"modified":"2026-08-07T11:42:25","modified_gmt":"2026-08-07T08:42:25","slug":"lugoj-investeste-21-de-milioane-de-lei-in-modernizarea-centrului-si-a-cartierului-i-c-dragan-calin-dobra","status":"publish","type":"post","link":"https:\/\/analyse.optim.biz\/?p=2083848","title":{"rendered":"Lugoj investe\u0219te 21 de milioane de lei \u00een modernizarea centrului \u0219i a cartierului I.C. Dr\u0103gan. C\u0103lin Dobra:"},"content":{"rendered":"<p>[analyse_image type=&#8221;featured&#8221; src=&#8221;https:\/\/orasul-timisoara.ro\/wp-content\/uploads\/2026\/08\/763981063_1778872603294440_8070800734402373288_n-1.jpg&#8221;]<\/p>\n<article id=\"post-40117\" class=\"td-post-template-7 post-40117 post type-post status-publish format-standard has-post-thumbnail category-administratie category-featured category-investitii-in-timisoara category-stiri-timisoara tag-calin-dobra tag-investitii td-container-wrap\">\n<div class=\"td-full-screen-header-image-wrap\">\n<div class=\"td-container td-post-header\">\n<div class=\"td-crumb-container\">\n<div class=\"entry-crumbs\"><span><a title=\"Vede\u021bi toate articolele \u00een Administra\u021bie local\u0103\" class=\"entry-crumb\" href=\"https:\/\/orasul-timisoara.ro\/local-category\/administratie\/\">Administra\u021bie local\u0103<\/a><\/span><span class=\"td-bred-no-url-last\">Lugoj investe\u0219te 21 de milioane de lei \u00een modernizarea centrului \u0219i a&#8230;<\/span><\/div>\n<\/div>\n<div class=\"td-post-header-holder\">\n<div class=\"td-parallax-header\">\n<header class=\"td-post-title\">\n<ul class=\"td-category\">\n<li class=\"entry-category\"><a href=\"https:\/\/orasul-timisoara.ro\/local-category\/administratie\/\">Administra\u021bie local\u0103<\/a><\/li>\n<li class=\"entry-category\"><a href=\"https:\/\/orasul-timisoara.ro\/local-category\/investitii-in-timisoara\/\">Investitii in Timisoara<\/a><\/li>\n<li class=\"entry-category\"><a href=\"https:\/\/orasul-timisoara.ro\/local-category\/stiri-timisoara\/\">\u0218tiri Locale<\/a><\/li>\n<\/ul>\n<h1 class=\"entry-title\">Lugoj investe\u0219te 21 de milioane de lei \u00een modernizarea centrului \u0219i a cartierului I.C. Dr\u0103gan. C\u0103lin Dobra: \u201eNu ne permitem s\u0103 pierdem fondurile europene\u201d<\/h1>\n<div class=\"td-module-meta-info\">\n<div class=\"td-post-author-name\">\n<div class=\"td-author-by\">De c\u0103tre<\/div>\n<p><a href=\"https:\/\/orasul-timisoara.ro\/author\/timisoara\/\">redactia<\/a><\/p>\n<div class=\"td-author-line\"> &#8211; <\/div>\n<\/div>\n<p><span class=\"td-post-date\"><time class=\"entry-date updated td-module-date\" datetime=\"2026-08-07T14:42:25+03:00\">07\/08\/2026<\/time><\/span><\/div>\n<\/header>\n<\/div>\n<\/div>\n<\/div>\n<div id=\"td-full-screen-header-image\" class=\"td-image-gradient-style7\"><img decoding=\"async\" class=\"td-backstretch\" src=\"https:\/\/orasul-timisoara.ro\/wp-content\/uploads\/2026\/08\/763981063_1778872603294440_8070800734402373288_n-1.jpg\"><\/div>\n<\/div>\n<div class=\"td-container\">\n<div class=\"td-pb-row\">\n<div class=\"td-pb-span8 td-main-content\" role=\"main\">\n<div class=\"td-ss-main-content\">\n<div class=\"td-post-sharing-top\">\n<div class=\"td-post-sharing-classic\"><iframe title=\"topFacebookLike\" frameborder src=\"https:\/\/www.facebook.com\/plugins\/like.php?href=https:\/\/orasul-timisoara.ro\/local-40117\/&amp;layout=button_count&amp;show_faces=false&amp;width=105&amp;action=like&amp;colorscheme=light&amp;height=21\"><\/iframe><\/div>\n<div id=\"td_social_sharing_article_top\" class=\"td-post-sharing td-ps-bg td-ps-notext td-post-sharing-style1 \">\n<div class=\"td-post-sharing-visible\"><a class=\"td-social-sharing-button td-social-sharing-button-js td-social-network td-social-facebook\" href=\"https:\/\/www.facebook.com\/sharer.php?u=https%3A%2F%2Forasul-timisoara.ro%2Flocal-40117%2F\" title=\"Facebook\"><\/p>\n<div class=\"td-social-but-text\">Facebook<\/div>\n<p><\/a><a class=\"td-social-sharing-button td-social-sharing-button-js td-social-network td-social-twitter\" href=\"https:\/\/twitter.com\/intent\/tweet?text=Lugoj+investe%C8%99te+21+de+milioane+de+lei+%C3%AEn+modernizarea+centrului+%C8%99i+a+cartierului+I.C.+Dr%C4%83gan.+C%C4%83lin+Dobra%3A+%E2%80%9ENu+ne+permitem+s%C4%83+pierdem+fondurile+europene%E2%80%9D&amp;url=https%3A%2F%2Forasul-timisoara.ro%2Flocal-40117%2F&amp;via=orasultm\" title=\"Twitter\"><\/p>\n<div class=\"td-social-but-text\">Twitter<\/div>\n<p><\/a><a class=\"td-social-sharing-button td-social-sharing-button-js td-social-network td-social-whatsapp\" href=\"https:\/\/api.whatsapp.com\/send?text=Lugoj+investe%C8%99te+21+de+milioane+de+lei+%C3%AEn+modernizarea+centrului+%C8%99i+a+cartierului+I.C.+Dr%C4%83gan.+C%C4%83lin+Dobra%3A+%E2%80%9ENu+ne+permitem+s%C4%83+pierdem+fondurile+europene%E2%80%9D%20%0A%0A%20https:\/\/orasul-timisoara.ro\/local-40117\/\" title=\"WhatsApp\"><\/p>\n<div class=\"td-social-but-text\">WhatsApp<\/div>\n<p><\/a><a class=\"td-social-sharing-button td-social-sharing-button-js td-social-network td-social-linkedin\" href=\"https:\/\/www.linkedin.com\/shareArticle?mini=true&amp;url=https:\/\/orasul-timisoara.ro\/local-40117\/&amp;title=Lugoj+investe%C8%99te+21+de+milioane+de+lei+%C3%AEn+modernizarea+centrului+%C8%99i+a+cartierului+I.C.+Dr%C4%83gan.+C%C4%83lin+Dobra%3A+%E2%80%9ENu+ne+permitem+s%C4%83+pierdem+fondurile+europene%E2%80%9D\" title=\"Linkedin\"><\/p>\n<div class=\"td-social-but-text\">Linkedin<\/div>\n<p><\/a><a class=\"td-social-sharing-button td-social-sharing-button-js td-social-network td-social-reddit\" href=\"https:\/\/reddit.com\/submit?url=https:\/\/orasul-timisoara.ro\/local-40117\/&amp;title=Lugoj+investe%C8%99te+21+de+milioane+de+lei+%C3%AEn+modernizarea+centrului+%C8%99i+a+cartierului+I.C.+Dr%C4%83gan.+C%C4%83lin+Dobra%3A+%E2%80%9ENu+ne+permitem+s%C4%83+pierdem+fondurile+europene%E2%80%9D\" title=\"ReddIt\"><\/p>\n<div class=\"td-social-but-text\">ReddIt<\/div>\n<p><\/a><a class=\"td-social-sharing-button td-social-sharing-button-js td-social-network td-social-mail\" href=\"mailto:?subject=Lugoj%20investe%C8%99te%2021%20de%20milioane%20de%20lei%20%C3%AEn%20modernizarea%20centrului%20%C8%99i%20a%20cartierului%20I.C.%20Dr%C4%83gan.%20C%C4%83lin%20Dobra:%20%E2%80%9ENu%20ne%20permitem%20s%C4%83%20pierdem%20fondurile%20europene%E2%80%9D&amp;body=https:\/\/orasul-timisoara.ro\/local-40117\/\" title=\"Email\"><\/p>\n<div class=\"td-social-but-text\">Email<\/div>\n<p><\/a><a class=\"td-social-sharing-button td-social-sharing-button-js td-social-network td-social-print\" href=\"https:\/\/orasul-timisoara.ro\/local-40117\/\" title=\"Imprimare\"><\/p>\n<div class=\"td-social-but-text\">Imprimare<\/div>\n<p><\/a><\/div>\n<\/div>\n<\/div>\n<div class=\"td-post-content tagdiv-type\">\n<p class=\"wp-block-paragraph\">Municipiul Lugoj continu\u0103 seria investi\u021biilor finan\u021bate din fonduri europene. Primarul C\u0103lin Dobra a anun\u021bat semnarea contractului de execu\u021bie pentru modernizarea \u0219i reabilitarea str\u0103zii Alexandru Mocioni \u2013 tronsonul II, a centrului pietonal \u0219i a cartierului Iosif Constantin Dr\u0103gan, un proiect \u00een valoare de aproximativ 21 de milioane de lei.<\/p>\n<p class=\"wp-block-paragraph\">Finan\u021barea este asigurat\u0103 prin Programul Regional Vest, gestionat de ADR Vest, iar administra\u021bia local\u0103 sus\u021bine c\u0103 investi\u021bia va transforma semnificativ aceste zone ale ora\u0219ului.<\/p>\n<h3 class=\"wp-block-heading\">Modernizare complet\u0103, nu doar reabilitarea drumurilor<\/h3>\n<p class=\"wp-block-paragraph\">Potrivit edilului, proiectul dep\u0103\u0219e\u0219te simpla refacere a carosabilului \u0219i a trotuarelor. Sunt prev\u0103zute amenaj\u0103ri de spa\u021bii verzi, plantarea de arbori \u0219i arbu\u0219ti ornamentali, instalarea de mobilier urban modern, realizarea unor locuri de joac\u0103 pentru copii, precum \u0219i amenajarea unor spa\u021bii dedicate recreerii \u0219i relax\u0103rii.<\/p>\n<figure class=\"wp-block-gallery has-nested-images columns-default is-cropped td-modal-on-gallery wp-block-gallery-1 is-layout-flex wp-block-gallery-is-layout-flex\">\n<figure class=\"wp-block-image size-full\"><img loading=\"lazy\" decoding=\"async\" width=\"1440\" height=\"778\" data-id=\"40118\" src=\"https:\/\/orasul-timisoara.ro\/wp-content\/uploads\/2026\/08\/763981063_1778872603294440_8070800734402373288_n.jpg\" alt class=\"wp-image-40118\"><\/figure>\n<figure class=\"wp-block-image size-full\"><img loading=\"lazy\" decoding=\"async\" width=\"1440\" height=\"774\" data-id=\"40119\" src=\"https:\/\/orasul-timisoara.ro\/wp-content\/uploads\/2026\/08\/764006324_1654764982877224_6155164573988175957_n.jpg\" alt class=\"wp-image-40119\"><\/figure>\n<figure class=\"wp-block-image size-full\"><img loading=\"lazy\" decoding=\"async\" width=\"1440\" height=\"960\" data-id=\"40120\" src=\"https:\/\/orasul-timisoara.ro\/wp-content\/uploads\/2026\/08\/765671052_1031119669718132_101272849649242403_n.jpg\" alt class=\"wp-image-40120\"><\/figure>\n<\/figure>\n<p class=\"wp-block-paragraph\">\u201eAm semnat ast\u0103zi un nou contract de execu\u021bie extrem de important pentru municipiul Lugoj. Este un proiect \u00een valoare de aproximativ 21 de milioane de lei, finan\u021bat din fonduri europene, prin Programul Regional Vest\u201d, a declarat primarul C\u0103lin Dobra.<\/p>\n<h3 class=\"wp-block-heading\">De ce sunt derulate mai multe \u0219antiere \u00een acela\u0219i timp<\/h3>\n<p class=\"wp-block-paragraph\">Edilul a r\u0103spuns \u0219i criticilor venite din partea unor cet\u0103\u021beni, care se \u00eentreab\u0103 de ce sunt demarate noi lucr\u0103ri \u00eenainte ca alte investi\u021bii s\u0103 fie finalizate.<\/p>\n<p class=\"wp-block-paragraph\">Potrivit acestuia, proiectele finan\u021bate din fonduri europene au termene stricte de implementare \u0219i nu pot fi am\u00e2nate p\u00e2n\u0103 la \u00eencheierea altor \u0219antiere.<\/p>\n<p class=\"wp-block-paragraph\">\u201eNu ne permitem s\u0103 pierdem finan\u021b\u0103ri europene doar pentru a lucra pe r\u00e2nd. Administra\u021bia are obliga\u021bia s\u0103 implementeze aceste proiecte \u00een paralel, pentru a atrage c\u00e2t mai multe fonduri \u0219i pentru a recupera anii \u00een care ora\u0219ul a r\u0103mas \u00een urm\u0103 la capitolul investi\u021bii\u201d, a explicat Dobra.<\/p>\n<h3 class=\"wp-block-heading\">Aquatim va realiza bran\u0219amentele la noua re\u021bea de ap\u0103<\/h3>\n<p class=\"wp-block-paragraph\">\u00cen cadrul investi\u021biei, compania Aquatim va executa, din fonduri proprii, bran\u0219amentele la noua re\u021bea de ap\u0103 din centrul pietonal \u0219i din cartierul Iosif Constantin Dr\u0103gan.<\/p>\n<p class=\"wp-block-paragraph\">Astfel, autorit\u0103\u021bile locale urm\u0103resc ca lucr\u0103rile de infrastructur\u0103 subteran\u0103 s\u0103 fie finalizate \u00eenainte de amenaj\u0103rile rutiere \u0219i urbanistice, evit\u00e2nd interven\u021biile ulterioare asupra carosabilului \u0219i trotuarelor.<\/p>\n<p class=\"wp-block-paragraph\">\u201eIntervenim o singur\u0103 dat\u0103 \u0219i realiz\u0103m toate lucr\u0103rile necesare, pentru ca ulterior s\u0103 nu mai fie nevoie s\u0103 spargem din nou drumurile \u0219i trotuarele\u201d, a precizat primarul.<\/p>\n<h3 class=\"wp-block-heading\">Autorit\u0103\u021bile promit un nou aspect pentru Lugoj<\/h3>\n<p class=\"wp-block-paragraph\">La finalul declara\u021biei, C\u0103lin Dobra \u0219i-a exprimat convingerea c\u0103 investi\u021biile aflate \u00een desf\u0103\u0219urare vor schimba semnificativ imaginea municipiului.<\/p>\n<p class=\"wp-block-paragraph\">\u201eSunt convins c\u0103, odat\u0103 cu finalizarea acestor proiecte, Lugojul va avea o imagine complet diferit\u0103. Este un proces care necesit\u0103 r\u0103bdare, \u00eens\u0103 rezultatele vor fi vizibile \u0219i vor aduce un plus de confort, siguran\u021b\u0103 \u0219i calitate a vie\u021bii pentru to\u021bi locuitorii ora\u0219ului\u201d, a concluzionat primarul municipiului Lugoj.<\/p>\n<\/div>\n<footer>\n<div class=\"td-post-source-tags\">\n<ul class=\"td-tags td-post-small-box clearfix\">\n<li><span>ETICHETE<\/span><\/li>\n<li><a href=\"https:\/\/orasul-timisoara.ro\/local-tag\/calin-dobra\/\">calin dobra<\/a><\/li>\n<li><a href=\"https:\/\/orasul-timisoara.ro\/local-tag\/investitii\/\">investitii<\/a><\/li>\n<\/ul>\n<\/div>\n<div class=\"td-post-sharing-bottom\">\n<div class=\"td-post-sharing-classic\"><iframe title=\"bottomFacebookLike\" frameborder src=\"https:\/\/www.facebook.com\/plugins\/like.php?href=https:\/\/orasul-timisoara.ro\/local-40117\/&amp;layout=button_count&amp;show_faces=false&amp;width=105&amp;action=like&amp;colorscheme=light&amp;height=21\"><\/iframe><\/div>\n<div id=\"td_social_sharing_article_bottom\" class=\"td-post-sharing td-ps-bg td-ps-notext td-post-sharing-style1 \">\n<div class=\"td-post-sharing-visible\"><a class=\"td-social-sharing-button td-social-sharing-button-js td-social-network td-social-facebook\" href=\"https:\/\/www.facebook.com\/sharer.php?u=https%3A%2F%2Forasul-timisoara.ro%2Flocal-40117%2F\" title=\"Facebook\"><\/p>\n<div class=\"td-social-but-text\">Facebook<\/div>\n<p><\/a><a class=\"td-social-sharing-button td-social-sharing-button-js td-social-network td-social-twitter\" href=\"https:\/\/twitter.com\/intent\/tweet?text=Lugoj+investe%C8%99te+21+de+milioane+de+lei+%C3%AEn+modernizarea+centrului+%C8%99i+a+cartierului+I.C.+Dr%C4%83gan.+C%C4%83lin+Dobra%3A+%E2%80%9ENu+ne+permitem+s%C4%83+pierdem+fondurile+europene%E2%80%9D&amp;url=https%3A%2F%2Forasul-timisoara.ro%2Flocal-40117%2F&amp;via=orasultm\" title=\"Twitter\"><\/p>\n<div class=\"td-social-but-text\">Twitter<\/div>\n<p><\/a><a class=\"td-social-sharing-button td-social-sharing-button-js td-social-network td-social-whatsapp\" href=\"https:\/\/api.whatsapp.com\/send?text=Lugoj+investe%C8%99te+21+de+milioane+de+lei+%C3%AEn+modernizarea+centrului+%C8%99i+a+cartierului+I.C.+Dr%C4%83gan.+C%C4%83lin+Dobra%3A+%E2%80%9ENu+ne+permitem+s%C4%83+pierdem+fondurile+europene%E2%80%9D%20%0A%0A%20https:\/\/orasul-timisoara.ro\/local-40117\/\" title=\"WhatsApp\"><\/p>\n<div class=\"td-social-but-text\">WhatsApp<\/div>\n<p><\/a><a class=\"td-social-sharing-button td-social-sharing-button-js td-social-network td-social-linkedin\" href=\"https:\/\/www.linkedin.com\/shareArticle?mini=true&amp;url=https:\/\/orasul-timisoara.ro\/local-40117\/&amp;title=Lugoj+investe%C8%99te+21+de+milioane+de+lei+%C3%AEn+modernizarea+centrului+%C8%99i+a+cartierului+I.C.+Dr%C4%83gan.+C%C4%83lin+Dobra%3A+%E2%80%9ENu+ne+permitem+s%C4%83+pierdem+fondurile+europene%E2%80%9D\" title=\"Linkedin\"><\/p>\n<div class=\"td-social-but-text\">Linkedin<\/div>\n<p><\/a><a class=\"td-social-sharing-button td-social-sharing-button-js td-social-network td-social-reddit\" href=\"https:\/\/reddit.com\/submit?url=https:\/\/orasul-timisoara.ro\/local-40117\/&amp;title=Lugoj+investe%C8%99te+21+de+milioane+de+lei+%C3%AEn+modernizarea+centrului+%C8%99i+a+cartierului+I.C.+Dr%C4%83gan.+C%C4%83lin+Dobra%3A+%E2%80%9ENu+ne+permitem+s%C4%83+pierdem+fondurile+europene%E2%80%9D\" title=\"ReddIt\"><\/p>\n<div class=\"td-social-but-text\">ReddIt<\/div>\n<p><\/a><a class=\"td-social-sharing-button td-social-sharing-button-js td-social-network td-social-mail\" href=\"mailto:?subject=Lugoj%20investe%C8%99te%2021%20de%20milioane%20de%20lei%20%C3%AEn%20modernizarea%20centrului%20%C8%99i%20a%20cartierului%20I.C.%20Dr%C4%83gan.%20C%C4%83lin%20Dobra:%20%E2%80%9ENu%20ne%20permitem%20s%C4%83%20pierdem%20fondurile%20europene%E2%80%9D&amp;body=https:\/\/orasul-timisoara.ro\/local-40117\/\" title=\"Email\"><\/p>\n<div class=\"td-social-but-text\">Email<\/div>\n<p><\/a><a class=\"td-social-sharing-button td-social-sharing-button-js td-social-network td-social-print\" href=\"https:\/\/orasul-timisoara.ro\/local-40117\/\" title=\"Imprimare\"><\/p>\n<div class=\"td-social-but-text\">Imprimare<\/div>\n<p><\/a><\/div>\n<\/div>\n<\/div>\n<div class=\"td-block-row td-post-next-prev\">\n<div class=\"td-block-span6 td-post-prev-post\">\n<div class=\"td-post-next-prev-content\"><span>Articolul precedent<\/span><a href=\"https:\/\/orasul-timisoara.ro\/local-40107\/\">Viorel M\u0103rcu\u021bi: Au \u00eenceput lucr\u0103rile la terenul sintetic de fotbal din S\u00e2nmihaiu Rom\u00e2n (foto)<\/a><\/div>\n<\/div>\n<div class=\"td-block-span6 td-post-next-post\">\n<div class=\"td-post-next-prev-content\"><span>Articolul urm\u0103tor<\/span><a href=\"https:\/\/orasul-timisoara.ro\/local-40123\/\">Bulevardul Liviu Rebreanu intr\u0103 \u00een \u0219antier din 10 august. Noi \u00eenchideri de trafic \u00een Timi\u0219oara<\/a><\/div>\n<\/div>\n<\/div>\n<div class=\"td-author-name vcard author\"><span class=\"fn\"><a href=\"https:\/\/orasul-timisoara.ro\/author\/timisoara\/\">redactia<\/a><\/span><\/div>\n<p><span class=\"td-page-meta\"><\/span><span class=\"td-page-meta\"><span class=\"td-page-meta\"><\/span><\/span><span class=\"td-page-meta\"><\/span><\/footer>\n<div class=\"td_block_wrap td_block_related_posts tdi_3 td_with_ajax_pagination td-pb-border-top td_block_template_8\" data-td-block-uid=\"tdi_3\">\n<h4 class=\"td-related-title td-block-title\"><a id=\"tdi_4\" class=\"td-related-left td-cur-simple-item\" data-td_filter_value data-td_block_id=\"tdi_3\" href=\"https:\/\/orasul-timisoara.ro\/local-40117\/\">ARTICOLE SIMILARE<\/a><a id=\"tdi_5\" class=\"td-related-right\" data-td_filter_value=\"td_related_more_from_author\" data-td_block_id=\"tdi_3\" href=\"https:\/\/orasul-timisoara.ro\/local-40117\/\">DE LA ACELA\u0218I AUTOR<\/a><\/h4>\n<div id=\"tdi_3\" class=\"td_block_inner\">\n<div class=\"td-related-row\">\n<div class=\"td-related-span4\">\n<div class=\"td_module_related_posts td-animation-stack td_mod_related_posts\">\n<div class=\"td-module-image\">\n<div class=\"td-module-thumb\"><a href=\"https:\/\/orasul-timisoara.ro\/local-38503\/\" rel=\"bookmark\" class=\"td-image-wrap \" title=\"\u0218trandul din Lugoj, \u00een stare critic\u0103: primarul Dobra promite redeschiderea, dar f\u0103r\u0103 garan\u021bii (foto)\"><img loading=\"lazy\" decoding=\"async\" class=\"entry-thumb\" src=\"https:\/\/orasul-timisoara.ro\/wp-content\/uploads\/2026\/04\/684946572_1512648830230906_7794746828293441135_n-1-436x300.jpg\" alt title=\"\u0218trandul din Lugoj, \u00een stare critic\u0103: primarul Dobra promite redeschiderea, dar f\u0103r\u0103 garan\u021bii (foto)\" width=\"218\" height=\"150\"><\/a><\/div>\n<\/div>\n<div class=\"item-details\">\n<h3 class=\"entry-title td-module-title\"><a href=\"https:\/\/orasul-timisoara.ro\/local-38503\/\" rel=\"bookmark\" title=\"\u0218trandul din Lugoj, \u00een stare critic\u0103: primarul Dobra promite redeschiderea, dar f\u0103r\u0103 garan\u021bii (foto)\">\u0218trandul din Lugoj, \u00een stare critic\u0103: primarul Dobra promite redeschiderea, dar f\u0103r\u0103 garan\u021bii (foto)<\/a><\/h3>\n<\/div>\n<\/div>\n<\/div>\n<div class=\"td-related-span4\">\n<div class=\"td_module_related_posts td-animation-stack td_mod_related_posts\">\n<div class=\"td-module-image\">\n<div class=\"td-module-thumb\"><a href=\"https:\/\/orasul-timisoara.ro\/local-37657\/\" rel=\"bookmark\" class=\"td-image-wrap \" title=\"Criz\u0103 \u00een sportul din Lugoj: primarul C\u0103lin Dobra cere m\u0103suri urgente \u0219i strategie clar\u0103\"><img loading=\"lazy\" decoding=\"async\" class=\"entry-thumb\" src=\"https:\/\/orasul-timisoara.ro\/wp-content\/uploads\/2026\/03\/sport-local-fotbal-436x300.jpg\" alt title=\"Criz\u0103 \u00een sportul din Lugoj: primarul C\u0103lin Dobra cere m\u0103suri urgente \u0219i strategie clar\u0103\" width=\"218\" height=\"150\"><\/a><\/div>\n<\/div>\n<div class=\"item-details\">\n<h3 class=\"entry-title td-module-title\"><a href=\"https:\/\/orasul-timisoara.ro\/local-37657\/\" rel=\"bookmark\" title=\"Criz\u0103 \u00een sportul din Lugoj: primarul C\u0103lin Dobra cere m\u0103suri urgente \u0219i strategie clar\u0103\">Criz\u0103 \u00een sportul din Lugoj: primarul C\u0103lin Dobra cere m\u0103suri urgente \u0219i strategie clar\u0103<\/a><\/h3>\n<\/div>\n<\/div>\n<\/div>\n<div class=\"td-related-span4\">\n<div class=\"td_module_related_posts td-animation-stack td_mod_related_posts\">\n<div class=\"td-module-image\">\n<div class=\"td-module-thumb\"><a href=\"https:\/\/orasul-timisoara.ro\/local-31529\/\" rel=\"bookmark\" class=\"td-image-wrap \" title=\"Timi\u0219oara investe\u0219te \u00een viitorul sportului \u0219i al comunit\u0103\u021bii: dou\u0103 proiecte esen\u021biale pentru ora\u0219 au primit und\u0103 verde\"><img loading=\"lazy\" decoding=\"async\" class=\"entry-thumb\" src=\"https:\/\/orasul-timisoara.ro\/wp-content\/uploads\/2025\/03\/polivalenta-podeanu-436x300.jpg\" alt title=\"Timi\u0219oara investe\u0219te \u00een viitorul sportului \u0219i al comunit\u0103\u021bii: dou\u0103 proiecte esen\u021biale pentru ora\u0219 au primit und\u0103 verde\" width=\"218\" height=\"150\"><\/a><\/div>\n<\/div>\n<div class=\"item-details\">\n<h3 class=\"entry-title td-module-title\"><a href=\"https:\/\/orasul-timisoara.ro\/local-31529\/\" rel=\"bookmark\" title=\"Timi\u0219oara investe\u0219te \u00een viitorul sportului \u0219i al comunit\u0103\u021bii: dou\u0103 proiecte esen\u021biale pentru ora\u0219 au primit und\u0103 verde\">Timi\u0219oara investe\u0219te \u00een viitorul sportului \u0219i al comunit\u0103\u021bii: dou\u0103 proiecte esen\u021biale pentru ora\u0219 au primit und\u0103 verde<\/a><\/h3>\n<\/div>\n<\/div>\n<\/div>\n<\/div>\n<\/div>\n<\/div>\n<div class=\"comments\" id=\"comments\">\n<div id=\"respond\" class=\"comment-respond\">\n<h3 id=\"reply-title\" class=\"comment-reply-title\">L\u0102SA\u021aI UN MESAJ<\/h3>\n<div class=\"comment-form-input-wrap td-form-comment\">\n<div class=\"td-warning-comment\">V\u0103 rug\u0103m s\u0103 introduce\u021bi comentariul dvs.!<\/div>\n<\/div>\n<div class=\"comment-form-input-wrap td-form-author\">\n<div class=\"td-warning-author\">Introduce\u021bi aici numele dvs.<\/div>\n<\/div>\n<div class=\"comment-form-input-wrap td-form-email\">\n<div class=\"td-warning-email-error\">A\u021bi introdus o adres\u0103 de e-mail incorect\u0103!<\/div>\n<div class=\"td-warning-email\">V\u0103 rug\u0103m s\u0103 introduce\u021bi adresa dvs. de e-mail aici<\/div>\n<\/div>\n<\/div>\n<p class=\"akismet_comment_form_privacy_notice\">Acest site folose\u0219te Akismet pentru a reduce spamul. <a href=\"https:\/\/akismet.com\/privacy\/\" target=\"_blank\" rel=\"nofollow noopener\">Afl\u0103 cum sunt procesate datele comentariilor tale<\/a>.<\/p>\n<\/div>\n<\/div>\n<\/div>\n<div class=\"td-pb-span4 td-main-sidebar\" role=\"complementary\">\n<div class=\"td-ss-main-sidebar\">\n<aside id=\"block-4\" class=\"td_block_template_8 widget block-4 widget_block widget_media_image\">\n<figure class=\"wp-block-image size-full\"><img decoding=\"async\" loading=\"lazy\" width=\"336\" height=\"280\" src=\"https:\/\/orasul-timisoara.ro\/wp-content\/uploads\/2024\/11\/ReTIM-Abonamentul-Verde-Google-Ads-336x280px.gif\" alt class=\"wp-image-29257\"><\/figure>\n<\/aside>\n<div class=\"td_block_wrap td_block_social_counter td_block_widget tdi_6 td-social-style5 td-social-boxed td-pb-border-top td_block_template_8\">\n<div class=\"td-block-title-wrap\">\n<h4 class=\"td-block-title\"><span>Urm\u0103re\u0219te-ne pe Social Media<\/span><\/h4>\n<\/div>\n<div class=\"td-social-list\">\n<div class=\"td_social_type td-pb-margin-side td_social_facebook\">\n<div class=\"td-social-box\"><span class=\"td_social_info td_social_info_counter\">344,595<\/span><span class=\"td_social_info td_social_info_name\">Fani<\/span><span class=\"td_social_button\"><a href=\"https:\/\/www.facebook.com\/247timisoara\" target=\"_blank\" rel=\"nofollow\">\u00cemi place<\/a><\/span><\/div>\n<\/div>\n<div class=\"td_social_type td-pb-margin-side td_social_instagram\">\n<div class=\"td-social-box\"><span class=\"td_social_info td_social_info_counter\">4,416<\/span><span class=\"td_social_info td_social_info_name\">Cititori<\/span><span class=\"td_social_button\"><a href=\"https:\/\/instagram.com\/orasultimisoararo\/\" target=\"_blank\" rel=\"nofollow\">Conecta\u021bi-v\u0103<\/a><\/span><\/div>\n<\/div>\n<div class=\"td_social_type td-pb-margin-side td_social_rss\">\n<div class=\"td-social-box\"><span class=\"td_social_info td_social_info_counter\">12,506<\/span><span class=\"td_social_info td_social_info_name\">Cititori<\/span><span class=\"td_social_button\"><a href=\"https:\/\/orasul-timisoara.ro\/feed\/\" target=\"_blank\" rel=\"nofollow\">Conecta\u021bi-v\u0103<\/a><\/span><\/div>\n<\/div>\n<div class=\"td_social_type td-pb-margin-side td_social_tiktok\">\n<div class=\"td-social-box\"><span class=\"td_social_info td_social_info_counter\">1,500<\/span><span class=\"td_social_info td_social_info_name\">Cititori<\/span><span class=\"td_social_button\"><a href=\"https:\/\/www.tiktok.com\/@orasultimisoara\" target=\"_blank\" rel=\"nofollow\">Conecta\u021bi-v\u0103<\/a><\/span><\/div>\n<\/div>\n<div class=\"td_social_type td-pb-margin-side td_social_twitter\">\n<div class=\"td-social-box\"><span class=\"td_social_info td_social_info_counter\">1,595<\/span><span class=\"td_social_info td_social_info_name\">Cititori<\/span><span class=\"td_social_button\"><a href=\"https:\/\/twitter.com\/orasultm\" target=\"_blank\" rel=\"nofollow\">Conecta\u021bi-v\u0103<\/a><\/span><\/div>\n<\/div>\n<div class=\"td_social_type td-pb-margin-side td_social_youtube\">\n<div class=\"td-social-box\"><span class=\"td_social_info td_social_info_counter\">3,506<\/span><span class=\"td_social_info td_social_info_name\">Abona\u021bi<\/span><span class=\"td_social_button\"><a href=\"https:\/\/www.youtube.com\/channel\/UCQNsQvs2XCSIm1Z-AHRturw?sub_confirmation=1\" target=\"_blank\" rel=\"nofollow\">Abona\u021bi-v\u0103<\/a><\/span><\/div>\n<\/div>\n<\/div>\n<\/div>\n<aside id=\"text-7\" class=\"td_block_template_8 widget text-7 widget_text\">\n<h4 class=\"td-block-title\"><span>C\u0103ut\u0103ri populare pe OTM<\/span><\/h4>\n<div class=\"textwidget\"><a href=\"https:\/\/orasul-timisoara.ro\/?s=timisoara\"><span>Timisoara<\/span><\/a><a href=\"https:\/\/orasul-timisoara.ro\/?s=calin+dobra\"><span>Calin Dobra<\/span><\/a><a href=\"https:\/\/orasul-timisoara.ro\/?s=primaria+timisoara\"><span>Primaria Timisoara<\/span><\/a><a href=\"https:\/\/orasul-timisoara.ro\/?s=dominic+fritz\"><span>Dominic Fritz<\/span><\/a><a href=\"https:\/\/orasul-timisoara.ro\/?s=nicolae+robu\"><span>Nicolae Robu<\/span><\/a><a href=\"https:\/\/orasul-timisoara.ro\/?s=consiliul+local+timisoara\">Consiliul Local Timisoara<\/a><a href=\"https:\/\/orasul-timisoara.ro\/?s=consiliul+judetean+timis\"><span>Consiliul Judetean Timis<\/span><\/a><a href=\"https:\/\/orasul-timisoara.ro\/?s=cjt\"><span>CJT<\/span><\/a><a href=\"https:\/\/orasul-timisoara.ro\/?s=Alfred+Simonis\"><span>Alfred Simonis<\/span><\/a><a href=\"https:\/\/orasul-timisoara.ro\/?s=PNL\"><span>PNL<\/span><\/a><a href=\"https:\/\/orasul-timisoara.ro\/?s=coronavirus\"><span>coronavirus<\/span><\/a><a href=\"https:\/\/orasul-timisoara.ro\/?s=teatru+timisoara\">teatru Timisoara<\/a><a href=\"https:\/\/orasul-timisoara.ro\/?s=restaurante\"><span>restaurante Timisoara<\/span><\/a><a href=\"https:\/\/orasul-timisoara.ro\/?s=diskoteka\"><span>Diskoteka<\/span><\/a><a href=\"https:\/\/orasul-timisoara.ro\/?s=iulius+town\"><span>Iulius Town<\/span><\/a><a href=\"https:\/\/orasul-timisoara.ro\/?s=iulius+mall\"><span>Iulius Mall<\/span><\/a><a href=\"https:\/\/orasul-timisoara.ro\/?s=stpt\"><span>STPT<\/span><\/a><a href=\"https:\/\/orasul-timisoara.ro\/?s=alin+nica\"><span>Alin Nica<\/span><\/a><a href=\"https:\/\/orasul-timisoara.ro\/?s=psd\"><span>PSD<\/span><\/a><a href=\"https:\/\/orasul-timisoara.ro\/?s=aeroport\"><span>Aeroportul International Timisoara<\/span><\/a><a href=\"https:\/\/orasul-timisoara.ro\/?s=babes\"><span>Spitalul Victor Babes Timisoara<\/span><\/a><a href=\"https:\/\/orasul-timisoara.ro\/?s=poli\"><span>Poli Timi\u0219oara<\/span><\/a><a href=\"https:\/\/orasul-timisoara.ro\/?s=carantina\"><span>carantina<\/span><\/a><a href=\"https:\/\/orasul-timisoara.ro\/?s=aquatim\"><span>Aquatim<\/span><\/a><a href=\"https:\/\/orasul-timisoara.ro\/local-category\/stiri-timisoara\/\"><span>Stiri Timisoara<\/span><\/a><a href=\"https:\/\/orasul-timisoara.ro\/local-category\/investitii-in-timisoara\/\"><span>Investi\u021bii in Timi\u0219oara<\/span><\/a><a href=\"https:\/\/orasul-timisoara.ro\/local-9463\/\"><span>shaorma<\/span><\/a><a href=\"https:\/\/orasul-timisoara.ro\/?s=trafic\"><span>trafic rutier<\/span><\/a><a href=\"https:\/\/orasul-timisoara.ro\/?s=politia\"><span>politia locala timisoara<\/span><\/a><a href=\"https:\/\/orasul-timisoara.ro\/?s=roxana\"><span>Roxana Iliescu<\/span><\/a><a href=\"https:\/\/orasul-timisoara.ro\/?s=colterm\"><span>Colterm<\/span><\/a><a href=\"https:\/\/orasul-timisoara.ro\/?s=latcau\"><span>Ruben La\u021bc\u0103u<\/span><\/a><a href=\"https:\/\/orasul-timisoara.ro\/?s=timis\"><span>\u0218tiri din Timi\u0219<\/span><\/a><a href=\"https:\/\/orasul-timisoara.ro\/?s=spital\"><span>Spitale din Timi\u0219oara<\/span><\/a><a href=\"https:\/\/orasul-timisoara.ro\/?s=tabara\"><span>Cosmin Tab\u0103r\u0103<\/span><\/a><\/div>\n<\/aside>\n<aside id=\"rss-2\" class=\"td_block_template_8 widget rss-2 widget_rss\">\n<h4 class=\"td-block-title\"><span><a class=\"rsswidget rss-widget-feed\" href=\"https:\/\/fashionfridays.ro\/feed\"><img decoding=\"async\" class=\"rss-widget-icon\" width=\"14\" height=\"14\" src=\"https:\/\/orasul-timisoara.ro\/wp-includes\/images\/rss.png\" alt=\"RSS\" loading=\"lazy\"><\/a><a class=\"rsswidget rss-widget-title\" href=\"https:\/\/fashionfridays.ro\/\">Fashion Fridays<\/a><\/span><\/h4>\n<ul>\n<li><a class=\"rsswidget\" href=\"https:\/\/fashionfridays.ro\/romania-devine-a-29-a-piata-vogue-o-noua-era-pentru-industria-locala-de-moda\/\">Rom\u00e2nia devine a 29-a pia\u021b\u0103 Vogue: o nou\u0103 er\u0103 pentru industria local\u0103 de mod\u0103<\/a>\n<div class=\"rssSummary\">Revista Vogue \u00ee\u0219i extinde prezen\u021ba global\u0103 \u0219i va fi lansat\u0103 oficial \u00een Rom\u00e2nia \u00een prim\u0103vara anului 2027, marc\u00e2nd intrarea pe cea de-a 29-a pia\u021b\u0103 interna\u021bional\u0103. Proiectul este realizat \u00een parteneriat cu AEMME Publishing, o companie media recent \u00eenfiin\u021bat\u0103, care va publica edi\u021bia local\u0103 sub licen\u021b\u0103. Noua edi\u021bie, Vogue Rom\u00e2nia, \u00ee\u0219i propune s\u0103 combine autoritatea global\u0103 [\u2026]<\/div>\n<\/li>\n<\/ul>\n<\/aside>\n<aside id=\"rss-4\" class=\"td_block_template_8 widget rss-4 widget_rss\">\n<h4 class=\"td-block-title\"><span><a class=\"rsswidget rss-widget-feed\" href=\"https:\/\/emasini.ro\/feed\"><img decoding=\"async\" class=\"rss-widget-icon\" width=\"14\" height=\"14\" src=\"https:\/\/orasul-timisoara.ro\/wp-includes\/images\/rss.png\" alt=\"RSS\" loading=\"lazy\"><\/a><a class=\"rsswidget rss-widget-title\" href=\"https:\/\/emasini.ro\/\">eMasini<\/a><\/span><\/h4>\n<ul>\n<li><a class=\"rsswidget\" href=\"https:\/\/emasini.ro\/bmw-testeaza-noul-i4-convertible-primul-cabrio-electric-accesibil-al-marcii\/\">BMW testeaz\u0103 noul i4 Convertible, primul cabrio electric accesibil al m\u0103rcii<\/a>\n<div class=\"rssSummary\">BMW accelereaz\u0103 dezvoltarea noii genera\u021bii de modele electrice bazate pe platforma Neue Klasse, iar unul dintre cele mai interesante proiecte aflate \u00een teste este viitorul BMW i4 Convertible. Prototipul camuflat a fost surprins pe \u0219osele, confirm\u00e2nd c\u0103 produc\u0103torul german preg\u0103te\u0219te o decapotabil\u0103 electric\u0103 destinat\u0103 unui segment \u00een care oferta este, \u00een prezent, extrem de limitat\u0103. [\u2026]<\/div>\n<\/li>\n<\/ul>\n<\/aside>\n<\/div>\n<\/div>\n<\/div>\n<\/div>\n<\/article>\n<div class=\"td-post-content tagdiv-type\">\n<p class=\"wp-block-paragraph\">Municipiul Lugoj continu\u0103 seria investi\u021biilor finan\u021bate din fonduri europene. Primarul C\u0103lin Dobra a anun\u021bat semnarea contractului de execu\u021bie pentru modernizarea \u0219i reabilitarea str\u0103zii Alexandru Mocioni \u2013 tronsonul II, a centrului pietonal \u0219i a cartierului Iosif Constantin Dr\u0103gan, un proiect \u00een valoare de aproximativ 21 de milioane de lei.<\/p>\n<p class=\"wp-block-paragraph\">Finan\u021barea este asigurat\u0103 prin Programul Regional Vest, gestionat de ADR Vest, iar administra\u021bia local\u0103 sus\u021bine c\u0103 investi\u021bia va transforma semnificativ aceste zone ale ora\u0219ului.<\/p>\n<h3 class=\"wp-block-heading\">Modernizare complet\u0103, nu doar reabilitarea drumurilor<\/h3>\n<p class=\"wp-block-paragraph\">Potrivit edilului, proiectul dep\u0103\u0219e\u0219te simpla refacere a carosabilului \u0219i a trotuarelor. Sunt prev\u0103zute amenaj\u0103ri de spa\u021bii verzi, plantarea de arbori \u0219i arbu\u0219ti ornamentali, instalarea de mobilier urban modern, realizarea unor locuri de joac\u0103 pentru copii, precum \u0219i amenajarea unor spa\u021bii dedicate recreerii \u0219i relax\u0103rii.<\/p>\n<figure class=\"wp-block-gallery has-nested-images columns-default is-cropped td-modal-on-gallery wp-block-gallery-1 is-layout-flex wp-block-gallery-is-layout-flex\">\n<figure class=\"wp-block-image size-full\"><img loading=\"lazy\" decoding=\"async\" width=\"1440\" height=\"778\" data-id=\"40118\" src=\"https:\/\/orasul-timisoara.ro\/wp-content\/uploads\/2026\/08\/763981063_1778872603294440_8070800734402373288_n.jpg\" alt class=\"wp-image-40118\"><\/figure>\n<figure class=\"wp-block-image size-full\"><img loading=\"lazy\" decoding=\"async\" width=\"1440\" height=\"774\" data-id=\"40119\" src=\"https:\/\/orasul-timisoara.ro\/wp-content\/uploads\/2026\/08\/764006324_1654764982877224_6155164573988175957_n.jpg\" alt class=\"wp-image-40119\"><\/figure>\n<figure class=\"wp-block-image size-full\"><img loading=\"lazy\" decoding=\"async\" width=\"1440\" height=\"960\" data-id=\"40120\" src=\"https:\/\/orasul-timisoara.ro\/wp-content\/uploads\/2026\/08\/765671052_1031119669718132_101272849649242403_n.jpg\" alt class=\"wp-image-40120\"><\/figure>\n<\/figure>\n<p class=\"wp-block-paragraph\">\u201eAm semnat ast\u0103zi un nou contract de execu\u021bie extrem de important pentru municipiul Lugoj. Este un proiect \u00een valoare de aproximativ 21 de milioane de lei, finan\u021bat din fonduri europene, prin Programul Regional Vest\u201d, a declarat primarul C\u0103lin Dobra.<\/p>\n<h3 class=\"wp-block-heading\">De ce sunt derulate mai multe \u0219antiere \u00een acela\u0219i timp<\/h3>\n<p class=\"wp-block-paragraph\">Edilul a r\u0103spuns \u0219i criticilor venite din partea unor cet\u0103\u021beni, care se \u00eentreab\u0103 de ce sunt demarate noi lucr\u0103ri \u00eenainte ca alte investi\u021bii s\u0103 fie finalizate.<\/p>\n<p class=\"wp-block-paragraph\">Potrivit acestuia, proiectele finan\u021bate din fonduri europene au termene stricte de implementare \u0219i nu pot fi am\u00e2nate p\u00e2n\u0103 la \u00eencheierea altor \u0219antiere.<\/p>\n<p class=\"wp-block-paragraph\">\u201eNu ne permitem s\u0103 pierdem finan\u021b\u0103ri europene doar pentru a lucra pe r\u00e2nd. Administra\u021bia are obliga\u021bia s\u0103 implementeze aceste proiecte \u00een paralel, pentru a atrage c\u00e2t mai multe fonduri \u0219i pentru a recupera anii \u00een care ora\u0219ul a r\u0103mas \u00een urm\u0103 la capitolul investi\u021bii\u201d, a explicat Dobra.<\/p>\n<h3 class=\"wp-block-heading\">Aquatim va realiza bran\u0219amentele la noua re\u021bea de ap\u0103<\/h3>\n<p class=\"wp-block-paragraph\">\u00cen cadrul investi\u021biei, compania Aquatim va executa, din fonduri proprii, bran\u0219amentele la noua re\u021bea de ap\u0103 din centrul pietonal \u0219i din cartierul Iosif Constantin Dr\u0103gan.<\/p>\n<p class=\"wp-block-paragraph\">Astfel, autorit\u0103\u021bile locale urm\u0103resc ca lucr\u0103rile de infrastructur\u0103 subteran\u0103 s\u0103 fie finalizate \u00eenainte de amenaj\u0103rile rutiere \u0219i urbanistice, evit\u00e2nd interven\u021biile ulterioare asupra carosabilului \u0219i trotuarelor.<\/p>\n<p class=\"wp-block-paragraph\">\u201eIntervenim o singur\u0103 dat\u0103 \u0219i realiz\u0103m toate lucr\u0103rile necesare, pentru ca ulterior s\u0103 nu mai fie nevoie s\u0103 spargem din nou drumurile \u0219i trotuarele\u201d, a precizat primarul.<\/p>\n<h3 class=\"wp-block-heading\">Autorit\u0103\u021bile promit un nou aspect pentru Lugoj<\/h3>\n<p class=\"wp-block-paragraph\">La finalul declara\u021biei, C\u0103lin Dobra \u0219i-a exprimat convingerea c\u0103 investi\u021biile aflate \u00een desf\u0103\u0219urare vor schimba semnificativ imaginea municipiului.<\/p>\n<p class=\"wp-block-paragraph\">\u201eSunt convins c\u0103, odat\u0103 cu finalizarea acestor proiecte, Lugojul va avea o imagine complet diferit\u0103. Este un proces care necesit\u0103 r\u0103bdare, \u00eens\u0103 rezultatele vor fi vizibile \u0219i vor aduce un plus de confort, siguran\u021b\u0103 \u0219i calitate a vie\u021bii pentru to\u021bi locuitorii ora\u0219ului\u201d, a concluzionat primarul municipiului Lugoj.<\/p>\n<\/div>\n<p>[analyse_source url=&#8221;https:\/\/orasul-timisoara.ro\/local-40117\/&#8221;]<\/p>\n","protected":false},"excerpt":{"rendered":"<p>[analyse_image type=&#8221;featured&#8221; src=&#8221;https:\/\/orasul-timisoara.ro\/wp-content\/uploads\/2026\/08\/763981063_1778872603294440_8070800734402373288_n-1.jpg&#8221;] Administra\u021bie local\u0103Lugoj investe\u0219te 21 de milioane de lei \u00een modernizarea centrului \u0219i a&#8230; Administra\u021bie local\u0103 Investitii in Timisoara \u0218tiri Locale Lugoj investe\u0219te 21 de milioane de lei \u00een modernizarea centrului \u0219i a cartierului I.C. Dr\u0103gan. C\u0103lin Dobra: \u201eNu ne permitem s\u0103 pierdem fondurile europene\u201d De c\u0103tre redactia &#8211; 07\/08\/2026 Facebook Twitter WhatsApp [&hellip;]<\/p>\n","protected":false},"author":1,"featured_media":0,"comment_status":"open","ping_status":"","sticky":false,"template":"","format":"standard","meta":{"footnotes":""},"categories":[89],"tags":[226,189],"class_list":["post-2083848","post","type-post","status-publish","format-standard","hentry","category-romania","tag-crawlmanager","tag-orasul-timisoara-ro"],"_links":{"self":[{"href":"https:\/\/analyse.optim.biz\/index.php?rest_route=\/wp\/v2\/posts\/2083848","targetHints":{"allow":["GET"]}}],"collection":[{"href":"https:\/\/analyse.optim.biz\/index.php?rest_route=\/wp\/v2\/posts"}],"about":[{"href":"https:\/\/analyse.optim.biz\/index.php?rest_route=\/wp\/v2\/types\/post"}],"author":[{"embeddable":true,"href":"https:\/\/analyse.optim.biz\/index.php?rest_route=\/wp\/v2\/users\/1"}],"replies":[{"embeddable":true,"href":"https:\/\/analyse.optim.biz\/index.php?rest_route=%2Fwp%2Fv2%2Fcomments&post=2083848"}],"version-history":[{"count":0,"href":"https:\/\/analyse.optim.biz\/index.php?rest_route=\/wp\/v2\/posts\/2083848\/revisions"}],"wp:attachment":[{"href":"https:\/\/analyse.optim.biz\/index.php?rest_route=%2Fwp%2Fv2%2Fmedia&parent=2083848"}],"wp:term":[{"taxonomy":"category","embeddable":true,"href":"https:\/\/analyse.optim.biz\/index.php?rest_route=%2Fwp%2Fv2%2Fcategories&post=2083848"},{"taxonomy":"post_tag","embeddable":true,"href":"https:\/\/analyse.optim.biz\/index.php?rest_route=%2Fwp%2Fv2%2Ftags&post=2083848"}],"curies":[{"name":"wp","href":"https:\/\/api.w.org\/{rel}","templated":true}]}}