{"id":2083847,"date":"2026-08-07T12:01:32","date_gmt":"2026-08-07T09:01:32","guid":{"rendered":"https:\/\/analyse.optim.biz\/?p=2083847"},"modified":"2026-08-07T12:01:32","modified_gmt":"2026-08-07T09:01:32","slug":"primul-loc-de-joaca-modernizat-prin-noul-program-al-primariei-timisoara-inaugurat-pe-strada-orsova","status":"publish","type":"post","link":"https:\/\/analyse.optim.biz\/?p=2083847","title":{"rendered":"Primul loc de joac\u0103 modernizat prin noul program al Prim\u0103riei Timi\u0219oara, inaugurat pe strada Or\u0219ova"},"content":{"rendered":"<p>[analyse_image type=&#8221;featured&#8221; src=&#8221;https:\/\/orasul-timisoara.ro\/wp-content\/uploads\/2026\/08\/Untitled-1.jpg&#8221;]<\/p>\n<article id=\"post-40125\" class=\"td-post-template-7 post-40125 post type-post status-publish format-standard has-post-thumbnail category-administratie category-featured category-investitii-in-timisoara td-container-wrap\">\n<div class=\"td-full-screen-header-image-wrap\">\n<div class=\"td-container td-post-header\">\n<div class=\"td-crumb-container\">\n<div class=\"entry-crumbs\"><span><a title=\"Vede\u021bi toate articolele \u00een Administra\u021bie local\u0103\" class=\"entry-crumb\" href=\"https:\/\/orasul-timisoara.ro\/local-category\/administratie\/\">Administra\u021bie local\u0103<\/a><\/span><span class=\"td-bred-no-url-last\">Primul loc de joac\u0103 modernizat prin noul program al Prim\u0103riei Timi\u0219oara, inaugurat&#8230;<\/span><\/div>\n<\/div>\n<div class=\"td-post-header-holder\">\n<div class=\"td-parallax-header\">\n<header class=\"td-post-title\">\n<ul class=\"td-category\">\n<li class=\"entry-category\"><a href=\"https:\/\/orasul-timisoara.ro\/local-category\/administratie\/\">Administra\u021bie local\u0103<\/a><\/li>\n<li class=\"entry-category\"><a href=\"https:\/\/orasul-timisoara.ro\/local-category\/investitii-in-timisoara\/\">Investitii in Timisoara<\/a><\/li>\n<\/ul>\n<h1 class=\"entry-title\">Primul loc de joac\u0103 modernizat prin noul program al Prim\u0103riei Timi\u0219oara, inaugurat pe strada Or\u0219ova<\/h1>\n<div class=\"td-module-meta-info\">\n<div class=\"td-post-author-name\">\n<div class=\"td-author-by\">De c\u0103tre<\/div>\n<p><a href=\"https:\/\/orasul-timisoara.ro\/author\/timisoara\/\">redactia<\/a><\/p>\n<div class=\"td-author-line\"> &#8211; <\/div>\n<\/div>\n<p><span class=\"td-post-date\"><time class=\"entry-date updated td-module-date\" datetime=\"2026-08-07T15:01:32+03:00\">07\/08\/2026<\/time><\/span><\/div>\n<\/header>\n<\/div>\n<\/div>\n<\/div>\n<div id=\"td-full-screen-header-image\" class=\"td-image-gradient-style7\"><img decoding=\"async\" class=\"td-backstretch\" src=\"https:\/\/orasul-timisoara.ro\/wp-content\/uploads\/2026\/08\/Untitled-1.jpg\"><\/div>\n<\/div>\n<div class=\"td-container\">\n<div class=\"td-pb-row\">\n<div class=\"td-pb-span8 td-main-content\" role=\"main\">\n<div class=\"td-ss-main-content\">\n<div class=\"td-post-sharing-top\">\n<div class=\"td-post-sharing-classic\"><iframe title=\"topFacebookLike\" frameborder src=\"https:\/\/www.facebook.com\/plugins\/like.php?href=https:\/\/orasul-timisoara.ro\/local-40125\/&amp;layout=button_count&amp;show_faces=false&amp;width=105&amp;action=like&amp;colorscheme=light&amp;height=21\"><\/iframe><\/div>\n<div id=\"td_social_sharing_article_top\" class=\"td-post-sharing td-ps-bg td-ps-notext td-post-sharing-style1 \">\n<div class=\"td-post-sharing-visible\"><a class=\"td-social-sharing-button td-social-sharing-button-js td-social-network td-social-facebook\" href=\"https:\/\/www.facebook.com\/sharer.php?u=https%3A%2F%2Forasul-timisoara.ro%2Flocal-40125%2F\" title=\"Facebook\"><\/p>\n<div class=\"td-social-but-text\">Facebook<\/div>\n<p><\/a><a class=\"td-social-sharing-button td-social-sharing-button-js td-social-network td-social-twitter\" href=\"https:\/\/twitter.com\/intent\/tweet?text=Primul+loc+de+joac%C4%83+modernizat+prin+noul+program+al+Prim%C4%83riei+Timi%C8%99oara%2C+inaugurat+pe+strada+Or%C8%99ova&amp;url=https%3A%2F%2Forasul-timisoara.ro%2Flocal-40125%2F&amp;via=orasultm\" title=\"Twitter\"><\/p>\n<div class=\"td-social-but-text\">Twitter<\/div>\n<p><\/a><a class=\"td-social-sharing-button td-social-sharing-button-js td-social-network td-social-whatsapp\" href=\"https:\/\/api.whatsapp.com\/send?text=Primul+loc+de+joac%C4%83+modernizat+prin+noul+program+al+Prim%C4%83riei+Timi%C8%99oara%2C+inaugurat+pe+strada+Or%C8%99ova%20%0A%0A%20https:\/\/orasul-timisoara.ro\/local-40125\/\" title=\"WhatsApp\"><\/p>\n<div class=\"td-social-but-text\">WhatsApp<\/div>\n<p><\/a><a class=\"td-social-sharing-button td-social-sharing-button-js td-social-network td-social-linkedin\" href=\"https:\/\/www.linkedin.com\/shareArticle?mini=true&amp;url=https:\/\/orasul-timisoara.ro\/local-40125\/&amp;title=Primul+loc+de+joac%C4%83+modernizat+prin+noul+program+al+Prim%C4%83riei+Timi%C8%99oara%2C+inaugurat+pe+strada+Or%C8%99ova\" title=\"Linkedin\"><\/p>\n<div class=\"td-social-but-text\">Linkedin<\/div>\n<p><\/a><a class=\"td-social-sharing-button td-social-sharing-button-js td-social-network td-social-reddit\" href=\"https:\/\/reddit.com\/submit?url=https:\/\/orasul-timisoara.ro\/local-40125\/&amp;title=Primul+loc+de+joac%C4%83+modernizat+prin+noul+program+al+Prim%C4%83riei+Timi%C8%99oara%2C+inaugurat+pe+strada+Or%C8%99ova\" title=\"ReddIt\"><\/p>\n<div class=\"td-social-but-text\">ReddIt<\/div>\n<p><\/a><a class=\"td-social-sharing-button td-social-sharing-button-js td-social-network td-social-mail\" href=\"mailto:?subject=Primul%20loc%20de%20joac%C4%83%20modernizat%20prin%20noul%20program%20al%20Prim%C4%83riei%20Timi%C8%99oara,%20inaugurat%20pe%20strada%20Or%C8%99ova&amp;body=https:\/\/orasul-timisoara.ro\/local-40125\/\" title=\"Email\"><\/p>\n<div class=\"td-social-but-text\">Email<\/div>\n<p><\/a><a class=\"td-social-sharing-button td-social-sharing-button-js td-social-network td-social-print\" href=\"https:\/\/orasul-timisoara.ro\/local-40125\/\" title=\"Imprimare\"><\/p>\n<div class=\"td-social-but-text\">Imprimare<\/div>\n<p><\/a><\/div>\n<\/div>\n<\/div>\n<div class=\"td-post-content tagdiv-type\">\n<p class=\"wp-block-paragraph\">Prim\u0103ria Timi\u0219oara a finalizat primul loc de joac\u0103 modernizat din noul program de reabilitare<\/p>\n<p class=\"wp-block-paragraph\">Copiii \u0219i familiile din zona Aradului, din Timi\u0219oara, au la dispozi\u021bie un loc de joac\u0103 complet modernizat, amenajat de la zero pe strada Or\u0219ova. Investi\u021bia marcheaz\u0103 finalizarea primei amenaj\u0103ri realizate \u00een cadrul noului contract prin care Prim\u0103ria Municipiului Timi\u0219oara \u00ee\u0219i propune s\u0103 modernizeze spa\u021biile de joac\u0103 din toate cartierele ora\u0219ului.<\/p>\n<p class=\"wp-block-paragraph\">Anun\u021bul a fost f\u0103cut de primarul Dominic Fritz, care a precizat c\u0103 lucr\u0103rile continu\u0103 \u0219i \u00een alte zone ale municipiului. Potrivit edilului, echipele lucreaz\u0103 deja la locul de joac\u0103 de pe strada Mure\u0219, iar urm\u0103toarea interven\u021bie este programat\u0103 \u00een cartierul Complex.<\/p>\n<h2 class=\"wp-block-heading\">Primul loc de joac\u0103 finalizat \u00een cadrul noului program de modernizare<\/h2>\n<p class=\"wp-block-paragraph\">Noul spa\u021biu de joac\u0103 de pe strada Or\u0219ova a fost ref\u0103cut integral, fiind primul obiectiv finalizat prin contractul care permite municipalit\u0103\u021bii s\u0103 intervin\u0103 etapizat \u00een cartierele Timi\u0219oarei.<\/p>\n<p class=\"wp-block-paragraph\">Primarul Dominic Fritz a transmis c\u0103 proiectul reprezint\u0103 \u00eenceputul unei serii de investi\u021bii dedicate familiilor \u0219i copiilor, scopul fiind modernizarea infrastructurii de recreere din ora\u0219.<\/p>\n<p class=\"wp-block-paragraph\">\u201eCopiii din zona Aradului au de azi un loc de joac\u0103 ref\u0103cut de la zero, pe str. Or\u0219ova. E primul loc de joac\u0103 gata, \u00een cadrul noului contract care ne permite s\u0103 ajungem \u00een fiecare cartier\u201d, a declarat edilul.<\/p>\n<figure class=\"wp-block-gallery has-nested-images columns-7 is-cropped wp-block-gallery-1 is-layout-flex wp-block-gallery-is-layout-flex\">\n<figure class=\"wp-block-image size-large\"><img loading=\"lazy\" decoding=\"async\" width=\"1920\" height=\"1440\" data-id=\"40126\" src=\"https:\/\/orasul-timisoara.ro\/wp-content\/uploads\/2026\/08\/767268844_1626474579069650_8697375920988038036_n-1920x1440.jpg\" alt class=\"wp-image-40126\"><\/figure>\n<figure class=\"wp-block-image size-large\"><img loading=\"lazy\" decoding=\"async\" width=\"1920\" height=\"1440\" data-id=\"40134\" src=\"https:\/\/orasul-timisoara.ro\/wp-content\/uploads\/2026\/08\/768452876_1373059851439869_5709627046363386276_n-1920x1440.jpg\" alt class=\"wp-image-40134\"><\/figure>\n<figure class=\"wp-block-image size-large\"><img loading=\"lazy\" decoding=\"async\" width=\"1536\" height=\"2048\" data-id=\"40129\" src=\"https:\/\/orasul-timisoara.ro\/wp-content\/uploads\/2026\/08\/769007328_1562772345386579_6763788901184383253_n.jpg\" alt class=\"wp-image-40129\"><\/figure>\n<figure class=\"wp-block-image size-large\"><img decoding=\"async\" loading=\"lazy\" width=\"1536\" height=\"2048\" data-id=\"40133\" src=\"https:\/\/orasul-timisoara.ro\/wp-content\/uploads\/2026\/08\/768442333_1362698335364519_4874211210134192673_n.jpg\" alt class=\"wp-image-40133\"><\/figure>\n<figure class=\"wp-block-image size-large\"><img decoding=\"async\" loading=\"lazy\" width=\"1536\" height=\"2048\" data-id=\"40130\" src=\"https:\/\/orasul-timisoara.ro\/wp-content\/uploads\/2026\/08\/768963100_2849001515500383_4699546686394286652_n.jpg\" alt class=\"wp-image-40130\"><\/figure>\n<figure class=\"wp-block-image size-large\"><img decoding=\"async\" loading=\"lazy\" width=\"1920\" height=\"1440\" data-id=\"40127\" src=\"https:\/\/orasul-timisoara.ro\/wp-content\/uploads\/2026\/08\/769051396_1194112353792542_8241445788588716873_n-1920x1440.jpg\" alt class=\"wp-image-40127\"><\/figure>\n<figure class=\"wp-block-image size-large\"><img decoding=\"async\" loading=\"lazy\" width=\"1920\" height=\"1440\" data-id=\"40137\" src=\"https:\/\/orasul-timisoara.ro\/wp-content\/uploads\/2026\/08\/769168432_1108211925221019_8547483239164956807_n-1920x1440.jpg\" alt class=\"wp-image-40137\"><\/figure>\n<figure class=\"wp-block-image size-large\"><img decoding=\"async\" loading=\"lazy\" width=\"1920\" height=\"1440\" data-id=\"40138\" src=\"https:\/\/orasul-timisoara.ro\/wp-content\/uploads\/2026\/08\/764855206_2112390536350137_8866479041271132263_n-1920x1440.jpg\" alt class=\"wp-image-40138\"><\/figure>\n<figure class=\"wp-block-image size-large\"><img decoding=\"async\" loading=\"lazy\" width=\"1920\" height=\"1440\" data-id=\"40131\" src=\"https:\/\/orasul-timisoara.ro\/wp-content\/uploads\/2026\/08\/768727724_1663732104694948_7333499002824564299_n-1920x1440.jpg\" alt class=\"wp-image-40131\"><\/figure>\n<figure class=\"wp-block-image size-large\"><img decoding=\"async\" loading=\"lazy\" width=\"1920\" height=\"1440\" data-id=\"40132\" src=\"https:\/\/orasul-timisoara.ro\/wp-content\/uploads\/2026\/08\/766889992_2209592049831727_1746424827448980210_n-1920x1440.jpg\" alt class=\"wp-image-40132\"><\/figure>\n<figure class=\"wp-block-image size-large\"><img decoding=\"async\" loading=\"lazy\" width=\"1536\" height=\"2048\" data-id=\"40128\" src=\"https:\/\/orasul-timisoara.ro\/wp-content\/uploads\/2026\/08\/765853078_1084560004003439_4181823337297079508_n.jpg\" alt class=\"wp-image-40128\"><\/figure>\n<figure class=\"wp-block-image size-large\"><img decoding=\"async\" loading=\"lazy\" width=\"1536\" height=\"2048\" data-id=\"40136\" src=\"https:\/\/orasul-timisoara.ro\/wp-content\/uploads\/2026\/08\/764863062_1534555331281391_8258399292575020806_n.jpg\" alt class=\"wp-image-40136\"><\/figure>\n<figure class=\"wp-block-image size-large\"><img decoding=\"async\" loading=\"lazy\" width=\"1920\" height=\"1440\" data-id=\"40135\" src=\"https:\/\/orasul-timisoara.ro\/wp-content\/uploads\/2026\/08\/765833873_1696933968050954_7281386622791571976_n-1920x1440.jpg\" alt class=\"wp-image-40135\"><\/figure>\n<\/figure>\n<h2 class=\"wp-block-heading\">Lucr\u0103rile continu\u0103 pe strada Mure\u0219 \u0219i \u00een cartierul Complex<\/h2>\n<p class=\"wp-block-paragraph\">Programul de modernizare nu se opre\u0219te la strada Or\u0219ova. Potrivit primarului, echipele lucreaz\u0103 deja la amenajarea locului de joac\u0103 de pe strada Mure\u0219.<\/p>\n<p class=\"wp-block-paragraph\">Dup\u0103 finalizarea acestei interven\u021bii, urm\u0103torul \u0219antier va fi deschis \u00een cartierul Complex, unde un alt spa\u021biu destinat copiilor urmeaz\u0103 s\u0103 fie reamenajat.<\/p>\n<p class=\"wp-block-paragraph\">Prin acest program, administra\u021bia local\u0103 urm\u0103re\u0219te modernizarea treptat\u0103 a locurilor de joac\u0103 din toate cartierele municipiului.<\/p>\n<h2 class=\"wp-block-heading\">Un concept nou pentru spa\u021biile destinate familiilor<\/h2>\n<p class=\"wp-block-paragraph\">Noile amenaj\u0103ri sunt realizate dup\u0103 un concept diferit fa\u021b\u0103 de proiectele anterioare, accentul fiind pus pe crearea unor spa\u021bii care s\u0103 poat\u0103 fi folosite de \u00eentreaga familie.<\/p>\n<p class=\"wp-block-paragraph\">Potrivit lui Dominic Fritz, obiectivul este ca locurile de joac\u0103 s\u0103 devin\u0103 zone de petrecere a timpului liber pentru copii \u0219i p\u0103rin\u021bi, oferind condi\u021bii mai bune pentru recreere \u0219i socializare.<\/p>\n<h2 class=\"wp-block-heading\">Plant\u0103ri de copaci programate \u00een aceast\u0103 toamn\u0103<\/h2>\n<p class=\"wp-block-paragraph\">Pe l\u00e2ng\u0103 echipamentele \u0219i amenaj\u0103rile noi, municipalitatea are \u00een vedere \u0219i completarea acestor spa\u021bii cu vegeta\u021bie.<\/p>\n<p class=\"wp-block-paragraph\">Primarul Timi\u0219oarei a anun\u021bat c\u0103 \u00een toamna acestui an vor fi planta\u021bi copaci \u00een jurul locurilor de joac\u0103 modernizate, pentru a asigura mai mult\u0103 umbr\u0103 \u00een timpul verilor urm\u0103toare.<\/p>\n<p class=\"wp-block-paragraph\">\u201eLe amenaj\u0103m dup\u0103 un concept nou, \u00een care \u00eentreaga familie s\u0103 se poate bucura de aceste spa\u021bii. Revenim \u00een toamn\u0103 cu plant\u0103ri de copaci, pentru umbra verilor viitoare\u201d, a transmis Dominic Fritz.<\/p>\n<h2 class=\"wp-block-heading\">Modernizarea locurilor de joac\u0103 continu\u0103 \u00een cartierele Timi\u0219oarei<\/h2>\n<p class=\"wp-block-paragraph\">Reabilitarea spa\u021biilor de joac\u0103 face parte din programul prin care Prim\u0103ria Municipiului Timi\u0219oara \u00ee\u0219i propune s\u0103 \u00eembun\u0103t\u0103\u021beasc\u0103 infrastructura destinat\u0103 copiilor \u0219i familiilor.<\/p>\n<p class=\"wp-block-paragraph\">Dup\u0103 finalizarea investi\u021biei de pe strada Or\u0219ova \u0219i continuarea lucr\u0103rilor pe strada Mure\u0219 \u0219i \u00een cartierul Complex, administra\u021bia local\u0103 inten\u021bioneaz\u0103 s\u0103 extind\u0103 aceste interven\u021bii \u0219i \u00een alte cartiere ale ora\u0219ului, pe m\u0103sur\u0103 ce lucr\u0103rile avanseaz\u0103 \u00een cadrul noului contract.<\/p>\n<\/div>\n<footer>\n<div class=\"td-post-sharing-bottom\">\n<div class=\"td-post-sharing-classic\"><iframe title=\"bottomFacebookLike\" frameborder src=\"https:\/\/www.facebook.com\/plugins\/like.php?href=https:\/\/orasul-timisoara.ro\/local-40125\/&amp;layout=button_count&amp;show_faces=false&amp;width=105&amp;action=like&amp;colorscheme=light&amp;height=21\"><\/iframe><\/div>\n<div id=\"td_social_sharing_article_bottom\" class=\"td-post-sharing td-ps-bg td-ps-notext td-post-sharing-style1 \">\n<div class=\"td-post-sharing-visible\"><a class=\"td-social-sharing-button td-social-sharing-button-js td-social-network td-social-facebook\" href=\"https:\/\/www.facebook.com\/sharer.php?u=https%3A%2F%2Forasul-timisoara.ro%2Flocal-40125%2F\" title=\"Facebook\"><\/p>\n<div class=\"td-social-but-text\">Facebook<\/div>\n<p><\/a><a class=\"td-social-sharing-button td-social-sharing-button-js td-social-network td-social-twitter\" href=\"https:\/\/twitter.com\/intent\/tweet?text=Primul+loc+de+joac%C4%83+modernizat+prin+noul+program+al+Prim%C4%83riei+Timi%C8%99oara%2C+inaugurat+pe+strada+Or%C8%99ova&amp;url=https%3A%2F%2Forasul-timisoara.ro%2Flocal-40125%2F&amp;via=orasultm\" title=\"Twitter\"><\/p>\n<div class=\"td-social-but-text\">Twitter<\/div>\n<p><\/a><a class=\"td-social-sharing-button td-social-sharing-button-js td-social-network td-social-whatsapp\" href=\"https:\/\/api.whatsapp.com\/send?text=Primul+loc+de+joac%C4%83+modernizat+prin+noul+program+al+Prim%C4%83riei+Timi%C8%99oara%2C+inaugurat+pe+strada+Or%C8%99ova%20%0A%0A%20https:\/\/orasul-timisoara.ro\/local-40125\/\" title=\"WhatsApp\"><\/p>\n<div class=\"td-social-but-text\">WhatsApp<\/div>\n<p><\/a><a class=\"td-social-sharing-button td-social-sharing-button-js td-social-network td-social-linkedin\" href=\"https:\/\/www.linkedin.com\/shareArticle?mini=true&amp;url=https:\/\/orasul-timisoara.ro\/local-40125\/&amp;title=Primul+loc+de+joac%C4%83+modernizat+prin+noul+program+al+Prim%C4%83riei+Timi%C8%99oara%2C+inaugurat+pe+strada+Or%C8%99ova\" title=\"Linkedin\"><\/p>\n<div class=\"td-social-but-text\">Linkedin<\/div>\n<p><\/a><a class=\"td-social-sharing-button td-social-sharing-button-js td-social-network td-social-reddit\" href=\"https:\/\/reddit.com\/submit?url=https:\/\/orasul-timisoara.ro\/local-40125\/&amp;title=Primul+loc+de+joac%C4%83+modernizat+prin+noul+program+al+Prim%C4%83riei+Timi%C8%99oara%2C+inaugurat+pe+strada+Or%C8%99ova\" title=\"ReddIt\"><\/p>\n<div class=\"td-social-but-text\">ReddIt<\/div>\n<p><\/a><a class=\"td-social-sharing-button td-social-sharing-button-js td-social-network td-social-mail\" href=\"mailto:?subject=Primul%20loc%20de%20joac%C4%83%20modernizat%20prin%20noul%20program%20al%20Prim%C4%83riei%20Timi%C8%99oara,%20inaugurat%20pe%20strada%20Or%C8%99ova&amp;body=https:\/\/orasul-timisoara.ro\/local-40125\/\" title=\"Email\"><\/p>\n<div class=\"td-social-but-text\">Email<\/div>\n<p><\/a><a class=\"td-social-sharing-button td-social-sharing-button-js td-social-network td-social-print\" href=\"https:\/\/orasul-timisoara.ro\/local-40125\/\" title=\"Imprimare\"><\/p>\n<div class=\"td-social-but-text\">Imprimare<\/div>\n<p><\/a><\/div>\n<\/div>\n<\/div>\n<div class=\"td-block-row td-post-next-prev\">\n<div class=\"td-block-span6 td-post-prev-post\">\n<div class=\"td-post-next-prev-content\"><span>Articolul precedent<\/span><a href=\"https:\/\/orasul-timisoara.ro\/local-40123\/\">Bulevardul Liviu Rebreanu intr\u0103 \u00een \u0219antier din 10 august. Noi \u00eenchideri de trafic \u00een Timi\u0219oara<\/a><\/div>\n<\/div>\n<div class=\"td-block-span6 td-post-next-post\">\n<div class=\"td-post-next-prev-content\"><span>Articolul urm\u0103tor<\/span><a href=\"https:\/\/orasul-timisoara.ro\/local-40141\/\">Rom\u00e2nia implementeaz\u0103 STRR \u0219i TollRo din 31 august 2026. C\u00e2nd \u00eencepe plata tarifelor<\/a><\/div>\n<\/div>\n<\/div>\n<div class=\"td-author-name vcard author\"><span class=\"fn\"><a href=\"https:\/\/orasul-timisoara.ro\/author\/timisoara\/\">redactia<\/a><\/span><\/div>\n<p><span class=\"td-page-meta\"><\/span><span class=\"td-page-meta\"><span class=\"td-page-meta\"><\/span><\/span><span class=\"td-page-meta\"><\/span><\/footer>\n<div class=\"comments\" id=\"comments\">\n<div id=\"respond\" class=\"comment-respond\">\n<h3 id=\"reply-title\" class=\"comment-reply-title\">L\u0102SA\u021aI UN MESAJ<\/h3>\n<div class=\"comment-form-input-wrap td-form-comment\">\n<div class=\"td-warning-comment\">V\u0103 rug\u0103m s\u0103 introduce\u021bi comentariul dvs.!<\/div>\n<\/div>\n<div class=\"comment-form-input-wrap td-form-author\">\n<div class=\"td-warning-author\">Introduce\u021bi aici numele dvs.<\/div>\n<\/div>\n<div class=\"comment-form-input-wrap td-form-email\">\n<div class=\"td-warning-email-error\">A\u021bi introdus o adres\u0103 de e-mail incorect\u0103!<\/div>\n<div class=\"td-warning-email\">V\u0103 rug\u0103m s\u0103 introduce\u021bi adresa dvs. de e-mail aici<\/div>\n<\/div>\n<\/div>\n<p class=\"akismet_comment_form_privacy_notice\">Acest site folose\u0219te Akismet pentru a reduce spamul. <a href=\"https:\/\/akismet.com\/privacy\/\" target=\"_blank\" rel=\"nofollow noopener\">Afl\u0103 cum sunt procesate datele comentariilor tale<\/a>.<\/p>\n<\/div>\n<\/div>\n<\/div>\n<div class=\"td-pb-span4 td-main-sidebar\" role=\"complementary\">\n<div class=\"td-ss-main-sidebar\">\n<aside id=\"block-4\" class=\"td_block_template_8 widget block-4 widget_block widget_media_image\">\n<figure class=\"wp-block-image size-full\"><img decoding=\"async\" loading=\"lazy\" width=\"336\" height=\"280\" src=\"https:\/\/orasul-timisoara.ro\/wp-content\/uploads\/2024\/11\/ReTIM-Abonamentul-Verde-Google-Ads-336x280px.gif\" alt class=\"wp-image-29257\"><\/figure>\n<\/aside>\n<div class=\"td_block_wrap td_block_social_counter td_block_widget tdi_3 td-social-style5 td-social-boxed td-pb-border-top td_block_template_8\">\n<div class=\"td-block-title-wrap\">\n<h4 class=\"td-block-title\"><span>Urm\u0103re\u0219te-ne pe Social Media<\/span><\/h4>\n<\/div>\n<div class=\"td-social-list\">\n<div class=\"td_social_type td-pb-margin-side td_social_facebook\">\n<div class=\"td-social-box\"><span class=\"td_social_info td_social_info_counter\">344,595<\/span><span class=\"td_social_info td_social_info_name\">Fani<\/span><span class=\"td_social_button\"><a href=\"https:\/\/www.facebook.com\/247timisoara\" target=\"_blank\" rel=\"nofollow\">\u00cemi place<\/a><\/span><\/div>\n<\/div>\n<div class=\"td_social_type td-pb-margin-side td_social_instagram\">\n<div class=\"td-social-box\"><span class=\"td_social_info td_social_info_counter\">4,416<\/span><span class=\"td_social_info td_social_info_name\">Cititori<\/span><span class=\"td_social_button\"><a href=\"https:\/\/instagram.com\/orasultimisoararo\/\" target=\"_blank\" rel=\"nofollow\">Conecta\u021bi-v\u0103<\/a><\/span><\/div>\n<\/div>\n<div class=\"td_social_type td-pb-margin-side td_social_rss\">\n<div class=\"td-social-box\"><span class=\"td_social_info td_social_info_counter\">12,506<\/span><span class=\"td_social_info td_social_info_name\">Cititori<\/span><span class=\"td_social_button\"><a href=\"https:\/\/orasul-timisoara.ro\/feed\/\" target=\"_blank\" rel=\"nofollow\">Conecta\u021bi-v\u0103<\/a><\/span><\/div>\n<\/div>\n<div class=\"td_social_type td-pb-margin-side td_social_tiktok\">\n<div class=\"td-social-box\"><span class=\"td_social_info td_social_info_counter\">1,500<\/span><span class=\"td_social_info td_social_info_name\">Cititori<\/span><span class=\"td_social_button\"><a href=\"https:\/\/www.tiktok.com\/@orasultimisoara\" target=\"_blank\" rel=\"nofollow\">Conecta\u021bi-v\u0103<\/a><\/span><\/div>\n<\/div>\n<div class=\"td_social_type td-pb-margin-side td_social_twitter\">\n<div class=\"td-social-box\"><span class=\"td_social_info td_social_info_counter\">1,595<\/span><span class=\"td_social_info td_social_info_name\">Cititori<\/span><span class=\"td_social_button\"><a href=\"https:\/\/twitter.com\/orasultm\" target=\"_blank\" rel=\"nofollow\">Conecta\u021bi-v\u0103<\/a><\/span><\/div>\n<\/div>\n<div class=\"td_social_type td-pb-margin-side td_social_youtube\">\n<div class=\"td-social-box\"><span class=\"td_social_info td_social_info_counter\">3,506<\/span><span class=\"td_social_info td_social_info_name\">Abona\u021bi<\/span><span class=\"td_social_button\"><a href=\"https:\/\/www.youtube.com\/channel\/UCQNsQvs2XCSIm1Z-AHRturw?sub_confirmation=1\" target=\"_blank\" rel=\"nofollow\">Abona\u021bi-v\u0103<\/a><\/span><\/div>\n<\/div>\n<\/div>\n<\/div>\n<aside id=\"text-7\" class=\"td_block_template_8 widget text-7 widget_text\">\n<h4 class=\"td-block-title\"><span>C\u0103ut\u0103ri populare pe OTM<\/span><\/h4>\n<div class=\"textwidget\"><a href=\"https:\/\/orasul-timisoara.ro\/?s=timisoara\"><span>Timisoara<\/span><\/a><a href=\"https:\/\/orasul-timisoara.ro\/?s=calin+dobra\"><span>Calin Dobra<\/span><\/a><a href=\"https:\/\/orasul-timisoara.ro\/?s=primaria+timisoara\"><span>Primaria Timisoara<\/span><\/a><a href=\"https:\/\/orasul-timisoara.ro\/?s=dominic+fritz\"><span>Dominic Fritz<\/span><\/a><a href=\"https:\/\/orasul-timisoara.ro\/?s=nicolae+robu\"><span>Nicolae Robu<\/span><\/a><a href=\"https:\/\/orasul-timisoara.ro\/?s=consiliul+local+timisoara\">Consiliul Local Timisoara<\/a><a href=\"https:\/\/orasul-timisoara.ro\/?s=consiliul+judetean+timis\"><span>Consiliul Judetean Timis<\/span><\/a><a href=\"https:\/\/orasul-timisoara.ro\/?s=cjt\"><span>CJT<\/span><\/a><a href=\"https:\/\/orasul-timisoara.ro\/?s=Alfred+Simonis\"><span>Alfred Simonis<\/span><\/a><a href=\"https:\/\/orasul-timisoara.ro\/?s=PNL\"><span>PNL<\/span><\/a><a href=\"https:\/\/orasul-timisoara.ro\/?s=coronavirus\"><span>coronavirus<\/span><\/a><a href=\"https:\/\/orasul-timisoara.ro\/?s=teatru+timisoara\">teatru Timisoara<\/a><a href=\"https:\/\/orasul-timisoara.ro\/?s=restaurante\"><span>restaurante Timisoara<\/span><\/a><a href=\"https:\/\/orasul-timisoara.ro\/?s=diskoteka\"><span>Diskoteka<\/span><\/a><a href=\"https:\/\/orasul-timisoara.ro\/?s=iulius+town\"><span>Iulius Town<\/span><\/a><a href=\"https:\/\/orasul-timisoara.ro\/?s=iulius+mall\"><span>Iulius Mall<\/span><\/a><a href=\"https:\/\/orasul-timisoara.ro\/?s=stpt\"><span>STPT<\/span><\/a><a href=\"https:\/\/orasul-timisoara.ro\/?s=alin+nica\"><span>Alin Nica<\/span><\/a><a href=\"https:\/\/orasul-timisoara.ro\/?s=psd\"><span>PSD<\/span><\/a><a href=\"https:\/\/orasul-timisoara.ro\/?s=aeroport\"><span>Aeroportul International Timisoara<\/span><\/a><a href=\"https:\/\/orasul-timisoara.ro\/?s=babes\"><span>Spitalul Victor Babes Timisoara<\/span><\/a><a href=\"https:\/\/orasul-timisoara.ro\/?s=poli\"><span>Poli Timi\u0219oara<\/span><\/a><a href=\"https:\/\/orasul-timisoara.ro\/?s=carantina\"><span>carantina<\/span><\/a><a href=\"https:\/\/orasul-timisoara.ro\/?s=aquatim\"><span>Aquatim<\/span><\/a><a href=\"https:\/\/orasul-timisoara.ro\/local-category\/stiri-timisoara\/\"><span>Stiri Timisoara<\/span><\/a><a href=\"https:\/\/orasul-timisoara.ro\/local-category\/investitii-in-timisoara\/\"><span>Investi\u021bii in Timi\u0219oara<\/span><\/a><a href=\"https:\/\/orasul-timisoara.ro\/local-9463\/\"><span>shaorma<\/span><\/a><a href=\"https:\/\/orasul-timisoara.ro\/?s=trafic\"><span>trafic rutier<\/span><\/a><a href=\"https:\/\/orasul-timisoara.ro\/?s=politia\"><span>politia locala timisoara<\/span><\/a><a href=\"https:\/\/orasul-timisoara.ro\/?s=roxana\"><span>Roxana Iliescu<\/span><\/a><a href=\"https:\/\/orasul-timisoara.ro\/?s=colterm\"><span>Colterm<\/span><\/a><a href=\"https:\/\/orasul-timisoara.ro\/?s=latcau\"><span>Ruben La\u021bc\u0103u<\/span><\/a><a href=\"https:\/\/orasul-timisoara.ro\/?s=timis\"><span>\u0218tiri din Timi\u0219<\/span><\/a><a href=\"https:\/\/orasul-timisoara.ro\/?s=spital\"><span>Spitale din Timi\u0219oara<\/span><\/a><a href=\"https:\/\/orasul-timisoara.ro\/?s=tabara\"><span>Cosmin Tab\u0103r\u0103<\/span><\/a><\/div>\n<\/aside>\n<aside id=\"rss-2\" class=\"td_block_template_8 widget rss-2 widget_rss\">\n<h4 class=\"td-block-title\"><span><a class=\"rsswidget rss-widget-feed\" href=\"https:\/\/fashionfridays.ro\/feed\"><img decoding=\"async\" class=\"rss-widget-icon\" width=\"14\" height=\"14\" src=\"https:\/\/orasul-timisoara.ro\/wp-includes\/images\/rss.png\" alt=\"RSS\" loading=\"lazy\"><\/a><a class=\"rsswidget rss-widget-title\" href=\"https:\/\/fashionfridays.ro\/\">Fashion Fridays<\/a><\/span><\/h4>\n<ul>\n<li><a class=\"rsswidget\" href=\"https:\/\/fashionfridays.ro\/romania-devine-a-29-a-piata-vogue-o-noua-era-pentru-industria-locala-de-moda\/\">Rom\u00e2nia devine a 29-a pia\u021b\u0103 Vogue: o nou\u0103 er\u0103 pentru industria local\u0103 de mod\u0103<\/a>\n<div class=\"rssSummary\">Revista Vogue \u00ee\u0219i extinde prezen\u021ba global\u0103 \u0219i va fi lansat\u0103 oficial \u00een Rom\u00e2nia \u00een prim\u0103vara anului 2027, marc\u00e2nd intrarea pe cea de-a 29-a pia\u021b\u0103 interna\u021bional\u0103. Proiectul este realizat \u00een parteneriat cu AEMME Publishing, o companie media recent \u00eenfiin\u021bat\u0103, care va publica edi\u021bia local\u0103 sub licen\u021b\u0103. Noua edi\u021bie, Vogue Rom\u00e2nia, \u00ee\u0219i propune s\u0103 combine autoritatea global\u0103 [\u2026]<\/div>\n<\/li>\n<\/ul>\n<\/aside>\n<aside id=\"rss-4\" class=\"td_block_template_8 widget rss-4 widget_rss\">\n<h4 class=\"td-block-title\"><span><a class=\"rsswidget rss-widget-feed\" href=\"https:\/\/emasini.ro\/feed\"><img decoding=\"async\" class=\"rss-widget-icon\" width=\"14\" height=\"14\" src=\"https:\/\/orasul-timisoara.ro\/wp-includes\/images\/rss.png\" alt=\"RSS\" loading=\"lazy\"><\/a><a class=\"rsswidget rss-widget-title\" href=\"https:\/\/emasini.ro\/\">eMasini<\/a><\/span><\/h4>\n<ul>\n<li><a class=\"rsswidget\" href=\"https:\/\/emasini.ro\/bmw-testeaza-noul-i4-convertible-primul-cabrio-electric-accesibil-al-marcii\/\">BMW testeaz\u0103 noul i4 Convertible, primul cabrio electric accesibil al m\u0103rcii<\/a>\n<div class=\"rssSummary\">BMW accelereaz\u0103 dezvoltarea noii genera\u021bii de modele electrice bazate pe platforma Neue Klasse, iar unul dintre cele mai interesante proiecte aflate \u00een teste este viitorul BMW i4 Convertible. Prototipul camuflat a fost surprins pe \u0219osele, confirm\u00e2nd c\u0103 produc\u0103torul german preg\u0103te\u0219te o decapotabil\u0103 electric\u0103 destinat\u0103 unui segment \u00een care oferta este, \u00een prezent, extrem de limitat\u0103. [\u2026]<\/div>\n<\/li>\n<\/ul>\n<\/aside>\n<\/div>\n<\/div>\n<\/div>\n<\/div>\n<\/article>\n<div class=\"td-post-content tagdiv-type\">\n<p class=\"wp-block-paragraph\">Prim\u0103ria Timi\u0219oara a finalizat primul loc de joac\u0103 modernizat din noul program de reabilitare<\/p>\n<p class=\"wp-block-paragraph\">Copiii \u0219i familiile din zona Aradului, din Timi\u0219oara, au la dispozi\u021bie un loc de joac\u0103 complet modernizat, amenajat de la zero pe strada Or\u0219ova. Investi\u021bia marcheaz\u0103 finalizarea primei amenaj\u0103ri realizate \u00een cadrul noului contract prin care Prim\u0103ria Municipiului Timi\u0219oara \u00ee\u0219i propune s\u0103 modernizeze spa\u021biile de joac\u0103 din toate cartierele ora\u0219ului.<\/p>\n<p class=\"wp-block-paragraph\">Anun\u021bul a fost f\u0103cut de primarul Dominic Fritz, care a precizat c\u0103 lucr\u0103rile continu\u0103 \u0219i \u00een alte zone ale municipiului. Potrivit edilului, echipele lucreaz\u0103 deja la locul de joac\u0103 de pe strada Mure\u0219, iar urm\u0103toarea interven\u021bie este programat\u0103 \u00een cartierul Complex.<\/p>\n<h2 class=\"wp-block-heading\">Primul loc de joac\u0103 finalizat \u00een cadrul noului program de modernizare<\/h2>\n<p class=\"wp-block-paragraph\">Noul spa\u021biu de joac\u0103 de pe strada Or\u0219ova a fost ref\u0103cut integral, fiind primul obiectiv finalizat prin contractul care permite municipalit\u0103\u021bii s\u0103 intervin\u0103 etapizat \u00een cartierele Timi\u0219oarei.<\/p>\n<p class=\"wp-block-paragraph\">Primarul Dominic Fritz a transmis c\u0103 proiectul reprezint\u0103 \u00eenceputul unei serii de investi\u021bii dedicate familiilor \u0219i copiilor, scopul fiind modernizarea infrastructurii de recreere din ora\u0219.<\/p>\n<p class=\"wp-block-paragraph\">\u201eCopiii din zona Aradului au de azi un loc de joac\u0103 ref\u0103cut de la zero, pe str. Or\u0219ova. E primul loc de joac\u0103 gata, \u00een cadrul noului contract care ne permite s\u0103 ajungem \u00een fiecare cartier\u201d, a declarat edilul.<\/p>\n<figure class=\"wp-block-gallery has-nested-images columns-7 is-cropped wp-block-gallery-1 is-layout-flex wp-block-gallery-is-layout-flex\">\n<figure class=\"wp-block-image size-large\"><img loading=\"lazy\" decoding=\"async\" width=\"1920\" height=\"1440\" data-id=\"40126\" src=\"https:\/\/orasul-timisoara.ro\/wp-content\/uploads\/2026\/08\/767268844_1626474579069650_8697375920988038036_n-1920x1440.jpg\" alt class=\"wp-image-40126\"><\/figure>\n<figure class=\"wp-block-image size-large\"><img loading=\"lazy\" decoding=\"async\" width=\"1920\" height=\"1440\" data-id=\"40134\" src=\"https:\/\/orasul-timisoara.ro\/wp-content\/uploads\/2026\/08\/768452876_1373059851439869_5709627046363386276_n-1920x1440.jpg\" alt class=\"wp-image-40134\"><\/figure>\n<figure class=\"wp-block-image size-large\"><img loading=\"lazy\" decoding=\"async\" width=\"1536\" height=\"2048\" data-id=\"40129\" src=\"https:\/\/orasul-timisoara.ro\/wp-content\/uploads\/2026\/08\/769007328_1562772345386579_6763788901184383253_n.jpg\" alt class=\"wp-image-40129\"><\/figure>\n<figure class=\"wp-block-image size-large\"><img decoding=\"async\" loading=\"lazy\" width=\"1536\" height=\"2048\" data-id=\"40133\" src=\"https:\/\/orasul-timisoara.ro\/wp-content\/uploads\/2026\/08\/768442333_1362698335364519_4874211210134192673_n.jpg\" alt class=\"wp-image-40133\"><\/figure>\n<figure class=\"wp-block-image size-large\"><img decoding=\"async\" loading=\"lazy\" width=\"1536\" height=\"2048\" data-id=\"40130\" src=\"https:\/\/orasul-timisoara.ro\/wp-content\/uploads\/2026\/08\/768963100_2849001515500383_4699546686394286652_n.jpg\" alt class=\"wp-image-40130\"><\/figure>\n<figure class=\"wp-block-image size-large\"><img decoding=\"async\" loading=\"lazy\" width=\"1920\" height=\"1440\" data-id=\"40127\" src=\"https:\/\/orasul-timisoara.ro\/wp-content\/uploads\/2026\/08\/769051396_1194112353792542_8241445788588716873_n-1920x1440.jpg\" alt class=\"wp-image-40127\"><\/figure>\n<figure class=\"wp-block-image size-large\"><img decoding=\"async\" loading=\"lazy\" width=\"1920\" height=\"1440\" data-id=\"40137\" src=\"https:\/\/orasul-timisoara.ro\/wp-content\/uploads\/2026\/08\/769168432_1108211925221019_8547483239164956807_n-1920x1440.jpg\" alt class=\"wp-image-40137\"><\/figure>\n<figure class=\"wp-block-image size-large\"><img decoding=\"async\" loading=\"lazy\" width=\"1920\" height=\"1440\" data-id=\"40138\" src=\"https:\/\/orasul-timisoara.ro\/wp-content\/uploads\/2026\/08\/764855206_2112390536350137_8866479041271132263_n-1920x1440.jpg\" alt class=\"wp-image-40138\"><\/figure>\n<figure class=\"wp-block-image size-large\"><img decoding=\"async\" loading=\"lazy\" width=\"1920\" height=\"1440\" data-id=\"40131\" src=\"https:\/\/orasul-timisoara.ro\/wp-content\/uploads\/2026\/08\/768727724_1663732104694948_7333499002824564299_n-1920x1440.jpg\" alt class=\"wp-image-40131\"><\/figure>\n<figure class=\"wp-block-image size-large\"><img decoding=\"async\" loading=\"lazy\" width=\"1920\" height=\"1440\" data-id=\"40132\" src=\"https:\/\/orasul-timisoara.ro\/wp-content\/uploads\/2026\/08\/766889992_2209592049831727_1746424827448980210_n-1920x1440.jpg\" alt class=\"wp-image-40132\"><\/figure>\n<figure class=\"wp-block-image size-large\"><img decoding=\"async\" loading=\"lazy\" width=\"1536\" height=\"2048\" data-id=\"40128\" src=\"https:\/\/orasul-timisoara.ro\/wp-content\/uploads\/2026\/08\/765853078_1084560004003439_4181823337297079508_n.jpg\" alt class=\"wp-image-40128\"><\/figure>\n<figure class=\"wp-block-image size-large\"><img decoding=\"async\" loading=\"lazy\" width=\"1536\" height=\"2048\" data-id=\"40136\" src=\"https:\/\/orasul-timisoara.ro\/wp-content\/uploads\/2026\/08\/764863062_1534555331281391_8258399292575020806_n.jpg\" alt class=\"wp-image-40136\"><\/figure>\n<figure class=\"wp-block-image size-large\"><img decoding=\"async\" loading=\"lazy\" width=\"1920\" height=\"1440\" data-id=\"40135\" src=\"https:\/\/orasul-timisoara.ro\/wp-content\/uploads\/2026\/08\/765833873_1696933968050954_7281386622791571976_n-1920x1440.jpg\" alt class=\"wp-image-40135\"><\/figure>\n<\/figure>\n<h2 class=\"wp-block-heading\">Lucr\u0103rile continu\u0103 pe strada Mure\u0219 \u0219i \u00een cartierul Complex<\/h2>\n<p class=\"wp-block-paragraph\">Programul de modernizare nu se opre\u0219te la strada Or\u0219ova. Potrivit primarului, echipele lucreaz\u0103 deja la amenajarea locului de joac\u0103 de pe strada Mure\u0219.<\/p>\n<p class=\"wp-block-paragraph\">Dup\u0103 finalizarea acestei interven\u021bii, urm\u0103torul \u0219antier va fi deschis \u00een cartierul Complex, unde un alt spa\u021biu destinat copiilor urmeaz\u0103 s\u0103 fie reamenajat.<\/p>\n<p class=\"wp-block-paragraph\">Prin acest program, administra\u021bia local\u0103 urm\u0103re\u0219te modernizarea treptat\u0103 a locurilor de joac\u0103 din toate cartierele municipiului.<\/p>\n<h2 class=\"wp-block-heading\">Un concept nou pentru spa\u021biile destinate familiilor<\/h2>\n<p class=\"wp-block-paragraph\">Noile amenaj\u0103ri sunt realizate dup\u0103 un concept diferit fa\u021b\u0103 de proiectele anterioare, accentul fiind pus pe crearea unor spa\u021bii care s\u0103 poat\u0103 fi folosite de \u00eentreaga familie.<\/p>\n<p class=\"wp-block-paragraph\">Potrivit lui Dominic Fritz, obiectivul este ca locurile de joac\u0103 s\u0103 devin\u0103 zone de petrecere a timpului liber pentru copii \u0219i p\u0103rin\u021bi, oferind condi\u021bii mai bune pentru recreere \u0219i socializare.<\/p>\n<h2 class=\"wp-block-heading\">Plant\u0103ri de copaci programate \u00een aceast\u0103 toamn\u0103<\/h2>\n<p class=\"wp-block-paragraph\">Pe l\u00e2ng\u0103 echipamentele \u0219i amenaj\u0103rile noi, municipalitatea are \u00een vedere \u0219i completarea acestor spa\u021bii cu vegeta\u021bie.<\/p>\n<p class=\"wp-block-paragraph\">Primarul Timi\u0219oarei a anun\u021bat c\u0103 \u00een toamna acestui an vor fi planta\u021bi copaci \u00een jurul locurilor de joac\u0103 modernizate, pentru a asigura mai mult\u0103 umbr\u0103 \u00een timpul verilor urm\u0103toare.<\/p>\n<p class=\"wp-block-paragraph\">\u201eLe amenaj\u0103m dup\u0103 un concept nou, \u00een care \u00eentreaga familie s\u0103 se poate bucura de aceste spa\u021bii. Revenim \u00een toamn\u0103 cu plant\u0103ri de copaci, pentru umbra verilor viitoare\u201d, a transmis Dominic Fritz.<\/p>\n<h2 class=\"wp-block-heading\">Modernizarea locurilor de joac\u0103 continu\u0103 \u00een cartierele Timi\u0219oarei<\/h2>\n<p class=\"wp-block-paragraph\">Reabilitarea spa\u021biilor de joac\u0103 face parte din programul prin care Prim\u0103ria Municipiului Timi\u0219oara \u00ee\u0219i propune s\u0103 \u00eembun\u0103t\u0103\u021beasc\u0103 infrastructura destinat\u0103 copiilor \u0219i familiilor.<\/p>\n<p class=\"wp-block-paragraph\">Dup\u0103 finalizarea investi\u021biei de pe strada Or\u0219ova \u0219i continuarea lucr\u0103rilor pe strada Mure\u0219 \u0219i \u00een cartierul Complex, administra\u021bia local\u0103 inten\u021bioneaz\u0103 s\u0103 extind\u0103 aceste interven\u021bii \u0219i \u00een alte cartiere ale ora\u0219ului, pe m\u0103sur\u0103 ce lucr\u0103rile avanseaz\u0103 \u00een cadrul noului contract.<\/p>\n<\/div>\n<p>[analyse_source url=&#8221;https:\/\/orasul-timisoara.ro\/local-40125\/&#8221;]<\/p>\n","protected":false},"excerpt":{"rendered":"<p>[analyse_image type=&#8221;featured&#8221; src=&#8221;https:\/\/orasul-timisoara.ro\/wp-content\/uploads\/2026\/08\/Untitled-1.jpg&#8221;] Administra\u021bie local\u0103Primul loc de joac\u0103 modernizat prin noul program al Prim\u0103riei Timi\u0219oara, inaugurat&#8230; Administra\u021bie local\u0103 Investitii in Timisoara Primul loc de joac\u0103 modernizat prin noul program al Prim\u0103riei Timi\u0219oara, inaugurat pe strada Or\u0219ova De c\u0103tre redactia &#8211; 07\/08\/2026 Facebook Twitter WhatsApp Linkedin ReddIt Email Imprimare Prim\u0103ria Timi\u0219oara a finalizat primul loc de [&hellip;]<\/p>\n","protected":false},"author":1,"featured_media":0,"comment_status":"open","ping_status":"","sticky":false,"template":"","format":"standard","meta":{"footnotes":""},"categories":[89],"tags":[226,189],"class_list":["post-2083847","post","type-post","status-publish","format-standard","hentry","category-romania","tag-crawlmanager","tag-orasul-timisoara-ro"],"_links":{"self":[{"href":"https:\/\/analyse.optim.biz\/index.php?rest_route=\/wp\/v2\/posts\/2083847","targetHints":{"allow":["GET"]}}],"collection":[{"href":"https:\/\/analyse.optim.biz\/index.php?rest_route=\/wp\/v2\/posts"}],"about":[{"href":"https:\/\/analyse.optim.biz\/index.php?rest_route=\/wp\/v2\/types\/post"}],"author":[{"embeddable":true,"href":"https:\/\/analyse.optim.biz\/index.php?rest_route=\/wp\/v2\/users\/1"}],"replies":[{"embeddable":true,"href":"https:\/\/analyse.optim.biz\/index.php?rest_route=%2Fwp%2Fv2%2Fcomments&post=2083847"}],"version-history":[{"count":0,"href":"https:\/\/analyse.optim.biz\/index.php?rest_route=\/wp\/v2\/posts\/2083847\/revisions"}],"wp:attachment":[{"href":"https:\/\/analyse.optim.biz\/index.php?rest_route=%2Fwp%2Fv2%2Fmedia&parent=2083847"}],"wp:term":[{"taxonomy":"category","embeddable":true,"href":"https:\/\/analyse.optim.biz\/index.php?rest_route=%2Fwp%2Fv2%2Fcategories&post=2083847"},{"taxonomy":"post_tag","embeddable":true,"href":"https:\/\/analyse.optim.biz\/index.php?rest_route=%2Fwp%2Fv2%2Ftags&post=2083847"}],"curies":[{"name":"wp","href":"https:\/\/api.w.org\/{rel}","templated":true}]}}