{"id":2083843,"date":"2026-08-02T17:30:00","date_gmt":"2026-08-02T14:30:00","guid":{"rendered":"https:\/\/analyse.optim.biz\/?p=2083843"},"modified":"2026-08-02T17:30:00","modified_gmt":"2026-08-02T14:30:00","slug":"panica-in-trafic-la-vicovu-de-jos-un-sharan-a-luat-foc-in-mers-pe-dn-2e","status":"publish","type":"post","link":"https:\/\/analyse.optim.biz\/?p=2083843","title":{"rendered":"Panic\u0103 \u00een trafic la Vicovu de Jos! Un Sharan a luat foc \u00een mers, pe DN 2E"},"content":{"rendered":"<p>[analyse_image type=&#8221;featured&#8221; src=&#8221;https:\/\/blogger.googleusercontent.com\/img\/b\/R29vZ2xl\/AVvXsEhdgb5c8dFiSKBSo-twyNJAGqeG4eU30XHqE_lI748RhrQcw2irpR4cZDuHkh8XBHweZdzWP6EbIhm0vcFlLwLWPiJm-iuT9Fy4x5bDo6fWajmX_cLMSfdud6v54nzUui2Z3oQQ9H0KtBx8MtBgx6naJcNsGQ8oRML-bL6NqcM5A5HY7fuiSew702dWU_0\/w1600\/incendiu-sharan.jpg&#8221;]<\/p>\n<div class=\"post-body entry-content\" id=\"post-body\">\n<div class=\"separator\"><a href=\"https:\/\/blogger.googleusercontent.com\/img\/b\/R29vZ2xl\/AVvXsEhdgb5c8dFiSKBSo-twyNJAGqeG4eU30XHqE_lI748RhrQcw2irpR4cZDuHkh8XBHweZdzWP6EbIhm0vcFlLwLWPiJm-iuT9Fy4x5bDo6fWajmX_cLMSfdud6v54nzUui2Z3oQQ9H0KtBx8MtBgx6naJcNsGQ8oRML-bL6NqcM5A5HY7fuiSew702dWU_0\/s1200\/incendiu-sharan.jpg\"><img decoding=\"async\" alt=\"Panic\u0103 \u00een trafic la Vicovu de Jos! Un Sharan a luat foc \u00een mers, pe DN 2E\" border=\"0\" height=\"335\" loading=\"lazy\" src=\"https:\/\/blogger.googleusercontent.com\/img\/b\/R29vZ2xl\/AVvXsEhdgb5c8dFiSKBSo-twyNJAGqeG4eU30XHqE_lI748RhrQcw2irpR4cZDuHkh8XBHweZdzWP6EbIhm0vcFlLwLWPiJm-iuT9Fy4x5bDo6fWajmX_cLMSfdud6v54nzUui2Z3oQQ9H0KtBx8MtBgx6naJcNsGQ8oRML-bL6NqcM5A5HY7fuiSew702dWU_0\/w640-h335-rw\/incendiu-sharan.jpg\" title=\"Panic\u0103 \u00een trafic la Vicovu de Jos! Un Sharan a luat foc \u00een mers, pe DN 2E\" width=\"640\"><\/a><\/div>\n<p><strong>Momente de panic\u0103 extrem\u0103 pentru un \u0219ofer care se deplasa vineri dup\u0103-amiaz\u0103 pe drumul na\u021bional DN 2E, pe raza comunei Vicovu de Jos. Autoturismul pe care \u00eel conducea a izbucnit brusc \u00een fl\u0103c\u0103ri, for\u021b\u00e2ndu-l s\u0103 trag\u0103 imediat pe dreapta \u0219i s\u0103 cear\u0103 ajutorul autorit\u0103\u021bilor. Interven\u021bia rapid\u0103 a participan\u021bilor la trafic a prevenit o tragedie major\u0103, incendiul fiind oprit \u00eenainte de a se extinde la \u00eentreaga caroserie.<\/strong><\/p>\n<p>Incidentul nepl\u0103cut a fost raportat la 112 vineri, 31 iulie 2026, la ora 13:39. Un apelant alerta Sec\u021bia de Poli\u021bie Rural\u0103 G\u0103l\u0103ne\u0219ti c\u0103 o ma\u0219in\u0103 a luat foc \u00een trafic, pe drumul na\u021bional. La fa\u021ba locului a fost direc\u021bionat un echipaj de poli\u021bie, al\u0103turi de pompieri militari din cadrul G\u0103rzii de Interven\u021bie Vicovu de Sus.<\/p>\n<h2>Fl\u0103c\u0103ri izbucnite de sub capot\u0103, \u00een plin\u0103 deplasare<\/h2>\n<p>Odat\u0103 ajunse la locul sesiz\u0103rii, autorit\u0103\u021bile au constatat c\u0103 fl\u0103c\u0103rile se manifestaser\u0103 la un autoturism marca VW Sharan. Potrivit informa\u021biilor oferite de agen\u021bii de poli\u021bie, ma\u0219ina apar\u021binea lui D\u0103nu\u021b R., un localnic din Vicovu de Jos, \u00eens\u0103 la momentul incidentului, la volan se afla Daniel B., un b\u0103rbat din ora\u0219ul Vicovu de Sus.<\/p>\n<p>Focul a izbucnit subit la compartimentul motor, \u00een timp ce ma\u0219ina rula normal pe \u0219osea. Din fericire, prezen\u021ba de spirit a \u0219oferului \u0219i spiritul civic al persoanelor aflate \u00een zon\u0103 au fost decisive. Incendiul a fost stins de c\u0103tre persoanele prezente cu sting\u0103toare \u0219i materiale aflate la \u00eendem\u00e2n\u0103, chiar \u00eenainte de sosirea autospecialelor de pompieri.<\/p>\n<h3>Care a fost cauza incendiului periculos<\/h3>\n<p>\u00cen urma cercet\u0103rilor preliminare efectuate de speciali\u0219ti, s-a stabilit c\u0103 incidentul a fost declan\u0219at de un efect termic nedorit. Mai exact, mijlocul care a produs aprinderea a fost toba de e\u0219apament a vehiculului. Din cauza deterior\u0103rii suferite pe timpul folosirii, c\u0103ldura excesiv\u0103 a topit \u0219i a aprins componentele din mase plastice aflate \u00een imediata apropiere.<\/p>\n<p>Bilan\u021bul final al incidentului este unul care aduce o oarecare u\u0219urare: \u00een afar\u0103 de motorul autoturismului, care a ars \u00een totalitate, nu au fost afectate alte bunuri \u0219i, cel mai important, nicio persoan\u0103 nu a fost r\u0103nit\u0103.<\/p>\n<p>Pentru a clarifica oficial toate aspectele incidentului, poli\u021bi\u0219tii au \u00eentocmit un dosar penal sub aspectul s\u0103v\u00e2r\u0219irii infrac\u021biunii de <strong>\u201edistrugerea din culp\u0103\u201d<\/strong>, urm\u00e2nd ca cercet\u0103rile s\u0103 continue procedural.<\/p>\n<\/div>\n<div class=\"post-body entry-content\" id=\"post-body\">\n<div class=\"separator\"><a href=\"https:\/\/blogger.googleusercontent.com\/img\/b\/R29vZ2xl\/AVvXsEhdgb5c8dFiSKBSo-twyNJAGqeG4eU30XHqE_lI748RhrQcw2irpR4cZDuHkh8XBHweZdzWP6EbIhm0vcFlLwLWPiJm-iuT9Fy4x5bDo6fWajmX_cLMSfdud6v54nzUui2Z3oQQ9H0KtBx8MtBgx6naJcNsGQ8oRML-bL6NqcM5A5HY7fuiSew702dWU_0\/s1200\/incendiu-sharan.jpg\"><img decoding=\"async\" alt=\"Panic\u0103 \u00een trafic la Vicovu de Jos! Un Sharan a luat foc \u00een mers, pe DN 2E\" border=\"0\" height=\"335\" loading=\"lazy\" src=\"https:\/\/blogger.googleusercontent.com\/img\/b\/R29vZ2xl\/AVvXsEhdgb5c8dFiSKBSo-twyNJAGqeG4eU30XHqE_lI748RhrQcw2irpR4cZDuHkh8XBHweZdzWP6EbIhm0vcFlLwLWPiJm-iuT9Fy4x5bDo6fWajmX_cLMSfdud6v54nzUui2Z3oQQ9H0KtBx8MtBgx6naJcNsGQ8oRML-bL6NqcM5A5HY7fuiSew702dWU_0\/w640-h335-rw\/incendiu-sharan.jpg\" title=\"Panic\u0103 \u00een trafic la Vicovu de Jos! Un Sharan a luat foc \u00een mers, pe DN 2E\" width=\"640\"><\/a><\/div>\n<p><strong>Momente de panic\u0103 extrem\u0103 pentru un \u0219ofer care se deplasa vineri dup\u0103-amiaz\u0103 pe drumul na\u021bional DN 2E, pe raza comunei Vicovu de Jos. Autoturismul pe care \u00eel conducea a izbucnit brusc \u00een fl\u0103c\u0103ri, for\u021b\u00e2ndu-l s\u0103 trag\u0103 imediat pe dreapta \u0219i s\u0103 cear\u0103 ajutorul autorit\u0103\u021bilor. Interven\u021bia rapid\u0103 a participan\u021bilor la trafic a prevenit o tragedie major\u0103, incendiul fiind oprit \u00eenainte de a se extinde la \u00eentreaga caroserie.<\/strong><\/p>\n<p>Incidentul nepl\u0103cut a fost raportat la 112 vineri, 31 iulie 2026, la ora 13:39. Un apelant alerta Sec\u021bia de Poli\u021bie Rural\u0103 G\u0103l\u0103ne\u0219ti c\u0103 o ma\u0219in\u0103 a luat foc \u00een trafic, pe drumul na\u021bional. La fa\u021ba locului a fost direc\u021bionat un echipaj de poli\u021bie, al\u0103turi de pompieri militari din cadrul G\u0103rzii de Interven\u021bie Vicovu de Sus.<\/p>\n<h2>Fl\u0103c\u0103ri izbucnite de sub capot\u0103, \u00een plin\u0103 deplasare<\/h2>\n<p>Odat\u0103 ajunse la locul sesiz\u0103rii, autorit\u0103\u021bile au constatat c\u0103 fl\u0103c\u0103rile se manifestaser\u0103 la un autoturism marca VW Sharan. Potrivit informa\u021biilor oferite de agen\u021bii de poli\u021bie, ma\u0219ina apar\u021binea lui D\u0103nu\u021b R., un localnic din Vicovu de Jos, \u00eens\u0103 la momentul incidentului, la volan se afla Daniel B., un b\u0103rbat din ora\u0219ul Vicovu de Sus.<\/p>\n<p>Focul a izbucnit subit la compartimentul motor, \u00een timp ce ma\u0219ina rula normal pe \u0219osea. Din fericire, prezen\u021ba de spirit a \u0219oferului \u0219i spiritul civic al persoanelor aflate \u00een zon\u0103 au fost decisive. Incendiul a fost stins de c\u0103tre persoanele prezente cu sting\u0103toare \u0219i materiale aflate la \u00eendem\u00e2n\u0103, chiar \u00eenainte de sosirea autospecialelor de pompieri.<\/p>\n<h3>Care a fost cauza incendiului periculos<\/h3>\n<p>\u00cen urma cercet\u0103rilor preliminare efectuate de speciali\u0219ti, s-a stabilit c\u0103 incidentul a fost declan\u0219at de un efect termic nedorit. Mai exact, mijlocul care a produs aprinderea a fost toba de e\u0219apament a vehiculului. Din cauza deterior\u0103rii suferite pe timpul folosirii, c\u0103ldura excesiv\u0103 a topit \u0219i a aprins componentele din mase plastice aflate \u00een imediata apropiere.<\/p>\n<p>Bilan\u021bul final al incidentului este unul care aduce o oarecare u\u0219urare: \u00een afar\u0103 de motorul autoturismului, care a ars \u00een totalitate, nu au fost afectate alte bunuri \u0219i, cel mai important, nicio persoan\u0103 nu a fost r\u0103nit\u0103.<\/p>\n<p>Pentru a clarifica oficial toate aspectele incidentului, poli\u021bi\u0219tii au \u00eentocmit un dosar penal sub aspectul s\u0103v\u00e2r\u0219irii infrac\u021biunii de <strong>\u201edistrugerea din culp\u0103\u201d<\/strong>, urm\u00e2nd ca cercet\u0103rile s\u0103 continue procedural.<\/p>\n<\/div>\n<p>[analyse_source url=&#8221;https:\/\/www.stirisuceava.net\/2026\/08\/panica-in-trafic-la-vicovu-de-jos-un.html&#8221;]<\/p>\n","protected":false},"excerpt":{"rendered":"<p>[analyse_image type=&#8221;featured&#8221; src=&#8221;https:\/\/blogger.googleusercontent.com\/img\/b\/R29vZ2xl\/AVvXsEhdgb5c8dFiSKBSo-twyNJAGqeG4eU30XHqE_lI748RhrQcw2irpR4cZDuHkh8XBHweZdzWP6EbIhm0vcFlLwLWPiJm-iuT9Fy4x5bDo6fWajmX_cLMSfdud6v54nzUui2Z3oQQ9H0KtBx8MtBgx6naJcNsGQ8oRML-bL6NqcM5A5HY7fuiSew702dWU_0\/w1600\/incendiu-sharan.jpg&#8221;] Momente de panic\u0103 extrem\u0103 pentru un \u0219ofer care se deplasa vineri dup\u0103-amiaz\u0103 pe drumul na\u021bional DN 2E, pe raza comunei Vicovu de Jos. Autoturismul pe care \u00eel conducea a izbucnit brusc \u00een fl\u0103c\u0103ri, for\u021b\u00e2ndu-l s\u0103 trag\u0103 imediat pe dreapta \u0219i s\u0103 cear\u0103 ajutorul autorit\u0103\u021bilor. Interven\u021bia rapid\u0103 a participan\u021bilor la trafic a prevenit [&hellip;]<\/p>\n","protected":false},"author":1,"featured_media":0,"comment_status":"open","ping_status":"","sticky":false,"template":"","format":"standard","meta":{"footnotes":""},"categories":[89],"tags":[226,172],"class_list":["post-2083843","post","type-post","status-publish","format-standard","hentry","category-romania","tag-crawlmanager","tag-stirisuceava-net"],"_links":{"self":[{"href":"https:\/\/analyse.optim.biz\/index.php?rest_route=\/wp\/v2\/posts\/2083843","targetHints":{"allow":["GET"]}}],"collection":[{"href":"https:\/\/analyse.optim.biz\/index.php?rest_route=\/wp\/v2\/posts"}],"about":[{"href":"https:\/\/analyse.optim.biz\/index.php?rest_route=\/wp\/v2\/types\/post"}],"author":[{"embeddable":true,"href":"https:\/\/analyse.optim.biz\/index.php?rest_route=\/wp\/v2\/users\/1"}],"replies":[{"embeddable":true,"href":"https:\/\/analyse.optim.biz\/index.php?rest_route=%2Fwp%2Fv2%2Fcomments&post=2083843"}],"version-history":[{"count":0,"href":"https:\/\/analyse.optim.biz\/index.php?rest_route=\/wp\/v2\/posts\/2083843\/revisions"}],"wp:attachment":[{"href":"https:\/\/analyse.optim.biz\/index.php?rest_route=%2Fwp%2Fv2%2Fmedia&parent=2083843"}],"wp:term":[{"taxonomy":"category","embeddable":true,"href":"https:\/\/analyse.optim.biz\/index.php?rest_route=%2Fwp%2Fv2%2Fcategories&post=2083843"},{"taxonomy":"post_tag","embeddable":true,"href":"https:\/\/analyse.optim.biz\/index.php?rest_route=%2Fwp%2Fv2%2Ftags&post=2083843"}],"curies":[{"name":"wp","href":"https:\/\/api.w.org\/{rel}","templated":true}]}}