{"id":2083841,"date":"2026-08-08T12:36:54","date_gmt":"2026-08-08T09:36:54","guid":{"rendered":"https:\/\/analyse.optim.biz\/?p=2083841"},"modified":"2026-08-08T12:36:54","modified_gmt":"2026-08-08T09:36:54","slug":"barbat-din-gramesti-arestat-preventiv-pentru-agresiune-sexuala-si-viol-asupra-unei-minore","status":"publish","type":"post","link":"https:\/\/analyse.optim.biz\/?p=2083841","title":{"rendered":"B\u0103rbat din Gr\u0103me\u0219ti arestat preventiv pentru agresiune sexual\u0103 \u0219i viol asupra unei minore"},"content":{"rendered":"<p>[analyse_image type=&#8221;featured&#8221; src=&#8221;https:\/\/www.newsbucovina.ro\/wp-content\/uploads\/2017\/07\/viol.pnghttps:\/\/cdn.newsbucovina.ro\/wp-content\/uploads\/2017\/07\/viol.png&#8221;]<\/p>\n<div class=\"td-post-content tagdiv-type\">\n<div class=\"td-a-rec td-a-rec-id-content_top  tdi_3 td_block_template_1\"><strong>Intr\u0103 acum \u0219i \u00een grupul de <\/p>\n<div class=\"wp-block-button\"><a class=\"wp-block-button__link wp-element-button\" href=\"https:\/\/t.me\/+TH8wcfnp8fw5NWI0\">Telegram News Bucovina<\/a><\/div>\n<p><\/strong><\/div>\n<p class=\"wp-block-paragraph\">Un b\u0103rbat \u00een v\u00e2rst\u0103 de 52 de ani, din comuna Gr\u0103me\u0219ti, jude\u021bul Suceava, a fost arestat preventiv pentru 30 de zile, fiind acuzat de agresiune sexual\u0103 \u0219i viol asupra unei minore.<\/p>\n<figure class=\"wp-block-image size-full\"><a href=\"https:\/\/cdn.newsbucovina.ro\/wp-content\/uploads\/2017\/07\/viol.png\"><img loading=\"lazy\" decoding=\"async\" width=\"1024\" height=\"702\" src=\"https:\/\/cdn.newsbucovina.ro\/wp-content\/uploads\/2017\/07\/viol.png.webp\" alt class=\"wp-image-195370\"><\/a><\/figure>\n<p class=\"wp-block-paragraph\">Cazul a fost sesizat pe 27 mai 2026 la Sec\u021bia 13 Poli\u021bie Rural\u0103 B\u0103lc\u0103u\u021bi. Minora, \u00een v\u00e2rst\u0103 de 17 ani, locuie\u0219te \u00eempreun\u0103 cu p\u0103rin\u021bii s\u0103i \u00een localitatea Gr\u0103me\u0219ti. Potrivit sesiz\u0103rii, aceasta a contactat telefonic o sor\u0103 aflat\u0103 \u00een Germania \u0219i i-a m\u0103rturisit c\u0103, \u00eencep\u00e2nd cu v\u00e2rsta de 8 ani, unchiul s\u0103u i-ar fi f\u0103cut avansuri sexuale, iar ulterior ar fi constr\u00e2ns-o moral s\u0103 \u00eentre\u021bin\u0103 rela\u021bii sexuale. Sora a anun\u021bat-o pe mama minorei, care s-a deplasat de urgen\u021b\u0103 la poli\u021bie pentru a formula pl\u00e2ngerea.<\/p>\n<p class=\"wp-block-paragraph\">Lucr\u0103torii Sec\u021biei 13 Poli\u021bie Rural\u0103 B\u0103lc\u0103u\u021bi au completat formularul de evaluare a riscului \u00een baza Legii 217\/2003. A rezultat existen\u021ba unui risc iminent, motiv pentru care a fost emis un ordin de protec\u021bie provizoriu \u00eempotriva agresorului.<\/p>\n<p class=\"wp-block-paragraph\">\u00cen urma complet\u0103rii probatoriului, pe 6 august 2026, \u00een jurul orei 16:30, poli\u021bi\u0219tii au dispus re\u021binerea pentru 24 de ore a b\u0103rbatului, sub aspectul comiterii infrac\u021biunilor de agresiune sexual\u0103 \u0219i viol s\u0103v\u00e2r\u0219it asupra unui minor.<\/p>\n<p class=\"wp-block-paragraph\">A doua zi, pe 7 august 2026, suspectul a fost prezentat Judec\u0103toriei R\u0103d\u0103u\u021bi cu propunerea de arestare preventiv\u0103. Instan\u021ba a admis solicitarea Parchetului de pe l\u00e2ng\u0103 Judec\u0103toria R\u0103d\u0103u\u021bi \u0219i a dispus arestarea preventiv\u0103 a inculpatului pentru o perioad\u0103 de 30 de zile, \u00eencep\u00e2nd cu data de 7 august 2026.<\/p>\n<p class=\"wp-block-paragraph\">Cercet\u0103rile continu\u0103 sub coordonarea procurorului de caz din cadrul Parchetului de pe l\u00e2ng\u0103 Judec\u0103toria R\u0103d\u0103u\u021bi.<\/p>\n<div class=\"td-a-rec td-a-rec-id-content_bottom  tdi_4 td_block_template_1\"><strong>Intr\u0103 acum \u0219i \u00een grupul de <\/p>\n<div class=\"wp-block-button\"><a class=\"wp-block-button__link wp-element-button\" href=\"https:\/\/t.me\/+TH8wcfnp8fw5NWI0\">Telegram News Bucovina<\/a><\/div>\n<p><\/strong><\/div>\n<\/div>\n<div class=\"td-post-content tagdiv-type\">\n<div class=\"td-a-rec td-a-rec-id-content_top  tdi_3 td_block_template_1\"><strong>Intr\u0103 acum \u0219i \u00een grupul de <\/p>\n<div class=\"wp-block-button\"><a class=\"wp-block-button__link wp-element-button\" href=\"https:\/\/t.me\/+TH8wcfnp8fw5NWI0\">Telegram News Bucovina<\/a><\/div>\n<p><\/strong><\/div>\n<p class=\"wp-block-paragraph\">Un b\u0103rbat \u00een v\u00e2rst\u0103 de 52 de ani, din comuna Gr\u0103me\u0219ti, jude\u021bul Suceava, a fost arestat preventiv pentru 30 de zile, fiind acuzat de agresiune sexual\u0103 \u0219i viol asupra unei minore.<\/p>\n<figure class=\"wp-block-image size-full\"><a href=\"https:\/\/cdn.newsbucovina.ro\/wp-content\/uploads\/2017\/07\/viol.png\"><img loading=\"lazy\" decoding=\"async\" width=\"1024\" height=\"702\" src=\"https:\/\/cdn.newsbucovina.ro\/wp-content\/uploads\/2017\/07\/viol.png.webp\" alt class=\"wp-image-195370\"><\/a><\/figure>\n<p class=\"wp-block-paragraph\">Cazul a fost sesizat pe 27 mai 2026 la Sec\u021bia 13 Poli\u021bie Rural\u0103 B\u0103lc\u0103u\u021bi. Minora, \u00een v\u00e2rst\u0103 de 17 ani, locuie\u0219te \u00eempreun\u0103 cu p\u0103rin\u021bii s\u0103i \u00een localitatea Gr\u0103me\u0219ti. Potrivit sesiz\u0103rii, aceasta a contactat telefonic o sor\u0103 aflat\u0103 \u00een Germania \u0219i i-a m\u0103rturisit c\u0103, \u00eencep\u00e2nd cu v\u00e2rsta de 8 ani, unchiul s\u0103u i-ar fi f\u0103cut avansuri sexuale, iar ulterior ar fi constr\u00e2ns-o moral s\u0103 \u00eentre\u021bin\u0103 rela\u021bii sexuale. Sora a anun\u021bat-o pe mama minorei, care s-a deplasat de urgen\u021b\u0103 la poli\u021bie pentru a formula pl\u00e2ngerea.<\/p>\n<p class=\"wp-block-paragraph\">Lucr\u0103torii Sec\u021biei 13 Poli\u021bie Rural\u0103 B\u0103lc\u0103u\u021bi au completat formularul de evaluare a riscului \u00een baza Legii 217\/2003. A rezultat existen\u021ba unui risc iminent, motiv pentru care a fost emis un ordin de protec\u021bie provizoriu \u00eempotriva agresorului.<\/p>\n<p class=\"wp-block-paragraph\">\u00cen urma complet\u0103rii probatoriului, pe 6 august 2026, \u00een jurul orei 16:30, poli\u021bi\u0219tii au dispus re\u021binerea pentru 24 de ore a b\u0103rbatului, sub aspectul comiterii infrac\u021biunilor de agresiune sexual\u0103 \u0219i viol s\u0103v\u00e2r\u0219it asupra unui minor.<\/p>\n<p class=\"wp-block-paragraph\">A doua zi, pe 7 august 2026, suspectul a fost prezentat Judec\u0103toriei R\u0103d\u0103u\u021bi cu propunerea de arestare preventiv\u0103. Instan\u021ba a admis solicitarea Parchetului de pe l\u00e2ng\u0103 Judec\u0103toria R\u0103d\u0103u\u021bi \u0219i a dispus arestarea preventiv\u0103 a inculpatului pentru o perioad\u0103 de 30 de zile, \u00eencep\u00e2nd cu data de 7 august 2026.<\/p>\n<p class=\"wp-block-paragraph\">Cercet\u0103rile continu\u0103 sub coordonarea procurorului de caz din cadrul Parchetului de pe l\u00e2ng\u0103 Judec\u0103toria R\u0103d\u0103u\u021bi.<\/p>\n<div class=\"td-a-rec td-a-rec-id-content_bottom  tdi_4 td_block_template_1\"><strong>Intr\u0103 acum \u0219i \u00een grupul de <\/p>\n<div class=\"wp-block-button\"><a class=\"wp-block-button__link wp-element-button\" href=\"https:\/\/t.me\/+TH8wcfnp8fw5NWI0\">Telegram News Bucovina<\/a><\/div>\n<p><\/strong><\/div>\n<\/div>\n<p>[analyse_source url=&#8221;https:\/\/www.newsbucovina.ro\/social\/445949\/barbat-din-gramesti-arestat-preventiv-pentru-agresiune-sexuala-si-viol-asupra-unei-minore&#8221;]<\/p>\n","protected":false},"excerpt":{"rendered":"<p>[analyse_image type=&#8221;featured&#8221; src=&#8221;https:\/\/www.newsbucovina.ro\/wp-content\/uploads\/2017\/07\/viol.pnghttps:\/\/cdn.newsbucovina.ro\/wp-content\/uploads\/2017\/07\/viol.png&#8221;] Intr\u0103 acum \u0219i \u00een grupul de Telegram News Bucovina Un b\u0103rbat \u00een v\u00e2rst\u0103 de 52 de ani, din comuna Gr\u0103me\u0219ti, jude\u021bul Suceava, a fost arestat preventiv pentru 30 de zile, fiind acuzat de agresiune sexual\u0103 \u0219i viol asupra unei minore. Cazul a fost sesizat pe 27 mai 2026 la Sec\u021bia 13 Poli\u021bie [&hellip;]<\/p>\n","protected":false},"author":1,"featured_media":0,"comment_status":"open","ping_status":"","sticky":false,"template":"","format":"standard","meta":{"footnotes":""},"categories":[89],"tags":[226,165],"class_list":["post-2083841","post","type-post","status-publish","format-standard","hentry","category-romania","tag-crawlmanager","tag-newsbucovina-ro"],"_links":{"self":[{"href":"https:\/\/analyse.optim.biz\/index.php?rest_route=\/wp\/v2\/posts\/2083841","targetHints":{"allow":["GET"]}}],"collection":[{"href":"https:\/\/analyse.optim.biz\/index.php?rest_route=\/wp\/v2\/posts"}],"about":[{"href":"https:\/\/analyse.optim.biz\/index.php?rest_route=\/wp\/v2\/types\/post"}],"author":[{"embeddable":true,"href":"https:\/\/analyse.optim.biz\/index.php?rest_route=\/wp\/v2\/users\/1"}],"replies":[{"embeddable":true,"href":"https:\/\/analyse.optim.biz\/index.php?rest_route=%2Fwp%2Fv2%2Fcomments&post=2083841"}],"version-history":[{"count":0,"href":"https:\/\/analyse.optim.biz\/index.php?rest_route=\/wp\/v2\/posts\/2083841\/revisions"}],"wp:attachment":[{"href":"https:\/\/analyse.optim.biz\/index.php?rest_route=%2Fwp%2Fv2%2Fmedia&parent=2083841"}],"wp:term":[{"taxonomy":"category","embeddable":true,"href":"https:\/\/analyse.optim.biz\/index.php?rest_route=%2Fwp%2Fv2%2Fcategories&post=2083841"},{"taxonomy":"post_tag","embeddable":true,"href":"https:\/\/analyse.optim.biz\/index.php?rest_route=%2Fwp%2Fv2%2Ftags&post=2083841"}],"curies":[{"name":"wp","href":"https:\/\/api.w.org\/{rel}","templated":true}]}}