{"id":2083840,"date":"2026-08-08T12:32:55","date_gmt":"2026-08-08T09:32:55","guid":{"rendered":"https:\/\/analyse.optim.biz\/?p=2083840"},"modified":"2026-08-08T12:32:55","modified_gmt":"2026-08-08T09:32:55","slug":"barbat-din-balaceana-retinut-in-arest-dupa-un-accident-produs-sub-influenta-alcoolului-in-care-a-fost-ranit-un-copil","status":"publish","type":"post","link":"https:\/\/analyse.optim.biz\/?p=2083840","title":{"rendered":"B\u0103rbat din B\u0103l\u0103ceana re\u021binut \u00een arest dup\u0103 un accident produs sub influen\u021ba alcoolului, \u00een care a fost r\u0103nit un copil"},"content":{"rendered":"<p>[analyse_image type=&#8221;featured&#8221; src=&#8221;https:\/\/www.newsbucovina.ro\/wp-content\/uploads\/2025\/05\/retinere-politie.pnghttps:\/\/cdn.newsbucovina.ro\/wp-content\/uploads\/2025\/05\/retinere-politie.png&#8221;]<\/p>\n<div class=\"td-post-content tagdiv-type\">\n<div class=\"td-a-rec td-a-rec-id-content_top  tdi_3 td_block_template_1\"><strong>Intr\u0103 acum \u0219i \u00een grupul de <\/p>\n<div class=\"wp-block-button\"><a class=\"wp-block-button__link wp-element-button\" href=\"https:\/\/t.me\/+TH8wcfnp8fw5NWI0\">Telegram News Bucovina<\/a><\/div>\n<p><\/strong><\/div>\n<p class=\"wp-block-paragraph\">Un b\u0103rbat \u00een v\u00e2rst\u0103 de 42 de ani, din localitatea B\u0103l\u0103ceana, jude\u021bul Suceava, a fost re\u021binut pentru 24 de ore dup\u0103 ce a provocat un accident rutier pe fondul consumului de alcool, \u00een urma c\u0103ruia a rezultat v\u0103t\u0103marea corporal\u0103 a unui minor de 10 ani.<\/p>\n<figure class=\"wp-block-image size-large\"><a href=\"https:\/\/cdn.newsbucovina.ro\/wp-content\/uploads\/2025\/05\/retinere-politie.png\"><img loading=\"lazy\" decoding=\"async\" width=\"1024\" height=\"585\" src=\"https:\/\/cdn.newsbucovina.ro\/wp-content\/uploads\/2025\/05\/retinere-politie-1024x585.png\" alt class=\"wp-image-409706\"><\/a><\/figure>\n<p class=\"wp-block-paragraph\">Evenimentul s-a produs \u00een noaptea de 5 august 2026, \u00een jurul orei 00:25. B\u0103rbatul conducea un autoturism marca Dacia Logan pe un drum comunal neclasificat din localitatea B\u0103l\u0103ceana, pe direc\u021bia dinspre DJ 178 c\u0103tre domiciliu. Sub influen\u021ba alcoolului, a pierdut controlul direc\u021biei de deplasare \u0219i a intrat \u00een coliziune cu un cap de pod din beton. Autoturismul a fost proiectat \u00een afara p\u0103r\u021bii carosabile, pe spa\u021biul verde, r\u0103sturn\u00e2ndu-se de mai multe ori pe o distan\u021b\u0103 de aproximativ 33 de metri.<\/p>\n<p class=\"wp-block-paragraph\">\u00cen urma accidentului, minorul de 10 ani, care se afla pe bancheta din spate a vehiculului, a suferit mai multe leziuni. \u0218oferul l-a scos pe copil din ma\u0219ina avariat\u0103, f\u0103r\u0103 a-l transporta la o unitate medical\u0103, \u0219i a p\u0103r\u0103sit locul accidentului f\u0103r\u0103 \u00eencuviin\u021barea poli\u021biei, deplas\u00e2ndu-se la domiciliu. Acolo a fost identificat de un echipaj al Biroului Ordine Public\u0103.<\/p>\n<p class=\"wp-block-paragraph\">Conform buletinului de analiz\u0103 toxicologic\u0103 emis de Serviciul de Medicin\u0103 Legal\u0103 Suceava, b\u0103rbatul a avut o alcoolemie de 1,66 g\/l alcool pur \u00een s\u00e2nge la prima prob\u0103, recoltat\u0103 la ora 01:45, \u0219i de 1,52 g\/l la a doua prob\u0103, recoltat\u0103 la ora 02:45.<\/p>\n<p class=\"wp-block-paragraph\">Fa\u021b\u0103 de acesta a fost dispus\u0103 m\u0103sura re\u021binerii pentru 24 de ore, pentru s\u0103v\u00e2r\u0219irea infrac\u021biunilor de v\u0103t\u0103mare corporal\u0103 din culp\u0103, conducerea unui vehicul sub influen\u021ba alcoolului \u0219i p\u0103r\u0103sirea locului accidentului. Suspectul a fost introdus, sub escort\u0103, \u00een Centrul de Re\u021binere \u0219i Arestare Preventiv\u0103 al Inspectoratului de Poli\u021bie Jude\u021bean Suceava.<\/p>\n<div class=\"td-a-rec td-a-rec-id-content_bottom  tdi_4 td_block_template_1\"><strong>Intr\u0103 acum \u0219i \u00een grupul de <\/p>\n<div class=\"wp-block-button\"><a class=\"wp-block-button__link wp-element-button\" href=\"https:\/\/t.me\/+TH8wcfnp8fw5NWI0\">Telegram News Bucovina<\/a><\/div>\n<p><\/strong><\/div>\n<\/div>\n<div class=\"td-post-content tagdiv-type\">\n<div class=\"td-a-rec td-a-rec-id-content_top  tdi_3 td_block_template_1\"><strong>Intr\u0103 acum \u0219i \u00een grupul de <\/p>\n<div class=\"wp-block-button\"><a class=\"wp-block-button__link wp-element-button\" href=\"https:\/\/t.me\/+TH8wcfnp8fw5NWI0\">Telegram News Bucovina<\/a><\/div>\n<p><\/strong><\/div>\n<p class=\"wp-block-paragraph\">Un b\u0103rbat \u00een v\u00e2rst\u0103 de 42 de ani, din localitatea B\u0103l\u0103ceana, jude\u021bul Suceava, a fost re\u021binut pentru 24 de ore dup\u0103 ce a provocat un accident rutier pe fondul consumului de alcool, \u00een urma c\u0103ruia a rezultat v\u0103t\u0103marea corporal\u0103 a unui minor de 10 ani.<\/p>\n<figure class=\"wp-block-image size-large\"><a href=\"https:\/\/cdn.newsbucovina.ro\/wp-content\/uploads\/2025\/05\/retinere-politie.png\"><img loading=\"lazy\" decoding=\"async\" width=\"1024\" height=\"585\" src=\"https:\/\/cdn.newsbucovina.ro\/wp-content\/uploads\/2025\/05\/retinere-politie-1024x585.png\" alt class=\"wp-image-409706\"><\/a><\/figure>\n<p class=\"wp-block-paragraph\">Evenimentul s-a produs \u00een noaptea de 5 august 2026, \u00een jurul orei 00:25. B\u0103rbatul conducea un autoturism marca Dacia Logan pe un drum comunal neclasificat din localitatea B\u0103l\u0103ceana, pe direc\u021bia dinspre DJ 178 c\u0103tre domiciliu. Sub influen\u021ba alcoolului, a pierdut controlul direc\u021biei de deplasare \u0219i a intrat \u00een coliziune cu un cap de pod din beton. Autoturismul a fost proiectat \u00een afara p\u0103r\u021bii carosabile, pe spa\u021biul verde, r\u0103sturn\u00e2ndu-se de mai multe ori pe o distan\u021b\u0103 de aproximativ 33 de metri.<\/p>\n<p class=\"wp-block-paragraph\">\u00cen urma accidentului, minorul de 10 ani, care se afla pe bancheta din spate a vehiculului, a suferit mai multe leziuni. \u0218oferul l-a scos pe copil din ma\u0219ina avariat\u0103, f\u0103r\u0103 a-l transporta la o unitate medical\u0103, \u0219i a p\u0103r\u0103sit locul accidentului f\u0103r\u0103 \u00eencuviin\u021barea poli\u021biei, deplas\u00e2ndu-se la domiciliu. Acolo a fost identificat de un echipaj al Biroului Ordine Public\u0103.<\/p>\n<p class=\"wp-block-paragraph\">Conform buletinului de analiz\u0103 toxicologic\u0103 emis de Serviciul de Medicin\u0103 Legal\u0103 Suceava, b\u0103rbatul a avut o alcoolemie de 1,66 g\/l alcool pur \u00een s\u00e2nge la prima prob\u0103, recoltat\u0103 la ora 01:45, \u0219i de 1,52 g\/l la a doua prob\u0103, recoltat\u0103 la ora 02:45.<\/p>\n<p class=\"wp-block-paragraph\">Fa\u021b\u0103 de acesta a fost dispus\u0103 m\u0103sura re\u021binerii pentru 24 de ore, pentru s\u0103v\u00e2r\u0219irea infrac\u021biunilor de v\u0103t\u0103mare corporal\u0103 din culp\u0103, conducerea unui vehicul sub influen\u021ba alcoolului \u0219i p\u0103r\u0103sirea locului accidentului. Suspectul a fost introdus, sub escort\u0103, \u00een Centrul de Re\u021binere \u0219i Arestare Preventiv\u0103 al Inspectoratului de Poli\u021bie Jude\u021bean Suceava.<\/p>\n<div class=\"td-a-rec td-a-rec-id-content_bottom  tdi_4 td_block_template_1\"><strong>Intr\u0103 acum \u0219i \u00een grupul de <\/p>\n<div class=\"wp-block-button\"><a class=\"wp-block-button__link wp-element-button\" href=\"https:\/\/t.me\/+TH8wcfnp8fw5NWI0\">Telegram News Bucovina<\/a><\/div>\n<p><\/strong><\/div>\n<\/div>\n<p>[analyse_source url=&#8221;https:\/\/www.newsbucovina.ro\/social\/445947\/barbat-din-balaceana-retinut-in-arest-dupa-un-accident-produs-sub-influenta-alcoolului-in-care-a-fost-ranit-un-copil&#8221;]<\/p>\n","protected":false},"excerpt":{"rendered":"<p>[analyse_image type=&#8221;featured&#8221; src=&#8221;https:\/\/www.newsbucovina.ro\/wp-content\/uploads\/2025\/05\/retinere-politie.pnghttps:\/\/cdn.newsbucovina.ro\/wp-content\/uploads\/2025\/05\/retinere-politie.png&#8221;] Intr\u0103 acum \u0219i \u00een grupul de Telegram News Bucovina Un b\u0103rbat \u00een v\u00e2rst\u0103 de 42 de ani, din localitatea B\u0103l\u0103ceana, jude\u021bul Suceava, a fost re\u021binut pentru 24 de ore dup\u0103 ce a provocat un accident rutier pe fondul consumului de alcool, \u00een urma c\u0103ruia a rezultat v\u0103t\u0103marea corporal\u0103 a unui minor de [&hellip;]<\/p>\n","protected":false},"author":1,"featured_media":0,"comment_status":"open","ping_status":"","sticky":false,"template":"","format":"standard","meta":{"footnotes":""},"categories":[89],"tags":[226,165],"class_list":["post-2083840","post","type-post","status-publish","format-standard","hentry","category-romania","tag-crawlmanager","tag-newsbucovina-ro"],"_links":{"self":[{"href":"https:\/\/analyse.optim.biz\/index.php?rest_route=\/wp\/v2\/posts\/2083840","targetHints":{"allow":["GET"]}}],"collection":[{"href":"https:\/\/analyse.optim.biz\/index.php?rest_route=\/wp\/v2\/posts"}],"about":[{"href":"https:\/\/analyse.optim.biz\/index.php?rest_route=\/wp\/v2\/types\/post"}],"author":[{"embeddable":true,"href":"https:\/\/analyse.optim.biz\/index.php?rest_route=\/wp\/v2\/users\/1"}],"replies":[{"embeddable":true,"href":"https:\/\/analyse.optim.biz\/index.php?rest_route=%2Fwp%2Fv2%2Fcomments&post=2083840"}],"version-history":[{"count":0,"href":"https:\/\/analyse.optim.biz\/index.php?rest_route=\/wp\/v2\/posts\/2083840\/revisions"}],"wp:attachment":[{"href":"https:\/\/analyse.optim.biz\/index.php?rest_route=%2Fwp%2Fv2%2Fmedia&parent=2083840"}],"wp:term":[{"taxonomy":"category","embeddable":true,"href":"https:\/\/analyse.optim.biz\/index.php?rest_route=%2Fwp%2Fv2%2Fcategories&post=2083840"},{"taxonomy":"post_tag","embeddable":true,"href":"https:\/\/analyse.optim.biz\/index.php?rest_route=%2Fwp%2Fv2%2Ftags&post=2083840"}],"curies":[{"name":"wp","href":"https:\/\/api.w.org\/{rel}","templated":true}]}}