{"id":2083707,"date":"2026-08-04T12:59:07","date_gmt":"2026-08-04T09:59:07","guid":{"rendered":"https:\/\/analyse.optim.biz\/?p=2083707"},"modified":"2026-08-04T12:59:07","modified_gmt":"2026-08-04T09:59:07","slug":"prefectul-de-timis-a-dispus-diminuarea-cu-10-a-salariului-lui-dominic-fritz-timp-de-sase-luni","status":"publish","type":"post","link":"https:\/\/analyse.optim.biz\/?p=2083707","title":{"rendered":"Prefectul de Timi\u0219 a dispus diminuarea cu 10% a salariului lui Dominic Fritz, timp de \u0219ase luni"},"content":{"rendered":"<p>[analyse_image type=&#8221;featured&#8221; src=&#8221;https:\/\/www.banatulmeu.ro\/wp-content\/uploads\/2026\/08\/7030d533-7865-425a-b0c1-13ac35ef5900-e1785848338611.jpeg&#8221;]<\/p>\n<div class=\"post-content-bd\">\n<p>Prefectul jude\u021bului Timi\u0219, Paul Finta, a anun\u021bat mar\u021bi c\u0103 a semnat ordinul prin care primarul Timi\u0219oarei, Dominic Fritz, este sanc\u021bionat disciplinar, \u00een urma deciziei definitive a \u00cenaltei Cur\u021bi de Casa\u021bie \u0219i Justi\u021bie privind conflictul de interese administrativ constatat de Agen\u021bia Na\u021bional\u0103 de Integritate (ANI).<\/p>\n<p>Sanc\u021biunea const\u0103 \u00een diminuarea indemniza\u021biei de primar cu 10% pentru o perioad\u0103 de \u0219ase luni.<\/p>\n<p>\u201e<em>Am semnat ast\u0103zi ordinul prefectului privind sanc\u021bionarea disciplinar\u0103 a domnului primar al municipiului Timi\u0219oara, Dominic Samuel Fritz. Sanc\u021biunea disciplinar\u0103 prevede diminuarea indemniza\u021biei de primar cu 10% pentru \u0219ase luni<\/em>\u201d, a declarat prefectul Paul Finta.<\/p>\n<p>Acesta a explicat c\u0103, \u00een data de 2 iulie, Institu\u021bia Prefectului a primit de la ANI documentele aferente deciziei definitive pronun\u021bate de \u00cenalta Curte de Casa\u021bie \u0219i Justi\u021bie \u00een 18 iunie \u0219i solicitarea de a pune \u00een aplicare m\u0103surile prev\u0103zute de lege. Prefectul a precizat c\u0103 institu\u021bia pe care o conduce a solicitat clarific\u0103ri Agen\u021biei Na\u021bionale de Integritate, \u00eens\u0103 acestea nu au fost transmise.<\/p>\n<p>\u201e<em>Ca urmare a acestei inform\u0103ri, am f\u0103cut o solicitare c\u0103tre Ministerul Afacerilor Interne \u0219i ANI s\u0103 ne comunice c\u00e2teva clarific\u0103ri referitoare la aceast\u0103 solicitare a lor. <\/em><em>E foarte important de men\u021bionat c\u0103, Ministerul Afacerilor Interne ne-a furnizat un r\u0103spuns prin care ne-a comunicat c\u0103 temeiul de drept aplicabil situa\u021biei domnului primar Dominic Samuel Fritz este articolul 228 aliniatul 5 din Ordonan\u021ba de Urgen\u021b\u0103 num\u0103rul 57 din 2018, adic\u0103 Codul Administrativ. E foarte important s\u0103 men\u021bionez \u0219i faptul c\u0103 Agen\u021bia Na\u021bional\u0103 de Integritate, cu toate c\u0103 am f\u0103cut o comunicare instruc\u021bional\u0103 cu ei, nu ne-a r\u0103spuns acestei solicit\u0103ri. Am f\u0103cut inclusiv o revenire la solicitarea c\u0103tre ei, la care din nou nu am primit r\u0103spuns definitoriu p\u00e2n\u0103 \u00een ziua de ast\u0103zi. Definitoriu a fost faptul c\u0103 ieri Agen\u021bia Na\u021bional\u0103 de Integritate a publicat un comunicat de pres\u0103 pe site-ul institu\u021biei prin care pun \u00een vedere c\u0103 exist\u0103 c\u0103 au un num\u0103r de 122 de cazuri de conflict de interese \u00een lucru \u0219i exist\u0103 men\u021biunea c\u0103 \u00een niciunul dintre aceste cazuri nu s-a dispus \u00eencetarea mandatelor de primar<\/em>\u201d, a spus Finta.<\/p>\n<p>De asemenea, prefectul a invocat \u0219i un precedent din jude\u021bul Timi\u0219. Este vorba despre un fost primar al ora\u0219ului Reca\u0219, Pavel Teodor (PSD), g\u0103sit tot \u00een conflict de interese, iar prefectul de la acea vreme, Mihai Ritivoiu (PSD) a decis diminuarea indemniza\u021biei de primar cu 10%.<\/p>\n<p>\u201e<em>De asemenea, definitorie este \u0219i situa\u021bia din anul 2023 care st\u0103 ca o practic\u0103 la baza deciziei pe care eu am luat-o \u0219i anume, \u00een anul 2023,Institu\u021bia Prefectului jude\u021bului Timi\u0219 a stabilit c\u0103 primarul de la acel moment al ora\u0219ului Reca\u0219 s-a aflat \u00een conflict de interese \u0219i s-a dispus aceea\u0219i sanc\u021biune disciplinar\u0103 de diminuare a indemniza\u021biei de primar cu 10% timp de \u0219ase luni<\/em>\u201d, a afirmat acesta.<\/p>\n<p>Paul Finta a subliniat c\u0103 este vorba despre un conflict de interese \u0219i nu despre o incompatibilitate, cele dou\u0103 situa\u021bii fiind reglementate diferit de legisla\u021bie.<\/p>\n<p>\u201e<em>Vorbim despre un conflict de interese \u0219i nu despre incompatibilitate. Sunt dou\u0103 aspecte tratate diferit de legisla\u021bie, at\u00e2t procedural, c\u00e2t \u0219i din perspectiva sanc\u021biunilor. \u00cen cazul incompatibilit\u0103\u021bii vorbim despre \u00eencetarea mandatului, \u00eens\u0103 \u00een cazul conflictului de interese administrativ, articolul 228 alineatul (5) prevede c\u0103 fapta constituie abatere disciplinar\u0103 \u0219i se sanc\u021bioneaz\u0103 cu diminuarea indemniza\u021biei cu 10% pentru o perioad\u0103 de maximum \u0219ase luni<\/em>\u201d, a explicat prefectul.<\/p>\n<p>Acesta a mai precizat c\u0103 reducerea indemniza\u021biei este singura m\u0103sur\u0103 pe care Institu\u021bia Prefectului o poate dispune \u00een aceast\u0103 situa\u021bie \u0219i c\u0103 prefectul nu are atribu\u021bii privind interzicerea ocup\u0103rii unei func\u021bii publice sau a candidaturii la alegeri.<\/p>\n<p>\u201e<em>Institu\u021bia prefectului trebuie s\u0103 aplice exclusiv sanc\u021biunea disciplinar\u0103. Dac\u0103 domnul Dominic Samuel Fritz va decide s\u0103 candideze, institu\u021biile abilitate care verific\u0103 dosarele de candidatur\u0103 vor decide asupra acestei chestiuni<\/em>\u201d, a declarat Paul Finta.<\/p>\n<\/div>\n<p>[analyse_source url=&#8221;https:\/\/www.banatulmeu.ro\/prefectul-de-timis-a-dispus-diminuarea-cu-10-a-salariului-lui-dominic-fritz-timp-de-sase-luni\/&#8221;]<\/p>\n","protected":false},"excerpt":{"rendered":"<p>[analyse_image type=&#8221;featured&#8221; src=&#8221;https:\/\/www.banatulmeu.ro\/wp-content\/uploads\/2026\/08\/7030d533-7865-425a-b0c1-13ac35ef5900-e1785848338611.jpeg&#8221;] Prefectul jude\u021bului Timi\u0219, Paul Finta, a anun\u021bat mar\u021bi c\u0103 a semnat ordinul prin care primarul Timi\u0219oarei, Dominic Fritz, este sanc\u021bionat disciplinar, \u00een urma deciziei definitive a \u00cenaltei Cur\u021bi de Casa\u021bie \u0219i Justi\u021bie privind conflictul de interese administrativ constatat de Agen\u021bia Na\u021bional\u0103 de Integritate (ANI). Sanc\u021biunea const\u0103 \u00een diminuarea indemniza\u021biei de primar cu [&hellip;]<\/p>\n","protected":false},"author":1,"featured_media":0,"comment_status":"open","ping_status":"","sticky":false,"template":"","format":"standard","meta":{"footnotes":""},"categories":[89],"tags":[204,226],"class_list":["post-2083707","post","type-post","status-publish","format-standard","hentry","category-romania","tag-banatulmeu-ro","tag-crawlmanager"],"_links":{"self":[{"href":"https:\/\/analyse.optim.biz\/index.php?rest_route=\/wp\/v2\/posts\/2083707","targetHints":{"allow":["GET"]}}],"collection":[{"href":"https:\/\/analyse.optim.biz\/index.php?rest_route=\/wp\/v2\/posts"}],"about":[{"href":"https:\/\/analyse.optim.biz\/index.php?rest_route=\/wp\/v2\/types\/post"}],"author":[{"embeddable":true,"href":"https:\/\/analyse.optim.biz\/index.php?rest_route=\/wp\/v2\/users\/1"}],"replies":[{"embeddable":true,"href":"https:\/\/analyse.optim.biz\/index.php?rest_route=%2Fwp%2Fv2%2Fcomments&post=2083707"}],"version-history":[{"count":0,"href":"https:\/\/analyse.optim.biz\/index.php?rest_route=\/wp\/v2\/posts\/2083707\/revisions"}],"wp:attachment":[{"href":"https:\/\/analyse.optim.biz\/index.php?rest_route=%2Fwp%2Fv2%2Fmedia&parent=2083707"}],"wp:term":[{"taxonomy":"category","embeddable":true,"href":"https:\/\/analyse.optim.biz\/index.php?rest_route=%2Fwp%2Fv2%2Fcategories&post=2083707"},{"taxonomy":"post_tag","embeddable":true,"href":"https:\/\/analyse.optim.biz\/index.php?rest_route=%2Fwp%2Fv2%2Ftags&post=2083707"}],"curies":[{"name":"wp","href":"https:\/\/api.w.org\/{rel}","templated":true}]}}