{"id":2083705,"date":"2026-08-04T12:43:41","date_gmt":"2026-08-04T09:43:41","guid":{"rendered":"https:\/\/analyse.optim.biz\/?p=2083705"},"modified":"2026-08-04T12:43:41","modified_gmt":"2026-08-04T09:43:41","slug":"primaria-timisoara-propune-o-strategie-pentru-promovarea-comunitatilor-etnice","status":"publish","type":"post","link":"https:\/\/analyse.optim.biz\/?p=2083705","title":{"rendered":"Prim\u0103ria Timi\u015foara propune o strategie pentru promovarea comunit\u0103\u0163ilor etnice"},"content":{"rendered":"<p>[analyse_image type=&#8221;featured&#8221; src=&#8221;https:\/\/www.banatulmeu.ro\/wp-content\/uploads\/2026\/08\/Piata-Unirii.jpg&#8221;]<\/p>\n<div class=\"post-content-bd\">\n<p>Prim\u0103ria anun\u0163\u0103 c\u0103 a preg\u0103tit o \u201cStrategie pentru prezervarea \u0219i promovarea multiculturalit\u0103\u021bii \u0219i interculturalit\u0103\u021bii Timi\u015foarei\u201d \u00een perioada 2026 \u2013 2030. Documentul prevede dou\u0103 paliere: sus\u021binerea minorit\u0103\u021bilor etnice din ora\u0219 prin proiecte \u0219i prin institu\u021biile municipalit\u0103\u021bii, precum \u0219i promovarea \u00een spa\u021biul public a spiritului multicultural al ora\u0219ului.<\/p>\n<p><em>\u201eRolul strategiei este dublu. Pe de-o parte s\u0103 p\u0103str\u0103m tradi\u021biile mo\u0219tenite. \u0218i pe de alt\u0103 parte s\u0103 sus\u021binem \u0219i s\u0103 promov\u0103m comunit\u0103\u021bile etnice ale Timi\u0219oarei. Sunt mai multe lucrurile care ne leag\u0103 dec\u00e2t cele care ne despart, iar aceast\u0103 strategie este modul prin care transform\u0103m aceast\u0103 realitate \u00eentr-o viziune comun\u0103 pentru viitorul ora\u0219ului\u201d<\/em>, a afirmat primarul Dominic Fritz.<\/p>\n<p>Documentul stabile\u0219te direc\u021biile pentru urm\u0103torii cinci ani, astfel \u00eenc\u00e2t tradi\u021biile, obiceiurile \u0219i pove\u0219tile minorit\u0103\u021bilor care de secole convie\u021buiesc \u00een Timi\u0219oara s\u0103 fie mai bine cunoscute \u0219i promovate.<\/p>\n<p>\u201c<em>Printre acestea se num\u0103r\u0103 crearea unui muzeu dedicat diversit\u0103\u021bii culturale a Timi\u0219oarei, marcarea \u00een mai multe limbi a cl\u0103dirilor \u0219i monumentelor reprezentative pentru comunit\u0103\u021bile minoritare, precum \u0219i sus\u021binerea unor evenimente \u0219i proiecte prin care timi\u0219orenii \u0219i vizitatorii s\u0103 poat\u0103 descoperi mai multe despre tradi\u021biile \u0219i cultura acestora. Totodat\u0103, strategia prevede extinderea \u0219i dezvoltarea Consiliului Consultativ al Minorit\u0103\u021bilor Na\u021bionale, astfel \u00eenc\u00e2t aceste comunit\u0103\u021bi s\u0103 fie mai bine auzite \u0219i reprezentate. \u00cen acela\u0219i timp, sunt incluse m\u0103suri pentru ca diversitatea cultural\u0103 a Timi\u0219oarei s\u0103 fie mai bine promovat\u0103, inclusiv la nivel interna\u021bional, prin aderarea la Re\u021beaua Ora\u0219elor Interculturale<\/em>\u201c, a informat Prim\u0103ria Timi\u015foara.<\/p>\n<p>Strategia a fost elaborat\u0103 de speciali\u0219ti din cadrul Institutului Intercultural \u0219i Universit\u0103\u021bii de Vest, la ini\u021biativa Prim\u0103riei Timi\u0219oara. Documentul are la baz\u0103 un amplu proces de consultare, desf\u0103\u0219urat pe parcursul mai multor luni, \u00een care au fost implica\u021bi reprezentan\u021bi ai comunit\u0103\u021bilor minoritare, ai institu\u021biilor publice \u0219i ai mediului academic.<\/p>\n<p>Documentul urmeaz\u0103 s\u0103 fie supus aprob\u0103rii Consiliului Local Timi\u0219oara \u0219i poate fi consultat <a href=\"https:\/\/www.primariatm.ro\/proiecte-hcl\/e20839be-bfe2-44e4-9095-e0e51d875e50\">AICI<\/a>!<\/p>\n<\/div>\n<p>[analyse_source url=&#8221;https:\/\/www.banatulmeu.ro\/primaria-timisoara-propune-o-strategie-pentru-promovarea-comunitatilor-etnice\/&#8221;]<\/p>\n","protected":false},"excerpt":{"rendered":"<p>[analyse_image type=&#8221;featured&#8221; src=&#8221;https:\/\/www.banatulmeu.ro\/wp-content\/uploads\/2026\/08\/Piata-Unirii.jpg&#8221;] Prim\u0103ria anun\u0163\u0103 c\u0103 a preg\u0103tit o \u201cStrategie pentru prezervarea \u0219i promovarea multiculturalit\u0103\u021bii \u0219i interculturalit\u0103\u021bii Timi\u015foarei\u201d \u00een perioada 2026 \u2013 2030. Documentul prevede dou\u0103 paliere: sus\u021binerea minorit\u0103\u021bilor etnice din ora\u0219 prin proiecte \u0219i prin institu\u021biile municipalit\u0103\u021bii, precum \u0219i promovarea \u00een spa\u021biul public a spiritului multicultural al ora\u0219ului. \u201eRolul strategiei este dublu. Pe de-o [&hellip;]<\/p>\n","protected":false},"author":1,"featured_media":0,"comment_status":"open","ping_status":"","sticky":false,"template":"","format":"standard","meta":{"footnotes":""},"categories":[89],"tags":[204,226],"class_list":["post-2083705","post","type-post","status-publish","format-standard","hentry","category-romania","tag-banatulmeu-ro","tag-crawlmanager"],"_links":{"self":[{"href":"https:\/\/analyse.optim.biz\/index.php?rest_route=\/wp\/v2\/posts\/2083705","targetHints":{"allow":["GET"]}}],"collection":[{"href":"https:\/\/analyse.optim.biz\/index.php?rest_route=\/wp\/v2\/posts"}],"about":[{"href":"https:\/\/analyse.optim.biz\/index.php?rest_route=\/wp\/v2\/types\/post"}],"author":[{"embeddable":true,"href":"https:\/\/analyse.optim.biz\/index.php?rest_route=\/wp\/v2\/users\/1"}],"replies":[{"embeddable":true,"href":"https:\/\/analyse.optim.biz\/index.php?rest_route=%2Fwp%2Fv2%2Fcomments&post=2083705"}],"version-history":[{"count":0,"href":"https:\/\/analyse.optim.biz\/index.php?rest_route=\/wp\/v2\/posts\/2083705\/revisions"}],"wp:attachment":[{"href":"https:\/\/analyse.optim.biz\/index.php?rest_route=%2Fwp%2Fv2%2Fmedia&parent=2083705"}],"wp:term":[{"taxonomy":"category","embeddable":true,"href":"https:\/\/analyse.optim.biz\/index.php?rest_route=%2Fwp%2Fv2%2Fcategories&post=2083705"},{"taxonomy":"post_tag","embeddable":true,"href":"https:\/\/analyse.optim.biz\/index.php?rest_route=%2Fwp%2Fv2%2Ftags&post=2083705"}],"curies":[{"name":"wp","href":"https:\/\/api.w.org\/{rel}","templated":true}]}}