{"id":2083695,"date":"2026-08-08T09:02:48","date_gmt":"2026-08-08T06:02:48","guid":{"rendered":"https:\/\/analyse.optim.biz\/?p=2083695"},"modified":"2026-08-08T09:02:48","modified_gmt":"2026-08-08T06:02:48","slug":"calugarii-spanioli-si-piata-libera-ce-uita-libertarienii-sa-ne-spuna-despre-scoala-de-la-salamanca","status":"publish","type":"post","link":"https:\/\/analyse.optim.biz\/?p=2083695","title":{"rendered":"C\u0103lug\u0103rii spanioli \u0219i pia\u021ba liber\u0103: Ce \u201euit\u0103\u201d libertarienii s\u0103 ne spun\u0103 despre \u0218coala de la Salamanca"},"content":{"rendered":"<p>[analyse_image type=&#8221;featured&#8221; src=&#8221;https:\/\/www.incorectpolitic.com\/wp-content\/uploads\/2026\/08\/loibertarien.jpg&#8221;]<\/p>\n<div class=\"entry\">\n<p>Prof. Octavian Dimarescu<br \/><strong>Incorect Politic<\/strong><br \/>\nAugust 8, 2026<\/p>\n<p><a href=\"https:\/\/www.incorectpolitic.com\/calugarii-spanioli-si-piata-libera-ce-uita-libertarienii-sa-ne-spuna-despre-scoala-de-la-salamanca\/loibertarien\/\" rel=\"attachment wp-att-82211\"><img loading=\"lazy\" decoding=\"async\" class=\"aligncenter wp-image-82211\" src=\"https:\/\/www.incorectpolitic.com\/wp-content\/uploads\/2026\/08\/loibertarien.jpg\" alt=\"C\u0103lug\u0103rii spanioli \u0219i pia\u021ba liber\u0103: Ce \u201euit\u0103\u201d libertarienii s\u0103 ne spun\u0103 despre \u0218coala de la Salamanca\" width=\"1118\" height=\"1495\"><\/a><\/p>\n<h2><strong> C\u0103lug\u0103rii spanioli \u0219i pia\u021ba liber\u0103: Ce \u201euit\u0103\u201d libertarienii s\u0103 ne spun\u0103 despre \u0218coala de la Salamanca<\/strong><\/h2>\n<p>Exist\u0103 o fascina\u021bie din ce \u00een ce mai greu de ignorat \u00een zilele noastre pentru libertarianism, mai ales \u00een r\u00e2ndul unor oameni care se declar\u0103 cre\u0219tini \u0219i care \u00eencearc\u0103, printr-o acroba\u021bie logic\u0103 destul de riscant\u0103, s\u0103 \u00eembine religia cu pia\u021ba liber\u0103 absolut\u0103. Este acel miraj seduc\u0103tor al omului care se construie\u0219te exclusiv singur, individul izolat care prosper\u0103 strict pe baza efortului propriu \u0219i care interac\u021bioneaz\u0103 cu ceilal\u021bi doar prin contracte reci. P\u0103rintele neo-liberalismului modern, Ludwig von Mises, a exprimat aceast\u0103 viziune destul de t\u0103ios, afirm\u00e2nd c\u0103 \u00een economia de pia\u021b\u0103 individul este liber s\u0103 ac\u021bioneze exclusiv \u00een orbita propriet\u0103\u021bii private \u0219i a pie\u021bei, alegerile sale fiind finale.<\/p>\n<p>Pentru un g\u00e2nditor ca von Mises, care a fost de fapt un ateu practic \u00een filosofia sa politic\u0103, \u00eendemnul de a asculta vocea con\u0219tiin\u021bei \u0219i de a \u00eenlocui profitul privat cu bun\u0103starea public\u0103 nu creeaz\u0103 deloc o ordine social\u0103 satisf\u0103c\u0103toare. Printr-o astfel de abordare el a respins de fapt dintr-o singur\u0103 mi\u0219care \u00eentreaga civiliza\u021bie cre\u0219tin\u0103 \u0219i doctrina moral\u0103 a Bisericii.<\/p>\n<p>Antropologia cre\u0219tin\u0103 st\u0103 pe cu totul alte fundamente, iar baza vie\u021bii noastre este sobornicitatea. Noi ne m\u00e2ntuim \u00een comuniune, tr\u0103im \u00eempreun\u0103 cu ceilal\u021bi, suferind pentru ei \u0219i bucur\u00e2ndu-ne cu ei. Cre\u0219tin\u0103tatea a pornit mereu de la premisa c\u0103 libertatea are sens doar dac\u0103 este direc\u021bionat\u0103 c\u0103tre un \u201ebine\u201d adev\u0103rat care s\u0103 \u00eemplineasc\u0103 natura uman\u0103. Din acest motiv, libertatea economic\u0103 de a vinde \u0219i a cump\u0103ra trebuie s\u0103 fie obligatoriu subordonat\u0103 binelui comun.<\/p>\n<p>Omul nu tr\u0103ie\u0219te doar cu p\u00e2ine, iar comer\u021bul ar trebui, \u00een fond, s\u0103 faciliteze \u0219i s\u0103 sus\u021bin\u0103 aspectele superioare ale fiin\u021bei umane, precum ac\u021biunile morale virtuoase \u0219i devotamentul religios. Numai o concep\u021bie de-a dreptul animalic\u0103 despre om ar putea a\u0219eza capacitatea de a cump\u0103ra \u0219i a vinde drept pivotul \u00een jurul c\u0103ruia ar trebui s\u0103 se \u00eenv\u00e2rt\u0103 via\u021ba unui individ sau eforturile statului. Sfin\u021bii P\u0103rin\u021bi ai Ortodoxiei ne-au spus constant c\u0103 suntem doar administratori ai crea\u021biei, iar a opri resursele doar pentru tine ignor\u00e2nd suferin\u021ba aproapelui este un act de furt.<\/p>\n<p>Lucrul cu adev\u0103rat uluitor este c\u0103 anumi\u021bi economi\u0219ti libertarieni, \u00eentr-o \u00eencercare de a g\u0103si r\u0103d\u0103cini istorice onorabile pentru ideologia lor, au \u00eenceput s\u0103 sus\u021bin\u0103 c\u0103 teologia catolic\u0103 medieval\u0103 \u0219i renascentist\u0103 ar fi promovat capitalismul. G\u00e2nditori precum Raymond de Roover au \u00eencercat din r\u0103sputeri s\u0103 demonstreze c\u0103 no\u021biunea tradi\u021bional\u0103 de \u201epre\u021b just\u201d era pur \u0219i simplu pre\u021bul dictat de cerere \u0219i ofert\u0103 pe o pia\u021b\u0103 liber\u0103. De Roover l-a interpretat for\u021bat pe Toma d\u2019Aquino, de\u0219i acesta din urm\u0103 a ar\u0103tat clar, cit\u00e2ndu-l pe Sf\u00e2ntul Augustin, c\u0103 dorin\u021ba de a cump\u0103ra ieftin \u0219i a vinde scump este o \u00eenclina\u021bie vicioas\u0103 pe care omul are datoria s\u0103 o \u00eenving\u0103 prin dreptate. Pia\u021ba nu dicteaz\u0103 automat morala.<\/p>\n<p>Aceea\u0219i confuzie inten\u021bionat\u0103 se face \u0219i cu faimoasa \u0218coal\u0103 de la Salamanca. C\u00e2nd aurul din Lumea Nou\u0103 inunda porturile spaniole, cre\u00e2nd o infla\u021bie uria\u0219\u0103 \u0219i o circula\u021bie masiv\u0103 de capital la Sevilia, teologii au fost for\u021ba\u021bi s\u0103 analizeze moralitatea pie\u021bei. C\u0103lug\u0103rul Tom\u00e1s de Mercado scria deja cu am\u0103r\u0103ciune despre modul \u00een care bancherii m\u0103turau to\u021bi banii pentru a-i \u00eemprumuta \u00eenapoi cu dob\u00e2nzi exorbitante, acapar\u00e2nd astfel \u00eentreaga lume. Un alt mare nume al \u0219colii, Domingo de Soto, a afirmat c\u0103 de\u0219i nevoia st\u0103 la baza pre\u021bului, trebuie luate mereu \u00een calcul munca, riscul \u0219i situa\u021bia celor implica\u021bi \u00een tranzac\u021bie. Departe de a fi un adept al pie\u021bei complet nereglementate, de Soto a subliniat c\u0103 autorit\u0103\u021bile republicii ar trebui \u00een principiu s\u0103 fixeze pre\u021bul fiec\u0103rui articol, l\u0103s\u00e2nd la discre\u021bia v\u00e2nz\u0103torilor \u0219i cump\u0103r\u0103torilor doar pre\u021burile pe care statul nu le poate controla practic. C\u00e2nd un pre\u021b este fixat prin lege, afirm\u0103 el, a-l cre\u0219te chiar \u0219i cu un singur ban este un p\u0103cat de moarte.<\/p>\n<p>Mai t\u00e2rziu, Pedro de Valencia a spulberat complet logica libertarian\u0103 modern\u0103 explic\u00e2nd c\u0103 legea cererii \u0219i ofertei se poate aplica exclusiv la bunuri neesen\u021biale, precum diamantele, caii sau s\u0103biile, unde p\u0103r\u021bile au o libertate egal\u0103. C\u00e2nd vine vorba \u00eens\u0103 de p\u00e2ine, mai ales \u00een anii de criz\u0103, v\u00e2nz\u0103torul are parte de libertate \u0219i abunden\u021b\u0103, \u00een timp ce cump\u0103r\u0103torul sufer\u0103 de o nevoie urgent\u0103 \u0219i disperat\u0103. Din acest motiv absolut niciun pre\u021b nu poate fi considerat just sau cerut cu inima \u00eemp\u0103cat\u0103 dac\u0103 el contravine interesului public.<\/p>\n<p>Aceast\u0103 grij\u0103 pentru cel vulnerabil este perfect aliniat\u0103 cu sfin\u021bii Rena\u0219terii. Sf\u00e2ntul Bernardin de Siena predica faptul c\u0103 pre\u021burile sunt stabilite pentru binele comun, prin estimarea colectiv\u0103 a cet\u0103\u021benilor, \u0219i c\u0103 ele pot fi fixate de autorit\u0103\u021bi deoarece nu exist\u0103 nimic mai inechitabil dec\u00e2t promovarea interesului privat \u00een detrimentul bun\u0103st\u0103rii generale. La r\u00e2ndul s\u0103u, Sf\u00e2ntul Antonin din Floren\u021ba afirma c\u0103 autorit\u0103\u021bile civile trebuie s\u0103 fixeze pre\u021burile alimentelor \u0219i insista pe necesitatea unui salariu just. Pentru el, scopul salariului nu era doar o plat\u0103 mecanic\u0103 a muncii, ci trebuia s\u0103 asigure muncitorului o via\u021b\u0103 decent\u0103, care s\u0103-i permit\u0103 s\u0103 tr\u0103iasc\u0103 virtuos \u0219i, \u00een cele din urm\u0103, s\u0103 ating\u0103 m\u00e2ntuirea. A pl\u0103ti un salariu mizerabil profit\u00e2nd de faptul c\u0103 muncitorul are guri de hr\u0103nit era v\u0103zut ca o nedreptate strig\u0103toare la cer.<\/p>\n<p>Am ajuns ast\u0103zi \u00eentr-o situa\u021bie profund anormal\u0103 tocmai din cauz\u0103 c\u0103 am \u00eembr\u0103\u021bi\u0219at o viziune complet nenatural\u0103 asupra omului, consider\u00e2ndu-l un individ izolat care \u00ee\u0219i \u201ecreeaz\u0103\u201d propriul sistem de valori. Liberalismul politic \u0219i economic a destr\u0103mat tapiseria milenar\u0103 a societ\u0103\u021bilor umane, \u00eenlocuind mo\u0219tenirea \u0219i securitatea noastr\u0103 personal\u0103 cu un concept eteric \u0219i rece al \u201ealegerii\u201d. De aceea, solu\u021biile propuse de curente precum distributismul devin esen\u021biale. Arthur J. Penty a avertizat foarte clar c\u0103 orice \u00eencercare a familiilor de a se \u00eentoarce la o via\u021b\u0103 independent\u0103 \u0219i rural\u0103, dac\u0103 nu este \u00eenso\u021bit\u0103 de controlul pre\u021burilor, ar \u00eensemna pur \u0219i simplu o sinucidere economic\u0103.<\/p>\n<p>Lupta noastr\u0103 pentru a ie\u0219i din acest sistem care ne sufoc\u0103 spiritual trebuie s\u0103 capete dimensiuni morale \u0219i comunitare mult mai ad\u00e2nci, pentru ca genera\u021biile care ne vor urma s\u0103 poat\u0103 tr\u0103i o via\u021b\u0103 mai bogat\u0103 \u0219i mai a\u0219ezat\u0103 \u00een tradi\u021bie. O economie f\u0103r\u0103 dragoste, f\u0103r\u0103 fr\u00e2ne \u0219i f\u0103r\u0103 grija pentru m\u00e2ntuirea aproapelui va sf\u00e2r\u0219i mereu prin a ne transforma \u00een ni\u0219te str\u0103ini afla\u021bi \u00een competi\u021bie pe via\u021b\u0103 \u0219i pe moarte.<\/p>\n<\/div>\n<div class=\"entry\">\n<p>Prof. Octavian Dimarescu<br \/><strong>Incorect Politic<\/strong><br \/>\nAugust 8, 2026<\/p>\n<p><a href=\"https:\/\/www.incorectpolitic.com\/calugarii-spanioli-si-piata-libera-ce-uita-libertarienii-sa-ne-spuna-despre-scoala-de-la-salamanca\/loibertarien\/\" rel=\"attachment wp-att-82211\"><img loading=\"lazy\" decoding=\"async\" class=\"aligncenter wp-image-82211\" src=\"https:\/\/www.incorectpolitic.com\/wp-content\/uploads\/2026\/08\/loibertarien.jpg\" alt=\"C\u0103lug\u0103rii spanioli \u0219i pia\u021ba liber\u0103: Ce \u201euit\u0103\u201d libertarienii s\u0103 ne spun\u0103 despre \u0218coala de la Salamanca\" width=\"1118\" height=\"1495\"><\/a><\/p>\n<h2><strong> C\u0103lug\u0103rii spanioli \u0219i pia\u021ba liber\u0103: Ce \u201euit\u0103\u201d libertarienii s\u0103 ne spun\u0103 despre \u0218coala de la Salamanca<\/strong><\/h2>\n<p>Exist\u0103 o fascina\u021bie din ce \u00een ce mai greu de ignorat \u00een zilele noastre pentru libertarianism, mai ales \u00een r\u00e2ndul unor oameni care se declar\u0103 cre\u0219tini \u0219i care \u00eencearc\u0103, printr-o acroba\u021bie logic\u0103 destul de riscant\u0103, s\u0103 \u00eembine religia cu pia\u021ba liber\u0103 absolut\u0103. Este acel miraj seduc\u0103tor al omului care se construie\u0219te exclusiv singur, individul izolat care prosper\u0103 strict pe baza efortului propriu \u0219i care interac\u021bioneaz\u0103 cu ceilal\u021bi doar prin contracte reci. P\u0103rintele neo-liberalismului modern, Ludwig von Mises, a exprimat aceast\u0103 viziune destul de t\u0103ios, afirm\u00e2nd c\u0103 \u00een economia de pia\u021b\u0103 individul este liber s\u0103 ac\u021bioneze exclusiv \u00een orbita propriet\u0103\u021bii private \u0219i a pie\u021bei, alegerile sale fiind finale.<\/p>\n<p>Pentru un g\u00e2nditor ca von Mises, care a fost de fapt un ateu practic \u00een filosofia sa politic\u0103, \u00eendemnul de a asculta vocea con\u0219tiin\u021bei \u0219i de a \u00eenlocui profitul privat cu bun\u0103starea public\u0103 nu creeaz\u0103 deloc o ordine social\u0103 satisf\u0103c\u0103toare. Printr-o astfel de abordare el a respins de fapt dintr-o singur\u0103 mi\u0219care \u00eentreaga civiliza\u021bie cre\u0219tin\u0103 \u0219i doctrina moral\u0103 a Bisericii.<\/p>\n<p>Antropologia cre\u0219tin\u0103 st\u0103 pe cu totul alte fundamente, iar baza vie\u021bii noastre este sobornicitatea. Noi ne m\u00e2ntuim \u00een comuniune, tr\u0103im \u00eempreun\u0103 cu ceilal\u021bi, suferind pentru ei \u0219i bucur\u00e2ndu-ne cu ei. Cre\u0219tin\u0103tatea a pornit mereu de la premisa c\u0103 libertatea are sens doar dac\u0103 este direc\u021bionat\u0103 c\u0103tre un \u201ebine\u201d adev\u0103rat care s\u0103 \u00eemplineasc\u0103 natura uman\u0103. Din acest motiv, libertatea economic\u0103 de a vinde \u0219i a cump\u0103ra trebuie s\u0103 fie obligatoriu subordonat\u0103 binelui comun.<\/p>\n<p>Omul nu tr\u0103ie\u0219te doar cu p\u00e2ine, iar comer\u021bul ar trebui, \u00een fond, s\u0103 faciliteze \u0219i s\u0103 sus\u021bin\u0103 aspectele superioare ale fiin\u021bei umane, precum ac\u021biunile morale virtuoase \u0219i devotamentul religios. Numai o concep\u021bie de-a dreptul animalic\u0103 despre om ar putea a\u0219eza capacitatea de a cump\u0103ra \u0219i a vinde drept pivotul \u00een jurul c\u0103ruia ar trebui s\u0103 se \u00eenv\u00e2rt\u0103 via\u021ba unui individ sau eforturile statului. Sfin\u021bii P\u0103rin\u021bi ai Ortodoxiei ne-au spus constant c\u0103 suntem doar administratori ai crea\u021biei, iar a opri resursele doar pentru tine ignor\u00e2nd suferin\u021ba aproapelui este un act de furt.<\/p>\n<p>Lucrul cu adev\u0103rat uluitor este c\u0103 anumi\u021bi economi\u0219ti libertarieni, \u00eentr-o \u00eencercare de a g\u0103si r\u0103d\u0103cini istorice onorabile pentru ideologia lor, au \u00eenceput s\u0103 sus\u021bin\u0103 c\u0103 teologia catolic\u0103 medieval\u0103 \u0219i renascentist\u0103 ar fi promovat capitalismul. G\u00e2nditori precum Raymond de Roover au \u00eencercat din r\u0103sputeri s\u0103 demonstreze c\u0103 no\u021biunea tradi\u021bional\u0103 de \u201epre\u021b just\u201d era pur \u0219i simplu pre\u021bul dictat de cerere \u0219i ofert\u0103 pe o pia\u021b\u0103 liber\u0103. De Roover l-a interpretat for\u021bat pe Toma d\u2019Aquino, de\u0219i acesta din urm\u0103 a ar\u0103tat clar, cit\u00e2ndu-l pe Sf\u00e2ntul Augustin, c\u0103 dorin\u021ba de a cump\u0103ra ieftin \u0219i a vinde scump este o \u00eenclina\u021bie vicioas\u0103 pe care omul are datoria s\u0103 o \u00eenving\u0103 prin dreptate. Pia\u021ba nu dicteaz\u0103 automat morala.<\/p>\n<p>Aceea\u0219i confuzie inten\u021bionat\u0103 se face \u0219i cu faimoasa \u0218coal\u0103 de la Salamanca. C\u00e2nd aurul din Lumea Nou\u0103 inunda porturile spaniole, cre\u00e2nd o infla\u021bie uria\u0219\u0103 \u0219i o circula\u021bie masiv\u0103 de capital la Sevilia, teologii au fost for\u021ba\u021bi s\u0103 analizeze moralitatea pie\u021bei. C\u0103lug\u0103rul Tom\u00e1s de Mercado scria deja cu am\u0103r\u0103ciune despre modul \u00een care bancherii m\u0103turau to\u021bi banii pentru a-i \u00eemprumuta \u00eenapoi cu dob\u00e2nzi exorbitante, acapar\u00e2nd astfel \u00eentreaga lume. Un alt mare nume al \u0219colii, Domingo de Soto, a afirmat c\u0103 de\u0219i nevoia st\u0103 la baza pre\u021bului, trebuie luate mereu \u00een calcul munca, riscul \u0219i situa\u021bia celor implica\u021bi \u00een tranzac\u021bie. Departe de a fi un adept al pie\u021bei complet nereglementate, de Soto a subliniat c\u0103 autorit\u0103\u021bile republicii ar trebui \u00een principiu s\u0103 fixeze pre\u021bul fiec\u0103rui articol, l\u0103s\u00e2nd la discre\u021bia v\u00e2nz\u0103torilor \u0219i cump\u0103r\u0103torilor doar pre\u021burile pe care statul nu le poate controla practic. C\u00e2nd un pre\u021b este fixat prin lege, afirm\u0103 el, a-l cre\u0219te chiar \u0219i cu un singur ban este un p\u0103cat de moarte.<\/p>\n<p>Mai t\u00e2rziu, Pedro de Valencia a spulberat complet logica libertarian\u0103 modern\u0103 explic\u00e2nd c\u0103 legea cererii \u0219i ofertei se poate aplica exclusiv la bunuri neesen\u021biale, precum diamantele, caii sau s\u0103biile, unde p\u0103r\u021bile au o libertate egal\u0103. C\u00e2nd vine vorba \u00eens\u0103 de p\u00e2ine, mai ales \u00een anii de criz\u0103, v\u00e2nz\u0103torul are parte de libertate \u0219i abunden\u021b\u0103, \u00een timp ce cump\u0103r\u0103torul sufer\u0103 de o nevoie urgent\u0103 \u0219i disperat\u0103. Din acest motiv absolut niciun pre\u021b nu poate fi considerat just sau cerut cu inima \u00eemp\u0103cat\u0103 dac\u0103 el contravine interesului public.<\/p>\n<p>Aceast\u0103 grij\u0103 pentru cel vulnerabil este perfect aliniat\u0103 cu sfin\u021bii Rena\u0219terii. Sf\u00e2ntul Bernardin de Siena predica faptul c\u0103 pre\u021burile sunt stabilite pentru binele comun, prin estimarea colectiv\u0103 a cet\u0103\u021benilor, \u0219i c\u0103 ele pot fi fixate de autorit\u0103\u021bi deoarece nu exist\u0103 nimic mai inechitabil dec\u00e2t promovarea interesului privat \u00een detrimentul bun\u0103st\u0103rii generale. La r\u00e2ndul s\u0103u, Sf\u00e2ntul Antonin din Floren\u021ba afirma c\u0103 autorit\u0103\u021bile civile trebuie s\u0103 fixeze pre\u021burile alimentelor \u0219i insista pe necesitatea unui salariu just. Pentru el, scopul salariului nu era doar o plat\u0103 mecanic\u0103 a muncii, ci trebuia s\u0103 asigure muncitorului o via\u021b\u0103 decent\u0103, care s\u0103-i permit\u0103 s\u0103 tr\u0103iasc\u0103 virtuos \u0219i, \u00een cele din urm\u0103, s\u0103 ating\u0103 m\u00e2ntuirea. A pl\u0103ti un salariu mizerabil profit\u00e2nd de faptul c\u0103 muncitorul are guri de hr\u0103nit era v\u0103zut ca o nedreptate strig\u0103toare la cer.<\/p>\n<p>Am ajuns ast\u0103zi \u00eentr-o situa\u021bie profund anormal\u0103 tocmai din cauz\u0103 c\u0103 am \u00eembr\u0103\u021bi\u0219at o viziune complet nenatural\u0103 asupra omului, consider\u00e2ndu-l un individ izolat care \u00ee\u0219i \u201ecreeaz\u0103\u201d propriul sistem de valori. Liberalismul politic \u0219i economic a destr\u0103mat tapiseria milenar\u0103 a societ\u0103\u021bilor umane, \u00eenlocuind mo\u0219tenirea \u0219i securitatea noastr\u0103 personal\u0103 cu un concept eteric \u0219i rece al \u201ealegerii\u201d. De aceea, solu\u021biile propuse de curente precum distributismul devin esen\u021biale. Arthur J. Penty a avertizat foarte clar c\u0103 orice \u00eencercare a familiilor de a se \u00eentoarce la o via\u021b\u0103 independent\u0103 \u0219i rural\u0103, dac\u0103 nu este \u00eenso\u021bit\u0103 de controlul pre\u021burilor, ar \u00eensemna pur \u0219i simplu o sinucidere economic\u0103.<\/p>\n<p>Lupta noastr\u0103 pentru a ie\u0219i din acest sistem care ne sufoc\u0103 spiritual trebuie s\u0103 capete dimensiuni morale \u0219i comunitare mult mai ad\u00e2nci, pentru ca genera\u021biile care ne vor urma s\u0103 poat\u0103 tr\u0103i o via\u021b\u0103 mai bogat\u0103 \u0219i mai a\u0219ezat\u0103 \u00een tradi\u021bie. O economie f\u0103r\u0103 dragoste, f\u0103r\u0103 fr\u00e2ne \u0219i f\u0103r\u0103 grija pentru m\u00e2ntuirea aproapelui va sf\u00e2r\u0219i mereu prin a ne transforma \u00een ni\u0219te str\u0103ini afla\u021bi \u00een competi\u021bie pe via\u021b\u0103 \u0219i pe moarte.<\/p>\n<\/div>\n<article class=\"post-81436 post type-post status-publish entry includes-feat-image\">\n<div class=\"featured-image alignleft\"><a class=\"featured_post_link\" href=\"https:\/\/www.incorectpolitic.com\/curaj-adevar-si-libertate-senatorul-miron-manega-s-o-s-a-propus-abrogarea-legilor-delictului-de-opinie\/\" title=\"CURAJ, ADEV\u0102R \u0218I LIBERTATE! Senatorul Miron Manega (S.O.S.) a propus abrogarea legilor delictului de opinie!\"><img loading=\"lazy\" decoding=\"async\" width=\"150\" height=\"150\" src=\"https:\/\/www.incorectpolitic.com\/wp-content\/uploads\/2019\/04\/manega-150x150.png\" class=\"attachment-thumbnail size-thumbnail wp-post-image lazyload\" alt><img loading=\"lazy\" decoding=\"async\" width=\"150\" height=\"150\" src=\"https:\/\/www.incorectpolitic.com\/wp-content\/uploads\/2019\/04\/manega-150x150.png\" class=\"attachment-thumbnail size-thumbnail wp-post-image\" alt data-eio=\"l\"><\/a><\/div>\n<div class=\"entry-title\"><a class=\"featured_post_link\" href=\"https:\/\/www.incorectpolitic.com\/curaj-adevar-si-libertate-senatorul-miron-manega-s-o-s-a-propus-abrogarea-legilor-delictului-de-opinie\/\" title=\"CURAJ, ADEV\u0102R \u0218I LIBERTATE! Senatorul Miron Manega (S.O.S.) a propus abrogarea legilor delictului de opinie!\">CURAJ, ADEV\u0102R \u0218I LIBERTATE! Senatorul Miron Manega (S.O.S.) a propus abrogarea legilor delictului de opinie!<\/a><\/div>\n<\/article>\n<article class=\"post-80361 post type-post status-publish entry includes-feat-image\">\n<div class=\"featured-image alignleft\"><a class=\"featured_post_link\" href=\"https:\/\/www.incorectpolitic.com\/ultimul-fiu-al-daciei\/\" title=\"Ultimul Fiu al Daciei\"><img loading=\"lazy\" decoding=\"async\" width=\"100\" height=\"150\" src=\"https:\/\/www.incorectpolitic.com\/wp-content\/uploads\/2025\/10\/dac.jpeg\" class=\"attachment-thumbnail size-thumbnail wp-post-image lazyload\" alt><img loading=\"lazy\" decoding=\"async\" width=\"100\" height=\"150\" src=\"https:\/\/www.incorectpolitic.com\/wp-content\/uploads\/2025\/10\/dac.jpeg\" class=\"attachment-thumbnail size-thumbnail wp-post-image\" alt data-eio=\"l\"><\/a><\/div>\n<div class=\"entry-title\"><a class=\"featured_post_link\" href=\"https:\/\/www.incorectpolitic.com\/ultimul-fiu-al-daciei\/\" title=\"Ultimul Fiu al Daciei\">Ultimul Fiu al Daciei<\/a><\/div>\n<\/article>\n<article class=\"post-73927 post type-post status-publish entry includes-feat-image\">\n<div class=\"featured-image alignleft\"><a class=\"featured_post_link\" href=\"https:\/\/www.incorectpolitic.com\/cauzele-si-dinamica-antisemitismului\/\" title=\"Cauzele \u0219i Dinamica Antisemitismului\"><img loading=\"lazy\" decoding=\"async\" width=\"150\" height=\"150\" src=\"https:\/\/www.incorectpolitic.com\/wp-content\/uploads\/2018\/09\/bolshevik-jews-150x150.jpg\" class=\"attachment-thumbnail size-thumbnail wp-post-image lazyload\" alt><img loading=\"lazy\" decoding=\"async\" width=\"150\" height=\"150\" src=\"https:\/\/www.incorectpolitic.com\/wp-content\/uploads\/2018\/09\/bolshevik-jews-150x150.jpg\" class=\"attachment-thumbnail size-thumbnail wp-post-image\" alt data-eio=\"l\"><\/a><\/div>\n<div class=\"entry-title\"><a class=\"featured_post_link\" href=\"https:\/\/www.incorectpolitic.com\/cauzele-si-dinamica-antisemitismului\/\" title=\"Cauzele \u0219i Dinamica Antisemitismului\">Cauzele \u0219i Dinamica Antisemitismului<\/a><\/div>\n<\/article>\n<article class=\"post-72974 post type-post status-publish entry includes-feat-image\">\n<div class=\"featured-image alignleft\"><a class=\"featured_post_link\" href=\"https:\/\/www.incorectpolitic.com\/navalirea-jidanilor-de-vasile-alecsandri-piesa-interzisa\/\" title=\"N\u0103v\u0103lirea Jidanilor \u2013 de Vasile Alecsandri (Pies\u0103 interzis\u0103)\"><img loading=\"lazy\" decoding=\"async\" width=\"150\" height=\"150\" src=\"https:\/\/www.incorectpolitic.com\/wp-content\/uploads\/2024\/02\/jidani-navalire-2.png\" class=\"attachment-thumbnail size-thumbnail wp-post-image lazyload\" alt><img loading=\"lazy\" decoding=\"async\" width=\"150\" height=\"150\" src=\"https:\/\/www.incorectpolitic.com\/wp-content\/uploads\/2024\/02\/jidani-navalire-2.png\" class=\"attachment-thumbnail size-thumbnail wp-post-image\" alt data-eio=\"l\"><\/a><\/div>\n<div class=\"entry-title\"><a class=\"featured_post_link\" href=\"https:\/\/www.incorectpolitic.com\/navalirea-jidanilor-de-vasile-alecsandri-piesa-interzisa\/\" title=\"N\u0103v\u0103lirea Jidanilor \u2013 de Vasile Alecsandri (Pies\u0103 interzis\u0103)\">N\u0103v\u0103lirea Jidanilor \u2013 de Vasile Alecsandri (Pies\u0103 interzis\u0103)<\/a><\/div>\n<\/article>\n<article class=\"post-71879 post type-post status-publish entry includes-feat-image\">\n<div class=\"featured-image alignleft\"><a class=\"featured_post_link\" href=\"https:\/\/www.incorectpolitic.com\/europa-si-romania-in-anul-2050\/\" title=\"Europa \u0219i Rom\u00e2nia \u00een anul 2050\"><img loading=\"lazy\" decoding=\"async\" width=\"147\" height=\"150\" src=\"https:\/\/www.incorectpolitic.com\/wp-content\/uploads\/2024\/01\/Romania-2050-2.png\" class=\"attachment-thumbnail size-thumbnail wp-post-image lazyload\" alt><img loading=\"lazy\" decoding=\"async\" width=\"147\" height=\"150\" src=\"https:\/\/www.incorectpolitic.com\/wp-content\/uploads\/2024\/01\/Romania-2050-2.png\" class=\"attachment-thumbnail size-thumbnail wp-post-image\" alt data-eio=\"l\"><\/a><\/div>\n<div class=\"entry-title\"><a class=\"featured_post_link\" href=\"https:\/\/www.incorectpolitic.com\/europa-si-romania-in-anul-2050\/\" title=\"Europa \u0219i Rom\u00e2nia \u00een anul 2050\">Europa \u0219i Rom\u00e2nia \u00een anul 2050<\/a><\/div>\n<\/article>\n<article class=\"post-23854 post type-post status-publish entry includes-feat-image\">\n<div class=\"featured-image alignleft\"><a class=\"featured_post_link\" href=\"https:\/\/www.incorectpolitic.com\/vizita-papei-autonomie-alternativa\/\" title=\"Vizita Papei \u2013 Autonomie Alternativ\u0103\"><img loading=\"lazy\" decoding=\"async\" width=\"150\" height=\"150\" class=\"attachment-thumbnail size-thumbnail wp-post-image lazyload\" alt src=\"https:\/\/www.incorectpolitic.com\/wp-content\/uploads\/2019\/06\/uI2HFtR-150x150.jpg\"><img loading=\"lazy\" decoding=\"async\" width=\"150\" height=\"150\" src=\"https:\/\/www.incorectpolitic.com\/wp-content\/uploads\/2019\/06\/uI2HFtR-150x150.jpg\" class=\"attachment-thumbnail size-thumbnail wp-post-image\" alt data-eio=\"l\"><\/a><\/div>\n<div class=\"entry-title\"><a class=\"featured_post_link\" href=\"https:\/\/www.incorectpolitic.com\/vizita-papei-autonomie-alternativa\/\" title=\"Vizita Papei \u2013 Autonomie Alternativ\u0103\">Vizita Papei \u2013 Autonomie Alternativ\u0103<\/a><\/div>\n<\/article>\n<article class=\"post-72111 post type-post status-publish entry includes-feat-image\">\n<div class=\"featured-image alignleft\"><a class=\"featured_post_link\" href=\"https:\/\/www.incorectpolitic.com\/revelion-2023-2024-vine-anul-biruintei\/\" title=\"Revelion 2023 \u2013 2024 vine ANUL BIRUIN\u021aEI\"><img loading=\"lazy\" decoding=\"async\" width=\"150\" height=\"150\" src=\"https:\/\/www.incorectpolitic.com\/wp-content\/uploads\/2023\/12\/anul-biruintei.png\" class=\"attachment-thumbnail size-thumbnail wp-post-image lazyload\" alt><img loading=\"lazy\" decoding=\"async\" width=\"150\" height=\"150\" src=\"https:\/\/www.incorectpolitic.com\/wp-content\/uploads\/2023\/12\/anul-biruintei.png\" class=\"attachment-thumbnail size-thumbnail wp-post-image\" alt data-eio=\"l\"><\/a><\/div>\n<div class=\"entry-title\"><a class=\"featured_post_link\" href=\"https:\/\/www.incorectpolitic.com\/revelion-2023-2024-vine-anul-biruintei\/\" title=\"Revelion 2023 \u2013 2024 vine ANUL BIRUIN\u021aEI\">Revelion 2023 \u2013 2024 vine ANUL BIRUIN\u021aEI<\/a><\/div>\n<\/article>\n<article class=\"post-50139 post type-post status-publish entry includes-feat-image\">\n<div class=\"featured-image alignleft\"><a class=\"featured_post_link\" href=\"https:\/\/www.incorectpolitic.com\/analiza-strategiei-adoptata-de-guvern-pentru-combaterea-antisemitismului-xenofobiei-si-discursului-instigator-la-ura-2021-2023\/\" title=\"Analiza Strategiei Adoptat\u0103 de Guvern Pentru Combaterea \u201cantisemitismului, xenofobiei \u0219i discursului instigator la ur\u0103 2021-2023\u201d\"><img loading=\"lazy\" decoding=\"async\" width=\"150\" height=\"150\" src=\"https:\/\/www.incorectpolitic.com\/wp-content\/uploads\/2019\/08\/Jewish-censorship-e1421273251759-2-150x150.jpg\" class=\"attachment-thumbnail size-thumbnail wp-post-image lazyload\" alt><img loading=\"lazy\" decoding=\"async\" width=\"150\" height=\"150\" src=\"https:\/\/www.incorectpolitic.com\/wp-content\/uploads\/2019\/08\/Jewish-censorship-e1421273251759-2-150x150.jpg\" class=\"attachment-thumbnail size-thumbnail wp-post-image\" alt data-eio=\"l\"><\/a><\/div>\n<div class=\"entry-title\"><a class=\"featured_post_link\" href=\"https:\/\/www.incorectpolitic.com\/analiza-strategiei-adoptata-de-guvern-pentru-combaterea-antisemitismului-xenofobiei-si-discursului-instigator-la-ura-2021-2023\/\" title=\"Analiza Strategiei Adoptat\u0103 de Guvern Pentru Combaterea \u201cantisemitismului, xenofobiei \u0219i discursului instigator la ur\u0103 2021-2023\u201d\">Analiza Strategiei Adoptat\u0103 de Guvern Pentru Combaterea \u201cantisemitismului, xenofobiei \u0219i discursului instigator la ur\u0103 2021-2023\u201d<\/a><\/div>\n<\/article>\n<article class=\"post-70829 post type-post status-publish entry includes-feat-image\">\n<div class=\"featured-image alignleft\"><a class=\"featured_post_link\" href=\"https:\/\/www.incorectpolitic.com\/pozitia-unilaterala-a-pseudo-politicienilor-din-romania-si-a-bor-in-sustinerea-israelului-singurul-stat-terorist-din-lume-arata-ca-acestia-nu-au-o-fibra-cu-adevarat-nationala\/\" title=\"Pozi\u021bia unilateral\u0103 a pseudo politicienilor din Rom\u00e2nia \u0219i a BOR \u00een sus\u021binerea Israelului, singurul stat terorist din lume, arat\u0103 c\u0103 ace\u0219tia nu au o fibr\u0103 cu adev\u0103rat na\u021bional\u0103\"><img loading=\"lazy\" decoding=\"async\" width=\"150\" height=\"89\" src=\"https:\/\/www.incorectpolitic.com\/wp-content\/uploads\/2023\/08\/circumcision.png\" class=\"attachment-thumbnail size-thumbnail wp-post-image lazyload\" alt><img loading=\"lazy\" decoding=\"async\" width=\"150\" height=\"89\" src=\"https:\/\/www.incorectpolitic.com\/wp-content\/uploads\/2023\/08\/circumcision.png\" class=\"attachment-thumbnail size-thumbnail wp-post-image\" alt data-eio=\"l\"><\/a><\/div>\n<div class=\"entry-title\"><a class=\"featured_post_link\" href=\"https:\/\/www.incorectpolitic.com\/pozitia-unilaterala-a-pseudo-politicienilor-din-romania-si-a-bor-in-sustinerea-israelului-singurul-stat-terorist-din-lume-arata-ca-acestia-nu-au-o-fibra-cu-adevarat-nationala\/\" title=\"Pozi\u021bia unilateral\u0103 a pseudo politicienilor din Rom\u00e2nia \u0219i a BOR \u00een sus\u021binerea Israelului, singurul stat terorist din lume, arat\u0103 c\u0103 ace\u0219tia nu au o fibr\u0103 cu adev\u0103rat na\u021bional\u0103\">Pozi\u021bia unilateral\u0103 a pseudo politicienilor din Rom\u00e2nia \u0219i a BOR \u00een sus\u021binerea Israelului, singurul stat terorist din lume, arat\u0103 c\u0103 ace\u0219tia nu au o fibr\u0103 cu adev\u0103rat na\u021bional\u0103<\/a><\/div>\n<\/article>\n<article class=\"post-66937 post type-post status-publish entry includes-feat-image\">\n<div class=\"featured-image alignleft\"><a class=\"featured_post_link\" href=\"https:\/\/www.incorectpolitic.com\/agresiunea-impotriva-revizionistilor-istorici-si-efectele-linsajului-judiciar-de-la-nuremberg\/\" title=\"Agresiunea \u00eempotriva Revizioni\u0219tilor Istorici \u0219i efectele lin\u0219ajului judiciar de la Nurnberg\"><img loading=\"lazy\" decoding=\"async\" width=\"150\" height=\"100\" src=\"https:\/\/www.incorectpolitic.com\/wp-content\/uploads\/2023\/04\/image_2023-04-30_134634134.png\" class=\"attachment-thumbnail size-thumbnail wp-post-image lazyload\" alt><img loading=\"lazy\" decoding=\"async\" width=\"150\" height=\"100\" src=\"https:\/\/www.incorectpolitic.com\/wp-content\/uploads\/2023\/04\/image_2023-04-30_134634134.png\" class=\"attachment-thumbnail size-thumbnail wp-post-image\" alt data-eio=\"l\"><\/a><\/div>\n<div class=\"entry-title\"><a class=\"featured_post_link\" href=\"https:\/\/www.incorectpolitic.com\/agresiunea-impotriva-revizionistilor-istorici-si-efectele-linsajului-judiciar-de-la-nuremberg\/\" title=\"Agresiunea \u00eempotriva Revizioni\u0219tilor Istorici \u0219i efectele lin\u0219ajului judiciar de la Nurnberg\">Agresiunea \u00eempotriva Revizioni\u0219tilor Istorici \u0219i efectele lin\u0219ajului judiciar de la Nurnberg<\/a><\/div>\n<\/article>\n<article class=\"post-19111 post type-post status-publish entry includes-feat-image\">\n<div class=\"featured-image alignleft\"><a class=\"featured_post_link\" href=\"https:\/\/www.incorectpolitic.com\/despre-adevar\/\" title=\"Despre Adev\u0103r\"><img loading=\"lazy\" decoding=\"async\" width=\"150\" height=\"150\" src=\"https:\/\/www.incorectpolitic.com\/wp-content\/uploads\/2019\/02\/freedomfromchain-150x150.jpg\" class=\"attachment-thumbnail size-thumbnail wp-post-image lazyload\" alt><img loading=\"lazy\" decoding=\"async\" width=\"150\" height=\"150\" src=\"https:\/\/www.incorectpolitic.com\/wp-content\/uploads\/2019\/02\/freedomfromchain-150x150.jpg\" class=\"attachment-thumbnail size-thumbnail wp-post-image\" alt data-eio=\"l\"><\/a><\/div>\n<div class=\"entry-title\"><a class=\"featured_post_link\" href=\"https:\/\/www.incorectpolitic.com\/despre-adevar\/\" title=\"Despre Adev\u0103r\">Despre Adev\u0103r<\/a><\/div>\n<\/article>\n<article class=\"post-53767 post type-post status-publish entry includes-feat-image\">\n<div class=\"featured-image alignleft\"><a class=\"featured_post_link\" href=\"https:\/\/www.incorectpolitic.com\/dictionarul-coincidentelor-cine-sunt-iudeii-care-ne-au-influentat-tara-in-istoria-recenta\/\" title=\"DIC\u021aIONARUL COINCIDEN\u021aELOR  \u2013 Cine sunt iudeii care ne-au influen\u021bat \u021bara \u00een istoria recent\u0103\"><img loading=\"lazy\" decoding=\"async\" width=\"150\" height=\"150\" src=\"https:\/\/www.incorectpolitic.com\/wp-content\/uploads\/2021\/09\/coinc-150x150.png\" class=\"attachment-thumbnail size-thumbnail wp-post-image lazyload\" alt><img loading=\"lazy\" decoding=\"async\" width=\"150\" height=\"150\" src=\"https:\/\/www.incorectpolitic.com\/wp-content\/uploads\/2021\/09\/coinc-150x150.png\" class=\"attachment-thumbnail size-thumbnail wp-post-image\" alt data-eio=\"l\"><\/a><\/div>\n<div class=\"entry-title\"><a class=\"featured_post_link\" href=\"https:\/\/www.incorectpolitic.com\/dictionarul-coincidentelor-cine-sunt-iudeii-care-ne-au-influentat-tara-in-istoria-recenta\/\" title=\"DIC\u021aIONARUL COINCIDEN\u021aELOR  \u2013 Cine sunt iudeii care ne-au influen\u021bat \u021bara \u00een istoria recent\u0103\">DIC\u021aIONARUL COINCIDEN\u021aELOR  \u2013 Cine sunt iudeii care ne-au influen\u021bat \u021bara \u00een istoria recent\u0103<\/a><\/div>\n<\/article>\n<article class=\"post-51156 post type-post status-publish entry includes-feat-image\">\n<div class=\"featured-image alignleft\"><a class=\"featured_post_link\" href=\"https:\/\/www.incorectpolitic.com\/desertaciune-nu-aparare\/\" title=\"DE\u0218ERT\u0102CIUNE?! Nu, AP\u0102RARE!\"><img loading=\"lazy\" decoding=\"async\" width=\"150\" height=\"150\" class=\"attachment-thumbnail size-thumbnail wp-post-image lazyload\" alt src=\"https:\/\/www.incorectpolitic.com\/wp-content\/uploads\/2021\/06\/desertaciune-nu-aparare-150x150.jpg\"><img loading=\"lazy\" decoding=\"async\" width=\"150\" height=\"150\" src=\"https:\/\/www.incorectpolitic.com\/wp-content\/uploads\/2021\/06\/desertaciune-nu-aparare-150x150.jpg\" class=\"attachment-thumbnail size-thumbnail wp-post-image\" alt data-eio=\"l\"><\/a><\/div>\n<div class=\"entry-title\"><a class=\"featured_post_link\" href=\"https:\/\/www.incorectpolitic.com\/desertaciune-nu-aparare\/\" title=\"DE\u0218ERT\u0102CIUNE?! Nu, AP\u0102RARE!\">DE\u0218ERT\u0102CIUNE?! Nu, AP\u0102RARE!<\/a><\/div>\n<\/article>\n<article class=\"post-44728 post type-post status-publish entry includes-feat-image\">\n<div class=\"featured-image alignleft\"><a class=\"featured_post_link\" href=\"https:\/\/www.incorectpolitic.com\/resetarea-medicinei-sau-resetarea-omenirii-prin-nanotehnologie\/\" title=\"Resetarea Medicinei sau Resetarea Omenirii prin Nanotehnologie\"><img loading=\"lazy\" decoding=\"async\" width=\"150\" height=\"150\" src=\"https:\/\/www.incorectpolitic.com\/wp-content\/uploads\/2020\/12\/ed8a914d6d236c9d231903a8b2e79f63-150x150.gif\" class=\"attachment-thumbnail size-thumbnail wp-post-image lazyload\" alt><img loading=\"lazy\" decoding=\"async\" width=\"150\" height=\"150\" src=\"https:\/\/www.incorectpolitic.com\/wp-content\/uploads\/2020\/12\/ed8a914d6d236c9d231903a8b2e79f63-150x150.gif\" class=\"attachment-thumbnail size-thumbnail wp-post-image\" alt data-eio=\"l\"><\/a><\/div>\n<div class=\"entry-title\"><a class=\"featured_post_link\" href=\"https:\/\/www.incorectpolitic.com\/resetarea-medicinei-sau-resetarea-omenirii-prin-nanotehnologie\/\" title=\"Resetarea Medicinei sau Resetarea Omenirii prin Nanotehnologie\">Resetarea Medicinei sau Resetarea Omenirii prin Nanotehnologie<\/a><\/div>\n<\/article>\n<article class=\"post-43837 post type-post status-publish entry includes-feat-image\">\n<div class=\"featured-image alignleft\"><a class=\"featured_post_link\" href=\"https:\/\/www.incorectpolitic.com\/noul-legamant\/\" title=\"Noul Leg\u0103m\u00e2nt\"><img loading=\"lazy\" decoding=\"async\" width=\"150\" height=\"150\" src=\"https:\/\/www.incorectpolitic.com\/wp-content\/uploads\/2020\/12\/NL-150x150.jpg\" class=\"attachment-thumbnail size-thumbnail wp-post-image lazyload\" alt><img loading=\"lazy\" decoding=\"async\" width=\"150\" height=\"150\" src=\"https:\/\/www.incorectpolitic.com\/wp-content\/uploads\/2020\/12\/NL-150x150.jpg\" class=\"attachment-thumbnail size-thumbnail wp-post-image\" alt data-eio=\"l\"><\/a><\/div>\n<div class=\"entry-title\"><a class=\"featured_post_link\" href=\"https:\/\/www.incorectpolitic.com\/noul-legamant\/\" title=\"Noul Leg\u0103m\u00e2nt\">Noul Leg\u0103m\u00e2nt<\/a><\/div>\n<\/article>\n<article class=\"post-42525 post type-post status-publish entry includes-feat-image\">\n<div class=\"featured-image alignleft\"><a class=\"featured_post_link\" href=\"https:\/\/www.incorectpolitic.com\/vaccinarea-inseamna-crima-un-atentat-la-sanatatea-personala-la-integritatea-corporala-si-intimitatea-oricarui-om-liber-medicul-ce-vaccineaza-cu-forta-un-om-liber-merita-sa-fie-pedepsit-de-acesta\/\" title=\"Vaccinarea \u00eenseamn\u0103 crim\u0103, un atentat la s\u0103n\u0103tatea personal\u0103, la integritatea corporal\u0103 \u0219i intimitatea oric\u0103rui om liber. Medicul ce vaccineaz\u0103 cu for\u021ba un om liber merit\u0103 s\u0103 fie pedepsit de acesta\"><img loading=\"lazy\" decoding=\"async\" width=\"150\" height=\"150\" src=\"https:\/\/www.incorectpolitic.com\/wp-content\/uploads\/2020\/11\/syringe_0-150x150.jpg\" class=\"attachment-thumbnail size-thumbnail wp-post-image lazyload\" alt><img loading=\"lazy\" decoding=\"async\" width=\"150\" height=\"150\" src=\"https:\/\/www.incorectpolitic.com\/wp-content\/uploads\/2020\/11\/syringe_0-150x150.jpg\" class=\"attachment-thumbnail size-thumbnail wp-post-image\" alt data-eio=\"l\"><\/a><\/div>\n<div class=\"entry-title\"><a class=\"featured_post_link\" href=\"https:\/\/www.incorectpolitic.com\/vaccinarea-inseamna-crima-un-atentat-la-sanatatea-personala-la-integritatea-corporala-si-intimitatea-oricarui-om-liber-medicul-ce-vaccineaza-cu-forta-un-om-liber-merita-sa-fie-pedepsit-de-acesta\/\" title=\"Vaccinarea \u00eenseamn\u0103 crim\u0103, un atentat la s\u0103n\u0103tatea personal\u0103, la integritatea corporal\u0103 \u0219i intimitatea oric\u0103rui om liber. Medicul ce vaccineaz\u0103 cu for\u021ba un om liber merit\u0103 s\u0103 fie pedepsit de acesta\">Vaccinarea \u00eenseamn\u0103 crim\u0103, un atentat la s\u0103n\u0103tatea personal\u0103, la integritatea corporal\u0103 \u0219i intimitatea oric\u0103rui om liber. Medicul ce vaccineaz\u0103 cu for\u021ba un om liber merit\u0103 s\u0103 fie pedepsit de acesta<\/a><\/div>\n<\/article>\n<article class=\"post-38338 post type-post status-publish entry includes-feat-image\">\n<div class=\"featured-image alignleft\"><a class=\"featured_post_link\" href=\"https:\/\/www.incorectpolitic.com\/trebuie-sa-distrugem-suprematia-jidoveasca\/\" title=\"Trebuie s\u0103 distrugem superma\u021bia jidoveasc\u0103!\"><img loading=\"lazy\" decoding=\"async\" width=\"150\" height=\"150\" src=\"https:\/\/www.incorectpolitic.com\/wp-content\/uploads\/2018\/11\/GunoiOPS-150x150.png\" class=\"attachment-thumbnail size-thumbnail wp-post-image lazyload\" alt><img loading=\"lazy\" decoding=\"async\" width=\"150\" height=\"150\" src=\"https:\/\/www.incorectpolitic.com\/wp-content\/uploads\/2018\/11\/GunoiOPS-150x150.png\" class=\"attachment-thumbnail size-thumbnail wp-post-image\" alt data-eio=\"l\"><\/a><\/div>\n<div class=\"entry-title\"><a class=\"featured_post_link\" href=\"https:\/\/www.incorectpolitic.com\/trebuie-sa-distrugem-suprematia-jidoveasca\/\" title=\"Trebuie s\u0103 distrugem superma\u021bia jidoveasc\u0103!\">Trebuie s\u0103 distrugem superma\u021bia jidoveasc\u0103!<\/a><\/div>\n<\/article>\n<article class=\"post-30776 post type-post status-publish entry includes-feat-image\">\n<div class=\"featured-image alignleft\"><a class=\"featured_post_link\" href=\"https:\/\/www.incorectpolitic.com\/da-ti-doua-palme-si-ridica-te\/\" title=\"D\u0103-\u021bi Dou\u0103 Palme \u0219i Ridic\u0103-te\"><img loading=\"lazy\" decoding=\"async\" width=\"150\" height=\"150\" src=\"https:\/\/www.incorectpolitic.com\/wp-content\/uploads\/2019\/11\/1-mai-620x350-150x150.jpg\" class=\"attachment-thumbnail size-thumbnail wp-post-image lazyload\" alt><img loading=\"lazy\" decoding=\"async\" width=\"150\" height=\"150\" src=\"https:\/\/www.incorectpolitic.com\/wp-content\/uploads\/2019\/11\/1-mai-620x350-150x150.jpg\" class=\"attachment-thumbnail size-thumbnail wp-post-image\" alt data-eio=\"l\"><\/a><\/div>\n<div class=\"entry-title\"><a class=\"featured_post_link\" href=\"https:\/\/www.incorectpolitic.com\/da-ti-doua-palme-si-ridica-te\/\" title=\"D\u0103-\u021bi Dou\u0103 Palme \u0219i Ridic\u0103-te\">D\u0103-\u021bi Dou\u0103 Palme \u0219i Ridic\u0103-te<\/a><\/div>\n<\/article>\n<article class=\"post-27862 post type-post status-publish entry includes-feat-image\">\n<div class=\"featured-image alignleft\"><a class=\"featured_post_link\" href=\"https:\/\/www.incorectpolitic.com\/scrisoare-deschisa-catre-neamul-romanesc\/\" title=\"Scrisoare Deschis\u0103 C\u0103tre Neamul Rom\u00e2nesc\"><img loading=\"lazy\" decoding=\"async\" width=\"150\" height=\"150\" src=\"https:\/\/www.incorectpolitic.com\/wp-content\/uploads\/2019\/09\/videoblocks-male-hand-reload-a-revolver-magnum-gun-without-bullets-magnum-revolver-and-empty-bullet-magnum-lead-round-nose-45-auto-rim-revolver-rounds_ha1focujz_thumbnail-full01-150x150.jpg\" class=\"attachment-thumbnail size-thumbnail wp-post-image lazyload\" alt><img loading=\"lazy\" decoding=\"async\" width=\"150\" height=\"150\" src=\"https:\/\/www.incorectpolitic.com\/wp-content\/uploads\/2019\/09\/videoblocks-male-hand-reload-a-revolver-magnum-gun-without-bullets-magnum-revolver-and-empty-bullet-magnum-lead-round-nose-45-auto-rim-revolver-rounds_ha1focujz_thumbnail-full01-150x150.jpg\" class=\"attachment-thumbnail size-thumbnail wp-post-image\" alt data-eio=\"l\"><\/a><\/div>\n<div class=\"entry-title\"><a class=\"featured_post_link\" href=\"https:\/\/www.incorectpolitic.com\/scrisoare-deschisa-catre-neamul-romanesc\/\" title=\"Scrisoare Deschis\u0103 C\u0103tre Neamul Rom\u00e2nesc\">Scrisoare Deschis\u0103 C\u0103tre Neamul Rom\u00e2nesc<\/a><\/div>\n<\/article>\n<article class=\"post-26255 post type-post status-publish entry includes-feat-image\">\n<div class=\"featured-image alignleft\"><a class=\"featured_post_link\" href=\"https:\/\/www.incorectpolitic.com\/sociologia-eliberarii-si-curentele-laterale-de-sedimentare-revolutionara\/\" title=\"Sociologia Eliber\u0103rii \u0219i Curentele Laterale de Sedimentare Revolu\u021bionar\u0103\"><img loading=\"lazy\" decoding=\"async\" width=\"150\" height=\"150\" src=\"https:\/\/www.incorectpolitic.com\/wp-content\/uploads\/2020\/12\/nm3-150x150.png\" class=\"attachment-thumbnail size-thumbnail wp-post-image lazyload\" alt><img loading=\"lazy\" decoding=\"async\" width=\"150\" height=\"150\" src=\"https:\/\/www.incorectpolitic.com\/wp-content\/uploads\/2020\/12\/nm3-150x150.png\" class=\"attachment-thumbnail size-thumbnail wp-post-image\" alt data-eio=\"l\"><\/a><\/div>\n<div class=\"entry-title\"><a class=\"featured_post_link\" href=\"https:\/\/www.incorectpolitic.com\/sociologia-eliberarii-si-curentele-laterale-de-sedimentare-revolutionara\/\" title=\"Sociologia Eliber\u0103rii \u0219i Curentele Laterale de Sedimentare Revolu\u021bionar\u0103\">Sociologia Eliber\u0103rii \u0219i Curentele Laterale de Sedimentare Revolu\u021bionar\u0103<\/a><\/div>\n<\/article>\n<article class=\"post-21977 post type-post status-publish entry includes-feat-image\">\n<div class=\"featured-image alignleft\"><a class=\"featured_post_link\" href=\"https:\/\/www.incorectpolitic.com\/impotriva-fatalismului\/\" title=\"\u00cempotriva Fatalismului\"><img loading=\"lazy\" decoding=\"async\" width=\"150\" height=\"150\" src=\"https:\/\/www.incorectpolitic.com\/wp-content\/uploads\/2019\/04\/thumb-150x150.jpg\" class=\"attachment-thumbnail size-thumbnail wp-post-image lazyload\" alt><img loading=\"lazy\" decoding=\"async\" width=\"150\" height=\"150\" src=\"https:\/\/www.incorectpolitic.com\/wp-content\/uploads\/2019\/04\/thumb-150x150.jpg\" class=\"attachment-thumbnail size-thumbnail wp-post-image\" alt data-eio=\"l\"><\/a><\/div>\n<div class=\"entry-title\"><a class=\"featured_post_link\" href=\"https:\/\/www.incorectpolitic.com\/impotriva-fatalismului\/\" title=\"\u00cempotriva Fatalismului\">\u00cempotriva Fatalismului<\/a><\/div>\n<\/article>\n<article class=\"post-20844 post type-post status-publish entry includes-feat-image\">\n<div class=\"featured-image alignleft\"><a class=\"featured_post_link\" href=\"https:\/\/www.incorectpolitic.com\/inceputul-etapei-post-globaliste-mass-media-ultimul-obstacol\/\" title=\"\u00cenceputul Etapei Post-Globaliste \u2013  Mass Media Ultimul Obstacol\"><img loading=\"lazy\" decoding=\"async\" width=\"150\" height=\"150\" src=\"https:\/\/www.incorectpolitic.com\/wp-content\/uploads\/2019\/03\/https___cdn.cnn_.com_cnnnext_dam_assets_181202123002-yellow-vest-protest-150x150.jpg\" class=\"attachment-thumbnail size-thumbnail wp-post-image lazyload\" alt><img loading=\"lazy\" decoding=\"async\" width=\"150\" height=\"150\" src=\"https:\/\/www.incorectpolitic.com\/wp-content\/uploads\/2019\/03\/https___cdn.cnn_.com_cnnnext_dam_assets_181202123002-yellow-vest-protest-150x150.jpg\" class=\"attachment-thumbnail size-thumbnail wp-post-image\" alt data-eio=\"l\"><\/a><\/div>\n<div class=\"entry-title\"><a class=\"featured_post_link\" href=\"https:\/\/www.incorectpolitic.com\/inceputul-etapei-post-globaliste-mass-media-ultimul-obstacol\/\" title=\"\u00cenceputul Etapei Post-Globaliste \u2013  Mass Media Ultimul Obstacol\">\u00cenceputul Etapei Post-Globaliste \u2013  Mass Media Ultimul Obstacol<\/a><\/div>\n<\/article>\n<article class=\"post-19704 post type-post status-publish entry includes-feat-image\">\n<div class=\"featured-image alignleft\"><a class=\"featured_post_link\" href=\"https:\/\/www.incorectpolitic.com\/mlastina-mass-media-serial-complet\/\" title=\"Mla\u0219tina Mass Media  \u2013 Serial Complet\"><img loading=\"lazy\" decoding=\"async\" width=\"150\" height=\"150\" src=\"https:\/\/www.incorectpolitic.com\/wp-content\/uploads\/2018\/06\/colaj-modificat-1-768x278-150x150.jpg\" class=\"attachment-thumbnail size-thumbnail wp-post-image lazyload\" alt><img loading=\"lazy\" decoding=\"async\" width=\"150\" height=\"150\" src=\"https:\/\/www.incorectpolitic.com\/wp-content\/uploads\/2018\/06\/colaj-modificat-1-768x278-150x150.jpg\" class=\"attachment-thumbnail size-thumbnail wp-post-image\" alt data-eio=\"l\"><\/a><\/div>\n<div class=\"entry-title\"><a class=\"featured_post_link\" href=\"https:\/\/www.incorectpolitic.com\/mlastina-mass-media-serial-complet\/\" title=\"Mla\u0219tina Mass Media  \u2013 Serial Complet\">Mla\u0219tina Mass Media  \u2013 Serial Complet<\/a><\/div>\n<\/article>\n<article class=\"post-5104 post type-post status-publish entry includes-feat-image\">\n<div class=\"featured-image alignleft\"><a class=\"featured_post_link\" href=\"https:\/\/www.incorectpolitic.com\/momentul-1937\/\" title=\"Momentul 1937\"><img loading=\"lazy\" decoding=\"async\" width=\"150\" height=\"150\" src=\"https:\/\/www.incorectpolitic.com\/wp-content\/uploads\/2018\/03\/capitanul-codreanu2003a-150x150.jpg\" class=\"attachment-thumbnail size-thumbnail wp-post-image lazyload\" alt><img loading=\"lazy\" decoding=\"async\" width=\"150\" height=\"150\" src=\"https:\/\/www.incorectpolitic.com\/wp-content\/uploads\/2018\/03\/capitanul-codreanu2003a-150x150.jpg\" class=\"attachment-thumbnail size-thumbnail wp-post-image\" alt data-eio=\"l\"><\/a><\/div>\n<div class=\"entry-title\"><a class=\"featured_post_link\" href=\"https:\/\/www.incorectpolitic.com\/momentul-1937\/\" title=\"Momentul 1937\">Momentul 1937<\/a><\/div>\n<\/article>\n<article class=\"post-16914 post type-post status-publish entry includes-feat-image\">\n<div class=\"featured-image alignleft\"><a class=\"featured_post_link\" href=\"https:\/\/www.incorectpolitic.com\/portretul-romanului-iudeo-crestin\/\" title=\"Portretul Rom\u00e2nului Iudeo-Cre\u0219tin Iubitor de Infanticid\"><img loading=\"lazy\" decoding=\"async\" width=\"150\" height=\"150\" src=\"https:\/\/www.incorectpolitic.com\/wp-content\/uploads\/2019\/01\/venn-150x150.jpg\" class=\"attachment-thumbnail size-thumbnail wp-post-image lazyload\" alt><img loading=\"lazy\" decoding=\"async\" width=\"150\" height=\"150\" src=\"https:\/\/www.incorectpolitic.com\/wp-content\/uploads\/2019\/01\/venn-150x150.jpg\" class=\"attachment-thumbnail size-thumbnail wp-post-image\" alt data-eio=\"l\"><\/a><\/div>\n<div class=\"entry-title\"><a class=\"featured_post_link\" href=\"https:\/\/www.incorectpolitic.com\/portretul-romanului-iudeo-crestin\/\" title=\"Portretul Rom\u00e2nului Iudeo-Cre\u0219tin Iubitor de Infanticid\">Portretul Rom\u00e2nului Iudeo-Cre\u0219tin Iubitor de Infanticid<\/a><\/div>\n<\/article>\n<article class=\"post-13899 post type-post status-publish entry includes-feat-image\">\n<div class=\"featured-image alignleft\"><a class=\"featured_post_link\" href=\"https:\/\/www.incorectpolitic.com\/manifest-impotriva-national-sionismului\/\" title=\"Manifest \u00cempotriva Na\u021bional-Sionismului din Rom\u00e2nia\"><img loading=\"lazy\" decoding=\"async\" width=\"150\" height=\"150\" src=\"https:\/\/www.incorectpolitic.com\/wp-content\/uploads\/2018\/10\/z1-150x150.png\" class=\"attachment-thumbnail size-thumbnail wp-post-image lazyload\" alt><img loading=\"lazy\" decoding=\"async\" width=\"150\" height=\"150\" src=\"https:\/\/www.incorectpolitic.com\/wp-content\/uploads\/2018\/10\/z1-150x150.png\" class=\"attachment-thumbnail size-thumbnail wp-post-image\" alt data-eio=\"l\"><\/a><\/div>\n<div class=\"entry-title\"><a class=\"featured_post_link\" href=\"https:\/\/www.incorectpolitic.com\/manifest-impotriva-national-sionismului\/\" title=\"Manifest \u00cempotriva Na\u021bional-Sionismului din Rom\u00e2nia\">Manifest \u00cempotriva Na\u021bional-Sionismului din Rom\u00e2nia<\/a><\/div>\n<\/article>\n<article class=\"post-7498 post type-post status-publish entry includes-feat-image\">\n<div class=\"featured-image alignleft\"><a class=\"featured_post_link\" href=\"https:\/\/www.incorectpolitic.com\/istorie-zydokomuna-cea-mai-completa-lista-a-nomenclaturii-iudeo-bolsevice-din-romania\/\" title=\"Istorie: \u017bYDOKOMUNA, Cea Mai Complet\u0103 List\u0103 a Nomenclaturii Iudeo-Bol\u0219evice din Rom\u00e2nia\"><img loading=\"lazy\" decoding=\"async\" width=\"150\" height=\"150\" src=\"https:\/\/www.incorectpolitic.com\/wp-content\/uploads\/2018\/06\/holocaustul-rosu-150x150.jpg\" class=\"attachment-thumbnail size-thumbnail wp-post-image lazyload\" alt><img loading=\"lazy\" decoding=\"async\" width=\"150\" height=\"150\" src=\"https:\/\/www.incorectpolitic.com\/wp-content\/uploads\/2018\/06\/holocaustul-rosu-150x150.jpg\" class=\"attachment-thumbnail size-thumbnail wp-post-image\" alt data-eio=\"l\"><\/a><\/div>\n<div class=\"entry-title\"><a class=\"featured_post_link\" href=\"https:\/\/www.incorectpolitic.com\/istorie-zydokomuna-cea-mai-completa-lista-a-nomenclaturii-iudeo-bolsevice-din-romania\/\" title=\"Istorie: \u017bYDOKOMUNA, Cea Mai Complet\u0103 List\u0103 a Nomenclaturii Iudeo-Bol\u0219evice din Rom\u00e2nia\">Istorie: \u017bYDOKOMUNA, Cea Mai Complet\u0103 List\u0103 a Nomenclaturii Iudeo-Bol\u0219evice din Rom\u00e2nia<\/a><\/div>\n<\/article>\n<article class=\"post-6413 post type-post status-publish entry includes-feat-image\">\n<div class=\"featured-image alignleft\"><a class=\"featured_post_link\" href=\"https:\/\/www.incorectpolitic.com\/iudaismul-este-un-proiect-politic\/\" title=\"Iudaismul Este Un Proiect Politic\"><img loading=\"lazy\" decoding=\"async\" width=\"150\" height=\"150\" src=\"https:\/\/www.incorectpolitic.com\/wp-content\/uploads\/2018\/05\/israelzionismjudaism5-150x150.jpeg\" class=\"attachment-thumbnail size-thumbnail wp-post-image lazyload\" alt><img loading=\"lazy\" decoding=\"async\" width=\"150\" height=\"150\" src=\"https:\/\/www.incorectpolitic.com\/wp-content\/uploads\/2018\/05\/israelzionismjudaism5-150x150.jpeg\" class=\"attachment-thumbnail size-thumbnail wp-post-image\" alt data-eio=\"l\"><\/a><\/div>\n<div class=\"entry-title\"><a class=\"featured_post_link\" href=\"https:\/\/www.incorectpolitic.com\/iudaismul-este-un-proiect-politic\/\" title=\"Iudaismul Este Un Proiect Politic\">Iudaismul Este Un Proiect Politic<\/a><\/div>\n<\/article>\n<article class=\"post-5089 post type-post status-publish entry includes-feat-image\">\n<div class=\"featured-image alignleft\"><a class=\"featured_post_link\" href=\"https:\/\/www.incorectpolitic.com\/exploziv-si-excluziv-interviul-interzis-in-presa-romaneasca\/\" title=\"EXPLOZIV \u0218I EXCLUSIV: Interviul INTERZIS \u00een Presa Rom\u00e2neasc\u0103\"><img loading=\"lazy\" decoding=\"async\" width=\"150\" height=\"150\" src=\"https:\/\/www.incorectpolitic.com\/wp-content\/uploads\/2018\/03\/gscz6z-150x150.gif\" class=\"attachment-thumbnail size-thumbnail wp-post-image lazyload\" alt><img loading=\"lazy\" decoding=\"async\" width=\"150\" height=\"150\" src=\"https:\/\/www.incorectpolitic.com\/wp-content\/uploads\/2018\/03\/gscz6z-150x150.gif\" class=\"attachment-thumbnail size-thumbnail wp-post-image\" alt data-eio=\"l\"><\/a><\/div>\n<div class=\"entry-title\"><a class=\"featured_post_link\" href=\"https:\/\/www.incorectpolitic.com\/exploziv-si-excluziv-interviul-interzis-in-presa-romaneasca\/\" title=\"EXPLOZIV \u0218I EXCLUSIV: Interviul INTERZIS \u00een Presa Rom\u00e2neasc\u0103\">EXPLOZIV \u0218I EXCLUSIV: Interviul INTERZIS \u00een Presa Rom\u00e2neasc\u0103<\/a><\/div>\n<\/article>\n<article class=\"post-1109 post type-post status-publish entry includes-feat-image\">\n<div class=\"featured-image alignleft\"><a class=\"featured_post_link\" href=\"https:\/\/www.incorectpolitic.com\/ofensiva-spirituala-poloniei\/\" title=\"Ofensiva Spiritual\u0103 a Poloniei\"><img loading=\"lazy\" decoding=\"async\" width=\"150\" height=\"150\" src=\"https:\/\/www.incorectpolitic.com\/wp-content\/uploads\/2017\/10\/jesus-with-whip3-150x150.jpg\" class=\"attachment-thumbnail size-thumbnail wp-post-image lazyload\" alt><img loading=\"lazy\" decoding=\"async\" width=\"150\" height=\"150\" src=\"https:\/\/www.incorectpolitic.com\/wp-content\/uploads\/2017\/10\/jesus-with-whip3-150x150.jpg\" class=\"attachment-thumbnail size-thumbnail wp-post-image\" alt data-eio=\"l\"><\/a><\/div>\n<div class=\"entry-title\"><a class=\"featured_post_link\" href=\"https:\/\/www.incorectpolitic.com\/ofensiva-spirituala-poloniei\/\" title=\"Ofensiva Spiritual\u0103 a Poloniei\">Ofensiva Spiritual\u0103 a Poloniei<\/a><\/div>\n<\/article>\n<article class=\"post-5673 post type-post status-publish entry includes-feat-image\">\n<div class=\"featured-image alignleft\"><a class=\"featured_post_link\" href=\"https:\/\/www.incorectpolitic.com\/biciul-prigonirii-romanilor-este-in-mana-jidanilor\/\" title=\"Biciul Prigonirii Rom\u00e2nilor Este \u00een M\u00e2na Jidanilor!\"><img loading=\"lazy\" decoding=\"async\" width=\"150\" height=\"150\" src=\"https:\/\/www.incorectpolitic.com\/wp-content\/uploads\/2018\/04\/S.-Vexler-si-B.-Netanyahu-150x150.jpg\" class=\"attachment-thumbnail size-thumbnail wp-post-image lazyload\" alt><img loading=\"lazy\" decoding=\"async\" width=\"150\" height=\"150\" src=\"https:\/\/www.incorectpolitic.com\/wp-content\/uploads\/2018\/04\/S.-Vexler-si-B.-Netanyahu-150x150.jpg\" class=\"attachment-thumbnail size-thumbnail wp-post-image\" alt data-eio=\"l\"><\/a><\/div>\n<div class=\"entry-title\"><a class=\"featured_post_link\" href=\"https:\/\/www.incorectpolitic.com\/biciul-prigonirii-romanilor-este-in-mana-jidanilor\/\" title=\"Biciul Prigonirii Rom\u00e2nilor Este \u00een M\u00e2na Jidanilor!\">Biciul Prigonirii Rom\u00e2nilor Este \u00een M\u00e2na Jidanilor!<\/a><\/div>\n<\/article>\n<article class=\"post-80464 post type-post status-publish entry includes-feat-image\">\n<div class=\"featured-image alignleft\"><a class=\"featured_post_link\" href=\"https:\/\/www.incorectpolitic.com\/talmudismul-este-esenta-satanismului\/\" title=\"TALMUDISMUL ESTE ESEN\u021aA SATANISMULUI\"><img loading=\"lazy\" decoding=\"async\" width=\"150\" height=\"150\" src=\"https:\/\/www.incorectpolitic.com\/wp-content\/uploads\/2020\/02\/vasile-zarnescu-150x150.png\" class=\"attachment-thumbnail size-thumbnail wp-post-image lazyload\" alt><img loading=\"lazy\" decoding=\"async\" width=\"150\" height=\"150\" src=\"https:\/\/www.incorectpolitic.com\/wp-content\/uploads\/2020\/02\/vasile-zarnescu-150x150.png\" class=\"attachment-thumbnail size-thumbnail wp-post-image\" alt data-eio=\"l\"><\/a><\/div>\n<div class=\"entry-title\"><a class=\"featured_post_link\" href=\"https:\/\/www.incorectpolitic.com\/talmudismul-este-esenta-satanismului\/\" title=\"TALMUDISMUL ESTE ESEN\u021aA SATANISMULUI\">TALMUDISMUL ESTE ESEN\u021aA SATANISMULUI<\/a><\/div>\n<\/article>\n<article class=\"post-20005 post type-post status-publish entry includes-feat-image\">\n<div class=\"featured-image alignleft\"><a class=\"featured_post_link\" href=\"https:\/\/www.incorectpolitic.com\/viciul-matematic-elementar-v-m-e-2\/\" title=\"Viciul Matematic Elementar (V.M.E.)\"><img loading=\"lazy\" decoding=\"async\" width=\"150\" height=\"150\" src=\"https:\/\/www.incorectpolitic.com\/wp-content\/uploads\/2017\/12\/tell-lie-vision-150x150.jpg\" class=\"attachment-thumbnail size-thumbnail wp-post-image lazyload\" alt><img loading=\"lazy\" decoding=\"async\" width=\"150\" height=\"150\" src=\"https:\/\/www.incorectpolitic.com\/wp-content\/uploads\/2017\/12\/tell-lie-vision-150x150.jpg\" class=\"attachment-thumbnail size-thumbnail wp-post-image\" alt data-eio=\"l\"><\/a><\/div>\n<div class=\"entry-title\"><a class=\"featured_post_link\" href=\"https:\/\/www.incorectpolitic.com\/viciul-matematic-elementar-v-m-e-2\/\" title=\"Viciul Matematic Elementar (V.M.E.)\">Viciul Matematic Elementar (V.M.E.)<\/a><\/div>\n<\/article>\n<p>[analyse_source url=&#8221;https:\/\/www.incorectpolitic.com\/calugarii-spanioli-si-piata-libera-ce-uita-libertarienii-sa-ne-spuna-despre-scoala-de-la-salamanca\/&#8221;]<\/p>\n","protected":false},"excerpt":{"rendered":"<p>[analyse_image type=&#8221;featured&#8221; src=&#8221;https:\/\/www.incorectpolitic.com\/wp-content\/uploads\/2026\/08\/loibertarien.jpg&#8221;] Prof. Octavian DimarescuIncorect Politic August 8, 2026 C\u0103lug\u0103rii spanioli \u0219i pia\u021ba liber\u0103: Ce \u201euit\u0103\u201d libertarienii s\u0103 ne spun\u0103 despre \u0218coala de la Salamanca Exist\u0103 o fascina\u021bie din ce \u00een ce mai greu de ignorat \u00een zilele noastre pentru libertarianism, mai ales \u00een r\u00e2ndul unor oameni care se declar\u0103 cre\u0219tini \u0219i care \u00eencearc\u0103, [&hellip;]<\/p>\n","protected":false},"author":1,"featured_media":0,"comment_status":"open","ping_status":"","sticky":false,"template":"","format":"standard","meta":{"footnotes":""},"categories":[89],"tags":[226,95],"class_list":["post-2083695","post","type-post","status-publish","format-standard","hentry","category-romania","tag-crawlmanager","tag-incorectpolitic-com"],"_links":{"self":[{"href":"https:\/\/analyse.optim.biz\/index.php?rest_route=\/wp\/v2\/posts\/2083695","targetHints":{"allow":["GET"]}}],"collection":[{"href":"https:\/\/analyse.optim.biz\/index.php?rest_route=\/wp\/v2\/posts"}],"about":[{"href":"https:\/\/analyse.optim.biz\/index.php?rest_route=\/wp\/v2\/types\/post"}],"author":[{"embeddable":true,"href":"https:\/\/analyse.optim.biz\/index.php?rest_route=\/wp\/v2\/users\/1"}],"replies":[{"embeddable":true,"href":"https:\/\/analyse.optim.biz\/index.php?rest_route=%2Fwp%2Fv2%2Fcomments&post=2083695"}],"version-history":[{"count":0,"href":"https:\/\/analyse.optim.biz\/index.php?rest_route=\/wp\/v2\/posts\/2083695\/revisions"}],"wp:attachment":[{"href":"https:\/\/analyse.optim.biz\/index.php?rest_route=%2Fwp%2Fv2%2Fmedia&parent=2083695"}],"wp:term":[{"taxonomy":"category","embeddable":true,"href":"https:\/\/analyse.optim.biz\/index.php?rest_route=%2Fwp%2Fv2%2Fcategories&post=2083695"},{"taxonomy":"post_tag","embeddable":true,"href":"https:\/\/analyse.optim.biz\/index.php?rest_route=%2Fwp%2Fv2%2Ftags&post=2083695"}],"curies":[{"name":"wp","href":"https:\/\/api.w.org\/{rel}","templated":true}]}}