{"id":2083563,"date":"2026-07-31T13:29:00","date_gmt":"2026-07-31T10:29:00","guid":{"rendered":"https:\/\/analyse.optim.biz\/?p=2083563"},"modified":"2026-07-31T13:29:00","modified_gmt":"2026-07-31T10:29:00","slug":"arestat-dupa-ce-si-a-terorizat-tatal-un-individ-din-vatra-moldovitei-a-ignorat-ordinul-de-restrictie-si-a-ajuns-dupa-gratii","status":"publish","type":"post","link":"https:\/\/analyse.optim.biz\/?p=2083563","title":{"rendered":"Arestat dup\u0103 ce \u0219i-a terorizat tat\u0103l! Un individ din Vatra Moldovi\u021bei a ignorat ordinul de restric\u021bie \u0219i a ajuns dup\u0103 gratii"},"content":{"rendered":"<p>[analyse_image type=&#8221;featured&#8221; src=&#8221;https:\/\/blogger.googleusercontent.com\/img\/b\/R29vZ2xl\/AVvXsEjrX7-zhKmLRVSAIHD8-_U_7s0I3xiUWNtQVzyIMiSf-EDT-hzIJb8EIp0u3VgYoywSqSjRpGQjzeo1UyWJp0d3njg2n3xh8pl3d-dSOQqS6CbbdAoMiMBrz49ugXfnLBTrtM0l1BHkJw61JDxs76egYS-ryg89lt3Jtlp0pykRJLb2BuqHFPpozhdkC7Q\/w1600\/incatusat.jpg&#8221;]<\/p>\n<div class=\"post-body entry-content\" id=\"post-body\">\n<div class=\"separator\"><a href=\"https:\/\/blogger.googleusercontent.com\/img\/b\/R29vZ2xl\/AVvXsEjrX7-zhKmLRVSAIHD8-_U_7s0I3xiUWNtQVzyIMiSf-EDT-hzIJb8EIp0u3VgYoywSqSjRpGQjzeo1UyWJp0d3njg2n3xh8pl3d-dSOQqS6CbbdAoMiMBrz49ugXfnLBTrtM0l1BHkJw61JDxs76egYS-ryg89lt3Jtlp0pykRJLb2BuqHFPpozhdkC7Q\/s1200\/incatusat.jpg\"><img decoding=\"async\" alt=\"Arestat dup\u0103 ce \u0219i-a terorizat tat\u0103l! Un individ din Vatra Moldovi\u021bei a ignorat ordinul de restric\u021bie \u0219i a ajuns dup\u0103 gratii\" border=\"0\" height=\"335\" loading=\"lazy\" src=\"https:\/\/blogger.googleusercontent.com\/img\/b\/R29vZ2xl\/AVvXsEjrX7-zhKmLRVSAIHD8-_U_7s0I3xiUWNtQVzyIMiSf-EDT-hzIJb8EIp0u3VgYoywSqSjRpGQjzeo1UyWJp0d3njg2n3xh8pl3d-dSOQqS6CbbdAoMiMBrz49ugXfnLBTrtM0l1BHkJw61JDxs76egYS-ryg89lt3Jtlp0pykRJLb2BuqHFPpozhdkC7Q\/w640-h335-rw\/incatusat.jpg\" title=\"Arestat dup\u0103 ce \u0219i-a terorizat tat\u0103l! Un individ din Vatra Moldovi\u021bei a ignorat ordinul de restric\u021bie \u0219i a ajuns dup\u0103 gratii\" width=\"640\"><\/a><\/div>\n<p><strong>Un ordin de protec\u021bie emis de autorit\u0103\u021bi s-a dovedit a fi doar o bucat\u0103 de h\u00e2rtie pentru un t\u00e2n\u0103r de 31 de ani din Vatra Moldovi\u021bei. Individul a sfidat legea \u0219i interdic\u021biile clare impuse de poli\u021bi\u0219ti, aleg\u00e2nd s\u0103 mearg\u0103 la locuin\u021ba tat\u0103lui s\u0103u, de\u0219i prezen\u021ba sa acolo era strict interzis\u0103. Tupeul b\u0103rbatului nu s-a oprit aici, acesta agres\u00e2nd verbal un func\u021bionar public aflat \u00een control, gest care l-a trimis direct \u00een spatele gratiilor.<\/strong><\/p>\n<p>Incidentul revolt\u0103tor s-a petrecut joi, 30 iulie 2026, \u0219i a fost scos la iveal\u0103 \u00een jurul orei 13:30, nu de c\u0103tre victim\u0103, ci de c\u0103tre un reprezentant al autorit\u0103\u021bilor locale. Lucr\u0103torii din cadrul Sec\u021biei 14 Poli\u021bie Rural\u0103 Vama au fost sesiza\u021bi de urgen\u021b\u0103 de un lucr\u0103tor al compartimentului de asisten\u021b\u0103 social\u0103 din cadrul Prim\u0103riei Vatra Moldovi\u021bei.<\/p>\n<h2>Prins \u00een flagrant de asistentul social \u0219i luat pe sus de poli\u021bi\u0219ti<\/h2>\n<p>\u00cen timp ce efectua verific\u0103ri de rutin\u0103 la domiciliul unui b\u0103rbat din satul Vatra Moldovi\u021bei, asistentul social a avut parte de o surpriz\u0103 nepl\u0103cut\u0103. La adres\u0103 se afla fiul acestuia, Teodor N., \u00een v\u00e2rst\u0103 de 31 de ani. Prezen\u021ba t\u00e2n\u0103rului acolo era total ilegal\u0103, \u00eentruc\u00e2t \u00eempotriva sa fusese emis un ordin de protec\u021bie provizoriu care \u00eel obliga s\u0103 p\u0103streze o distan\u021b\u0103 de minimum 150 de metri fa\u021b\u0103 de tat\u0103l s\u0103u \u0219i de locuin\u021ba acestuia.<\/p>\n<p>\u00cen loc s\u0103 p\u0103r\u0103seasc\u0103 perimetrul, agresorul a adoptat o atitudine ostil\u0103. \u00cen momentul \u00een care asistentul social l-a \u00eentrebat ce caut\u0103 la acea adres\u0103, b\u0103rbatul a reac\u021bionat agresiv, adres\u00e2ndu-i cuvinte \u0219i expresii jignitoare.<\/p>\n<h3>Re\u021binut pentru 24 de ore \u0219i propus pentru control judiciar<\/h3>\n<p>Av\u00e2nd \u00een vedere gravitatea situa\u021biei, echipajele Sec\u021biei de Poli\u021bie Rural\u0103 Vama s-au deplasat imediat la fa\u021ba locului, confirm\u00e2nd aspectele sesizate. T\u00e2n\u0103rul a fost legitimat \u0219i ridicat de poli\u021bi\u0219ti, fiind condus la sediul Postului de Poli\u021bie Vama pentru audieri.<\/p>\n<p>Oamenii legii s-au sesizat din oficiu \u0219i au \u00eentocmit un dosar penal pentru s\u0103v\u00e2r\u0219irea infrac\u021biunii de \u201e\u00eenc\u0103lcare de persoana \u00eempotriva c\u0103reia a fost emis ordinul de protec\u021bie provizoriu a oric\u0103rei dintre m\u0103surile prev\u0103zute la art. 31 alin. 1 \u0219i dispuse prin ordinul de protec\u021bie\u201d, fapt\u0103 strict sanc\u021bionat\u0103 de Legea 217\/2003 pentru prevenirea \u0219i combaterea violen\u021bei domestice.<\/p>\n<p>\u00cen aceea\u0219i zi, anchetatorii au dispus continuarea urm\u0103ririi penale fa\u021b\u0103 de suspect. Dup\u0103 ce i s-a adus la cuno\u0219tin\u021b\u0103 calitatea procesual\u0103, \u00een prezen\u021ba unui avocat din oficiu, poli\u021bi\u0219tii au emis o ordonan\u021b\u0103 de re\u021binere pentru 24 de ore.<\/p>\n<p>Luni, 3 august 2026, individul urmeaz\u0103 s\u0103 fie prezentat \u00een fa\u021ba procurorilor din cadrul Parchetului de pe l\u00e2ng\u0103 Judec\u0103toria C\u00e2mpulung Moldovenesc, cu propunerea de instituire a m\u0103surii controlului judiciar pentru o perioad\u0103 de 60 de zile. Ancheta este continuat\u0103 de lucr\u0103torii Postului de Poli\u021bie Vatra Moldovi\u021bei.<\/p>\n<\/div>\n<div class=\"post-body entry-content\" id=\"post-body\">\n<div class=\"separator\"><a href=\"https:\/\/blogger.googleusercontent.com\/img\/b\/R29vZ2xl\/AVvXsEjrX7-zhKmLRVSAIHD8-_U_7s0I3xiUWNtQVzyIMiSf-EDT-hzIJb8EIp0u3VgYoywSqSjRpGQjzeo1UyWJp0d3njg2n3xh8pl3d-dSOQqS6CbbdAoMiMBrz49ugXfnLBTrtM0l1BHkJw61JDxs76egYS-ryg89lt3Jtlp0pykRJLb2BuqHFPpozhdkC7Q\/s1200\/incatusat.jpg\"><img decoding=\"async\" alt=\"Arestat dup\u0103 ce \u0219i-a terorizat tat\u0103l! Un individ din Vatra Moldovi\u021bei a ignorat ordinul de restric\u021bie \u0219i a ajuns dup\u0103 gratii\" border=\"0\" height=\"335\" loading=\"lazy\" src=\"https:\/\/blogger.googleusercontent.com\/img\/b\/R29vZ2xl\/AVvXsEjrX7-zhKmLRVSAIHD8-_U_7s0I3xiUWNtQVzyIMiSf-EDT-hzIJb8EIp0u3VgYoywSqSjRpGQjzeo1UyWJp0d3njg2n3xh8pl3d-dSOQqS6CbbdAoMiMBrz49ugXfnLBTrtM0l1BHkJw61JDxs76egYS-ryg89lt3Jtlp0pykRJLb2BuqHFPpozhdkC7Q\/w640-h335-rw\/incatusat.jpg\" title=\"Arestat dup\u0103 ce \u0219i-a terorizat tat\u0103l! Un individ din Vatra Moldovi\u021bei a ignorat ordinul de restric\u021bie \u0219i a ajuns dup\u0103 gratii\" width=\"640\"><\/a><\/div>\n<p><strong>Un ordin de protec\u021bie emis de autorit\u0103\u021bi s-a dovedit a fi doar o bucat\u0103 de h\u00e2rtie pentru un t\u00e2n\u0103r de 31 de ani din Vatra Moldovi\u021bei. Individul a sfidat legea \u0219i interdic\u021biile clare impuse de poli\u021bi\u0219ti, aleg\u00e2nd s\u0103 mearg\u0103 la locuin\u021ba tat\u0103lui s\u0103u, de\u0219i prezen\u021ba sa acolo era strict interzis\u0103. Tupeul b\u0103rbatului nu s-a oprit aici, acesta agres\u00e2nd verbal un func\u021bionar public aflat \u00een control, gest care l-a trimis direct \u00een spatele gratiilor.<\/strong><\/p>\n<p>Incidentul revolt\u0103tor s-a petrecut joi, 30 iulie 2026, \u0219i a fost scos la iveal\u0103 \u00een jurul orei 13:30, nu de c\u0103tre victim\u0103, ci de c\u0103tre un reprezentant al autorit\u0103\u021bilor locale. Lucr\u0103torii din cadrul Sec\u021biei 14 Poli\u021bie Rural\u0103 Vama au fost sesiza\u021bi de urgen\u021b\u0103 de un lucr\u0103tor al compartimentului de asisten\u021b\u0103 social\u0103 din cadrul Prim\u0103riei Vatra Moldovi\u021bei.<\/p>\n<h2>Prins \u00een flagrant de asistentul social \u0219i luat pe sus de poli\u021bi\u0219ti<\/h2>\n<p>\u00cen timp ce efectua verific\u0103ri de rutin\u0103 la domiciliul unui b\u0103rbat din satul Vatra Moldovi\u021bei, asistentul social a avut parte de o surpriz\u0103 nepl\u0103cut\u0103. La adres\u0103 se afla fiul acestuia, Teodor N., \u00een v\u00e2rst\u0103 de 31 de ani. Prezen\u021ba t\u00e2n\u0103rului acolo era total ilegal\u0103, \u00eentruc\u00e2t \u00eempotriva sa fusese emis un ordin de protec\u021bie provizoriu care \u00eel obliga s\u0103 p\u0103streze o distan\u021b\u0103 de minimum 150 de metri fa\u021b\u0103 de tat\u0103l s\u0103u \u0219i de locuin\u021ba acestuia.<\/p>\n<p>\u00cen loc s\u0103 p\u0103r\u0103seasc\u0103 perimetrul, agresorul a adoptat o atitudine ostil\u0103. \u00cen momentul \u00een care asistentul social l-a \u00eentrebat ce caut\u0103 la acea adres\u0103, b\u0103rbatul a reac\u021bionat agresiv, adres\u00e2ndu-i cuvinte \u0219i expresii jignitoare.<\/p>\n<h3>Re\u021binut pentru 24 de ore \u0219i propus pentru control judiciar<\/h3>\n<p>Av\u00e2nd \u00een vedere gravitatea situa\u021biei, echipajele Sec\u021biei de Poli\u021bie Rural\u0103 Vama s-au deplasat imediat la fa\u021ba locului, confirm\u00e2nd aspectele sesizate. T\u00e2n\u0103rul a fost legitimat \u0219i ridicat de poli\u021bi\u0219ti, fiind condus la sediul Postului de Poli\u021bie Vama pentru audieri.<\/p>\n<p>Oamenii legii s-au sesizat din oficiu \u0219i au \u00eentocmit un dosar penal pentru s\u0103v\u00e2r\u0219irea infrac\u021biunii de \u201e\u00eenc\u0103lcare de persoana \u00eempotriva c\u0103reia a fost emis ordinul de protec\u021bie provizoriu a oric\u0103rei dintre m\u0103surile prev\u0103zute la art. 31 alin. 1 \u0219i dispuse prin ordinul de protec\u021bie\u201d, fapt\u0103 strict sanc\u021bionat\u0103 de Legea 217\/2003 pentru prevenirea \u0219i combaterea violen\u021bei domestice.<\/p>\n<p>\u00cen aceea\u0219i zi, anchetatorii au dispus continuarea urm\u0103ririi penale fa\u021b\u0103 de suspect. Dup\u0103 ce i s-a adus la cuno\u0219tin\u021b\u0103 calitatea procesual\u0103, \u00een prezen\u021ba unui avocat din oficiu, poli\u021bi\u0219tii au emis o ordonan\u021b\u0103 de re\u021binere pentru 24 de ore.<\/p>\n<p>Luni, 3 august 2026, individul urmeaz\u0103 s\u0103 fie prezentat \u00een fa\u021ba procurorilor din cadrul Parchetului de pe l\u00e2ng\u0103 Judec\u0103toria C\u00e2mpulung Moldovenesc, cu propunerea de instituire a m\u0103surii controlului judiciar pentru o perioad\u0103 de 60 de zile. Ancheta este continuat\u0103 de lucr\u0103torii Postului de Poli\u021bie Vatra Moldovi\u021bei.<\/p>\n<\/div>\n<p>[analyse_source url=&#8221;https:\/\/www.stirisuceava.net\/2026\/07\/arestat-dupa-ce-si-terorizat-tatal-un.html&#8221;]<\/p>\n","protected":false},"excerpt":{"rendered":"<p>[analyse_image type=&#8221;featured&#8221; src=&#8221;https:\/\/blogger.googleusercontent.com\/img\/b\/R29vZ2xl\/AVvXsEjrX7-zhKmLRVSAIHD8-_U_7s0I3xiUWNtQVzyIMiSf-EDT-hzIJb8EIp0u3VgYoywSqSjRpGQjzeo1UyWJp0d3njg2n3xh8pl3d-dSOQqS6CbbdAoMiMBrz49ugXfnLBTrtM0l1BHkJw61JDxs76egYS-ryg89lt3Jtlp0pykRJLb2BuqHFPpozhdkC7Q\/w1600\/incatusat.jpg&#8221;] Un ordin de protec\u021bie emis de autorit\u0103\u021bi s-a dovedit a fi doar o bucat\u0103 de h\u00e2rtie pentru un t\u00e2n\u0103r de 31 de ani din Vatra Moldovi\u021bei. Individul a sfidat legea \u0219i interdic\u021biile clare impuse de poli\u021bi\u0219ti, aleg\u00e2nd s\u0103 mearg\u0103 la locuin\u021ba tat\u0103lui s\u0103u, de\u0219i prezen\u021ba sa acolo era strict interzis\u0103. Tupeul b\u0103rbatului [&hellip;]<\/p>\n","protected":false},"author":1,"featured_media":0,"comment_status":"open","ping_status":"","sticky":false,"template":"","format":"standard","meta":{"footnotes":""},"categories":[89],"tags":[226,172],"class_list":["post-2083563","post","type-post","status-publish","format-standard","hentry","category-romania","tag-crawlmanager","tag-stirisuceava-net"],"_links":{"self":[{"href":"https:\/\/analyse.optim.biz\/index.php?rest_route=\/wp\/v2\/posts\/2083563","targetHints":{"allow":["GET"]}}],"collection":[{"href":"https:\/\/analyse.optim.biz\/index.php?rest_route=\/wp\/v2\/posts"}],"about":[{"href":"https:\/\/analyse.optim.biz\/index.php?rest_route=\/wp\/v2\/types\/post"}],"author":[{"embeddable":true,"href":"https:\/\/analyse.optim.biz\/index.php?rest_route=\/wp\/v2\/users\/1"}],"replies":[{"embeddable":true,"href":"https:\/\/analyse.optim.biz\/index.php?rest_route=%2Fwp%2Fv2%2Fcomments&post=2083563"}],"version-history":[{"count":0,"href":"https:\/\/analyse.optim.biz\/index.php?rest_route=\/wp\/v2\/posts\/2083563\/revisions"}],"wp:attachment":[{"href":"https:\/\/analyse.optim.biz\/index.php?rest_route=%2Fwp%2Fv2%2Fmedia&parent=2083563"}],"wp:term":[{"taxonomy":"category","embeddable":true,"href":"https:\/\/analyse.optim.biz\/index.php?rest_route=%2Fwp%2Fv2%2Fcategories&post=2083563"},{"taxonomy":"post_tag","embeddable":true,"href":"https:\/\/analyse.optim.biz\/index.php?rest_route=%2Fwp%2Fv2%2Ftags&post=2083563"}],"curies":[{"name":"wp","href":"https:\/\/api.w.org\/{rel}","templated":true}]}}