{"id":2083558,"date":"2026-08-08T04:46:33","date_gmt":"2026-08-08T01:46:33","guid":{"rendered":"https:\/\/analyse.optim.biz\/?p=2083558"},"modified":"2026-08-08T04:46:33","modified_gmt":"2026-08-08T01:46:33","slug":"perchezitii-ale-parchetului-general-in-carlibaba-si-maramures-intr-un-dosar-de-nerespectare-a-regimului-armelor-si-contrabanda","status":"publish","type":"post","link":"https:\/\/analyse.optim.biz\/?p=2083558","title":{"rendered":"Perchezi\u021bii ale Parchetului General \u00een C\u00e2rlibaba \u0219i Maramure\u0219 \u00eentr-un dosar de nerespectare a regimului armelor \u0219i contraband\u0103"},"content":{"rendered":"<p>[analyse_image type=&#8221;featured&#8221; src=&#8221;https:\/\/www.newsbucovina.ro\/wp-content\/uploads\/2025\/06\/perchezitii.pnghttps:\/\/cdn.newsbucovina.ro\/wp-content\/uploads\/2025\/06\/perchezitii.png&#8221;]<\/p>\n<div class=\"td-post-content tagdiv-type\">\n<div class=\"td-a-rec td-a-rec-id-content_top  tdi_3 td_block_template_1\"><strong>Intr\u0103 acum \u0219i \u00een grupul de <\/p>\n<div class=\"wp-block-button\"><a class=\"wp-block-button__link wp-element-button\" href=\"https:\/\/t.me\/+TH8wcfnp8fw5NWI0\">Telegram News Bucovina<\/a><\/div>\n<p><\/strong><\/div>\n<p class=\"wp-block-paragraph\">Procurorii Parchetului de pe l\u00e2ng\u0103 \u00cenalta Curte de Casa\u021bie \u0219i Justi\u021bie, \u00eempreun\u0103 cu poli\u021bi\u0219ti din structurile de specialitate ale Poli\u021biei Rom\u00e2ne \u0219i jandarmi, au derulat, \u00een perioada 30 iulie \u2013 6 august 2026, o ampl\u0103 ac\u021biune de urm\u0103rire penal\u0103 \u00eentr-un dosar privind nerespectarea regimului armelor \u0219i muni\u021biilor, precum \u0219i infrac\u021biuni conexe, inclusiv contraband\u0103 calificat\u0103. \u00cen total, au fost puse \u00een executare 18 mandate de perchezi\u021bie domiciliar\u0103 pe raza localit\u0103\u021bilor C\u00e2rlibaba (jude\u021bul Suceava), Bor\u0219a \u0219i Vi\u0219eu de Sus (jude\u021bul Maramure\u0219).<\/p>\n<figure class=\"wp-block-image size-large\"><a href=\"https:\/\/cdn.newsbucovina.ro\/wp-content\/uploads\/2025\/06\/perchezitii-1.png\"><img loading=\"lazy\" decoding=\"async\" width=\"1024\" height=\"461\" src=\"https:\/\/cdn.newsbucovina.ro\/wp-content\/uploads\/2025\/06\/perchezitii-1-1024x461.png\" alt class=\"wp-image-412331\"><\/a><\/figure>\n<p class=\"wp-block-paragraph\">Prima etap\u0103 a avut loc pe 30 iulie 2026, c\u00e2nd, sub coordonarea unui procuror de la Parchetul de pe l\u00e2ng\u0103 \u00cenalta Curte de Casa\u021bie \u0219i Justi\u021bie, poli\u021bi\u0219tii Serviciului Arme, Explozivi \u0219i Substan\u021be Periculoase, sprijini\u021bi de colegi din structurile de Ac\u021biuni Speciale, Criminalistic \u0219i Ordine Public\u0103, au executat patru mandate de perchezi\u021bie pe raza jude\u021bului Suceava. Cu aceast\u0103 ocazie au fost identificate \u0219i indisponibilizate o arm\u0103 de v\u00e2n\u0103toare tip carabin\u0103, de\u021binut\u0103 ilegal, 17 cartu\u0219e letale, 41 de trofee de v\u00e2nat \u0219i 65 de coarne nepereche provenite de la exemplare din familia cervidelor \u0219i c\u0103priorului.<\/p>\n<p class=\"wp-block-paragraph\">Cercet\u0103rile au continuat pe 3 august 2026, c\u00e2nd au fost puse \u00een executare \u0219ase mandate de perchezi\u021bie domiciliar\u0103 pe raza localit\u0103\u021bii Bor\u0219a, jude\u021bul Maramure\u0219. La ac\u021biune au participat poli\u021bi\u0219ti din Serviciul Arme, Explozivi \u0219i Substan\u021be Periculoase, Serviciul pentru Ac\u021biuni Speciale, Serviciul Criminalistic, Serviciul de Investiga\u021bii Criminale, Serviciul de Investigare a Criminalit\u0103\u021bii Economice, precum \u0219i poli\u021bi\u0219ti din Poli\u021bia Ora\u0219ului Vi\u0219eu de Sus \u0219i Poli\u021bia Ora\u0219ului Dragomire\u0219ti, al\u0103turi de jandarmi din Inspectoratul de Jandarmi Jude\u021bean Maramure\u0219. Au fost ridicate 9 cartu\u0219e letale, peste 6.000 de \u021bigarete f\u0103r\u0103 marcaje fiscale, 7 trofee din specia cervide \u0219i alte bunuri utile cauzei.<\/p>\n<p class=\"wp-block-paragraph\">Pe 5 august 2026, tot sub coordonarea aceluia\u0219i parchet, poli\u021bi\u0219ti din Inspectoratul de Poli\u021bie Jude\u021bean Maramure\u0219 \u2013 Serviciul de Investiga\u021bii Criminale \u0219i Serviciul Criminalistic, \u00eempreun\u0103 cu jandarmi, au executat trei mandate de perchezi\u021bie \u00een localitatea Vi\u0219eu de Sus.<\/p>\n<p class=\"wp-block-paragraph\">Ultima serie de perchezi\u021bii a avut loc pe 6 august 2026, c\u00e2nd au fost puse \u00een executare \u00eenc\u0103 patru mandate de c\u0103tre lucr\u0103tori din Serviciul de Investiga\u021bii Criminale, Serviciul Arme, Explozivi \u0219i Substan\u021be Periculoase \u0219i Serviciul Criminalistic din cadrul IPJ Maramure\u0219, sprijini\u021bi de jandarmi. Au fost identificate \u0219i ridicate materiale pirotehnice interzise la de\u021binere: 93 de buc\u0103\u021bi emi\u021b\u0103toare de sunet FS3 (categoria P1), un articol pirotehnic din categoria F4 \u0219i dou\u0103 candele romane din categoria F2, al\u0103turi de alte probe.<\/p>\n<p class=\"wp-block-paragraph\">\u00cen cadrul acestor activit\u0103\u021bi, mai multe persoane au fost conduse la sediul organelor de urm\u0103rire penal\u0103. Fa\u021b\u0103 de una dintre ele a fost dispus\u0103 m\u0103sura re\u021binerii pentru 24 de ore. Ulterior, pe 7 august 2026, procurorul a dispus controlul judiciar pentru o perioad\u0103 de 60 de zile.<\/p>\n<p class=\"wp-block-paragraph\">Cercet\u0103rile continu\u0103 pentru stabilirea \u00eentregii activit\u0103\u021bi infrac\u021bionale \u0219i a tuturor persoanelor implicate.<\/p>\n<div class=\"td-a-rec td-a-rec-id-content_bottom  tdi_4 td_block_template_1\"><strong>Intr\u0103 acum \u0219i \u00een grupul de <\/p>\n<div class=\"wp-block-button\"><a class=\"wp-block-button__link wp-element-button\" href=\"https:\/\/t.me\/+TH8wcfnp8fw5NWI0\">Telegram News Bucovina<\/a><\/div>\n<p><\/strong><\/div>\n<\/div>\n<div class=\"td-post-content tagdiv-type\">\n<div class=\"td-a-rec td-a-rec-id-content_top  tdi_3 td_block_template_1\"><strong>Intr\u0103 acum \u0219i \u00een grupul de <\/p>\n<div class=\"wp-block-button\"><a class=\"wp-block-button__link wp-element-button\" href=\"https:\/\/t.me\/+TH8wcfnp8fw5NWI0\">Telegram News Bucovina<\/a><\/div>\n<p><\/strong><\/div>\n<p class=\"wp-block-paragraph\">Procurorii Parchetului de pe l\u00e2ng\u0103 \u00cenalta Curte de Casa\u021bie \u0219i Justi\u021bie, \u00eempreun\u0103 cu poli\u021bi\u0219ti din structurile de specialitate ale Poli\u021biei Rom\u00e2ne \u0219i jandarmi, au derulat, \u00een perioada 30 iulie \u2013 6 august 2026, o ampl\u0103 ac\u021biune de urm\u0103rire penal\u0103 \u00eentr-un dosar privind nerespectarea regimului armelor \u0219i muni\u021biilor, precum \u0219i infrac\u021biuni conexe, inclusiv contraband\u0103 calificat\u0103. \u00cen total, au fost puse \u00een executare 18 mandate de perchezi\u021bie domiciliar\u0103 pe raza localit\u0103\u021bilor C\u00e2rlibaba (jude\u021bul Suceava), Bor\u0219a \u0219i Vi\u0219eu de Sus (jude\u021bul Maramure\u0219).<\/p>\n<figure class=\"wp-block-image size-large\"><a href=\"https:\/\/cdn.newsbucovina.ro\/wp-content\/uploads\/2025\/06\/perchezitii-1.png\"><img loading=\"lazy\" decoding=\"async\" width=\"1024\" height=\"461\" src=\"https:\/\/cdn.newsbucovina.ro\/wp-content\/uploads\/2025\/06\/perchezitii-1-1024x461.png\" alt class=\"wp-image-412331\"><\/a><\/figure>\n<p class=\"wp-block-paragraph\">Prima etap\u0103 a avut loc pe 30 iulie 2026, c\u00e2nd, sub coordonarea unui procuror de la Parchetul de pe l\u00e2ng\u0103 \u00cenalta Curte de Casa\u021bie \u0219i Justi\u021bie, poli\u021bi\u0219tii Serviciului Arme, Explozivi \u0219i Substan\u021be Periculoase, sprijini\u021bi de colegi din structurile de Ac\u021biuni Speciale, Criminalistic \u0219i Ordine Public\u0103, au executat patru mandate de perchezi\u021bie pe raza jude\u021bului Suceava. Cu aceast\u0103 ocazie au fost identificate \u0219i indisponibilizate o arm\u0103 de v\u00e2n\u0103toare tip carabin\u0103, de\u021binut\u0103 ilegal, 17 cartu\u0219e letale, 41 de trofee de v\u00e2nat \u0219i 65 de coarne nepereche provenite de la exemplare din familia cervidelor \u0219i c\u0103priorului.<\/p>\n<p class=\"wp-block-paragraph\">Cercet\u0103rile au continuat pe 3 august 2026, c\u00e2nd au fost puse \u00een executare \u0219ase mandate de perchezi\u021bie domiciliar\u0103 pe raza localit\u0103\u021bii Bor\u0219a, jude\u021bul Maramure\u0219. La ac\u021biune au participat poli\u021bi\u0219ti din Serviciul Arme, Explozivi \u0219i Substan\u021be Periculoase, Serviciul pentru Ac\u021biuni Speciale, Serviciul Criminalistic, Serviciul de Investiga\u021bii Criminale, Serviciul de Investigare a Criminalit\u0103\u021bii Economice, precum \u0219i poli\u021bi\u0219ti din Poli\u021bia Ora\u0219ului Vi\u0219eu de Sus \u0219i Poli\u021bia Ora\u0219ului Dragomire\u0219ti, al\u0103turi de jandarmi din Inspectoratul de Jandarmi Jude\u021bean Maramure\u0219. Au fost ridicate 9 cartu\u0219e letale, peste 6.000 de \u021bigarete f\u0103r\u0103 marcaje fiscale, 7 trofee din specia cervide \u0219i alte bunuri utile cauzei.<\/p>\n<p class=\"wp-block-paragraph\">Pe 5 august 2026, tot sub coordonarea aceluia\u0219i parchet, poli\u021bi\u0219ti din Inspectoratul de Poli\u021bie Jude\u021bean Maramure\u0219 \u2013 Serviciul de Investiga\u021bii Criminale \u0219i Serviciul Criminalistic, \u00eempreun\u0103 cu jandarmi, au executat trei mandate de perchezi\u021bie \u00een localitatea Vi\u0219eu de Sus.<\/p>\n<p class=\"wp-block-paragraph\">Ultima serie de perchezi\u021bii a avut loc pe 6 august 2026, c\u00e2nd au fost puse \u00een executare \u00eenc\u0103 patru mandate de c\u0103tre lucr\u0103tori din Serviciul de Investiga\u021bii Criminale, Serviciul Arme, Explozivi \u0219i Substan\u021be Periculoase \u0219i Serviciul Criminalistic din cadrul IPJ Maramure\u0219, sprijini\u021bi de jandarmi. Au fost identificate \u0219i ridicate materiale pirotehnice interzise la de\u021binere: 93 de buc\u0103\u021bi emi\u021b\u0103toare de sunet FS3 (categoria P1), un articol pirotehnic din categoria F4 \u0219i dou\u0103 candele romane din categoria F2, al\u0103turi de alte probe.<\/p>\n<p class=\"wp-block-paragraph\">\u00cen cadrul acestor activit\u0103\u021bi, mai multe persoane au fost conduse la sediul organelor de urm\u0103rire penal\u0103. Fa\u021b\u0103 de una dintre ele a fost dispus\u0103 m\u0103sura re\u021binerii pentru 24 de ore. Ulterior, pe 7 august 2026, procurorul a dispus controlul judiciar pentru o perioad\u0103 de 60 de zile.<\/p>\n<p class=\"wp-block-paragraph\">Cercet\u0103rile continu\u0103 pentru stabilirea \u00eentregii activit\u0103\u021bi infrac\u021bionale \u0219i a tuturor persoanelor implicate.<\/p>\n<div class=\"td-a-rec td-a-rec-id-content_bottom  tdi_4 td_block_template_1\"><strong>Intr\u0103 acum \u0219i \u00een grupul de <\/p>\n<div class=\"wp-block-button\"><a class=\"wp-block-button__link wp-element-button\" href=\"https:\/\/t.me\/+TH8wcfnp8fw5NWI0\">Telegram News Bucovina<\/a><\/div>\n<p><\/strong><\/div>\n<\/div>\n<p>[analyse_source url=&#8221;https:\/\/www.newsbucovina.ro\/actualitate\/445924\/perchezitii-ale-parchetului-general-in-carlibaba-si-maramures-intr-un-dosar-de-nerespectare-a-regimului-armelor-si-contrabanda&#8221;]<\/p>\n","protected":false},"excerpt":{"rendered":"<p>[analyse_image type=&#8221;featured&#8221; src=&#8221;https:\/\/www.newsbucovina.ro\/wp-content\/uploads\/2025\/06\/perchezitii.pnghttps:\/\/cdn.newsbucovina.ro\/wp-content\/uploads\/2025\/06\/perchezitii.png&#8221;] Intr\u0103 acum \u0219i \u00een grupul de Telegram News Bucovina Procurorii Parchetului de pe l\u00e2ng\u0103 \u00cenalta Curte de Casa\u021bie \u0219i Justi\u021bie, \u00eempreun\u0103 cu poli\u021bi\u0219ti din structurile de specialitate ale Poli\u021biei Rom\u00e2ne \u0219i jandarmi, au derulat, \u00een perioada 30 iulie \u2013 6 august 2026, o ampl\u0103 ac\u021biune de urm\u0103rire penal\u0103 \u00eentr-un dosar privind nerespectarea [&hellip;]<\/p>\n","protected":false},"author":1,"featured_media":0,"comment_status":"open","ping_status":"","sticky":false,"template":"","format":"standard","meta":{"footnotes":""},"categories":[89],"tags":[226,165],"class_list":["post-2083558","post","type-post","status-publish","format-standard","hentry","category-romania","tag-crawlmanager","tag-newsbucovina-ro"],"_links":{"self":[{"href":"https:\/\/analyse.optim.biz\/index.php?rest_route=\/wp\/v2\/posts\/2083558","targetHints":{"allow":["GET"]}}],"collection":[{"href":"https:\/\/analyse.optim.biz\/index.php?rest_route=\/wp\/v2\/posts"}],"about":[{"href":"https:\/\/analyse.optim.biz\/index.php?rest_route=\/wp\/v2\/types\/post"}],"author":[{"embeddable":true,"href":"https:\/\/analyse.optim.biz\/index.php?rest_route=\/wp\/v2\/users\/1"}],"replies":[{"embeddable":true,"href":"https:\/\/analyse.optim.biz\/index.php?rest_route=%2Fwp%2Fv2%2Fcomments&post=2083558"}],"version-history":[{"count":0,"href":"https:\/\/analyse.optim.biz\/index.php?rest_route=\/wp\/v2\/posts\/2083558\/revisions"}],"wp:attachment":[{"href":"https:\/\/analyse.optim.biz\/index.php?rest_route=%2Fwp%2Fv2%2Fmedia&parent=2083558"}],"wp:term":[{"taxonomy":"category","embeddable":true,"href":"https:\/\/analyse.optim.biz\/index.php?rest_route=%2Fwp%2Fv2%2Fcategories&post=2083558"},{"taxonomy":"post_tag","embeddable":true,"href":"https:\/\/analyse.optim.biz\/index.php?rest_route=%2Fwp%2Fv2%2Ftags&post=2083558"}],"curies":[{"name":"wp","href":"https:\/\/api.w.org\/{rel}","templated":true}]}}