{"id":2083557,"date":"2026-08-06T10:53:38","date_gmt":"2026-08-06T07:53:38","guid":{"rendered":"https:\/\/analyse.optim.biz\/?p=2083557"},"modified":"2026-08-06T10:53:38","modified_gmt":"2026-08-06T07:53:38","slug":"hackathon-international-la-usv-cinci-idei-de-afaceri-pentru-provocarile-regionale-ale-europei","status":"publish","type":"post","link":"https:\/\/analyse.optim.biz\/?p=2083557","title":{"rendered":"Hackathon interna\u021bional la USV : Cinci idei de afaceri pentru provoc\u0103rile regionale ale Europei"},"content":{"rendered":"<p>[analyse_image type=&#8221;featured&#8221; src=&#8221;https:\/\/www.newsbucovina.ro\/wp-content\/uploads\/2026\/08\/DSC01392.jpghttps:\/\/cdn.newsbucovina.ro\/wp-content\/uploads\/2026\/08\/DSC01392.jpg&#8221;]<\/p>\n<div class=\"td-post-content tagdiv-type\">\n<div class=\"td-a-rec td-a-rec-id-content_top  tdi_3 td_block_template_1\"><strong>Intr\u0103 acum \u0219i \u00een grupul de <\/p>\n<div class=\"wp-block-button\"><a class=\"wp-block-button__link wp-element-button\" href=\"https:\/\/t.me\/+TH8wcfnp8fw5NWI0\">Telegram News Bucovina<\/a><\/div>\n<p><\/strong><\/div>\n<p class=\"wp-block-paragraph\">Universitatea \u201e\u0218tefan cel Mare\u201d din Suceava a g\u0103zduit, \u00een a doua parte a lunii iulie, NEOLAiA SUMMA MAST \u2013 Academia de Var\u0103 \u00een Antreprenoriat, un program intensiv organizat \u00een cadrul Alian\u021bei Universitare Europene NEOLAiA. Evenimentul a reunit masteranzi \u0219i cadre didactice din cele nou\u0103 universit\u0103\u021bi partenere.<\/p>\n<p class=\"wp-block-paragraph\">Pe parcursul unei s\u0103pt\u0103m\u00e2ni de activit\u0103\u021bi intensive, studen\u021bii au lucrat \u00een echipe interdisciplinare, utiliz\u00e2nd metodologii moderne de inovare \u0219i antreprenoriat participativ. Ace\u0219tia au identificat provoc\u0103ri reale ale regiunilor din care provin \u0219i au dezvoltat modele de afaceri capabile s\u0103 genereze valoare economic\u0103, social\u0103 \u0219i de mediu.<\/p>\n<figure class=\"wp-block-gallery has-nested-images columns-default is-cropped wp-block-gallery-1 is-layout-flex wp-block-gallery-is-layout-flex\">\n<figure class=\"wp-block-image size-large\"><a href=\"https:\/\/cdn.newsbucovina.ro\/wp-content\/uploads\/2026\/08\/20260714_121147.jpg\"><img loading=\"lazy\" decoding=\"async\" width=\"1024\" height=\"485\" data-id=\"445796\" src=\"https:\/\/cdn.newsbucovina.ro\/wp-content\/uploads\/2026\/08\/20260714_121147-1024x485.jpg\" alt class=\"wp-image-445796\"><\/a><\/figure>\n<figure class=\"wp-block-image size-large\"><a href=\"https:\/\/cdn.newsbucovina.ro\/wp-content\/uploads\/2026\/08\/DSC01392.jpg\"><img loading=\"lazy\" decoding=\"async\" width=\"1024\" height=\"515\" data-id=\"445795\" src=\"https:\/\/cdn.newsbucovina.ro\/wp-content\/uploads\/2026\/08\/DSC01392-1024x515.jpg\" alt class=\"wp-image-445795\"><\/a><\/figure>\n<\/figure>\n<p class=\"wp-block-paragraph\">Punctul culminant al \u0219colii de var\u0103 a fost competi\u021bia interna\u021bional\u0103 de antreprenoriat, \u00een cadrul c\u0103reia cele cinci echipe \u0219i-au prezentat planurile de afaceri \u00een fa\u021ba unor jurii alc\u0103tuite din profesori, mentori, antreprenori \u0219i parteneri regionali. Proiectele au abordat provoc\u0103ri majore ale Europei: incluziunea digital\u0103 \u00een s\u0103n\u0103tate, integrarea tinerilor pe pia\u021ba muncii, transformarea digital\u0103 a IMM-urilor, sprijinirea antreprenorilor debutan\u021bi \u0219i consolidarea competitivit\u0103\u021bii micilor produc\u0103tori agroalimentari.<\/p>\n<p class=\"wp-block-paragraph\">Premiul pentru cel mai bun plan de afaceri a fost acordat proiectului High Five 65, o \u00eentreprindere social\u0103 care propune o re\u021bea de \u201ecompanioni digitali\u201d pentru asisten\u021ba adul\u021bilor v\u00e2rstnici \u0219i a persoanelor excluse digital \u00een utilizarea serviciilor medicale online. Premiul pentru cea mai bun\u0103 idee de afaceri a mers c\u0103tre Talent Bridge Salerno, o platform\u0103 inteligent\u0103 de matching \u00eentre angajatori \u0219i absolven\u021bi, completat\u0103 de programe de dezvoltare a competen\u021belor. Premiul pentru impact regional a fost c\u00e2\u0219tigat de Agri-Grow Hub, un hub B2B care sprijin\u0103 micii produc\u0103tori agroalimentari din mediul rural.<\/p>\n<p class=\"wp-block-paragraph\">Premiul publicului a fost ob\u021binut de Digi SME, o platform\u0103 de asisten\u021b\u0103 bazat\u0103 pe inteligen\u021b\u0103 artificial\u0103 pentru evaluarea maturit\u0103\u021bii digitale a IMM-urilor, iar premiul pentru impact durabil a fost acordat proiectului Idea Gate, o platform\u0103 digital\u0103 care \u00eei \u00eenso\u021be\u0219te pe antreprenorii debutan\u021bi pe \u00eentreg parcursul dezvolt\u0103rii unei afaceri, aliniat\u0103 Obiectivelor de Dezvoltare Durabil\u0103 ale ONU.<\/p>\n<p class=\"wp-block-paragraph\">Prin organizarea acestei \u0219coli interna\u021bionale de var\u0103, Universitatea \u201e\u0218tefan cel Mare\u201d din Suceava \u00ee\u0219i consolideaz\u0103 rolul \u00een cadrul Alian\u021bei Europene NEOLAiA \u0219i contribuie la formarea unei noi genera\u021bii de antreprenori capabili s\u0103 dezvolte solu\u021bii inovatoare pentru regiunile Europei.<\/p>\n<figure class=\"wp-block-embed is-type-video is-provider-youtube wp-block-embed-youtube wp-embed-aspect-16-9 wp-has-aspect-ratio\">\n<div class=\"wp-block-embed__wrapper\">\n<div class=\"youtube-embed\" data-video_id=\"owaoRC5i8gM\"><iframe loading=\"lazy\" title=\"De ce s\u0103 vrei s\u0103 MORI la 23 de ani?? Buchet de infrac\u021biuni = ADIO via\u021b\u0103!!! Nu a avut nicio \u0219ans\u0103...\" width=\"696\" height=\"392\" src=\"https:\/\/www.youtube.com\/embed\/owaoRC5i8gM?feature=oembed&amp;enablejsapi=1\" frameborder allow=\"accelerometer; autoplay; clipboard-write; encrypted-media; gyroscope; picture-in-picture; web-share\" referrerpolicy=\"strict-origin-when-cross-origin\" allowfullscreen><\/iframe><\/div>\n<\/div>\n<\/figure>\n<div class=\"td-a-rec td-a-rec-id-content_bottom  tdi_4 td_block_template_1\"><strong>Intr\u0103 acum \u0219i \u00een grupul de <\/p>\n<div class=\"wp-block-button\"><a class=\"wp-block-button__link wp-element-button\" href=\"https:\/\/t.me\/+TH8wcfnp8fw5NWI0\">Telegram News Bucovina<\/a><\/div>\n<p><\/strong><\/div>\n<\/div>\n<div class=\"td-post-content tagdiv-type\">\n<div class=\"td-a-rec td-a-rec-id-content_top  tdi_3 td_block_template_1\"><strong>Intr\u0103 acum \u0219i \u00een grupul de <\/p>\n<div class=\"wp-block-button\"><a class=\"wp-block-button__link wp-element-button\" href=\"https:\/\/t.me\/+TH8wcfnp8fw5NWI0\">Telegram News Bucovina<\/a><\/div>\n<p><\/strong><\/div>\n<p class=\"wp-block-paragraph\">Universitatea \u201e\u0218tefan cel Mare\u201d din Suceava a g\u0103zduit, \u00een a doua parte a lunii iulie, NEOLAiA SUMMA MAST \u2013 Academia de Var\u0103 \u00een Antreprenoriat, un program intensiv organizat \u00een cadrul Alian\u021bei Universitare Europene NEOLAiA. Evenimentul a reunit masteranzi \u0219i cadre didactice din cele nou\u0103 universit\u0103\u021bi partenere.<\/p>\n<p class=\"wp-block-paragraph\">Pe parcursul unei s\u0103pt\u0103m\u00e2ni de activit\u0103\u021bi intensive, studen\u021bii au lucrat \u00een echipe interdisciplinare, utiliz\u00e2nd metodologii moderne de inovare \u0219i antreprenoriat participativ. Ace\u0219tia au identificat provoc\u0103ri reale ale regiunilor din care provin \u0219i au dezvoltat modele de afaceri capabile s\u0103 genereze valoare economic\u0103, social\u0103 \u0219i de mediu.<\/p>\n<figure class=\"wp-block-gallery has-nested-images columns-default is-cropped wp-block-gallery-1 is-layout-flex wp-block-gallery-is-layout-flex\">\n<figure class=\"wp-block-image size-large\"><a href=\"https:\/\/cdn.newsbucovina.ro\/wp-content\/uploads\/2026\/08\/20260714_121147.jpg\"><img loading=\"lazy\" decoding=\"async\" width=\"1024\" height=\"485\" data-id=\"445796\" src=\"https:\/\/cdn.newsbucovina.ro\/wp-content\/uploads\/2026\/08\/20260714_121147-1024x485.jpg\" alt class=\"wp-image-445796\"><\/a><\/figure>\n<figure class=\"wp-block-image size-large\"><a href=\"https:\/\/cdn.newsbucovina.ro\/wp-content\/uploads\/2026\/08\/DSC01392.jpg\"><img loading=\"lazy\" decoding=\"async\" width=\"1024\" height=\"515\" data-id=\"445795\" src=\"https:\/\/cdn.newsbucovina.ro\/wp-content\/uploads\/2026\/08\/DSC01392-1024x515.jpg\" alt class=\"wp-image-445795\"><\/a><\/figure>\n<\/figure>\n<p class=\"wp-block-paragraph\">Punctul culminant al \u0219colii de var\u0103 a fost competi\u021bia interna\u021bional\u0103 de antreprenoriat, \u00een cadrul c\u0103reia cele cinci echipe \u0219i-au prezentat planurile de afaceri \u00een fa\u021ba unor jurii alc\u0103tuite din profesori, mentori, antreprenori \u0219i parteneri regionali. Proiectele au abordat provoc\u0103ri majore ale Europei: incluziunea digital\u0103 \u00een s\u0103n\u0103tate, integrarea tinerilor pe pia\u021ba muncii, transformarea digital\u0103 a IMM-urilor, sprijinirea antreprenorilor debutan\u021bi \u0219i consolidarea competitivit\u0103\u021bii micilor produc\u0103tori agroalimentari.<\/p>\n<p class=\"wp-block-paragraph\">Premiul pentru cel mai bun plan de afaceri a fost acordat proiectului High Five 65, o \u00eentreprindere social\u0103 care propune o re\u021bea de \u201ecompanioni digitali\u201d pentru asisten\u021ba adul\u021bilor v\u00e2rstnici \u0219i a persoanelor excluse digital \u00een utilizarea serviciilor medicale online. Premiul pentru cea mai bun\u0103 idee de afaceri a mers c\u0103tre Talent Bridge Salerno, o platform\u0103 inteligent\u0103 de matching \u00eentre angajatori \u0219i absolven\u021bi, completat\u0103 de programe de dezvoltare a competen\u021belor. Premiul pentru impact regional a fost c\u00e2\u0219tigat de Agri-Grow Hub, un hub B2B care sprijin\u0103 micii produc\u0103tori agroalimentari din mediul rural.<\/p>\n<p class=\"wp-block-paragraph\">Premiul publicului a fost ob\u021binut de Digi SME, o platform\u0103 de asisten\u021b\u0103 bazat\u0103 pe inteligen\u021b\u0103 artificial\u0103 pentru evaluarea maturit\u0103\u021bii digitale a IMM-urilor, iar premiul pentru impact durabil a fost acordat proiectului Idea Gate, o platform\u0103 digital\u0103 care \u00eei \u00eenso\u021be\u0219te pe antreprenorii debutan\u021bi pe \u00eentreg parcursul dezvolt\u0103rii unei afaceri, aliniat\u0103 Obiectivelor de Dezvoltare Durabil\u0103 ale ONU.<\/p>\n<p class=\"wp-block-paragraph\">Prin organizarea acestei \u0219coli interna\u021bionale de var\u0103, Universitatea \u201e\u0218tefan cel Mare\u201d din Suceava \u00ee\u0219i consolideaz\u0103 rolul \u00een cadrul Alian\u021bei Europene NEOLAiA \u0219i contribuie la formarea unei noi genera\u021bii de antreprenori capabili s\u0103 dezvolte solu\u021bii inovatoare pentru regiunile Europei.<\/p>\n<figure class=\"wp-block-embed is-type-video is-provider-youtube wp-block-embed-youtube wp-embed-aspect-16-9 wp-has-aspect-ratio\">\n<div class=\"wp-block-embed__wrapper\">\n<div class=\"youtube-embed\" data-video_id=\"owaoRC5i8gM\"><iframe loading=\"lazy\" title=\"De ce s\u0103 vrei s\u0103 MORI la 23 de ani?? Buchet de infrac\u021biuni = ADIO via\u021b\u0103!!! Nu a avut nicio \u0219ans\u0103...\" width=\"696\" height=\"392\" src=\"https:\/\/www.youtube.com\/embed\/owaoRC5i8gM?feature=oembed&amp;enablejsapi=1\" frameborder allow=\"accelerometer; autoplay; clipboard-write; encrypted-media; gyroscope; picture-in-picture; web-share\" referrerpolicy=\"strict-origin-when-cross-origin\" allowfullscreen><\/iframe><\/div>\n<\/div>\n<\/figure>\n<div class=\"td-a-rec td-a-rec-id-content_bottom  tdi_4 td_block_template_1\"><strong>Intr\u0103 acum \u0219i \u00een grupul de <\/p>\n<div class=\"wp-block-button\"><a class=\"wp-block-button__link wp-element-button\" href=\"https:\/\/t.me\/+TH8wcfnp8fw5NWI0\">Telegram News Bucovina<\/a><\/div>\n<p><\/strong><\/div>\n<\/div>\n<p>[analyse_source url=&#8221;https:\/\/www.newsbucovina.ro\/actualitate\/445794\/hackathon-international-la-usv-cinci-idei-de-afaceri-pentru-provocarile-regionale-ale-europei&#8221;]<\/p>\n","protected":false},"excerpt":{"rendered":"<p>[analyse_image type=&#8221;featured&#8221; src=&#8221;https:\/\/www.newsbucovina.ro\/wp-content\/uploads\/2026\/08\/DSC01392.jpghttps:\/\/cdn.newsbucovina.ro\/wp-content\/uploads\/2026\/08\/DSC01392.jpg&#8221;] Intr\u0103 acum \u0219i \u00een grupul de Telegram News Bucovina Universitatea \u201e\u0218tefan cel Mare\u201d din Suceava a g\u0103zduit, \u00een a doua parte a lunii iulie, NEOLAiA SUMMA MAST \u2013 Academia de Var\u0103 \u00een Antreprenoriat, un program intensiv organizat \u00een cadrul Alian\u021bei Universitare Europene NEOLAiA. Evenimentul a reunit masteranzi \u0219i cadre didactice din cele [&hellip;]<\/p>\n","protected":false},"author":1,"featured_media":0,"comment_status":"open","ping_status":"","sticky":false,"template":"","format":"standard","meta":{"footnotes":""},"categories":[89],"tags":[226,165],"class_list":["post-2083557","post","type-post","status-publish","format-standard","hentry","category-romania","tag-crawlmanager","tag-newsbucovina-ro"],"_links":{"self":[{"href":"https:\/\/analyse.optim.biz\/index.php?rest_route=\/wp\/v2\/posts\/2083557","targetHints":{"allow":["GET"]}}],"collection":[{"href":"https:\/\/analyse.optim.biz\/index.php?rest_route=\/wp\/v2\/posts"}],"about":[{"href":"https:\/\/analyse.optim.biz\/index.php?rest_route=\/wp\/v2\/types\/post"}],"author":[{"embeddable":true,"href":"https:\/\/analyse.optim.biz\/index.php?rest_route=\/wp\/v2\/users\/1"}],"replies":[{"embeddable":true,"href":"https:\/\/analyse.optim.biz\/index.php?rest_route=%2Fwp%2Fv2%2Fcomments&post=2083557"}],"version-history":[{"count":0,"href":"https:\/\/analyse.optim.biz\/index.php?rest_route=\/wp\/v2\/posts\/2083557\/revisions"}],"wp:attachment":[{"href":"https:\/\/analyse.optim.biz\/index.php?rest_route=%2Fwp%2Fv2%2Fmedia&parent=2083557"}],"wp:term":[{"taxonomy":"category","embeddable":true,"href":"https:\/\/analyse.optim.biz\/index.php?rest_route=%2Fwp%2Fv2%2Fcategories&post=2083557"},{"taxonomy":"post_tag","embeddable":true,"href":"https:\/\/analyse.optim.biz\/index.php?rest_route=%2Fwp%2Fv2%2Ftags&post=2083557"}],"curies":[{"name":"wp","href":"https:\/\/api.w.org\/{rel}","templated":true}]}}