{"id":2083556,"date":"2026-08-06T10:24:18","date_gmt":"2026-08-06T07:24:18","guid":{"rendered":"https:\/\/analyse.optim.biz\/?p=2083556"},"modified":"2026-08-06T10:24:18","modified_gmt":"2026-08-06T07:24:18","slug":"iulian-daraba-si-a-depus-candidatura-pentru-presedintia-ajf-suceava-pentru-functiile-de-vicepresedinte-candideaza-mihai-roman-si-lucian-burlacu","status":"publish","type":"post","link":"https:\/\/analyse.optim.biz\/?p=2083556","title":{"rendered":"Iulian Darab\u0103 \u0219i-a depus candidatura pentru pre\u0219edin\u021bia AJF Suceava. Pentru func\u021biile de vicepre\u0219edinte candideaz\u0103 Mihai Roman \u0219i Lucian Burlacu"},"content":{"rendered":"<p>[analyse_image type=&#8221;featured&#8221; src=&#8221;https:\/\/www.newsbucovina.ro\/wp-content\/uploads\/2026\/08\/WhatsApp-Image-2026-08-06-at-13.13.53.jpeghttps:\/\/cdn.newsbucovina.ro\/wp-content\/uploads\/2026\/08\/WhatsApp-Image-2026-08-06-at-13.13.53.jpeg&#8221;]<\/p>\n<div class=\"td-post-content tagdiv-type\">\n<div class=\"td-a-rec td-a-rec-id-content_top  tdi_3 td_block_template_1\"><strong>Intr\u0103 acum \u0219i \u00een grupul de <\/p>\n<div class=\"wp-block-button\"><a class=\"wp-block-button__link wp-element-button\" href=\"https:\/\/t.me\/+TH8wcfnp8fw5NWI0\">Telegram News Bucovina<\/a><\/div>\n<p><\/strong><\/div>\n<p class=\"wp-block-paragraph\">Iulian Darab\u0103 a anun\u021bat, pe pagina sa de socializare, c\u0103 a depus oficial dosarele de candidatur\u0103 pentru conducerea Asocia\u021biei Jude\u021bene de Fotbal Suceava, la alegerile programate pe 23 august. \u00cempreun\u0103 cu o echip\u0103, el propune o nou\u0103 viziune pentru fotbalul din jude\u021b, bazat\u0103 pe transparen\u021b\u0103, profesionalism \u0219i modernizarea competi\u021biilor de la toate nivelurile.<\/p>\n<figure class=\"wp-block-image size-large\"><a href=\"https:\/\/cdn.newsbucovina.ro\/wp-content\/uploads\/2026\/08\/WhatsApp-Image-2026-08-06-at-13.13.53.jpeg\"><img loading=\"lazy\" decoding=\"async\" width=\"1024\" height=\"512\" src=\"https:\/\/cdn.newsbucovina.ro\/wp-content\/uploads\/2026\/08\/WhatsApp-Image-2026-08-06-at-13.13.53-1024x512.jpeg\" alt class=\"wp-image-445782\"><\/a><\/figure>\n<p class=\"wp-block-paragraph\">Candidatul la func\u021bia de pre\u0219edinte este Iulian Darab\u0103, care are o experien\u021b\u0103 de opt ani ca vicepre\u0219edinte al AJF Suceava. Profesor de educa\u021bie fizic\u0103 \u0219i sport, acesta subliniaz\u0103 c\u0103 cunoa\u0219te \u00een detaliu nevoile cluburilor \u0219i \u00ee\u0219i asum\u0103 misiunea de a conduce asocia\u021bia spre un management deschis, modern \u0219i echidistant.<\/p>\n<p class=\"wp-block-paragraph\">Pentru func\u021biile de vicepre\u0219edinte candideaz\u0103 Mihai Roman \u0219i Lucian Burlacu. Mihai Roman, fost fotbalist de echip\u0103 na\u021bional\u0103, cu o carier\u0103 solid\u0103 \u00een prima lig\u0103 \u0219i experien\u021b\u0103 interna\u021bional\u0103, este fondator de academie \u0219i aduce viziunea fotbalului modern, cu accent pe dezvoltarea copiilor \u0219i juniorilor. Lucian Burlacu este prezentat ca un om de ac\u021biune, dedicat sportului, care vine cu energia necesar\u0103 pentru a sprijini direct activitatea echipelor locale.<\/p>\n<p class=\"wp-block-paragraph\">Echipa Darab\u0103-Roman-Burlacu propune atragerea de fonduri pentru sus\u021binerea echipelor din ligile a 4-a \u0219i a 5-a, dar \u0219i promovarea tinerilor din jude\u021b.<\/p>\n<p class=\"wp-block-paragraph\">Darab\u0103 a mul\u021bumit sus\u021bin\u0103torilor \u0219i a transmis c\u0103 \u00ee\u0219i dore\u0219te un parteneriat real cu fiecare club din jude\u021b. \u201eSchimbarea \u00eencepe pe 23 august\u201d, a concluzionat acesta.<\/p>\n<figure class=\"wp-block-embed is-type-video is-provider-youtube wp-block-embed-youtube wp-embed-aspect-16-9 wp-has-aspect-ratio\">\n<div class=\"wp-block-embed__wrapper\">\n<div class=\"youtube-embed\" data-video_id=\"owaoRC5i8gM\"><iframe loading=\"lazy\" title=\"De ce s\u0103 vrei s\u0103 MORI la 23 de ani?? Buchet de infrac\u021biuni = ADIO via\u021b\u0103!!! Nu a avut nicio \u0219ans\u0103...\" width=\"696\" height=\"392\" src=\"https:\/\/www.youtube.com\/embed\/owaoRC5i8gM?feature=oembed&amp;enablejsapi=1\" frameborder allow=\"accelerometer; autoplay; clipboard-write; encrypted-media; gyroscope; picture-in-picture; web-share\" referrerpolicy=\"strict-origin-when-cross-origin\" allowfullscreen><\/iframe><\/div>\n<\/div>\n<\/figure>\n<div class=\"td-a-rec td-a-rec-id-content_bottom  tdi_4 td_block_template_1\"><strong>Intr\u0103 acum \u0219i \u00een grupul de <\/p>\n<div class=\"wp-block-button\"><a class=\"wp-block-button__link wp-element-button\" href=\"https:\/\/t.me\/+TH8wcfnp8fw5NWI0\">Telegram News Bucovina<\/a><\/div>\n<p><\/strong><\/div>\n<\/div>\n<div class=\"td-post-content tagdiv-type\">\n<div class=\"td-a-rec td-a-rec-id-content_top  tdi_3 td_block_template_1\"><strong>Intr\u0103 acum \u0219i \u00een grupul de <\/p>\n<div class=\"wp-block-button\"><a class=\"wp-block-button__link wp-element-button\" href=\"https:\/\/t.me\/+TH8wcfnp8fw5NWI0\">Telegram News Bucovina<\/a><\/div>\n<p><\/strong><\/div>\n<p class=\"wp-block-paragraph\">Iulian Darab\u0103 a anun\u021bat, pe pagina sa de socializare, c\u0103 a depus oficial dosarele de candidatur\u0103 pentru conducerea Asocia\u021biei Jude\u021bene de Fotbal Suceava, la alegerile programate pe 23 august. \u00cempreun\u0103 cu o echip\u0103, el propune o nou\u0103 viziune pentru fotbalul din jude\u021b, bazat\u0103 pe transparen\u021b\u0103, profesionalism \u0219i modernizarea competi\u021biilor de la toate nivelurile.<\/p>\n<figure class=\"wp-block-image size-large\"><a href=\"https:\/\/cdn.newsbucovina.ro\/wp-content\/uploads\/2026\/08\/WhatsApp-Image-2026-08-06-at-13.13.53.jpeg\"><img loading=\"lazy\" decoding=\"async\" width=\"1024\" height=\"512\" src=\"https:\/\/cdn.newsbucovina.ro\/wp-content\/uploads\/2026\/08\/WhatsApp-Image-2026-08-06-at-13.13.53-1024x512.jpeg\" alt class=\"wp-image-445782\"><\/a><\/figure>\n<p class=\"wp-block-paragraph\">Candidatul la func\u021bia de pre\u0219edinte este Iulian Darab\u0103, care are o experien\u021b\u0103 de opt ani ca vicepre\u0219edinte al AJF Suceava. Profesor de educa\u021bie fizic\u0103 \u0219i sport, acesta subliniaz\u0103 c\u0103 cunoa\u0219te \u00een detaliu nevoile cluburilor \u0219i \u00ee\u0219i asum\u0103 misiunea de a conduce asocia\u021bia spre un management deschis, modern \u0219i echidistant.<\/p>\n<p class=\"wp-block-paragraph\">Pentru func\u021biile de vicepre\u0219edinte candideaz\u0103 Mihai Roman \u0219i Lucian Burlacu. Mihai Roman, fost fotbalist de echip\u0103 na\u021bional\u0103, cu o carier\u0103 solid\u0103 \u00een prima lig\u0103 \u0219i experien\u021b\u0103 interna\u021bional\u0103, este fondator de academie \u0219i aduce viziunea fotbalului modern, cu accent pe dezvoltarea copiilor \u0219i juniorilor. Lucian Burlacu este prezentat ca un om de ac\u021biune, dedicat sportului, care vine cu energia necesar\u0103 pentru a sprijini direct activitatea echipelor locale.<\/p>\n<p class=\"wp-block-paragraph\">Echipa Darab\u0103-Roman-Burlacu propune atragerea de fonduri pentru sus\u021binerea echipelor din ligile a 4-a \u0219i a 5-a, dar \u0219i promovarea tinerilor din jude\u021b.<\/p>\n<p class=\"wp-block-paragraph\">Darab\u0103 a mul\u021bumit sus\u021bin\u0103torilor \u0219i a transmis c\u0103 \u00ee\u0219i dore\u0219te un parteneriat real cu fiecare club din jude\u021b. \u201eSchimbarea \u00eencepe pe 23 august\u201d, a concluzionat acesta.<\/p>\n<figure class=\"wp-block-embed is-type-video is-provider-youtube wp-block-embed-youtube wp-embed-aspect-16-9 wp-has-aspect-ratio\">\n<div class=\"wp-block-embed__wrapper\">\n<div class=\"youtube-embed\" data-video_id=\"owaoRC5i8gM\"><iframe loading=\"lazy\" title=\"De ce s\u0103 vrei s\u0103 MORI la 23 de ani?? Buchet de infrac\u021biuni = ADIO via\u021b\u0103!!! Nu a avut nicio \u0219ans\u0103...\" width=\"696\" height=\"392\" src=\"https:\/\/www.youtube.com\/embed\/owaoRC5i8gM?feature=oembed&amp;enablejsapi=1\" frameborder allow=\"accelerometer; autoplay; clipboard-write; encrypted-media; gyroscope; picture-in-picture; web-share\" referrerpolicy=\"strict-origin-when-cross-origin\" allowfullscreen><\/iframe><\/div>\n<\/div>\n<\/figure>\n<div class=\"td-a-rec td-a-rec-id-content_bottom  tdi_4 td_block_template_1\"><strong>Intr\u0103 acum \u0219i \u00een grupul de <\/p>\n<div class=\"wp-block-button\"><a class=\"wp-block-button__link wp-element-button\" href=\"https:\/\/t.me\/+TH8wcfnp8fw5NWI0\">Telegram News Bucovina<\/a><\/div>\n<p><\/strong><\/div>\n<\/div>\n<p>[analyse_source url=&#8221;https:\/\/www.newsbucovina.ro\/actualitate\/445781\/iulian-daraba-si-a-depus-candidatura-pentru-presedintia-ajf-suceava-pentru-functiile-de-vicepresedinte-candideaza-mihai-roman-si-lucian-burlacu&#8221;]<\/p>\n","protected":false},"excerpt":{"rendered":"<p>[analyse_image type=&#8221;featured&#8221; src=&#8221;https:\/\/www.newsbucovina.ro\/wp-content\/uploads\/2026\/08\/WhatsApp-Image-2026-08-06-at-13.13.53.jpeghttps:\/\/cdn.newsbucovina.ro\/wp-content\/uploads\/2026\/08\/WhatsApp-Image-2026-08-06-at-13.13.53.jpeg&#8221;] Intr\u0103 acum \u0219i \u00een grupul de Telegram News Bucovina Iulian Darab\u0103 a anun\u021bat, pe pagina sa de socializare, c\u0103 a depus oficial dosarele de candidatur\u0103 pentru conducerea Asocia\u021biei Jude\u021bene de Fotbal Suceava, la alegerile programate pe 23 august. \u00cempreun\u0103 cu o echip\u0103, el propune o nou\u0103 viziune pentru fotbalul din jude\u021b, bazat\u0103 [&hellip;]<\/p>\n","protected":false},"author":1,"featured_media":0,"comment_status":"open","ping_status":"","sticky":false,"template":"","format":"standard","meta":{"footnotes":""},"categories":[89],"tags":[226,165],"class_list":["post-2083556","post","type-post","status-publish","format-standard","hentry","category-romania","tag-crawlmanager","tag-newsbucovina-ro"],"_links":{"self":[{"href":"https:\/\/analyse.optim.biz\/index.php?rest_route=\/wp\/v2\/posts\/2083556","targetHints":{"allow":["GET"]}}],"collection":[{"href":"https:\/\/analyse.optim.biz\/index.php?rest_route=\/wp\/v2\/posts"}],"about":[{"href":"https:\/\/analyse.optim.biz\/index.php?rest_route=\/wp\/v2\/types\/post"}],"author":[{"embeddable":true,"href":"https:\/\/analyse.optim.biz\/index.php?rest_route=\/wp\/v2\/users\/1"}],"replies":[{"embeddable":true,"href":"https:\/\/analyse.optim.biz\/index.php?rest_route=%2Fwp%2Fv2%2Fcomments&post=2083556"}],"version-history":[{"count":0,"href":"https:\/\/analyse.optim.biz\/index.php?rest_route=\/wp\/v2\/posts\/2083556\/revisions"}],"wp:attachment":[{"href":"https:\/\/analyse.optim.biz\/index.php?rest_route=%2Fwp%2Fv2%2Fmedia&parent=2083556"}],"wp:term":[{"taxonomy":"category","embeddable":true,"href":"https:\/\/analyse.optim.biz\/index.php?rest_route=%2Fwp%2Fv2%2Fcategories&post=2083556"},{"taxonomy":"post_tag","embeddable":true,"href":"https:\/\/analyse.optim.biz\/index.php?rest_route=%2Fwp%2Fv2%2Ftags&post=2083556"}],"curies":[{"name":"wp","href":"https:\/\/api.w.org\/{rel}","templated":true}]}}