{"id":2083555,"date":"2026-08-06T07:24:04","date_gmt":"2026-08-06T04:24:04","guid":{"rendered":"https:\/\/analyse.optim.biz\/?p=2083555"},"modified":"2026-08-06T07:24:04","modified_gmt":"2026-08-06T04:24:04","slug":"cod-portocaliu-de-canicula-si-furtuni-in-judetul-suceava-temperaturi-de-pana-la-38-de-grade-si-vijelii-puternice","status":"publish","type":"post","link":"https:\/\/analyse.optim.biz\/?p=2083555","title":{"rendered":"Cod portocaliu de canicul\u0103 \u0219i furtuni \u00een jude\u021bul Suceava. Temperaturi de p\u00e2n\u0103 la 38 de grade \u0219i vijelii puternice"},"content":{"rendered":"<p>[analyse_image type=&#8221;featured&#8221; src=&#8221;https:\/\/www.newsbucovina.ro\/wp-content\/uploads\/2020\/07\/apus-de-soare-arsita-canicula-e1782890907456.jpeghttps:\/\/cdn.newsbucovina.ro\/wp-content\/uploads\/2020\/07\/apus-de-soare-arsita-canicula-e1782890907456.jpeg&#8221;]<\/p>\n<div class=\"td-post-content tagdiv-type\">\n<div class=\"td-a-rec td-a-rec-id-content_top  tdi_3 td_block_template_1\"><strong>Intr\u0103 acum \u0219i \u00een grupul de <\/p>\n<div class=\"wp-block-button\"><a class=\"wp-block-button__link wp-element-button\" href=\"https:\/\/t.me\/+TH8wcfnp8fw5NWI0\">Telegram News Bucovina<\/a><\/div>\n<p><\/strong><\/div>\n<p class=\"wp-block-paragraph\">Administra\u021bia Na\u021bional\u0103 de Meteorologie a emis o informare meteorologic\u0103 valabil\u0103 de joi, 6 august, ora 10:00, p\u00e2n\u0103 duminic\u0103, 9 august, ora 10:00, pentru val de c\u0103ldur\u0103, canicul\u0103, disconfort termic accentuat, nop\u021bi tropicale \u0219i perioade de instabilitate atmosferic\u0103.<\/p>\n<figure class=\"wp-block-image size-full\"><a href=\"https:\/\/cdn.newsbucovina.ro\/wp-content\/uploads\/2020\/07\/apus-de-soare-arsita-canicula-e1782890907456.jpeg\"><img loading=\"lazy\" decoding=\"async\" width=\"1024\" height=\"512\" src=\"https:\/\/cdn.newsbucovina.ro\/wp-content\/uploads\/2020\/07\/apus-de-soare-arsita-canicula-e1782890907456.jpeg\" alt class=\"wp-image-290510\"><\/a><\/figure>\n<p class=\"wp-block-paragraph\">Pentru jude\u021bul Suceava, aflat \u00een zona Moldovei, este \u00een vigoare Cod Portocaliu de canicul\u0103, valabil de joi, 6 august, ora 10:00, p\u00e2n\u0103 vineri, 7 august, ora 10:00. Valul de c\u0103ldur\u0103 se va intensifica, cu temperaturi maxime \u00eentre 35 \u0219i 38 de grade, disconfort termic accentuat \u0219i indice temperatur\u0103-umezeal\u0103 (ITU) care va dep\u0103\u0219i pragul critic de 80 de unit\u0103\u021bi. Local, noaptea va fi tropical\u0103, cu minime de 20-22 de grade, cele mai ridicate valori fiind a\u0219teptate \u00een dealurile Moldovei.<\/p>\n<p class=\"wp-block-paragraph\">\u00cen paralel, ANM a emis Cod Portocaliu de instabilitate atmosferic\u0103 accentuat\u0103, valabil joi, 6 august, \u00eentre orele 12:00 \u0219i 23:00, pentru nordul Moldovei, inclusiv jude\u021bul Suceava. Se anun\u021b\u0103 intensific\u0103ri ale v\u00e2ntului cu vijelii puternice (rafale de 70-90 km\/h), averse toren\u021biale importante cantitativ, grindin\u0103 de medii \u0219i posibil mari dimensiuni (2-4 cm) \u0219i desc\u0103rc\u0103ri electrice. \u00cen intervale scurte de timp, cantit\u0103\u021bile de ap\u0103 pot ajunge la 25-40 l\/mp, izolat peste 50 l\/mp.<\/p>\n<p class=\"wp-block-paragraph\">Potrivit inform\u0103rii generale, valul de c\u0103ldur\u0103 va r\u0103m\u00e2ne intens \u0219i persistent joi \u00een cea mai mare parte a \u021b\u0103rii, iar perioadele de instabilitate atmosferic\u0103 vor continua \u0219i vineri. Autorit\u0103\u021bile recomand\u0103 aten\u021bie sporit\u0103 la expunerea prelungit\u0103 la soare, hidratare corespunz\u0103toare \u0219i pruden\u021b\u0103 \u00een cazul intensific\u0103rilor de v\u00e2nt \u0219i a averselor toren\u021biale.<\/p>\n<figure class=\"wp-block-embed is-type-video is-provider-youtube wp-block-embed-youtube wp-embed-aspect-16-9 wp-has-aspect-ratio\">\n<div class=\"wp-block-embed__wrapper\">\n<div class=\"youtube-embed\" data-video_id=\"owaoRC5i8gM\"><iframe loading=\"lazy\" title=\"De ce s\u0103 vrei s\u0103 MORI la 23 de ani?? Buchet de infrac\u021biuni = ADIO via\u021b\u0103!!! Nu a avut nicio \u0219ans\u0103...\" width=\"696\" height=\"392\" src=\"https:\/\/www.youtube.com\/embed\/owaoRC5i8gM?feature=oembed&amp;enablejsapi=1\" frameborder allow=\"accelerometer; autoplay; clipboard-write; encrypted-media; gyroscope; picture-in-picture; web-share\" referrerpolicy=\"strict-origin-when-cross-origin\" allowfullscreen><\/iframe><\/div>\n<\/div>\n<\/figure>\n<div class=\"td-a-rec td-a-rec-id-content_bottom  tdi_4 td_block_template_1\"><strong>Intr\u0103 acum \u0219i \u00een grupul de <\/p>\n<div class=\"wp-block-button\"><a class=\"wp-block-button__link wp-element-button\" href=\"https:\/\/t.me\/+TH8wcfnp8fw5NWI0\">Telegram News Bucovina<\/a><\/div>\n<p><\/strong><\/div>\n<\/div>\n<div class=\"td-post-content tagdiv-type\">\n<div class=\"td-a-rec td-a-rec-id-content_top  tdi_3 td_block_template_1\"><strong>Intr\u0103 acum \u0219i \u00een grupul de <\/p>\n<div class=\"wp-block-button\"><a class=\"wp-block-button__link wp-element-button\" href=\"https:\/\/t.me\/+TH8wcfnp8fw5NWI0\">Telegram News Bucovina<\/a><\/div>\n<p><\/strong><\/div>\n<p class=\"wp-block-paragraph\">Administra\u021bia Na\u021bional\u0103 de Meteorologie a emis o informare meteorologic\u0103 valabil\u0103 de joi, 6 august, ora 10:00, p\u00e2n\u0103 duminic\u0103, 9 august, ora 10:00, pentru val de c\u0103ldur\u0103, canicul\u0103, disconfort termic accentuat, nop\u021bi tropicale \u0219i perioade de instabilitate atmosferic\u0103.<\/p>\n<figure class=\"wp-block-image size-full\"><a href=\"https:\/\/cdn.newsbucovina.ro\/wp-content\/uploads\/2020\/07\/apus-de-soare-arsita-canicula-e1782890907456.jpeg\"><img loading=\"lazy\" decoding=\"async\" width=\"1024\" height=\"512\" src=\"https:\/\/cdn.newsbucovina.ro\/wp-content\/uploads\/2020\/07\/apus-de-soare-arsita-canicula-e1782890907456.jpeg\" alt class=\"wp-image-290510\"><\/a><\/figure>\n<p class=\"wp-block-paragraph\">Pentru jude\u021bul Suceava, aflat \u00een zona Moldovei, este \u00een vigoare Cod Portocaliu de canicul\u0103, valabil de joi, 6 august, ora 10:00, p\u00e2n\u0103 vineri, 7 august, ora 10:00. Valul de c\u0103ldur\u0103 se va intensifica, cu temperaturi maxime \u00eentre 35 \u0219i 38 de grade, disconfort termic accentuat \u0219i indice temperatur\u0103-umezeal\u0103 (ITU) care va dep\u0103\u0219i pragul critic de 80 de unit\u0103\u021bi. Local, noaptea va fi tropical\u0103, cu minime de 20-22 de grade, cele mai ridicate valori fiind a\u0219teptate \u00een dealurile Moldovei.<\/p>\n<p class=\"wp-block-paragraph\">\u00cen paralel, ANM a emis Cod Portocaliu de instabilitate atmosferic\u0103 accentuat\u0103, valabil joi, 6 august, \u00eentre orele 12:00 \u0219i 23:00, pentru nordul Moldovei, inclusiv jude\u021bul Suceava. Se anun\u021b\u0103 intensific\u0103ri ale v\u00e2ntului cu vijelii puternice (rafale de 70-90 km\/h), averse toren\u021biale importante cantitativ, grindin\u0103 de medii \u0219i posibil mari dimensiuni (2-4 cm) \u0219i desc\u0103rc\u0103ri electrice. \u00cen intervale scurte de timp, cantit\u0103\u021bile de ap\u0103 pot ajunge la 25-40 l\/mp, izolat peste 50 l\/mp.<\/p>\n<p class=\"wp-block-paragraph\">Potrivit inform\u0103rii generale, valul de c\u0103ldur\u0103 va r\u0103m\u00e2ne intens \u0219i persistent joi \u00een cea mai mare parte a \u021b\u0103rii, iar perioadele de instabilitate atmosferic\u0103 vor continua \u0219i vineri. Autorit\u0103\u021bile recomand\u0103 aten\u021bie sporit\u0103 la expunerea prelungit\u0103 la soare, hidratare corespunz\u0103toare \u0219i pruden\u021b\u0103 \u00een cazul intensific\u0103rilor de v\u00e2nt \u0219i a averselor toren\u021biale.<\/p>\n<figure class=\"wp-block-embed is-type-video is-provider-youtube wp-block-embed-youtube wp-embed-aspect-16-9 wp-has-aspect-ratio\">\n<div class=\"wp-block-embed__wrapper\">\n<div class=\"youtube-embed\" data-video_id=\"owaoRC5i8gM\"><iframe loading=\"lazy\" title=\"De ce s\u0103 vrei s\u0103 MORI la 23 de ani?? Buchet de infrac\u021biuni = ADIO via\u021b\u0103!!! Nu a avut nicio \u0219ans\u0103...\" width=\"696\" height=\"392\" src=\"https:\/\/www.youtube.com\/embed\/owaoRC5i8gM?feature=oembed&amp;enablejsapi=1\" frameborder allow=\"accelerometer; autoplay; clipboard-write; encrypted-media; gyroscope; picture-in-picture; web-share\" referrerpolicy=\"strict-origin-when-cross-origin\" allowfullscreen><\/iframe><\/div>\n<\/div>\n<\/figure>\n<div class=\"td-a-rec td-a-rec-id-content_bottom  tdi_4 td_block_template_1\"><strong>Intr\u0103 acum \u0219i \u00een grupul de <\/p>\n<div class=\"wp-block-button\"><a class=\"wp-block-button__link wp-element-button\" href=\"https:\/\/t.me\/+TH8wcfnp8fw5NWI0\">Telegram News Bucovina<\/a><\/div>\n<p><\/strong><\/div>\n<\/div>\n<p>[analyse_source url=&#8221;https:\/\/www.newsbucovina.ro\/actualitate\/445772\/cod-portocaliu-de-canicula-si-furtuni-in-judetul-suceava-temperaturi-de-pana-la-38-de-grade-si-vijelii-puternice&#8221;]<\/p>\n","protected":false},"excerpt":{"rendered":"<p>[analyse_image type=&#8221;featured&#8221; src=&#8221;https:\/\/www.newsbucovina.ro\/wp-content\/uploads\/2020\/07\/apus-de-soare-arsita-canicula-e1782890907456.jpeghttps:\/\/cdn.newsbucovina.ro\/wp-content\/uploads\/2020\/07\/apus-de-soare-arsita-canicula-e1782890907456.jpeg&#8221;] Intr\u0103 acum \u0219i \u00een grupul de Telegram News Bucovina Administra\u021bia Na\u021bional\u0103 de Meteorologie a emis o informare meteorologic\u0103 valabil\u0103 de joi, 6 august, ora 10:00, p\u00e2n\u0103 duminic\u0103, 9 august, ora 10:00, pentru val de c\u0103ldur\u0103, canicul\u0103, disconfort termic accentuat, nop\u021bi tropicale \u0219i perioade de instabilitate atmosferic\u0103. Pentru jude\u021bul Suceava, aflat \u00een zona [&hellip;]<\/p>\n","protected":false},"author":1,"featured_media":0,"comment_status":"open","ping_status":"","sticky":false,"template":"","format":"standard","meta":{"footnotes":""},"categories":[89],"tags":[226,165],"class_list":["post-2083555","post","type-post","status-publish","format-standard","hentry","category-romania","tag-crawlmanager","tag-newsbucovina-ro"],"_links":{"self":[{"href":"https:\/\/analyse.optim.biz\/index.php?rest_route=\/wp\/v2\/posts\/2083555","targetHints":{"allow":["GET"]}}],"collection":[{"href":"https:\/\/analyse.optim.biz\/index.php?rest_route=\/wp\/v2\/posts"}],"about":[{"href":"https:\/\/analyse.optim.biz\/index.php?rest_route=\/wp\/v2\/types\/post"}],"author":[{"embeddable":true,"href":"https:\/\/analyse.optim.biz\/index.php?rest_route=\/wp\/v2\/users\/1"}],"replies":[{"embeddable":true,"href":"https:\/\/analyse.optim.biz\/index.php?rest_route=%2Fwp%2Fv2%2Fcomments&post=2083555"}],"version-history":[{"count":0,"href":"https:\/\/analyse.optim.biz\/index.php?rest_route=\/wp\/v2\/posts\/2083555\/revisions"}],"wp:attachment":[{"href":"https:\/\/analyse.optim.biz\/index.php?rest_route=%2Fwp%2Fv2%2Fmedia&parent=2083555"}],"wp:term":[{"taxonomy":"category","embeddable":true,"href":"https:\/\/analyse.optim.biz\/index.php?rest_route=%2Fwp%2Fv2%2Fcategories&post=2083555"},{"taxonomy":"post_tag","embeddable":true,"href":"https:\/\/analyse.optim.biz\/index.php?rest_route=%2Fwp%2Fv2%2Ftags&post=2083555"}],"curies":[{"name":"wp","href":"https:\/\/api.w.org\/{rel}","templated":true}]}}