{"id":2083554,"date":"2026-08-08T04:40:23","date_gmt":"2026-08-08T01:40:23","guid":{"rendered":"https:\/\/analyse.optim.biz\/?p=2083554"},"modified":"2026-08-08T04:40:23","modified_gmt":"2026-08-08T01:40:23","slug":"primaria-suceava-a-respins-marsul-cu-500-de-camioane-anuntat-de-transportatori","status":"publish","type":"post","link":"https:\/\/analyse.optim.biz\/?p=2083554","title":{"rendered":"Prim\u0103ria Suceava a respins mar\u0219ul cu 500 de camioane anun\u021bat de transportatori"},"content":{"rendered":"<p>[analyse_image type=&#8221;featured&#8221; src=&#8221;https:\/\/www.newsbucovina.ro\/wp-content\/uploads\/2016\/09\/Camion-protest-40.jpghttps:\/\/cdn.newsbucovina.ro\/wp-content\/uploads\/2016\/09\/Camion-protest-40.jpg&#8221;]<\/p>\n<div class=\"td-post-content tagdiv-type\">\n<div class=\"td-a-rec td-a-rec-id-content_top  tdi_3 td_block_template_1\"><strong>Intr\u0103 acum \u0219i \u00een grupul de <\/p>\n<div class=\"wp-block-button\"><a class=\"wp-block-button__link wp-element-button\" href=\"https:\/\/t.me\/+TH8wcfnp8fw5NWI0\">Telegram News Bucovina<\/a><\/div>\n<p><\/strong><\/div>\n<p class=\"wp-block-paragraph\">Prim\u0103ria Municipiului Suceava a emis un aviz nefavorabil pentru organizarea unui mar\u0219 de protest cu aproximativ 500 de autocamioane, solicitat de Federa\u021bia Operatorilor Rom\u00e2ni de Transport \u2013 Filiala FORT Suceava. Ac\u021biunea era programat\u0103 pentru data de 12 august 2026 \u0219i ar fi urmat s\u0103 traverseze principalele artere ale ora\u0219ului.<\/p>\n<figure class=\"wp-block-image size-full\"><a href=\"https:\/\/cdn.newsbucovina.ro\/wp-content\/uploads\/2016\/09\/Camion-protest-41.jpg\"><img loading=\"lazy\" decoding=\"async\" width=\"1024\" height=\"576\" src=\"https:\/\/cdn.newsbucovina.ro\/wp-content\/uploads\/2016\/09\/Camion-protest-41.jpg.webp\" alt class=\"wp-image-168172\"><\/a><\/figure>\n<p class=\"wp-block-paragraph\">Cererea a fost \u00eenregistrat\u0103 la institu\u021bie cu num\u0103rul 40611 din 6 august 2026. Traseul propus pornea de la intrarea \u00een municipiu dinspre drumul jude\u021bean 209C, din zona centurii, \u0219i continua pe str\u0103zile Ion Irimescu, Bulevardul 1 Decembrie 1918, Bulevardul 1 Mai, strada \u0218tefan cel Mare, strada Ana Ip\u0103tescu \u0219i strada Mitropoliei, cu ie\u0219ire spre comuna Ipote\u0219ti.<\/p>\n<p class=\"wp-block-paragraph\">Comisia de avizare a cererilor de organizare a adun\u0103rilor publice, constituit\u0103 la nivelul Prim\u0103riei, a analizat documenta\u021bia \u0219i a concluzionat c\u0103 desf\u0103\u0219urarea unui astfel de mar\u0219 ar afecta grav circula\u021bia rutier\u0103 \u0219i ar bloca func\u021bionarea normal\u0103 a ora\u0219ului. Prezen\u021ba a aproximativ 500 de camioane pe arterele principale ar fi dus la blocarea traficului pe bulevardele importante, la perturbarea transportului public \u0219i a interven\u021biilor de urgen\u021b\u0103, la dificult\u0103\u021bi \u00een accesul cet\u0103\u021benilor c\u0103tre institu\u021biile publice, precum \u0219i la riscuri majore pentru siguran\u021ba rutier\u0103.<\/p>\n<p class=\"wp-block-paragraph\">Pe baza acestor considerente \u0219i a prevederilor Legii nr. 60\/1991 privind organizarea \u0219i desf\u0103\u0219urarea adun\u0103rilor publice, comisia a propus respingerea solicit\u0103rii.<\/p>\n<p class=\"wp-block-paragraph\">Prim\u0103ria Municipiului Suceava precizeaz\u0103 c\u0103 r\u0103m\u00e2ne deschis\u0103 dialogului institu\u021bional \u0219i sus\u021bine dreptul la liber\u0103 exprimare, \u00eens\u0103 acesta trebuie exercitat \u00een condi\u021bii care s\u0103 nu afecteze grav func\u021bionarea ora\u0219ului \u0219i via\u021ba de zi cu zi a locuitorilor. Institu\u021bia \u00ee\u0219i reafirm\u0103 angajamentul de a proteja interesul public \u0219i de a men\u021bine un climat de ordine, siguran\u021b\u0103 \u0219i normalitate \u00een municipiu.<\/p>\n<div class=\"td-a-rec td-a-rec-id-content_bottom  tdi_4 td_block_template_1\"><strong>Intr\u0103 acum \u0219i \u00een grupul de <\/p>\n<div class=\"wp-block-button\"><a class=\"wp-block-button__link wp-element-button\" href=\"https:\/\/t.me\/+TH8wcfnp8fw5NWI0\">Telegram News Bucovina<\/a><\/div>\n<p><\/strong><\/div>\n<\/div>\n<div class=\"td-post-content tagdiv-type\">\n<div class=\"td-a-rec td-a-rec-id-content_top  tdi_3 td_block_template_1\"><strong>Intr\u0103 acum \u0219i \u00een grupul de <\/p>\n<div class=\"wp-block-button\"><a class=\"wp-block-button__link wp-element-button\" href=\"https:\/\/t.me\/+TH8wcfnp8fw5NWI0\">Telegram News Bucovina<\/a><\/div>\n<p><\/strong><\/div>\n<p class=\"wp-block-paragraph\">Prim\u0103ria Municipiului Suceava a emis un aviz nefavorabil pentru organizarea unui mar\u0219 de protest cu aproximativ 500 de autocamioane, solicitat de Federa\u021bia Operatorilor Rom\u00e2ni de Transport \u2013 Filiala FORT Suceava. Ac\u021biunea era programat\u0103 pentru data de 12 august 2026 \u0219i ar fi urmat s\u0103 traverseze principalele artere ale ora\u0219ului.<\/p>\n<figure class=\"wp-block-image size-full\"><a href=\"https:\/\/cdn.newsbucovina.ro\/wp-content\/uploads\/2016\/09\/Camion-protest-41.jpg\"><img loading=\"lazy\" decoding=\"async\" width=\"1024\" height=\"576\" src=\"https:\/\/cdn.newsbucovina.ro\/wp-content\/uploads\/2016\/09\/Camion-protest-41.jpg.webp\" alt class=\"wp-image-168172\"><\/a><\/figure>\n<p class=\"wp-block-paragraph\">Cererea a fost \u00eenregistrat\u0103 la institu\u021bie cu num\u0103rul 40611 din 6 august 2026. Traseul propus pornea de la intrarea \u00een municipiu dinspre drumul jude\u021bean 209C, din zona centurii, \u0219i continua pe str\u0103zile Ion Irimescu, Bulevardul 1 Decembrie 1918, Bulevardul 1 Mai, strada \u0218tefan cel Mare, strada Ana Ip\u0103tescu \u0219i strada Mitropoliei, cu ie\u0219ire spre comuna Ipote\u0219ti.<\/p>\n<p class=\"wp-block-paragraph\">Comisia de avizare a cererilor de organizare a adun\u0103rilor publice, constituit\u0103 la nivelul Prim\u0103riei, a analizat documenta\u021bia \u0219i a concluzionat c\u0103 desf\u0103\u0219urarea unui astfel de mar\u0219 ar afecta grav circula\u021bia rutier\u0103 \u0219i ar bloca func\u021bionarea normal\u0103 a ora\u0219ului. Prezen\u021ba a aproximativ 500 de camioane pe arterele principale ar fi dus la blocarea traficului pe bulevardele importante, la perturbarea transportului public \u0219i a interven\u021biilor de urgen\u021b\u0103, la dificult\u0103\u021bi \u00een accesul cet\u0103\u021benilor c\u0103tre institu\u021biile publice, precum \u0219i la riscuri majore pentru siguran\u021ba rutier\u0103.<\/p>\n<p class=\"wp-block-paragraph\">Pe baza acestor considerente \u0219i a prevederilor Legii nr. 60\/1991 privind organizarea \u0219i desf\u0103\u0219urarea adun\u0103rilor publice, comisia a propus respingerea solicit\u0103rii.<\/p>\n<p class=\"wp-block-paragraph\">Prim\u0103ria Municipiului Suceava precizeaz\u0103 c\u0103 r\u0103m\u00e2ne deschis\u0103 dialogului institu\u021bional \u0219i sus\u021bine dreptul la liber\u0103 exprimare, \u00eens\u0103 acesta trebuie exercitat \u00een condi\u021bii care s\u0103 nu afecteze grav func\u021bionarea ora\u0219ului \u0219i via\u021ba de zi cu zi a locuitorilor. Institu\u021bia \u00ee\u0219i reafirm\u0103 angajamentul de a proteja interesul public \u0219i de a men\u021bine un climat de ordine, siguran\u021b\u0103 \u0219i normalitate \u00een municipiu.<\/p>\n<div class=\"td-a-rec td-a-rec-id-content_bottom  tdi_4 td_block_template_1\"><strong>Intr\u0103 acum \u0219i \u00een grupul de <\/p>\n<div class=\"wp-block-button\"><a class=\"wp-block-button__link wp-element-button\" href=\"https:\/\/t.me\/+TH8wcfnp8fw5NWI0\">Telegram News Bucovina<\/a><\/div>\n<p><\/strong><\/div>\n<\/div>\n<p>[analyse_source url=&#8221;https:\/\/www.newsbucovina.ro\/actualitate\/445922\/primaria-suceava-a-respins-marsul-cu-500-de-camioane-anuntat-de-transportatori&#8221;]<\/p>\n","protected":false},"excerpt":{"rendered":"<p>[analyse_image type=&#8221;featured&#8221; src=&#8221;https:\/\/www.newsbucovina.ro\/wp-content\/uploads\/2016\/09\/Camion-protest-40.jpghttps:\/\/cdn.newsbucovina.ro\/wp-content\/uploads\/2016\/09\/Camion-protest-40.jpg&#8221;] Intr\u0103 acum \u0219i \u00een grupul de Telegram News Bucovina Prim\u0103ria Municipiului Suceava a emis un aviz nefavorabil pentru organizarea unui mar\u0219 de protest cu aproximativ 500 de autocamioane, solicitat de Federa\u021bia Operatorilor Rom\u00e2ni de Transport \u2013 Filiala FORT Suceava. Ac\u021biunea era programat\u0103 pentru data de 12 august 2026 \u0219i ar fi urmat [&hellip;]<\/p>\n","protected":false},"author":1,"featured_media":0,"comment_status":"open","ping_status":"","sticky":false,"template":"","format":"standard","meta":{"footnotes":""},"categories":[89],"tags":[226,165],"class_list":["post-2083554","post","type-post","status-publish","format-standard","hentry","category-romania","tag-crawlmanager","tag-newsbucovina-ro"],"_links":{"self":[{"href":"https:\/\/analyse.optim.biz\/index.php?rest_route=\/wp\/v2\/posts\/2083554","targetHints":{"allow":["GET"]}}],"collection":[{"href":"https:\/\/analyse.optim.biz\/index.php?rest_route=\/wp\/v2\/posts"}],"about":[{"href":"https:\/\/analyse.optim.biz\/index.php?rest_route=\/wp\/v2\/types\/post"}],"author":[{"embeddable":true,"href":"https:\/\/analyse.optim.biz\/index.php?rest_route=\/wp\/v2\/users\/1"}],"replies":[{"embeddable":true,"href":"https:\/\/analyse.optim.biz\/index.php?rest_route=%2Fwp%2Fv2%2Fcomments&post=2083554"}],"version-history":[{"count":0,"href":"https:\/\/analyse.optim.biz\/index.php?rest_route=\/wp\/v2\/posts\/2083554\/revisions"}],"wp:attachment":[{"href":"https:\/\/analyse.optim.biz\/index.php?rest_route=%2Fwp%2Fv2%2Fmedia&parent=2083554"}],"wp:term":[{"taxonomy":"category","embeddable":true,"href":"https:\/\/analyse.optim.biz\/index.php?rest_route=%2Fwp%2Fv2%2Fcategories&post=2083554"},{"taxonomy":"post_tag","embeddable":true,"href":"https:\/\/analyse.optim.biz\/index.php?rest_route=%2Fwp%2Fv2%2Ftags&post=2083554"}],"curies":[{"name":"wp","href":"https:\/\/api.w.org\/{rel}","templated":true}]}}