{"id":2083428,"date":"2026-08-07T07:48:15","date_gmt":"2026-08-07T04:48:15","guid":{"rendered":"https:\/\/analyse.optim.biz\/?p=2083428"},"modified":"2026-08-07T07:48:15","modified_gmt":"2026-08-07T04:48:15","slug":"primarul-vasile-rimbu-anunta-modernizarea-statiilor-de-autobuz-din-suceava-lucrarile-incep-saptamana-viitoare","status":"publish","type":"post","link":"https:\/\/analyse.optim.biz\/?p=2083428","title":{"rendered":"Primarul Vasile R\u00eembu anun\u021b\u0103 modernizarea sta\u021biilor de autobuz din Suceava. Lucr\u0103rile \u00eencep s\u0103pt\u0103m\u00e2na viitoare"},"content":{"rendered":"<p>[analyse_image type=&#8221;featured&#8221; src=&#8221;https:\/\/www.newsbucovina.ro\/wp-content\/uploads\/2026\/08\/767300948_122332683248031410_3923582847842871344_n.jpghttps:\/\/cdn.newsbucovina.ro\/wp-content\/uploads\/2026\/08\/767300948_122332683248031410_3923582847842871344_n.jpg&#8221;]<\/p>\n<div class=\"td-post-content tagdiv-type\">\n<div class=\"td-a-rec td-a-rec-id-content_top  tdi_3 td_block_template_1\"><strong>Intr\u0103 acum \u0219i \u00een grupul de <\/p>\n<div class=\"wp-block-button\"><a class=\"wp-block-button__link wp-element-button\" href=\"https:\/\/t.me\/+TH8wcfnp8fw5NWI0\">Telegram News Bucovina<\/a><\/div>\n<p><\/strong><\/div>\n<p class=\"wp-block-paragraph\">Primarul municipiului Suceava, Vasile R\u00eembu, a anun\u021bat pe pagina sa de Facebook c\u0103 procesul de transformare a sta\u021biilor de autobuz din ora\u0219 continu\u0103, \u00eencep\u00e2nd de s\u0103pt\u0103m\u00e2na viitoare.<\/p>\n<figure class=\"wp-block-image size-large\"><a href=\"https:\/\/cdn.newsbucovina.ro\/wp-content\/uploads\/2026\/08\/767300948_122332683248031410_3923582847842871344_n.jpg\"><img loading=\"lazy\" decoding=\"async\" width=\"1024\" height=\"524\" src=\"https:\/\/cdn.newsbucovina.ro\/wp-content\/uploads\/2026\/08\/767300948_122332683248031410_3923582847842871344_n-1024x524.jpg\" alt class=\"wp-image-445894\"><\/a><\/figure>\n<p class=\"wp-block-paragraph\">Edilul a subliniat c\u0103, timp de zeci de ani, unele sta\u021bii de autobuz ajunseser\u0103 \u00een stare de paragin\u0103, iar prioritatea administra\u021biei este s\u0103 redreseze aceste spa\u021bii \u0219i s\u0103 ofere sucevenilor condi\u021bii decente. \u201eContinu\u0103m, cu pa\u0219i fermi, spre o infrastructur\u0103 de transport \u00eengrijit\u0103\u201d, a transmis primarul.<\/p>\n<p class=\"wp-block-paragraph\">Printre primele obiective se num\u0103r\u0103 sta\u021bia de la Gara Burdujeni, unde constructor asociat este Safe Steel, \u0219i sta\u021bia \u201eConfec\u021bii\u201d, unde lucreaz\u0103 Just Seven.<\/p>\n<p class=\"wp-block-paragraph\">\u201eA\u021bi cerut ordine, siguran\u021b\u0103 \u0219i calitate. Asta oferim\u201d, a concluzionat Vasile R\u00eembu.<\/p>\n<figure class=\"wp-block-embed is-type-video is-provider-youtube wp-block-embed-youtube wp-embed-aspect-16-9 wp-has-aspect-ratio\">\n<div class=\"wp-block-embed__wrapper\">\n<div class=\"youtube-embed\" data-video_id=\"KyNd2p4Lwm8\"><iframe loading=\"lazy\" title=\"\"Antrenorul de VINETE\" a dat lovitura - Ardeii Portocalii de MITOC au cucerit Europa!!\" width=\"696\" height=\"392\" src=\"https:\/\/www.youtube.com\/embed\/KyNd2p4Lwm8?feature=oembed&amp;enablejsapi=1\" frameborder allow=\"accelerometer; autoplay; clipboard-write; encrypted-media; gyroscope; picture-in-picture; web-share\" referrerpolicy=\"strict-origin-when-cross-origin\" allowfullscreen><\/iframe><\/div>\n<\/div>\n<\/figure>\n<div class=\"td-a-rec td-a-rec-id-content_bottom  tdi_4 td_block_template_1\"><strong>Intr\u0103 acum \u0219i \u00een grupul de <\/p>\n<div class=\"wp-block-button\"><a class=\"wp-block-button__link wp-element-button\" href=\"https:\/\/t.me\/+TH8wcfnp8fw5NWI0\">Telegram News Bucovina<\/a><\/div>\n<p><\/strong><\/div>\n<\/div>\n<div class=\"td-post-content tagdiv-type\">\n<div class=\"td-a-rec td-a-rec-id-content_top  tdi_3 td_block_template_1\"><strong>Intr\u0103 acum \u0219i \u00een grupul de <\/p>\n<div class=\"wp-block-button\"><a class=\"wp-block-button__link wp-element-button\" href=\"https:\/\/t.me\/+TH8wcfnp8fw5NWI0\">Telegram News Bucovina<\/a><\/div>\n<p><\/strong><\/div>\n<p class=\"wp-block-paragraph\">Primarul municipiului Suceava, Vasile R\u00eembu, a anun\u021bat pe pagina sa de Facebook c\u0103 procesul de transformare a sta\u021biilor de autobuz din ora\u0219 continu\u0103, \u00eencep\u00e2nd de s\u0103pt\u0103m\u00e2na viitoare.<\/p>\n<figure class=\"wp-block-image size-large\"><a href=\"https:\/\/cdn.newsbucovina.ro\/wp-content\/uploads\/2026\/08\/767300948_122332683248031410_3923582847842871344_n.jpg\"><img loading=\"lazy\" decoding=\"async\" width=\"1024\" height=\"524\" src=\"https:\/\/cdn.newsbucovina.ro\/wp-content\/uploads\/2026\/08\/767300948_122332683248031410_3923582847842871344_n-1024x524.jpg\" alt class=\"wp-image-445894\"><\/a><\/figure>\n<p class=\"wp-block-paragraph\">Edilul a subliniat c\u0103, timp de zeci de ani, unele sta\u021bii de autobuz ajunseser\u0103 \u00een stare de paragin\u0103, iar prioritatea administra\u021biei este s\u0103 redreseze aceste spa\u021bii \u0219i s\u0103 ofere sucevenilor condi\u021bii decente. \u201eContinu\u0103m, cu pa\u0219i fermi, spre o infrastructur\u0103 de transport \u00eengrijit\u0103\u201d, a transmis primarul.<\/p>\n<p class=\"wp-block-paragraph\">Printre primele obiective se num\u0103r\u0103 sta\u021bia de la Gara Burdujeni, unde constructor asociat este Safe Steel, \u0219i sta\u021bia \u201eConfec\u021bii\u201d, unde lucreaz\u0103 Just Seven.<\/p>\n<p class=\"wp-block-paragraph\">\u201eA\u021bi cerut ordine, siguran\u021b\u0103 \u0219i calitate. Asta oferim\u201d, a concluzionat Vasile R\u00eembu.<\/p>\n<figure class=\"wp-block-embed is-type-video is-provider-youtube wp-block-embed-youtube wp-embed-aspect-16-9 wp-has-aspect-ratio\">\n<div class=\"wp-block-embed__wrapper\">\n<div class=\"youtube-embed\" data-video_id=\"KyNd2p4Lwm8\"><iframe loading=\"lazy\" title=\"\"Antrenorul de VINETE\" a dat lovitura - Ardeii Portocalii de MITOC au cucerit Europa!!\" width=\"696\" height=\"392\" src=\"https:\/\/www.youtube.com\/embed\/KyNd2p4Lwm8?feature=oembed&amp;enablejsapi=1\" frameborder allow=\"accelerometer; autoplay; clipboard-write; encrypted-media; gyroscope; picture-in-picture; web-share\" referrerpolicy=\"strict-origin-when-cross-origin\" allowfullscreen><\/iframe><\/div>\n<\/div>\n<\/figure>\n<div class=\"td-a-rec td-a-rec-id-content_bottom  tdi_4 td_block_template_1\"><strong>Intr\u0103 acum \u0219i \u00een grupul de <\/p>\n<div class=\"wp-block-button\"><a class=\"wp-block-button__link wp-element-button\" href=\"https:\/\/t.me\/+TH8wcfnp8fw5NWI0\">Telegram News Bucovina<\/a><\/div>\n<p><\/strong><\/div>\n<\/div>\n<p>[analyse_source url=&#8221;https:\/\/www.newsbucovina.ro\/actualitate\/445895\/primarul-vasile-rimbu-anunta-modernizarea-statiilor-de-autobuz-din-suceava-lucrarile-incep-saptamana-viitoare&#8221;]<\/p>\n","protected":false},"excerpt":{"rendered":"<p>[analyse_image type=&#8221;featured&#8221; src=&#8221;https:\/\/www.newsbucovina.ro\/wp-content\/uploads\/2026\/08\/767300948_122332683248031410_3923582847842871344_n.jpghttps:\/\/cdn.newsbucovina.ro\/wp-content\/uploads\/2026\/08\/767300948_122332683248031410_3923582847842871344_n.jpg&#8221;] Intr\u0103 acum \u0219i \u00een grupul de Telegram News Bucovina Primarul municipiului Suceava, Vasile R\u00eembu, a anun\u021bat pe pagina sa de Facebook c\u0103 procesul de transformare a sta\u021biilor de autobuz din ora\u0219 continu\u0103, \u00eencep\u00e2nd de s\u0103pt\u0103m\u00e2na viitoare. Edilul a subliniat c\u0103, timp de zeci de ani, unele sta\u021bii de autobuz ajunseser\u0103 \u00een stare [&hellip;]<\/p>\n","protected":false},"author":1,"featured_media":0,"comment_status":"open","ping_status":"","sticky":false,"template":"","format":"standard","meta":{"footnotes":""},"categories":[89],"tags":[226,165],"class_list":["post-2083428","post","type-post","status-publish","format-standard","hentry","category-romania","tag-crawlmanager","tag-newsbucovina-ro"],"_links":{"self":[{"href":"https:\/\/analyse.optim.biz\/index.php?rest_route=\/wp\/v2\/posts\/2083428","targetHints":{"allow":["GET"]}}],"collection":[{"href":"https:\/\/analyse.optim.biz\/index.php?rest_route=\/wp\/v2\/posts"}],"about":[{"href":"https:\/\/analyse.optim.biz\/index.php?rest_route=\/wp\/v2\/types\/post"}],"author":[{"embeddable":true,"href":"https:\/\/analyse.optim.biz\/index.php?rest_route=\/wp\/v2\/users\/1"}],"replies":[{"embeddable":true,"href":"https:\/\/analyse.optim.biz\/index.php?rest_route=%2Fwp%2Fv2%2Fcomments&post=2083428"}],"version-history":[{"count":0,"href":"https:\/\/analyse.optim.biz\/index.php?rest_route=\/wp\/v2\/posts\/2083428\/revisions"}],"wp:attachment":[{"href":"https:\/\/analyse.optim.biz\/index.php?rest_route=%2Fwp%2Fv2%2Fmedia&parent=2083428"}],"wp:term":[{"taxonomy":"category","embeddable":true,"href":"https:\/\/analyse.optim.biz\/index.php?rest_route=%2Fwp%2Fv2%2Fcategories&post=2083428"},{"taxonomy":"post_tag","embeddable":true,"href":"https:\/\/analyse.optim.biz\/index.php?rest_route=%2Fwp%2Fv2%2Ftags&post=2083428"}],"curies":[{"name":"wp","href":"https:\/\/api.w.org\/{rel}","templated":true}]}}