{"id":2083426,"date":"2026-08-06T12:46:02","date_gmt":"2026-08-06T09:46:02","guid":{"rendered":"https:\/\/analyse.optim.biz\/?p=2083426"},"modified":"2026-08-06T12:46:02","modified_gmt":"2026-08-06T09:46:02","slug":"barbat-retinut-in-arest-in-cazul-uciderii-ilegale-a-unor-caini-la-un-adapost-privat-din-berchisesti","status":"publish","type":"post","link":"https:\/\/analyse.optim.biz\/?p=2083426","title":{"rendered":"B\u0103rbat re\u021binut \u00een arest \u00een cazul uciderii ilegale a unor c\u00e2ini la un ad\u0103post privat din Berchi\u0219e\u0219ti"},"content":{"rendered":"<p>[analyse_image type=&#8221;featured&#8221; src=&#8221;https:\/\/www.newsbucovina.ro\/wp-content\/uploads\/2026\/08\/WhatsApp-Image-2026-04-09-at-12.17.433.jpeghttps:\/\/cdn.newsbucovina.ro\/wp-content\/uploads\/2026\/08\/WhatsApp-Image-2026-04-09-at-12.17.433.jpeg&#8221;]<\/p>\n<div class=\"td-post-content tagdiv-type\">\n<div class=\"td-a-rec td-a-rec-id-content_top  tdi_3 td_block_template_1\"><strong>Intr\u0103 acum \u0219i \u00een grupul de <\/p>\n<div class=\"wp-block-button\"><a class=\"wp-block-button__link wp-element-button\" href=\"https:\/\/t.me\/+TH8wcfnp8fw5NWI0\">Telegram News Bucovina<\/a><\/div>\n<p><\/strong><\/div>\n<p class=\"wp-block-paragraph\">Poli\u021bi\u0219tii din cadrul Biroului pentru Protec\u021bia Animalelor al IPJ Suceava au dispus joi m\u0103sura re\u021binerii pentru 24 de ore fa\u021b\u0103 de un b\u0103rbat de 29 de ani din comuna Berchi\u0219e\u0219ti, \u00eentr-un dosar penal complex care vizeaz\u0103 infrac\u021biuni la Legea 205\/2004 privind protec\u021bia animalelor \u0219i fapte asociate.<\/p>\n<figure class=\"wp-block-image size-large\"><a href=\"https:\/\/cdn.newsbucovina.ro\/wp-content\/uploads\/2026\/08\/WhatsApp-Image-2026-04-09-at-12.17.433.jpeg\"><img loading=\"lazy\" decoding=\"async\" width=\"1024\" height=\"768\" src=\"https:\/\/cdn.newsbucovina.ro\/wp-content\/uploads\/2026\/08\/WhatsApp-Image-2026-04-09-at-12.17.433-1024x768.jpeg\" alt class=\"wp-image-445812\"><\/a><\/figure>\n<p class=\"wp-block-paragraph\">Investiga\u021bia a \u00eenceput la 16 decembrie 2025, c\u00e2nd organele de cercetare penal\u0103 s-au sesizat din oficiu cu privire la s\u0103v\u00e2r\u0219irea infrac\u021biunii de ucidere a animalelor cu inten\u021bie, f\u0103r\u0103 drept. Potrivit sesiz\u0103rii, \u00een cadrul unui ad\u0103post privat apar\u021bin\u00e2nd unei asocia\u021bii din Berchi\u0219e\u0219ti ar fi fost ucise cu inten\u021bie, f\u0103r\u0103 drept, mai multe exemplare canine pe parcursul anului 2025. Animalele ar fi fost eutanasiate din aparente motive medicale, respectiv boli cronice sau agresivitate, \u00eens\u0103 activit\u0103\u021bile ar fi fost desf\u0103\u0219urate cu \u00eenc\u0103lcarea cadrului legal.<\/p>\n<p class=\"wp-block-paragraph\">Cauza a fost preluat\u0103 spre solu\u021bionare de Parchetul de pe l\u00e2ng\u0103 Tribunalul Suceava la data de 6 aprilie 2026. Procurorul de caz a solicitat emiterea a dou\u0103 mandate de perchezi\u021bie domiciliar\u0103, cerere admis\u0103 de judec\u0103torul de drepturi \u0219i libert\u0103\u021bi din cadrul Judec\u0103toriei Suceava.<\/p>\n<p class=\"wp-block-paragraph\">La 9 aprilie 2026, poli\u021bi\u0219tii din cadrul Serviciului de Investiga\u021bii Criminale, \u00eempreun\u0103 cu cei de la Biroul pentru Protec\u021bia Animalelor, au pus \u00een aplicare mandatele de perchezi\u021bie la sediul ad\u0103postului privat din Berchi\u0219e\u0219ti \u0219i la locuin\u021ba b\u0103rbatului de 29 de ani, care are calitatea de medic veterinar. Au fost identificate \u0219i ridicate sisteme informatice, precum \u0219i mai multe \u00eenscrisuri cu valoare probatorie.<\/p>\n<p class=\"wp-block-paragraph\">Joi diminea\u021b\u0103, dup\u0103 completarea materialului probator \u0219i audierea b\u0103rbatului, cu respectarea garan\u021biilor procesuale, poli\u021bi\u0219tii au dispus re\u021binerea acestuia pentru 24 de ore. B\u0103rbatul a fost \u00eencarcerat \u00een Centrul de Re\u021binere \u0219i Arestare Preventiv\u0103 al IPJ Suceava. Cercet\u0103rile continu\u0103 sub coordonarea procurorului de caz.<\/p>\n<figure class=\"wp-block-embed is-type-video is-provider-youtube wp-block-embed-youtube wp-embed-aspect-16-9 wp-has-aspect-ratio\">\n<div class=\"wp-block-embed__wrapper\">\n<div class=\"youtube-embed\" data-video_id=\"owaoRC5i8gM\"><iframe loading=\"lazy\" title=\"De ce s\u0103 vrei s\u0103 MORI la 23 de ani?? Buchet de infrac\u021biuni = ADIO via\u021b\u0103!!! Nu a avut nicio \u0219ans\u0103...\" width=\"696\" height=\"392\" src=\"https:\/\/www.youtube.com\/embed\/owaoRC5i8gM?feature=oembed&amp;enablejsapi=1\" frameborder allow=\"accelerometer; autoplay; clipboard-write; encrypted-media; gyroscope; picture-in-picture; web-share\" referrerpolicy=\"strict-origin-when-cross-origin\" allowfullscreen><\/iframe><\/div>\n<\/div>\n<\/figure>\n<div class=\"td-a-rec td-a-rec-id-content_bottom  tdi_4 td_block_template_1\"><strong>Intr\u0103 acum \u0219i \u00een grupul de <\/p>\n<div class=\"wp-block-button\"><a class=\"wp-block-button__link wp-element-button\" href=\"https:\/\/t.me\/+TH8wcfnp8fw5NWI0\">Telegram News Bucovina<\/a><\/div>\n<p><\/strong><\/div>\n<\/div>\n<div class=\"td-post-content tagdiv-type\">\n<div class=\"td-a-rec td-a-rec-id-content_top  tdi_3 td_block_template_1\"><strong>Intr\u0103 acum \u0219i \u00een grupul de <\/p>\n<div class=\"wp-block-button\"><a class=\"wp-block-button__link wp-element-button\" href=\"https:\/\/t.me\/+TH8wcfnp8fw5NWI0\">Telegram News Bucovina<\/a><\/div>\n<p><\/strong><\/div>\n<p class=\"wp-block-paragraph\">Poli\u021bi\u0219tii din cadrul Biroului pentru Protec\u021bia Animalelor al IPJ Suceava au dispus joi m\u0103sura re\u021binerii pentru 24 de ore fa\u021b\u0103 de un b\u0103rbat de 29 de ani din comuna Berchi\u0219e\u0219ti, \u00eentr-un dosar penal complex care vizeaz\u0103 infrac\u021biuni la Legea 205\/2004 privind protec\u021bia animalelor \u0219i fapte asociate.<\/p>\n<figure class=\"wp-block-image size-large\"><a href=\"https:\/\/cdn.newsbucovina.ro\/wp-content\/uploads\/2026\/08\/WhatsApp-Image-2026-04-09-at-12.17.433.jpeg\"><img loading=\"lazy\" decoding=\"async\" width=\"1024\" height=\"768\" src=\"https:\/\/cdn.newsbucovina.ro\/wp-content\/uploads\/2026\/08\/WhatsApp-Image-2026-04-09-at-12.17.433-1024x768.jpeg\" alt class=\"wp-image-445812\"><\/a><\/figure>\n<p class=\"wp-block-paragraph\">Investiga\u021bia a \u00eenceput la 16 decembrie 2025, c\u00e2nd organele de cercetare penal\u0103 s-au sesizat din oficiu cu privire la s\u0103v\u00e2r\u0219irea infrac\u021biunii de ucidere a animalelor cu inten\u021bie, f\u0103r\u0103 drept. Potrivit sesiz\u0103rii, \u00een cadrul unui ad\u0103post privat apar\u021bin\u00e2nd unei asocia\u021bii din Berchi\u0219e\u0219ti ar fi fost ucise cu inten\u021bie, f\u0103r\u0103 drept, mai multe exemplare canine pe parcursul anului 2025. Animalele ar fi fost eutanasiate din aparente motive medicale, respectiv boli cronice sau agresivitate, \u00eens\u0103 activit\u0103\u021bile ar fi fost desf\u0103\u0219urate cu \u00eenc\u0103lcarea cadrului legal.<\/p>\n<p class=\"wp-block-paragraph\">Cauza a fost preluat\u0103 spre solu\u021bionare de Parchetul de pe l\u00e2ng\u0103 Tribunalul Suceava la data de 6 aprilie 2026. Procurorul de caz a solicitat emiterea a dou\u0103 mandate de perchezi\u021bie domiciliar\u0103, cerere admis\u0103 de judec\u0103torul de drepturi \u0219i libert\u0103\u021bi din cadrul Judec\u0103toriei Suceava.<\/p>\n<p class=\"wp-block-paragraph\">La 9 aprilie 2026, poli\u021bi\u0219tii din cadrul Serviciului de Investiga\u021bii Criminale, \u00eempreun\u0103 cu cei de la Biroul pentru Protec\u021bia Animalelor, au pus \u00een aplicare mandatele de perchezi\u021bie la sediul ad\u0103postului privat din Berchi\u0219e\u0219ti \u0219i la locuin\u021ba b\u0103rbatului de 29 de ani, care are calitatea de medic veterinar. Au fost identificate \u0219i ridicate sisteme informatice, precum \u0219i mai multe \u00eenscrisuri cu valoare probatorie.<\/p>\n<p class=\"wp-block-paragraph\">Joi diminea\u021b\u0103, dup\u0103 completarea materialului probator \u0219i audierea b\u0103rbatului, cu respectarea garan\u021biilor procesuale, poli\u021bi\u0219tii au dispus re\u021binerea acestuia pentru 24 de ore. B\u0103rbatul a fost \u00eencarcerat \u00een Centrul de Re\u021binere \u0219i Arestare Preventiv\u0103 al IPJ Suceava. Cercet\u0103rile continu\u0103 sub coordonarea procurorului de caz.<\/p>\n<figure class=\"wp-block-embed is-type-video is-provider-youtube wp-block-embed-youtube wp-embed-aspect-16-9 wp-has-aspect-ratio\">\n<div class=\"wp-block-embed__wrapper\">\n<div class=\"youtube-embed\" data-video_id=\"owaoRC5i8gM\"><iframe loading=\"lazy\" title=\"De ce s\u0103 vrei s\u0103 MORI la 23 de ani?? Buchet de infrac\u021biuni = ADIO via\u021b\u0103!!! Nu a avut nicio \u0219ans\u0103...\" width=\"696\" height=\"392\" src=\"https:\/\/www.youtube.com\/embed\/owaoRC5i8gM?feature=oembed&amp;enablejsapi=1\" frameborder allow=\"accelerometer; autoplay; clipboard-write; encrypted-media; gyroscope; picture-in-picture; web-share\" referrerpolicy=\"strict-origin-when-cross-origin\" allowfullscreen><\/iframe><\/div>\n<\/div>\n<\/figure>\n<div class=\"td-a-rec td-a-rec-id-content_bottom  tdi_4 td_block_template_1\"><strong>Intr\u0103 acum \u0219i \u00een grupul de <\/p>\n<div class=\"wp-block-button\"><a class=\"wp-block-button__link wp-element-button\" href=\"https:\/\/t.me\/+TH8wcfnp8fw5NWI0\">Telegram News Bucovina<\/a><\/div>\n<p><\/strong><\/div>\n<\/div>\n<p>[analyse_source url=&#8221;https:\/\/www.newsbucovina.ro\/actualitate\/445811\/barbat-retinut-in-arest-in-cazul-uciderii-ilegale-a-unor-caini-la-un-adapost-privat-din-berchisesti&#8221;]<\/p>\n","protected":false},"excerpt":{"rendered":"<p>[analyse_image type=&#8221;featured&#8221; src=&#8221;https:\/\/www.newsbucovina.ro\/wp-content\/uploads\/2026\/08\/WhatsApp-Image-2026-04-09-at-12.17.433.jpeghttps:\/\/cdn.newsbucovina.ro\/wp-content\/uploads\/2026\/08\/WhatsApp-Image-2026-04-09-at-12.17.433.jpeg&#8221;] Intr\u0103 acum \u0219i \u00een grupul de Telegram News Bucovina Poli\u021bi\u0219tii din cadrul Biroului pentru Protec\u021bia Animalelor al IPJ Suceava au dispus joi m\u0103sura re\u021binerii pentru 24 de ore fa\u021b\u0103 de un b\u0103rbat de 29 de ani din comuna Berchi\u0219e\u0219ti, \u00eentr-un dosar penal complex care vizeaz\u0103 infrac\u021biuni la Legea 205\/2004 privind protec\u021bia animalelor [&hellip;]<\/p>\n","protected":false},"author":1,"featured_media":0,"comment_status":"open","ping_status":"","sticky":false,"template":"","format":"standard","meta":{"footnotes":""},"categories":[89],"tags":[226,165],"class_list":["post-2083426","post","type-post","status-publish","format-standard","hentry","category-romania","tag-crawlmanager","tag-newsbucovina-ro"],"_links":{"self":[{"href":"https:\/\/analyse.optim.biz\/index.php?rest_route=\/wp\/v2\/posts\/2083426","targetHints":{"allow":["GET"]}}],"collection":[{"href":"https:\/\/analyse.optim.biz\/index.php?rest_route=\/wp\/v2\/posts"}],"about":[{"href":"https:\/\/analyse.optim.biz\/index.php?rest_route=\/wp\/v2\/types\/post"}],"author":[{"embeddable":true,"href":"https:\/\/analyse.optim.biz\/index.php?rest_route=\/wp\/v2\/users\/1"}],"replies":[{"embeddable":true,"href":"https:\/\/analyse.optim.biz\/index.php?rest_route=%2Fwp%2Fv2%2Fcomments&post=2083426"}],"version-history":[{"count":0,"href":"https:\/\/analyse.optim.biz\/index.php?rest_route=\/wp\/v2\/posts\/2083426\/revisions"}],"wp:attachment":[{"href":"https:\/\/analyse.optim.biz\/index.php?rest_route=%2Fwp%2Fv2%2Fmedia&parent=2083426"}],"wp:term":[{"taxonomy":"category","embeddable":true,"href":"https:\/\/analyse.optim.biz\/index.php?rest_route=%2Fwp%2Fv2%2Fcategories&post=2083426"},{"taxonomy":"post_tag","embeddable":true,"href":"https:\/\/analyse.optim.biz\/index.php?rest_route=%2Fwp%2Fv2%2Ftags&post=2083426"}],"curies":[{"name":"wp","href":"https:\/\/api.w.org\/{rel}","templated":true}]}}