{"id":2083424,"date":"2026-08-06T10:48:52","date_gmt":"2026-08-06T07:48:52","guid":{"rendered":"https:\/\/analyse.optim.biz\/?p=2083424"},"modified":"2026-08-06T10:48:52","modified_gmt":"2026-08-06T07:48:52","slug":"vicepresedintii-cj-suceava-prezenti-la-hramul-manastirii-slatina-si-la-deschiderea-zilelor-comunei","status":"publish","type":"post","link":"https:\/\/analyse.optim.biz\/?p=2083424","title":{"rendered":"Vicepre\u0219edin\u021bii CJ Suceava, prezen\u021bi la hramul M\u0103n\u0103stirii Slatina \u0219i la deschiderea Zilelor Comunei"},"content":{"rendered":"<p>[analyse_image type=&#8221;featured&#8221; src=&#8221;https:\/\/www.newsbucovina.ro\/wp-content\/uploads\/2026\/08\/WhatsApp-Image-2026-08-06-at-13.43.54.jpeghttps:\/\/cdn.newsbucovina.ro\/wp-content\/uploads\/2026\/08\/WhatsApp-Image-2026-08-06-at-13.43.54.jpeg&#8221;]<\/p>\n<div class=\"td-post-content tagdiv-type\">\n<div class=\"td-a-rec td-a-rec-id-content_top  tdi_3 td_block_template_1\"><strong>Intr\u0103 acum \u0219i \u00een grupul de <\/p>\n<div class=\"wp-block-button\"><a class=\"wp-block-button__link wp-element-button\" href=\"https:\/\/t.me\/+TH8wcfnp8fw5NWI0\">Telegram News Bucovina<\/a><\/div>\n<p><\/strong><\/div>\n<p class=\"wp-block-paragraph\">Vicepre\u0219edin\u021bii Consiliului Jude\u021bean Suceava, Nicolae Robu \u0219i Stelian Simeria, au participat joi diminea\u021b\u0103 la hramul M\u0103n\u0103stirii Slatina, \u00eenchinat\u0103 Schimb\u0103rii la Fa\u021b\u0103 a Domnului, iar ulterior au luat parte la deschiderea Zilelor Comunei Slatina.<\/p>\n<p class=\"wp-block-paragraph\">Sf\u00e2nta \u0219i Dumnezeiasca Liturghie a fost s\u0103v\u00e2r\u0219it\u0103 de Preasfin\u021bitul Macarie Dr\u0103goi, Episcopul Europei de Nord, \u00een prezen\u021ba a numero\u0219i credincio\u0219i de toate v\u00e2rstele, veni\u021bi \u00een pelerinaj din jude\u021bul Suceava \u0219i din \u00eentreaga \u021bar\u0103. M\u0103n\u0103stirea Slatina, situat\u0103 la poalele Mun\u021bilor St\u00e2ni\u0219oarei, pe valea p\u00e2r\u00e2ului Suha Mic\u0103, este una dintre cele mai frumoase \u0219i mai vechi m\u0103n\u0103stiri ale Bucovinei, fiind prima ctitorie a voievodului Alexandru L\u0103pu\u0219neanu.<\/p>\n<figure class=\"wp-block-gallery has-nested-images columns-default is-cropped wp-block-gallery-1 is-layout-flex wp-block-gallery-is-layout-flex\">\n<figure class=\"wp-block-image size-large\"><a href=\"https:\/\/cdn.newsbucovina.ro\/wp-content\/uploads\/2026\/08\/manastirea-slatina.jpeg\"><img loading=\"lazy\" decoding=\"async\" width=\"1024\" height=\"576\" data-id=\"445792\" src=\"https:\/\/cdn.newsbucovina.ro\/wp-content\/uploads\/2026\/08\/manastirea-slatina-1024x576.jpeg\" alt class=\"wp-image-445792\"><\/a><\/figure>\n<figure class=\"wp-block-image size-large\"><a href=\"https:\/\/cdn.newsbucovina.ro\/wp-content\/uploads\/2026\/08\/WhatsApp-Image-2026-08-06-at-13.43.54.jpeg\"><img loading=\"lazy\" decoding=\"async\" width=\"1024\" height=\"683\" data-id=\"445791\" src=\"https:\/\/cdn.newsbucovina.ro\/wp-content\/uploads\/2026\/08\/WhatsApp-Image-2026-08-06-at-13.43.54-1024x683.jpeg\" alt class=\"wp-image-445791\"><\/a><\/figure>\n<figure class=\"wp-block-image size-large\"><a href=\"https:\/\/cdn.newsbucovina.ro\/wp-content\/uploads\/2026\/08\/WhatsApp-Image-2026-08-06-at-13.43.522.jpeg\"><img decoding=\"async\" loading=\"lazy\" width=\"1024\" height=\"683\" data-id=\"445790\" src=\"https:\/\/cdn.newsbucovina.ro\/wp-content\/uploads\/2026\/08\/WhatsApp-Image-2026-08-06-at-13.43.522-1024x683.jpeg\" alt class=\"wp-image-445790\"><\/a><\/figure>\n<\/figure>\n<p class=\"wp-block-paragraph\">Al\u0103turi de cei doi vicepre\u0219edin\u021bi ai administra\u021biei jude\u021bene s-au aflat primarul comunei Slatina, Vl\u0103du\u021b Gherman, senatorul Ioan Stan, precum \u0219i al\u021bi reprezentan\u021bi ai administra\u021biei publice locale \u0219i jude\u021bene.<\/p>\n<p class=\"wp-block-paragraph\">Vicepre\u0219edintele Stelian Simeria a declarat c\u0103 vine cu bucurie de fiecare dat\u0103 la aceast\u0103 m\u0103n\u0103stire \u0219i a \u021binut s\u0103 fie prezent \u00een ziua de mare \u00eensemn\u0103tate pentru comunitatea local\u0103. Dup\u0103 momentele de rug\u0103ciune, oficialii s-au al\u0103turat localnicilor la deschiderea Zilelor Comunei Slatina, o s\u0103rb\u0103toare care aduce comunitatea \u00eempreun\u0103. Acesta a transmis locuitorilor mult\u0103 s\u0103n\u0103tate, bucurie \u0219i puterea de a p\u0103stra frumuse\u021bea, tradi\u021biile \u0219i spiritul comunei.<\/p>\n<p class=\"wp-block-paragraph\">Vicepre\u0219edintele Nicolae Robu a subliniat c\u0103 Schimbarea la Fa\u021b\u0103 a Domnului vorbe\u0219te despre credin\u021b\u0103, speran\u021b\u0103 \u0219i \u00eennoire sufleteasc\u0103. Acesta a urat ob\u0219tii m\u0103n\u0103stirii ani binecuv\u00e2nta\u021bi, iar locuitorilor \u0219i pelerinilor g\u00e2nduri bune, s\u0103n\u0103tate \u0219i pace sufleteasc\u0103, exprim\u00e2ndu-\u0219i bucuria de a fi prezent la deschiderea Zilelor Comunei, al\u0103turi de o comunitate unit\u0103 \u0219i primitoare.<\/p>\n<figure class=\"wp-block-embed is-type-video is-provider-youtube wp-block-embed-youtube wp-embed-aspect-16-9 wp-has-aspect-ratio\">\n<div class=\"wp-block-embed__wrapper\">\n<div class=\"youtube-embed\" data-video_id=\"owaoRC5i8gM\"><iframe loading=\"lazy\" title=\"De ce s\u0103 vrei s\u0103 MORI la 23 de ani?? Buchet de infrac\u021biuni = ADIO via\u021b\u0103!!! Nu a avut nicio \u0219ans\u0103...\" width=\"696\" height=\"392\" src=\"https:\/\/www.youtube.com\/embed\/owaoRC5i8gM?feature=oembed&amp;enablejsapi=1\" frameborder allow=\"accelerometer; autoplay; clipboard-write; encrypted-media; gyroscope; picture-in-picture; web-share\" referrerpolicy=\"strict-origin-when-cross-origin\" allowfullscreen><\/iframe><\/div>\n<\/div>\n<\/figure>\n<div class=\"td-a-rec td-a-rec-id-content_bottom  tdi_4 td_block_template_1\"><strong>Intr\u0103 acum \u0219i \u00een grupul de <\/p>\n<div class=\"wp-block-button\"><a class=\"wp-block-button__link wp-element-button\" href=\"https:\/\/t.me\/+TH8wcfnp8fw5NWI0\">Telegram News Bucovina<\/a><\/div>\n<p><\/strong><\/div>\n<\/div>\n<div class=\"td-post-content tagdiv-type\">\n<div class=\"td-a-rec td-a-rec-id-content_top  tdi_3 td_block_template_1\"><strong>Intr\u0103 acum \u0219i \u00een grupul de <\/p>\n<div class=\"wp-block-button\"><a class=\"wp-block-button__link wp-element-button\" href=\"https:\/\/t.me\/+TH8wcfnp8fw5NWI0\">Telegram News Bucovina<\/a><\/div>\n<p><\/strong><\/div>\n<p class=\"wp-block-paragraph\">Vicepre\u0219edin\u021bii Consiliului Jude\u021bean Suceava, Nicolae Robu \u0219i Stelian Simeria, au participat joi diminea\u021b\u0103 la hramul M\u0103n\u0103stirii Slatina, \u00eenchinat\u0103 Schimb\u0103rii la Fa\u021b\u0103 a Domnului, iar ulterior au luat parte la deschiderea Zilelor Comunei Slatina.<\/p>\n<p class=\"wp-block-paragraph\">Sf\u00e2nta \u0219i Dumnezeiasca Liturghie a fost s\u0103v\u00e2r\u0219it\u0103 de Preasfin\u021bitul Macarie Dr\u0103goi, Episcopul Europei de Nord, \u00een prezen\u021ba a numero\u0219i credincio\u0219i de toate v\u00e2rstele, veni\u021bi \u00een pelerinaj din jude\u021bul Suceava \u0219i din \u00eentreaga \u021bar\u0103. M\u0103n\u0103stirea Slatina, situat\u0103 la poalele Mun\u021bilor St\u00e2ni\u0219oarei, pe valea p\u00e2r\u00e2ului Suha Mic\u0103, este una dintre cele mai frumoase \u0219i mai vechi m\u0103n\u0103stiri ale Bucovinei, fiind prima ctitorie a voievodului Alexandru L\u0103pu\u0219neanu.<\/p>\n<figure class=\"wp-block-gallery has-nested-images columns-default is-cropped wp-block-gallery-1 is-layout-flex wp-block-gallery-is-layout-flex\">\n<figure class=\"wp-block-image size-large\"><a href=\"https:\/\/cdn.newsbucovina.ro\/wp-content\/uploads\/2026\/08\/manastirea-slatina.jpeg\"><img loading=\"lazy\" decoding=\"async\" width=\"1024\" height=\"576\" data-id=\"445792\" src=\"https:\/\/cdn.newsbucovina.ro\/wp-content\/uploads\/2026\/08\/manastirea-slatina-1024x576.jpeg\" alt class=\"wp-image-445792\"><\/a><\/figure>\n<figure class=\"wp-block-image size-large\"><a href=\"https:\/\/cdn.newsbucovina.ro\/wp-content\/uploads\/2026\/08\/WhatsApp-Image-2026-08-06-at-13.43.54.jpeg\"><img loading=\"lazy\" decoding=\"async\" width=\"1024\" height=\"683\" data-id=\"445791\" src=\"https:\/\/cdn.newsbucovina.ro\/wp-content\/uploads\/2026\/08\/WhatsApp-Image-2026-08-06-at-13.43.54-1024x683.jpeg\" alt class=\"wp-image-445791\"><\/a><\/figure>\n<figure class=\"wp-block-image size-large\"><a href=\"https:\/\/cdn.newsbucovina.ro\/wp-content\/uploads\/2026\/08\/WhatsApp-Image-2026-08-06-at-13.43.522.jpeg\"><img decoding=\"async\" loading=\"lazy\" width=\"1024\" height=\"683\" data-id=\"445790\" src=\"https:\/\/cdn.newsbucovina.ro\/wp-content\/uploads\/2026\/08\/WhatsApp-Image-2026-08-06-at-13.43.522-1024x683.jpeg\" alt class=\"wp-image-445790\"><\/a><\/figure>\n<\/figure>\n<p class=\"wp-block-paragraph\">Al\u0103turi de cei doi vicepre\u0219edin\u021bi ai administra\u021biei jude\u021bene s-au aflat primarul comunei Slatina, Vl\u0103du\u021b Gherman, senatorul Ioan Stan, precum \u0219i al\u021bi reprezentan\u021bi ai administra\u021biei publice locale \u0219i jude\u021bene.<\/p>\n<p class=\"wp-block-paragraph\">Vicepre\u0219edintele Stelian Simeria a declarat c\u0103 vine cu bucurie de fiecare dat\u0103 la aceast\u0103 m\u0103n\u0103stire \u0219i a \u021binut s\u0103 fie prezent \u00een ziua de mare \u00eensemn\u0103tate pentru comunitatea local\u0103. Dup\u0103 momentele de rug\u0103ciune, oficialii s-au al\u0103turat localnicilor la deschiderea Zilelor Comunei Slatina, o s\u0103rb\u0103toare care aduce comunitatea \u00eempreun\u0103. Acesta a transmis locuitorilor mult\u0103 s\u0103n\u0103tate, bucurie \u0219i puterea de a p\u0103stra frumuse\u021bea, tradi\u021biile \u0219i spiritul comunei.<\/p>\n<p class=\"wp-block-paragraph\">Vicepre\u0219edintele Nicolae Robu a subliniat c\u0103 Schimbarea la Fa\u021b\u0103 a Domnului vorbe\u0219te despre credin\u021b\u0103, speran\u021b\u0103 \u0219i \u00eennoire sufleteasc\u0103. Acesta a urat ob\u0219tii m\u0103n\u0103stirii ani binecuv\u00e2nta\u021bi, iar locuitorilor \u0219i pelerinilor g\u00e2nduri bune, s\u0103n\u0103tate \u0219i pace sufleteasc\u0103, exprim\u00e2ndu-\u0219i bucuria de a fi prezent la deschiderea Zilelor Comunei, al\u0103turi de o comunitate unit\u0103 \u0219i primitoare.<\/p>\n<figure class=\"wp-block-embed is-type-video is-provider-youtube wp-block-embed-youtube wp-embed-aspect-16-9 wp-has-aspect-ratio\">\n<div class=\"wp-block-embed__wrapper\">\n<div class=\"youtube-embed\" data-video_id=\"owaoRC5i8gM\"><iframe loading=\"lazy\" title=\"De ce s\u0103 vrei s\u0103 MORI la 23 de ani?? Buchet de infrac\u021biuni = ADIO via\u021b\u0103!!! Nu a avut nicio \u0219ans\u0103...\" width=\"696\" height=\"392\" src=\"https:\/\/www.youtube.com\/embed\/owaoRC5i8gM?feature=oembed&amp;enablejsapi=1\" frameborder allow=\"accelerometer; autoplay; clipboard-write; encrypted-media; gyroscope; picture-in-picture; web-share\" referrerpolicy=\"strict-origin-when-cross-origin\" allowfullscreen><\/iframe><\/div>\n<\/div>\n<\/figure>\n<div class=\"td-a-rec td-a-rec-id-content_bottom  tdi_4 td_block_template_1\"><strong>Intr\u0103 acum \u0219i \u00een grupul de <\/p>\n<div class=\"wp-block-button\"><a class=\"wp-block-button__link wp-element-button\" href=\"https:\/\/t.me\/+TH8wcfnp8fw5NWI0\">Telegram News Bucovina<\/a><\/div>\n<p><\/strong><\/div>\n<\/div>\n<p>[analyse_source url=&#8221;https:\/\/www.newsbucovina.ro\/actualitate\/445789\/vicepresedintii-cj-suceava-prezenti-la-hramul-manastirii-slatina-si-la-deschiderea-zilelor-comunei&#8221;]<\/p>\n","protected":false},"excerpt":{"rendered":"<p>[analyse_image type=&#8221;featured&#8221; src=&#8221;https:\/\/www.newsbucovina.ro\/wp-content\/uploads\/2026\/08\/WhatsApp-Image-2026-08-06-at-13.43.54.jpeghttps:\/\/cdn.newsbucovina.ro\/wp-content\/uploads\/2026\/08\/WhatsApp-Image-2026-08-06-at-13.43.54.jpeg&#8221;] Intr\u0103 acum \u0219i \u00een grupul de Telegram News Bucovina Vicepre\u0219edin\u021bii Consiliului Jude\u021bean Suceava, Nicolae Robu \u0219i Stelian Simeria, au participat joi diminea\u021b\u0103 la hramul M\u0103n\u0103stirii Slatina, \u00eenchinat\u0103 Schimb\u0103rii la Fa\u021b\u0103 a Domnului, iar ulterior au luat parte la deschiderea Zilelor Comunei Slatina. Sf\u00e2nta \u0219i Dumnezeiasca Liturghie a fost s\u0103v\u00e2r\u0219it\u0103 de Preasfin\u021bitul Macarie [&hellip;]<\/p>\n","protected":false},"author":1,"featured_media":0,"comment_status":"open","ping_status":"","sticky":false,"template":"","format":"standard","meta":{"footnotes":""},"categories":[89],"tags":[226,165],"class_list":["post-2083424","post","type-post","status-publish","format-standard","hentry","category-romania","tag-crawlmanager","tag-newsbucovina-ro"],"_links":{"self":[{"href":"https:\/\/analyse.optim.biz\/index.php?rest_route=\/wp\/v2\/posts\/2083424","targetHints":{"allow":["GET"]}}],"collection":[{"href":"https:\/\/analyse.optim.biz\/index.php?rest_route=\/wp\/v2\/posts"}],"about":[{"href":"https:\/\/analyse.optim.biz\/index.php?rest_route=\/wp\/v2\/types\/post"}],"author":[{"embeddable":true,"href":"https:\/\/analyse.optim.biz\/index.php?rest_route=\/wp\/v2\/users\/1"}],"replies":[{"embeddable":true,"href":"https:\/\/analyse.optim.biz\/index.php?rest_route=%2Fwp%2Fv2%2Fcomments&post=2083424"}],"version-history":[{"count":0,"href":"https:\/\/analyse.optim.biz\/index.php?rest_route=\/wp\/v2\/posts\/2083424\/revisions"}],"wp:attachment":[{"href":"https:\/\/analyse.optim.biz\/index.php?rest_route=%2Fwp%2Fv2%2Fmedia&parent=2083424"}],"wp:term":[{"taxonomy":"category","embeddable":true,"href":"https:\/\/analyse.optim.biz\/index.php?rest_route=%2Fwp%2Fv2%2Fcategories&post=2083424"},{"taxonomy":"post_tag","embeddable":true,"href":"https:\/\/analyse.optim.biz\/index.php?rest_route=%2Fwp%2Fv2%2Ftags&post=2083424"}],"curies":[{"name":"wp","href":"https:\/\/api.w.org\/{rel}","templated":true}]}}