{"id":2083422,"date":"2026-08-07T11:32:56","date_gmt":"2026-08-07T08:32:56","guid":{"rendered":"https:\/\/analyse.optim.biz\/?p=2083422"},"modified":"2026-08-07T11:32:56","modified_gmt":"2026-08-07T08:32:56","slug":"medic-veterinar-pus-sub-control-judiciar-dupa-eutanasierea-ilegala-a-662-de-caini-intr-un-adapost-privat-din-berchisesti","status":"publish","type":"post","link":"https:\/\/analyse.optim.biz\/?p=2083422","title":{"rendered":"Medic veterinar pus sub control judiciar dup\u0103 eutanasierea ilegal\u0103 a 662 de c\u00e2ini \u00eentr-un ad\u0103post privat din Berchi\u0219e\u0219ti"},"content":{"rendered":"<p>[analyse_image type=&#8221;featured&#8221; src=&#8221;https:\/\/www.newsbucovina.ro\/wp-content\/uploads\/2026\/08\/WhatsApp-Image-2026-04-09-at-12.17.433.jpeghttps:\/\/cdn.newsbucovina.ro\/wp-content\/uploads\/2026\/08\/WhatsApp-Image-2026-04-09-at-12.17.433.jpeg&#8221;]<\/p>\n<div class=\"td-post-content tagdiv-type\">\n<div class=\"td-a-rec td-a-rec-id-content_top  tdi_3 td_block_template_1\"><strong>Intr\u0103 acum \u0219i \u00een grupul de <\/p>\n<div class=\"wp-block-button\"><a class=\"wp-block-button__link wp-element-button\" href=\"https:\/\/t.me\/+TH8wcfnp8fw5NWI0\">Telegram News Bucovina<\/a><\/div>\n<p><\/strong><\/div>\n<p class=\"wp-block-paragraph\">Parchetul de pe l\u00e2ng\u0103 Tribunalul Suceava a dispus, prin ordonan\u021ba din 7 august 2026, punerea \u00een mi\u0219care a ac\u021biunii penale fa\u021b\u0103 de un medic veterinar pentru s\u0103v\u00e2r\u0219irea infrac\u021biunii de ucidere a animalelor cu inten\u021bie, f\u0103r\u0103 drept.<\/p>\n<figure class=\"wp-block-image size-large\"><a href=\"https:\/\/cdn.newsbucovina.ro\/wp-content\/uploads\/2026\/08\/WhatsApp-Image-2026-04-09-at-12.17.433.jpeg\"><img loading=\"lazy\" decoding=\"async\" width=\"1024\" height=\"768\" src=\"https:\/\/cdn.newsbucovina.ro\/wp-content\/uploads\/2026\/08\/WhatsApp-Image-2026-04-09-at-12.17.433-1024x768.jpeg\" alt class=\"wp-image-445812\"><\/a><\/figure>\n<p class=\"wp-block-paragraph\">Potrivit procurorilor, \u00een perioada 21 decembrie 2023 \u2013 4 aprilie 2026, inculpatul a eutanasiat, f\u0103r\u0103 drept \u0219i cu \u00eenc\u0103lcarea dispozi\u021biilor legale, 662 de exemplare canine capturate \u0219i transportate la sediul unui ad\u0103post privat din Berchi\u0219e\u0219ti.<\/p>\n<p class=\"wp-block-paragraph\">Medicul \u00a0a invocat motive medicale precum boal\u0103 cronic\u0103 sau agresivitate, de\u0219i legisla\u021bia permite eutanasierea doar \u00een cazul bolilor incurabile atestate prin examen medical sau, \u00een ad\u0103posturile publice, pe baza unei decizii emise de o persoan\u0103 \u00eemputernicit\u0103 de primar.<\/p>\n<p class=\"wp-block-paragraph\">Din totalul de 662 de c\u00e2ini, 513 au fost eutanasia\u021bi pe motiv de agresivitate, 54 pe motiv de parvovirus, 34 din cauza unor traumatisme, 21 pentru fracturi, 17 pentru tumori, 11 pentru dermatit\u0103, 4 pentru stop cardio-respirator, c\u00e2te unul pentru gastroenterit\u0103, b\u0103tr\u00e2ne\u021be \u0219i hemoragie (f\u0103r\u0103 fi\u0219\u0103 de observa\u021bie), iar 5 f\u0103r\u0103 men\u021bionarea vreunui motiv.<\/p>\n<p class=\"wp-block-paragraph\">Prin aceea\u0219i ordonan\u021b\u0103, procurorul a dispus luarea m\u0103surii controlului judiciar fa\u021b\u0103 de inculpat pe o perioad\u0103 de 60 de zile, \u00eencep\u00e2nd cu data de 7 august 2026 p\u00e2n\u0103 la 5 octombrie 2026 inclusiv.<\/p>\n<p class=\"wp-block-paragraph\">Cercet\u0103rile continu\u0103 sub supravegherea Parchetului de pe l\u00e2ng\u0103 Tribunalul Suceava.<\/p>\n<figure class=\"wp-block-embed is-type-video is-provider-youtube wp-block-embed-youtube wp-embed-aspect-16-9 wp-has-aspect-ratio\">\n<div class=\"wp-block-embed__wrapper\">\n<div class=\"youtube-embed\" data-video_id=\"KyNd2p4Lwm8\"><iframe loading=\"lazy\" title=\"\"Antrenorul de VINETE\" a dat lovitura - Ardeii Portocalii de MITOC au cucerit Europa!!\" width=\"696\" height=\"392\" src=\"https:\/\/www.youtube.com\/embed\/KyNd2p4Lwm8?feature=oembed&amp;enablejsapi=1\" frameborder allow=\"accelerometer; autoplay; clipboard-write; encrypted-media; gyroscope; picture-in-picture; web-share\" referrerpolicy=\"strict-origin-when-cross-origin\" allowfullscreen><\/iframe><\/div>\n<\/div>\n<\/figure>\n<div class=\"td-a-rec td-a-rec-id-content_bottom  tdi_4 td_block_template_1\"><strong>Intr\u0103 acum \u0219i \u00een grupul de <\/p>\n<div class=\"wp-block-button\"><a class=\"wp-block-button__link wp-element-button\" href=\"https:\/\/t.me\/+TH8wcfnp8fw5NWI0\">Telegram News Bucovina<\/a><\/div>\n<p><\/strong><\/div>\n<\/div>\n<div class=\"td-post-content tagdiv-type\">\n<div class=\"td-a-rec td-a-rec-id-content_top  tdi_3 td_block_template_1\"><strong>Intr\u0103 acum \u0219i \u00een grupul de <\/p>\n<div class=\"wp-block-button\"><a class=\"wp-block-button__link wp-element-button\" href=\"https:\/\/t.me\/+TH8wcfnp8fw5NWI0\">Telegram News Bucovina<\/a><\/div>\n<p><\/strong><\/div>\n<p class=\"wp-block-paragraph\">Parchetul de pe l\u00e2ng\u0103 Tribunalul Suceava a dispus, prin ordonan\u021ba din 7 august 2026, punerea \u00een mi\u0219care a ac\u021biunii penale fa\u021b\u0103 de un medic veterinar pentru s\u0103v\u00e2r\u0219irea infrac\u021biunii de ucidere a animalelor cu inten\u021bie, f\u0103r\u0103 drept.<\/p>\n<figure class=\"wp-block-image size-large\"><a href=\"https:\/\/cdn.newsbucovina.ro\/wp-content\/uploads\/2026\/08\/WhatsApp-Image-2026-04-09-at-12.17.433.jpeg\"><img loading=\"lazy\" decoding=\"async\" width=\"1024\" height=\"768\" src=\"https:\/\/cdn.newsbucovina.ro\/wp-content\/uploads\/2026\/08\/WhatsApp-Image-2026-04-09-at-12.17.433-1024x768.jpeg\" alt class=\"wp-image-445812\"><\/a><\/figure>\n<p class=\"wp-block-paragraph\">Potrivit procurorilor, \u00een perioada 21 decembrie 2023 \u2013 4 aprilie 2026, inculpatul a eutanasiat, f\u0103r\u0103 drept \u0219i cu \u00eenc\u0103lcarea dispozi\u021biilor legale, 662 de exemplare canine capturate \u0219i transportate la sediul unui ad\u0103post privat din Berchi\u0219e\u0219ti.<\/p>\n<p class=\"wp-block-paragraph\">Medicul \u00a0a invocat motive medicale precum boal\u0103 cronic\u0103 sau agresivitate, de\u0219i legisla\u021bia permite eutanasierea doar \u00een cazul bolilor incurabile atestate prin examen medical sau, \u00een ad\u0103posturile publice, pe baza unei decizii emise de o persoan\u0103 \u00eemputernicit\u0103 de primar.<\/p>\n<p class=\"wp-block-paragraph\">Din totalul de 662 de c\u00e2ini, 513 au fost eutanasia\u021bi pe motiv de agresivitate, 54 pe motiv de parvovirus, 34 din cauza unor traumatisme, 21 pentru fracturi, 17 pentru tumori, 11 pentru dermatit\u0103, 4 pentru stop cardio-respirator, c\u00e2te unul pentru gastroenterit\u0103, b\u0103tr\u00e2ne\u021be \u0219i hemoragie (f\u0103r\u0103 fi\u0219\u0103 de observa\u021bie), iar 5 f\u0103r\u0103 men\u021bionarea vreunui motiv.<\/p>\n<p class=\"wp-block-paragraph\">Prin aceea\u0219i ordonan\u021b\u0103, procurorul a dispus luarea m\u0103surii controlului judiciar fa\u021b\u0103 de inculpat pe o perioad\u0103 de 60 de zile, \u00eencep\u00e2nd cu data de 7 august 2026 p\u00e2n\u0103 la 5 octombrie 2026 inclusiv.<\/p>\n<p class=\"wp-block-paragraph\">Cercet\u0103rile continu\u0103 sub supravegherea Parchetului de pe l\u00e2ng\u0103 Tribunalul Suceava.<\/p>\n<figure class=\"wp-block-embed is-type-video is-provider-youtube wp-block-embed-youtube wp-embed-aspect-16-9 wp-has-aspect-ratio\">\n<div class=\"wp-block-embed__wrapper\">\n<div class=\"youtube-embed\" data-video_id=\"KyNd2p4Lwm8\"><iframe loading=\"lazy\" title=\"\"Antrenorul de VINETE\" a dat lovitura - Ardeii Portocalii de MITOC au cucerit Europa!!\" width=\"696\" height=\"392\" src=\"https:\/\/www.youtube.com\/embed\/KyNd2p4Lwm8?feature=oembed&amp;enablejsapi=1\" frameborder allow=\"accelerometer; autoplay; clipboard-write; encrypted-media; gyroscope; picture-in-picture; web-share\" referrerpolicy=\"strict-origin-when-cross-origin\" allowfullscreen><\/iframe><\/div>\n<\/div>\n<\/figure>\n<div class=\"td-a-rec td-a-rec-id-content_bottom  tdi_4 td_block_template_1\"><strong>Intr\u0103 acum \u0219i \u00een grupul de <\/p>\n<div class=\"wp-block-button\"><a class=\"wp-block-button__link wp-element-button\" href=\"https:\/\/t.me\/+TH8wcfnp8fw5NWI0\">Telegram News Bucovina<\/a><\/div>\n<p><\/strong><\/div>\n<\/div>\n<p>[analyse_source url=&#8221;https:\/\/www.newsbucovina.ro\/actualitate\/445902\/medic-veterinar-pus-sub-control-judiciar-dupa-eutanasierea-ilegala-a-662-de-caini-intr-un-adapost-privat-din-berchisesti&#8221;]<\/p>\n","protected":false},"excerpt":{"rendered":"<p>[analyse_image type=&#8221;featured&#8221; src=&#8221;https:\/\/www.newsbucovina.ro\/wp-content\/uploads\/2026\/08\/WhatsApp-Image-2026-04-09-at-12.17.433.jpeghttps:\/\/cdn.newsbucovina.ro\/wp-content\/uploads\/2026\/08\/WhatsApp-Image-2026-04-09-at-12.17.433.jpeg&#8221;] Intr\u0103 acum \u0219i \u00een grupul de Telegram News Bucovina Parchetul de pe l\u00e2ng\u0103 Tribunalul Suceava a dispus, prin ordonan\u021ba din 7 august 2026, punerea \u00een mi\u0219care a ac\u021biunii penale fa\u021b\u0103 de un medic veterinar pentru s\u0103v\u00e2r\u0219irea infrac\u021biunii de ucidere a animalelor cu inten\u021bie, f\u0103r\u0103 drept. Potrivit procurorilor, \u00een perioada 21 decembrie 2023 [&hellip;]<\/p>\n","protected":false},"author":1,"featured_media":0,"comment_status":"open","ping_status":"","sticky":false,"template":"","format":"standard","meta":{"footnotes":""},"categories":[89],"tags":[226,165],"class_list":["post-2083422","post","type-post","status-publish","format-standard","hentry","category-romania","tag-crawlmanager","tag-newsbucovina-ro"],"_links":{"self":[{"href":"https:\/\/analyse.optim.biz\/index.php?rest_route=\/wp\/v2\/posts\/2083422","targetHints":{"allow":["GET"]}}],"collection":[{"href":"https:\/\/analyse.optim.biz\/index.php?rest_route=\/wp\/v2\/posts"}],"about":[{"href":"https:\/\/analyse.optim.biz\/index.php?rest_route=\/wp\/v2\/types\/post"}],"author":[{"embeddable":true,"href":"https:\/\/analyse.optim.biz\/index.php?rest_route=\/wp\/v2\/users\/1"}],"replies":[{"embeddable":true,"href":"https:\/\/analyse.optim.biz\/index.php?rest_route=%2Fwp%2Fv2%2Fcomments&post=2083422"}],"version-history":[{"count":0,"href":"https:\/\/analyse.optim.biz\/index.php?rest_route=\/wp\/v2\/posts\/2083422\/revisions"}],"wp:attachment":[{"href":"https:\/\/analyse.optim.biz\/index.php?rest_route=%2Fwp%2Fv2%2Fmedia&parent=2083422"}],"wp:term":[{"taxonomy":"category","embeddable":true,"href":"https:\/\/analyse.optim.biz\/index.php?rest_route=%2Fwp%2Fv2%2Fcategories&post=2083422"},{"taxonomy":"post_tag","embeddable":true,"href":"https:\/\/analyse.optim.biz\/index.php?rest_route=%2Fwp%2Fv2%2Ftags&post=2083422"}],"curies":[{"name":"wp","href":"https:\/\/api.w.org\/{rel}","templated":true}]}}