{"id":2083420,"date":"2026-08-07T11:27:08","date_gmt":"2026-08-07T08:27:08","guid":{"rendered":"https:\/\/analyse.optim.biz\/?p=2083420"},"modified":"2026-08-07T11:27:08","modified_gmt":"2026-08-07T08:27:08","slug":"accident-rutier-la-varfu-dealului-sofer-in-stare-de-inconstienta-extras-din-masina-de-salvatorii-isu-dupa-ce-s-a-rasturnat-cu-autoturismul","status":"publish","type":"post","link":"https:\/\/analyse.optim.biz\/?p=2083420","title":{"rendered":"Accident rutier la V\u00e2rfu Dealului: \u0218ofer \u00een stare de incon\u0219tien\u021b\u0103 extras din ma\u0219in\u0103 de salvatorii ISU dup\u0103 ce s-a r\u0103sturnat cu autoturismul"},"content":{"rendered":"<p>[analyse_image type=&#8221;featured&#8221; src=&#8221;https:\/\/www.newsbucovina.ro\/wp-content\/uploads\/2026\/08\/WhatsApp-Image-2026-08-07-at-rasturnat.jpeghttps:\/\/cdn.newsbucovina.ro\/wp-content\/uploads\/2026\/08\/WhatsApp-Image-2026-08-07-at-rasturnat.jpeg&#8221;]<\/p>\n<div class=\"td-post-content tagdiv-type\">\n<div class=\"td-a-rec td-a-rec-id-content_top  tdi_3 td_block_template_1\"><strong>Intr\u0103 acum \u0219i \u00een grupul de <\/p>\n<div class=\"wp-block-button\"><a class=\"wp-block-button__link wp-element-button\" href=\"https:\/\/t.me\/+TH8wcfnp8fw5NWI0\">Telegram News Bucovina<\/a><\/div>\n<p><\/strong><\/div>\n<p class=\"wp-block-paragraph\">Un accident rutier s-a produs, vineri, pe raza localit\u0103\u021bii V\u00e2rfu Dealului, unde un autoturism s-a r\u0103sturnat. <\/p>\n<p class=\"wp-block-paragraph\">\u00cen vehicul se afla doar \u0219oferul, care a r\u0103mas \u00eencarcerat.<\/p>\n<figure class=\"wp-block-gallery has-nested-images columns-default is-cropped wp-block-gallery-1 is-layout-flex wp-block-gallery-is-layout-flex\">\n<figure class=\"wp-block-image size-large\"><a href=\"https:\/\/cdn.newsbucovina.ro\/wp-content\/uploads\/2026\/08\/WhatsApp-Image-2026-08-07-at-rasturnat.jpeg\"><img loading=\"lazy\" decoding=\"async\" width=\"1024\" height=\"576\" data-id=\"445900\" src=\"https:\/\/cdn.newsbucovina.ro\/wp-content\/uploads\/2026\/08\/WhatsApp-Image-2026-08-07-at-rasturnat-1024x576.jpeg\" alt class=\"wp-image-445900\"><\/a><\/figure>\n<\/figure>\n<p class=\"wp-block-paragraph\">Potrivit purt\u0103torului de cuv\u00e2nt al ISU Suceava, locotenent colonel Alin G\u0103leat\u0103, la fa\u021ba locului au intervenit pompierii militari cu o autospecial\u0103 pentru descarcerare \u0219i o ambulan\u021b\u0103 SMURD, sprijinite de dou\u0103 echipaje ale Serviciului de Ambulan\u021b\u0103 Jude\u021bean. <\/p>\n<p class=\"wp-block-paragraph\">Victima, aflat\u0103 \u00een stare de incon\u0219tien\u021b\u0103, dar cu func\u021biile vitale p\u0103strate, a fost extras\u0103 din autoturism de c\u0103tre pompierii militari \u0219i preluat\u0103 de echipajele medicale.<\/p>\n<p class=\"wp-block-paragraph\">Dup\u0103 stabilizarea st\u0103rii, b\u0103rbatul a fost transportat la spital pentru investiga\u021bii suplimentare \u0219i tratament de specialitate.<\/p>\n<figure class=\"wp-block-embed is-type-video is-provider-youtube wp-block-embed-youtube wp-embed-aspect-16-9 wp-has-aspect-ratio\">\n<div class=\"wp-block-embed__wrapper\">\n<div class=\"youtube-embed\" data-video_id=\"KyNd2p4Lwm8\"><iframe loading=\"lazy\" title=\"\"Antrenorul de VINETE\" a dat lovitura - Ardeii Portocalii de MITOC au cucerit Europa!!\" width=\"696\" height=\"392\" src=\"https:\/\/www.youtube.com\/embed\/KyNd2p4Lwm8?feature=oembed&amp;enablejsapi=1\" frameborder allow=\"accelerometer; autoplay; clipboard-write; encrypted-media; gyroscope; picture-in-picture; web-share\" referrerpolicy=\"strict-origin-when-cross-origin\" allowfullscreen><\/iframe><\/div>\n<\/div>\n<\/figure>\n<div class=\"td-a-rec td-a-rec-id-content_bottom  tdi_4 td_block_template_1\"><strong>Intr\u0103 acum \u0219i \u00een grupul de <\/p>\n<div class=\"wp-block-button\"><a class=\"wp-block-button__link wp-element-button\" href=\"https:\/\/t.me\/+TH8wcfnp8fw5NWI0\">Telegram News Bucovina<\/a><\/div>\n<p><\/strong><\/div>\n<\/div>\n<div class=\"td-post-content tagdiv-type\">\n<div class=\"td-a-rec td-a-rec-id-content_top  tdi_3 td_block_template_1\"><strong>Intr\u0103 acum \u0219i \u00een grupul de <\/p>\n<div class=\"wp-block-button\"><a class=\"wp-block-button__link wp-element-button\" href=\"https:\/\/t.me\/+TH8wcfnp8fw5NWI0\">Telegram News Bucovina<\/a><\/div>\n<p><\/strong><\/div>\n<p class=\"wp-block-paragraph\">Un accident rutier s-a produs, vineri, pe raza localit\u0103\u021bii V\u00e2rfu Dealului, unde un autoturism s-a r\u0103sturnat. <\/p>\n<p class=\"wp-block-paragraph\">\u00cen vehicul se afla doar \u0219oferul, care a r\u0103mas \u00eencarcerat.<\/p>\n<figure class=\"wp-block-gallery has-nested-images columns-default is-cropped wp-block-gallery-1 is-layout-flex wp-block-gallery-is-layout-flex\">\n<figure class=\"wp-block-image size-large\"><a href=\"https:\/\/cdn.newsbucovina.ro\/wp-content\/uploads\/2026\/08\/WhatsApp-Image-2026-08-07-at-rasturnat.jpeg\"><img loading=\"lazy\" decoding=\"async\" width=\"1024\" height=\"576\" data-id=\"445900\" src=\"https:\/\/cdn.newsbucovina.ro\/wp-content\/uploads\/2026\/08\/WhatsApp-Image-2026-08-07-at-rasturnat-1024x576.jpeg\" alt class=\"wp-image-445900\"><\/a><\/figure>\n<\/figure>\n<p class=\"wp-block-paragraph\">Potrivit purt\u0103torului de cuv\u00e2nt al ISU Suceava, locotenent colonel Alin G\u0103leat\u0103, la fa\u021ba locului au intervenit pompierii militari cu o autospecial\u0103 pentru descarcerare \u0219i o ambulan\u021b\u0103 SMURD, sprijinite de dou\u0103 echipaje ale Serviciului de Ambulan\u021b\u0103 Jude\u021bean. <\/p>\n<p class=\"wp-block-paragraph\">Victima, aflat\u0103 \u00een stare de incon\u0219tien\u021b\u0103, dar cu func\u021biile vitale p\u0103strate, a fost extras\u0103 din autoturism de c\u0103tre pompierii militari \u0219i preluat\u0103 de echipajele medicale.<\/p>\n<p class=\"wp-block-paragraph\">Dup\u0103 stabilizarea st\u0103rii, b\u0103rbatul a fost transportat la spital pentru investiga\u021bii suplimentare \u0219i tratament de specialitate.<\/p>\n<figure class=\"wp-block-embed is-type-video is-provider-youtube wp-block-embed-youtube wp-embed-aspect-16-9 wp-has-aspect-ratio\">\n<div class=\"wp-block-embed__wrapper\">\n<div class=\"youtube-embed\" data-video_id=\"KyNd2p4Lwm8\"><iframe loading=\"lazy\" title=\"\"Antrenorul de VINETE\" a dat lovitura - Ardeii Portocalii de MITOC au cucerit Europa!!\" width=\"696\" height=\"392\" src=\"https:\/\/www.youtube.com\/embed\/KyNd2p4Lwm8?feature=oembed&amp;enablejsapi=1\" frameborder allow=\"accelerometer; autoplay; clipboard-write; encrypted-media; gyroscope; picture-in-picture; web-share\" referrerpolicy=\"strict-origin-when-cross-origin\" allowfullscreen><\/iframe><\/div>\n<\/div>\n<\/figure>\n<div class=\"td-a-rec td-a-rec-id-content_bottom  tdi_4 td_block_template_1\"><strong>Intr\u0103 acum \u0219i \u00een grupul de <\/p>\n<div class=\"wp-block-button\"><a class=\"wp-block-button__link wp-element-button\" href=\"https:\/\/t.me\/+TH8wcfnp8fw5NWI0\">Telegram News Bucovina<\/a><\/div>\n<p><\/strong><\/div>\n<\/div>\n<p>[analyse_source url=&#8221;https:\/\/www.newsbucovina.ro\/actualitate\/445899\/accident-rutier-la-varfu-dealului-sofer-in-stare-de-inconstienta-extras-din-masina-de-salvatorii-isu-dupa-ce-s-a-rasturnat-cu-autoturismul&#8221;]<\/p>\n","protected":false},"excerpt":{"rendered":"<p>[analyse_image type=&#8221;featured&#8221; src=&#8221;https:\/\/www.newsbucovina.ro\/wp-content\/uploads\/2026\/08\/WhatsApp-Image-2026-08-07-at-rasturnat.jpeghttps:\/\/cdn.newsbucovina.ro\/wp-content\/uploads\/2026\/08\/WhatsApp-Image-2026-08-07-at-rasturnat.jpeg&#8221;] Intr\u0103 acum \u0219i \u00een grupul de Telegram News Bucovina Un accident rutier s-a produs, vineri, pe raza localit\u0103\u021bii V\u00e2rfu Dealului, unde un autoturism s-a r\u0103sturnat. \u00cen vehicul se afla doar \u0219oferul, care a r\u0103mas \u00eencarcerat. Potrivit purt\u0103torului de cuv\u00e2nt al ISU Suceava, locotenent colonel Alin G\u0103leat\u0103, la fa\u021ba locului au intervenit pompierii [&hellip;]<\/p>\n","protected":false},"author":1,"featured_media":0,"comment_status":"open","ping_status":"","sticky":false,"template":"","format":"standard","meta":{"footnotes":""},"categories":[89],"tags":[226,165],"class_list":["post-2083420","post","type-post","status-publish","format-standard","hentry","category-romania","tag-crawlmanager","tag-newsbucovina-ro"],"_links":{"self":[{"href":"https:\/\/analyse.optim.biz\/index.php?rest_route=\/wp\/v2\/posts\/2083420","targetHints":{"allow":["GET"]}}],"collection":[{"href":"https:\/\/analyse.optim.biz\/index.php?rest_route=\/wp\/v2\/posts"}],"about":[{"href":"https:\/\/analyse.optim.biz\/index.php?rest_route=\/wp\/v2\/types\/post"}],"author":[{"embeddable":true,"href":"https:\/\/analyse.optim.biz\/index.php?rest_route=\/wp\/v2\/users\/1"}],"replies":[{"embeddable":true,"href":"https:\/\/analyse.optim.biz\/index.php?rest_route=%2Fwp%2Fv2%2Fcomments&post=2083420"}],"version-history":[{"count":0,"href":"https:\/\/analyse.optim.biz\/index.php?rest_route=\/wp\/v2\/posts\/2083420\/revisions"}],"wp:attachment":[{"href":"https:\/\/analyse.optim.biz\/index.php?rest_route=%2Fwp%2Fv2%2Fmedia&parent=2083420"}],"wp:term":[{"taxonomy":"category","embeddable":true,"href":"https:\/\/analyse.optim.biz\/index.php?rest_route=%2Fwp%2Fv2%2Fcategories&post=2083420"},{"taxonomy":"post_tag","embeddable":true,"href":"https:\/\/analyse.optim.biz\/index.php?rest_route=%2Fwp%2Fv2%2Ftags&post=2083420"}],"curies":[{"name":"wp","href":"https:\/\/api.w.org\/{rel}","templated":true}]}}