{"id":2083418,"date":"2026-08-07T07:46:23","date_gmt":"2026-08-07T04:46:23","guid":{"rendered":"https:\/\/analyse.optim.biz\/?p=2083418"},"modified":"2026-08-07T07:46:23","modified_gmt":"2026-08-07T04:46:23","slug":"anm-a-actualizat-avertizarea-meteo-pentru-judetul-suceava-cod-portocaliu-de-furtuni-puternice-vijelii-de-pana-la-90-km-h-si-grindina","status":"publish","type":"post","link":"https:\/\/analyse.optim.biz\/?p=2083418","title":{"rendered":"ANM a actualizat avertizarea meteo pentru jude\u021bul Suceava: Cod portocaliu de furtuni puternice, vijelii de p\u00e2n\u0103 la 90 km\/h \u0219i grindin\u0103"},"content":{"rendered":"<p>[analyse_image type=&#8221;featured&#8221; src=&#8221;https:\/\/www.newsbucovina.ro\/wp-content\/uploads\/2025\/09\/furtuna.pnghttps:\/\/cdn.newsbucovina.ro\/wp-content\/uploads\/2025\/09\/furtuna.png&#8221;]<\/p>\n<div class=\"td-post-content tagdiv-type\">\n<div class=\"td-a-rec td-a-rec-id-content_top  tdi_3 td_block_template_1\"><strong>Intr\u0103 acum \u0219i \u00een grupul de <\/p>\n<div class=\"wp-block-button\"><a class=\"wp-block-button__link wp-element-button\" href=\"https:\/\/t.me\/+TH8wcfnp8fw5NWI0\">Telegram News Bucovina<\/a><\/div>\n<p><\/strong><\/div>\n<p class=\"wp-block-paragraph\">Administra\u021bia Na\u021bional\u0103 de Meteorologie a actualizat avertizarea meteorologic\u0103 \u0219i a emis Cod Portocaliu de instabilitate atmosferic\u0103 accentuat\u0103, valabil vineri, 7 august 2026, \u00eentre orele 12:00 \u0219i 23:00.<\/p>\n<div class=\"wp-block-image\">\n<figure class=\"aligncenter size-full\"><a href=\"https:\/\/cdn.newsbucovina.ro\/wp-content\/uploads\/2025\/09\/furtuna.png\"><img loading=\"lazy\" decoding=\"async\" width=\"841\" height=\"469\" src=\"https:\/\/cdn.newsbucovina.ro\/wp-content\/uploads\/2025\/09\/furtuna.png\" alt class=\"wp-image-420445\"><\/a><\/figure>\n<\/div>\n<p class=\"wp-block-paragraph\">Avertizarea vizeaz\u0103 cea mai mare parte a zonei montane, Maramure\u0219, precum \u0219i nordul \u0219i nord-vestul Moldovei, inclusiv jude\u021bul Suceava. \u00cen intervalul men\u021bionat sunt a\u0219teptate intensific\u0103ri ale v\u00e2ntului cu vijelii puternice, rafale de 70-90 km\/h, averse toren\u021biale importante cantitativ, grindin\u0103 de medii \u0219i posibil mari dimensiuni (2-4 cm) \u0219i desc\u0103rc\u0103ri electrice.<\/p>\n<p class=\"wp-block-paragraph\">\u00cen intervale scurte de timp (1-3 ore), cantit\u0103\u021bile de ap\u0103 pot ajunge la 25-40 l\/mp, iar izolat pot dep\u0103\u0219i 50 l\/mp.<\/p>\n<p class=\"wp-block-paragraph\">Autorit\u0103\u021bile recomand\u0103 pruden\u021b\u0103 maxim\u0103 \u00een trafic, evitarea deplas\u0103rilor \u00een zonele expuse \u0219i urm\u0103rirea permanent\u0103 a evolu\u021biei fenomenelor meteo. Popula\u021bia este sf\u0103tuit\u0103 s\u0103 asigure obiectele care pot fi luate de v\u00e2nt \u0219i s\u0103 se ad\u0103posteasc\u0103 pe durata vijeliilor.<\/p>\n<figure class=\"wp-block-embed is-type-video is-provider-youtube wp-block-embed-youtube wp-embed-aspect-16-9 wp-has-aspect-ratio\">\n<div class=\"wp-block-embed__wrapper\">\n<div class=\"youtube-embed\" data-video_id=\"KyNd2p4Lwm8\"><iframe loading=\"lazy\" title=\"\"Antrenorul de VINETE\" a dat lovitura - Ardeii Portocalii de MITOC au cucerit Europa!!\" width=\"696\" height=\"392\" src=\"https:\/\/www.youtube.com\/embed\/KyNd2p4Lwm8?feature=oembed&amp;enablejsapi=1\" frameborder allow=\"accelerometer; autoplay; clipboard-write; encrypted-media; gyroscope; picture-in-picture; web-share\" referrerpolicy=\"strict-origin-when-cross-origin\" allowfullscreen><\/iframe><\/div>\n<\/div>\n<\/figure>\n<div class=\"td-a-rec td-a-rec-id-content_bottom  tdi_4 td_block_template_1\"><strong>Intr\u0103 acum \u0219i \u00een grupul de <\/p>\n<div class=\"wp-block-button\"><a class=\"wp-block-button__link wp-element-button\" href=\"https:\/\/t.me\/+TH8wcfnp8fw5NWI0\">Telegram News Bucovina<\/a><\/div>\n<p><\/strong><\/div>\n<\/div>\n<div class=\"td-post-content tagdiv-type\">\n<div class=\"td-a-rec td-a-rec-id-content_top  tdi_3 td_block_template_1\"><strong>Intr\u0103 acum \u0219i \u00een grupul de <\/p>\n<div class=\"wp-block-button\"><a class=\"wp-block-button__link wp-element-button\" href=\"https:\/\/t.me\/+TH8wcfnp8fw5NWI0\">Telegram News Bucovina<\/a><\/div>\n<p><\/strong><\/div>\n<p class=\"wp-block-paragraph\">Administra\u021bia Na\u021bional\u0103 de Meteorologie a actualizat avertizarea meteorologic\u0103 \u0219i a emis Cod Portocaliu de instabilitate atmosferic\u0103 accentuat\u0103, valabil vineri, 7 august 2026, \u00eentre orele 12:00 \u0219i 23:00.<\/p>\n<div class=\"wp-block-image\">\n<figure class=\"aligncenter size-full\"><a href=\"https:\/\/cdn.newsbucovina.ro\/wp-content\/uploads\/2025\/09\/furtuna.png\"><img loading=\"lazy\" decoding=\"async\" width=\"841\" height=\"469\" src=\"https:\/\/cdn.newsbucovina.ro\/wp-content\/uploads\/2025\/09\/furtuna.png\" alt class=\"wp-image-420445\"><\/a><\/figure>\n<\/div>\n<p class=\"wp-block-paragraph\">Avertizarea vizeaz\u0103 cea mai mare parte a zonei montane, Maramure\u0219, precum \u0219i nordul \u0219i nord-vestul Moldovei, inclusiv jude\u021bul Suceava. \u00cen intervalul men\u021bionat sunt a\u0219teptate intensific\u0103ri ale v\u00e2ntului cu vijelii puternice, rafale de 70-90 km\/h, averse toren\u021biale importante cantitativ, grindin\u0103 de medii \u0219i posibil mari dimensiuni (2-4 cm) \u0219i desc\u0103rc\u0103ri electrice.<\/p>\n<p class=\"wp-block-paragraph\">\u00cen intervale scurte de timp (1-3 ore), cantit\u0103\u021bile de ap\u0103 pot ajunge la 25-40 l\/mp, iar izolat pot dep\u0103\u0219i 50 l\/mp.<\/p>\n<p class=\"wp-block-paragraph\">Autorit\u0103\u021bile recomand\u0103 pruden\u021b\u0103 maxim\u0103 \u00een trafic, evitarea deplas\u0103rilor \u00een zonele expuse \u0219i urm\u0103rirea permanent\u0103 a evolu\u021biei fenomenelor meteo. Popula\u021bia este sf\u0103tuit\u0103 s\u0103 asigure obiectele care pot fi luate de v\u00e2nt \u0219i s\u0103 se ad\u0103posteasc\u0103 pe durata vijeliilor.<\/p>\n<figure class=\"wp-block-embed is-type-video is-provider-youtube wp-block-embed-youtube wp-embed-aspect-16-9 wp-has-aspect-ratio\">\n<div class=\"wp-block-embed__wrapper\">\n<div class=\"youtube-embed\" data-video_id=\"KyNd2p4Lwm8\"><iframe loading=\"lazy\" title=\"\"Antrenorul de VINETE\" a dat lovitura - Ardeii Portocalii de MITOC au cucerit Europa!!\" width=\"696\" height=\"392\" src=\"https:\/\/www.youtube.com\/embed\/KyNd2p4Lwm8?feature=oembed&amp;enablejsapi=1\" frameborder allow=\"accelerometer; autoplay; clipboard-write; encrypted-media; gyroscope; picture-in-picture; web-share\" referrerpolicy=\"strict-origin-when-cross-origin\" allowfullscreen><\/iframe><\/div>\n<\/div>\n<\/figure>\n<div class=\"td-a-rec td-a-rec-id-content_bottom  tdi_4 td_block_template_1\"><strong>Intr\u0103 acum \u0219i \u00een grupul de <\/p>\n<div class=\"wp-block-button\"><a class=\"wp-block-button__link wp-element-button\" href=\"https:\/\/t.me\/+TH8wcfnp8fw5NWI0\">Telegram News Bucovina<\/a><\/div>\n<p><\/strong><\/div>\n<\/div>\n<p>[analyse_source url=&#8221;https:\/\/www.newsbucovina.ro\/actualitate\/445892\/anm-a-actualizat-avertizarea-meteo-pentru-judetul-suceava-cod-portocaliu-de-furtuni-puternice-vijelii-de-pana-la-90-km-h-si-grindina&#8221;]<\/p>\n","protected":false},"excerpt":{"rendered":"<p>[analyse_image type=&#8221;featured&#8221; src=&#8221;https:\/\/www.newsbucovina.ro\/wp-content\/uploads\/2025\/09\/furtuna.pnghttps:\/\/cdn.newsbucovina.ro\/wp-content\/uploads\/2025\/09\/furtuna.png&#8221;] Intr\u0103 acum \u0219i \u00een grupul de Telegram News Bucovina Administra\u021bia Na\u021bional\u0103 de Meteorologie a actualizat avertizarea meteorologic\u0103 \u0219i a emis Cod Portocaliu de instabilitate atmosferic\u0103 accentuat\u0103, valabil vineri, 7 august 2026, \u00eentre orele 12:00 \u0219i 23:00. Avertizarea vizeaz\u0103 cea mai mare parte a zonei montane, Maramure\u0219, precum \u0219i nordul \u0219i nord-vestul Moldovei, [&hellip;]<\/p>\n","protected":false},"author":1,"featured_media":0,"comment_status":"open","ping_status":"","sticky":false,"template":"","format":"standard","meta":{"footnotes":""},"categories":[89],"tags":[226,165],"class_list":["post-2083418","post","type-post","status-publish","format-standard","hentry","category-romania","tag-crawlmanager","tag-newsbucovina-ro"],"_links":{"self":[{"href":"https:\/\/analyse.optim.biz\/index.php?rest_route=\/wp\/v2\/posts\/2083418","targetHints":{"allow":["GET"]}}],"collection":[{"href":"https:\/\/analyse.optim.biz\/index.php?rest_route=\/wp\/v2\/posts"}],"about":[{"href":"https:\/\/analyse.optim.biz\/index.php?rest_route=\/wp\/v2\/types\/post"}],"author":[{"embeddable":true,"href":"https:\/\/analyse.optim.biz\/index.php?rest_route=\/wp\/v2\/users\/1"}],"replies":[{"embeddable":true,"href":"https:\/\/analyse.optim.biz\/index.php?rest_route=%2Fwp%2Fv2%2Fcomments&post=2083418"}],"version-history":[{"count":0,"href":"https:\/\/analyse.optim.biz\/index.php?rest_route=\/wp\/v2\/posts\/2083418\/revisions"}],"wp:attachment":[{"href":"https:\/\/analyse.optim.biz\/index.php?rest_route=%2Fwp%2Fv2%2Fmedia&parent=2083418"}],"wp:term":[{"taxonomy":"category","embeddable":true,"href":"https:\/\/analyse.optim.biz\/index.php?rest_route=%2Fwp%2Fv2%2Fcategories&post=2083418"},{"taxonomy":"post_tag","embeddable":true,"href":"https:\/\/analyse.optim.biz\/index.php?rest_route=%2Fwp%2Fv2%2Ftags&post=2083418"}],"curies":[{"name":"wp","href":"https:\/\/api.w.org\/{rel}","templated":true}]}}