{"id":2083416,"date":"2026-08-07T07:30:19","date_gmt":"2026-08-07T04:30:19","guid":{"rendered":"https:\/\/analyse.optim.biz\/?p=2083416"},"modified":"2026-08-07T07:30:19","modified_gmt":"2026-08-07T04:30:19","slug":"cod-galben-de-instabilitate-atmosferica-in-judetul-suceava-vijelii-si-averse-torentiale-pana-seara","status":"publish","type":"post","link":"https:\/\/analyse.optim.biz\/?p=2083416","title":{"rendered":"Cod galben de instabilitate atmosferic\u0103 \u00een jude\u021bul Suceava. Vijelii \u0219i averse toren\u021biale p\u00e2n\u0103 seara"},"content":{"rendered":"<p>[analyse_image type=&#8221;featured&#8221; src=&#8221;https:\/\/www.newsbucovina.ro\/wp-content\/uploads\/2025\/08\/ploaie-furtuna-munte.pnghttps:\/\/cdn.newsbucovina.ro\/wp-content\/uploads\/2025\/08\/ploaie-furtuna-munte.png&#8221;]<\/p>\n<div class=\"td-post-content tagdiv-type\">\n<div class=\"td-a-rec td-a-rec-id-content_top  tdi_3 td_block_template_1\"><strong>Intr\u0103 acum \u0219i \u00een grupul de <\/p>\n<div class=\"wp-block-button\"><a class=\"wp-block-button__link wp-element-button\" href=\"https:\/\/t.me\/+TH8wcfnp8fw5NWI0\">Telegram News Bucovina<\/a><\/div>\n<p><\/strong><\/div>\n<p class=\"wp-block-paragraph\">Administra\u021bia Na\u021bional\u0103 de Meteorologie a emis o aten\u021bionare Cod Galben de instabilitate atmosferic\u0103, valabil\u0103 vineri, 7 august 2026, \u00eentre orele 12:00 \u0219i 23:00, pentru mai multe regiuni ale \u021b\u0103rii, inclusiv Moldova.<\/p>\n<figure class=\"wp-block-image size-large\"><a href=\"https:\/\/cdn.newsbucovina.ro\/wp-content\/uploads\/2025\/08\/ploaie-furtuna-munte.png\"><img loading=\"lazy\" decoding=\"async\" width=\"1024\" height=\"557\" src=\"https:\/\/cdn.newsbucovina.ro\/wp-content\/uploads\/2025\/08\/ploaie-furtuna-munte-1024x557.png\" alt class=\"wp-image-417312\"><\/a><\/figure>\n<p class=\"wp-block-paragraph\">\u00cen intervalul men\u021bionat, \u00een jude\u021bul Suceava sunt a\u0219teptate intensific\u0103ri ale v\u00e2ntului \u0219i vijelii, cu viteze la rafal\u0103 de 50-70 km\/h, iar pe arii restr\u00e2nse peste 80 km\/h. Se vor semnala averse toren\u021biale, desc\u0103rc\u0103ri electrice \u0219i, izolat, grindin\u0103 de mici dimensiuni (1-2 cm).<\/p>\n<p class=\"wp-block-paragraph\">\u00cen intervale scurte de timp (1-3 ore), cantit\u0103\u021bile de ap\u0103 pot ajunge la 15-20 l\/mp, iar pe arii restr\u00e2nse pot dep\u0103\u0219i 40-60 l\/mp.<\/p>\n<figure class=\"wp-block-embed is-type-video is-provider-youtube wp-block-embed-youtube wp-embed-aspect-16-9 wp-has-aspect-ratio\">\n<div class=\"wp-block-embed__wrapper\">\n<div class=\"youtube-embed\" data-video_id=\"KyNd2p4Lwm8\"><iframe loading=\"lazy\" title=\"\"Antrenorul de VINETE\" a dat lovitura - Ardeii Portocalii de MITOC au cucerit Europa!!\" width=\"696\" height=\"392\" src=\"https:\/\/www.youtube.com\/embed\/KyNd2p4Lwm8?feature=oembed&amp;enablejsapi=1\" frameborder allow=\"accelerometer; autoplay; clipboard-write; encrypted-media; gyroscope; picture-in-picture; web-share\" referrerpolicy=\"strict-origin-when-cross-origin\" allowfullscreen><\/iframe><\/div>\n<\/div>\n<\/figure>\n<div class=\"td-a-rec td-a-rec-id-content_bottom  tdi_4 td_block_template_1\"><strong>Intr\u0103 acum \u0219i \u00een grupul de <\/p>\n<div class=\"wp-block-button\"><a class=\"wp-block-button__link wp-element-button\" href=\"https:\/\/t.me\/+TH8wcfnp8fw5NWI0\">Telegram News Bucovina<\/a><\/div>\n<p><\/strong><\/div>\n<\/div>\n<div class=\"td-post-content tagdiv-type\">\n<div class=\"td-a-rec td-a-rec-id-content_top  tdi_3 td_block_template_1\"><strong>Intr\u0103 acum \u0219i \u00een grupul de <\/p>\n<div class=\"wp-block-button\"><a class=\"wp-block-button__link wp-element-button\" href=\"https:\/\/t.me\/+TH8wcfnp8fw5NWI0\">Telegram News Bucovina<\/a><\/div>\n<p><\/strong><\/div>\n<p class=\"wp-block-paragraph\">Administra\u021bia Na\u021bional\u0103 de Meteorologie a emis o aten\u021bionare Cod Galben de instabilitate atmosferic\u0103, valabil\u0103 vineri, 7 august 2026, \u00eentre orele 12:00 \u0219i 23:00, pentru mai multe regiuni ale \u021b\u0103rii, inclusiv Moldova.<\/p>\n<figure class=\"wp-block-image size-large\"><a href=\"https:\/\/cdn.newsbucovina.ro\/wp-content\/uploads\/2025\/08\/ploaie-furtuna-munte.png\"><img loading=\"lazy\" decoding=\"async\" width=\"1024\" height=\"557\" src=\"https:\/\/cdn.newsbucovina.ro\/wp-content\/uploads\/2025\/08\/ploaie-furtuna-munte-1024x557.png\" alt class=\"wp-image-417312\"><\/a><\/figure>\n<p class=\"wp-block-paragraph\">\u00cen intervalul men\u021bionat, \u00een jude\u021bul Suceava sunt a\u0219teptate intensific\u0103ri ale v\u00e2ntului \u0219i vijelii, cu viteze la rafal\u0103 de 50-70 km\/h, iar pe arii restr\u00e2nse peste 80 km\/h. Se vor semnala averse toren\u021biale, desc\u0103rc\u0103ri electrice \u0219i, izolat, grindin\u0103 de mici dimensiuni (1-2 cm).<\/p>\n<p class=\"wp-block-paragraph\">\u00cen intervale scurte de timp (1-3 ore), cantit\u0103\u021bile de ap\u0103 pot ajunge la 15-20 l\/mp, iar pe arii restr\u00e2nse pot dep\u0103\u0219i 40-60 l\/mp.<\/p>\n<figure class=\"wp-block-embed is-type-video is-provider-youtube wp-block-embed-youtube wp-embed-aspect-16-9 wp-has-aspect-ratio\">\n<div class=\"wp-block-embed__wrapper\">\n<div class=\"youtube-embed\" data-video_id=\"KyNd2p4Lwm8\"><iframe loading=\"lazy\" title=\"\"Antrenorul de VINETE\" a dat lovitura - Ardeii Portocalii de MITOC au cucerit Europa!!\" width=\"696\" height=\"392\" src=\"https:\/\/www.youtube.com\/embed\/KyNd2p4Lwm8?feature=oembed&amp;enablejsapi=1\" frameborder allow=\"accelerometer; autoplay; clipboard-write; encrypted-media; gyroscope; picture-in-picture; web-share\" referrerpolicy=\"strict-origin-when-cross-origin\" allowfullscreen><\/iframe><\/div>\n<\/div>\n<\/figure>\n<div class=\"td-a-rec td-a-rec-id-content_bottom  tdi_4 td_block_template_1\"><strong>Intr\u0103 acum \u0219i \u00een grupul de <\/p>\n<div class=\"wp-block-button\"><a class=\"wp-block-button__link wp-element-button\" href=\"https:\/\/t.me\/+TH8wcfnp8fw5NWI0\">Telegram News Bucovina<\/a><\/div>\n<p><\/strong><\/div>\n<\/div>\n<p>[analyse_source url=&#8221;https:\/\/www.newsbucovina.ro\/actualitate\/445881\/cod-galben-de-instabilitate-atmosferica-in-judetul-suceava-vijelii-si-averse-torentiale-pana-seara&#8221;]<\/p>\n","protected":false},"excerpt":{"rendered":"<p>[analyse_image type=&#8221;featured&#8221; src=&#8221;https:\/\/www.newsbucovina.ro\/wp-content\/uploads\/2025\/08\/ploaie-furtuna-munte.pnghttps:\/\/cdn.newsbucovina.ro\/wp-content\/uploads\/2025\/08\/ploaie-furtuna-munte.png&#8221;] Intr\u0103 acum \u0219i \u00een grupul de Telegram News Bucovina Administra\u021bia Na\u021bional\u0103 de Meteorologie a emis o aten\u021bionare Cod Galben de instabilitate atmosferic\u0103, valabil\u0103 vineri, 7 august 2026, \u00eentre orele 12:00 \u0219i 23:00, pentru mai multe regiuni ale \u021b\u0103rii, inclusiv Moldova. \u00cen intervalul men\u021bionat, \u00een jude\u021bul Suceava sunt a\u0219teptate intensific\u0103ri ale v\u00e2ntului \u0219i [&hellip;]<\/p>\n","protected":false},"author":1,"featured_media":0,"comment_status":"open","ping_status":"","sticky":false,"template":"","format":"standard","meta":{"footnotes":""},"categories":[89],"tags":[226,165],"class_list":["post-2083416","post","type-post","status-publish","format-standard","hentry","category-romania","tag-crawlmanager","tag-newsbucovina-ro"],"_links":{"self":[{"href":"https:\/\/analyse.optim.biz\/index.php?rest_route=\/wp\/v2\/posts\/2083416","targetHints":{"allow":["GET"]}}],"collection":[{"href":"https:\/\/analyse.optim.biz\/index.php?rest_route=\/wp\/v2\/posts"}],"about":[{"href":"https:\/\/analyse.optim.biz\/index.php?rest_route=\/wp\/v2\/types\/post"}],"author":[{"embeddable":true,"href":"https:\/\/analyse.optim.biz\/index.php?rest_route=\/wp\/v2\/users\/1"}],"replies":[{"embeddable":true,"href":"https:\/\/analyse.optim.biz\/index.php?rest_route=%2Fwp%2Fv2%2Fcomments&post=2083416"}],"version-history":[{"count":0,"href":"https:\/\/analyse.optim.biz\/index.php?rest_route=\/wp\/v2\/posts\/2083416\/revisions"}],"wp:attachment":[{"href":"https:\/\/analyse.optim.biz\/index.php?rest_route=%2Fwp%2Fv2%2Fmedia&parent=2083416"}],"wp:term":[{"taxonomy":"category","embeddable":true,"href":"https:\/\/analyse.optim.biz\/index.php?rest_route=%2Fwp%2Fv2%2Fcategories&post=2083416"},{"taxonomy":"post_tag","embeddable":true,"href":"https:\/\/analyse.optim.biz\/index.php?rest_route=%2Fwp%2Fv2%2Ftags&post=2083416"}],"curies":[{"name":"wp","href":"https:\/\/api.w.org\/{rel}","templated":true}]}}