{"id":2083415,"date":"2026-08-06T12:38:00","date_gmt":"2026-08-06T09:38:00","guid":{"rendered":"https:\/\/analyse.optim.biz\/?p=2083415"},"modified":"2026-08-06T12:38:00","modified_gmt":"2026-08-06T09:38:00","slug":"tabara-de-vara-cu-dosar-penal-cinci-adolescenti-din-constanta-au-spart-o-benzinarie-din-vama-si-au-furat-bere-si-sucuri","status":"publish","type":"post","link":"https:\/\/analyse.optim.biz\/?p=2083415","title":{"rendered":"Tab\u0103r\u0103 de var\u0103 cu dosar penal! Cinci adolescen\u021bi din Constan\u021ba au spart o benzin\u0103rie din Vama \u0219i au furat bere \u0219i sucuri"},"content":{"rendered":"<p>[analyse_image type=&#8221;featured&#8221; src=&#8221;https:\/\/blogger.googleusercontent.com\/img\/b\/R29vZ2xl\/AVvXsEgPl6YMlhRHSKK2tjv6XEoVYrN9bGQRv2gKwOGTpmyOwlJUkGfznba6Vd6iWNsTJlHZiW0VzL3sxc72TFOBNlO-yXTb4n4AdvpRwVQGfZcBSzJ7IIlzbGjsXN8BpbQd_j1t9O8aHOS0-LBt8wcylPXI9D-4BgU_4uMhFP7wB1Cemlz6b0AYeSfer6ZY5us\/w1600\/spargere-magazin.jpg&#8221;]<\/p>\n<div class=\"post-body entry-content\" id=\"post-body\">\n<div class=\"separator\"><a href=\"https:\/\/blogger.googleusercontent.com\/img\/b\/R29vZ2xl\/AVvXsEgPl6YMlhRHSKK2tjv6XEoVYrN9bGQRv2gKwOGTpmyOwlJUkGfznba6Vd6iWNsTJlHZiW0VzL3sxc72TFOBNlO-yXTb4n4AdvpRwVQGfZcBSzJ7IIlzbGjsXN8BpbQd_j1t9O8aHOS0-LBt8wcylPXI9D-4BgU_4uMhFP7wB1Cemlz6b0AYeSfer6ZY5us\/s1200\/spargere-magazin.jpg\"><img decoding=\"async\" alt=\"Tab\u0103r\u0103 de var\u0103 cu dosar penal! Cinci adolescen\u021bi din Constan\u021ba au spart o benzin\u0103rie din Vama \u0219i au furat bere \u0219i sucuri\" border=\"0\" height=\"335\" loading=\"lazy\" src=\"https:\/\/blogger.googleusercontent.com\/img\/b\/R29vZ2xl\/AVvXsEgPl6YMlhRHSKK2tjv6XEoVYrN9bGQRv2gKwOGTpmyOwlJUkGfznba6Vd6iWNsTJlHZiW0VzL3sxc72TFOBNlO-yXTb4n4AdvpRwVQGfZcBSzJ7IIlzbGjsXN8BpbQd_j1t9O8aHOS0-LBt8wcylPXI9D-4BgU_4uMhFP7wB1Cemlz6b0AYeSfer6ZY5us\/w640-h335-rw\/spargere-magazin.jpg\" title=\"Tab\u0103r\u0103 de var\u0103 cu dosar penal! Cinci adolescen\u021bi din Constan\u021ba au spart o benzin\u0103rie din Vama \u0219i au furat bere \u0219i sucuri\" width=\"640\"><\/a><\/div>\n<p><strong>Ceea ce trebuia s\u0103 fie o simpl\u0103 tab\u0103r\u0103 de var\u0103 \u00een Bucovina s-a transformat \u00eentr-un dosar penal pentru cinci adolescen\u021bi din municipiul Constan\u021ba. Tinerii au profitat de neaten\u021bia supraveghetorilor \u00een miez de noapte \u0219i au sustras zeci de b\u0103uturi din frigiderul exterior al unei sta\u021bii de carburan\u021bi din comuna Vama.<\/strong><\/p>\n<p>Incidentul a fost raportat miercuri, 5 august 2026, la ora 08:30. Poli\u021bi\u0219tii Sec\u021biei 14 Poli\u021bie Rural\u0103 Vama au fost sesiza\u021bi prin 112 de c\u0103tre Mihai V., administratorul sta\u021biei peco din satul <a href=\"https:\/\/stirisuceava.net\/search\/label\/Str%C3%A2mtura\">Str\u00e2mtura<\/a>, comuna Vama. Acesta a reclamat c\u0103 persoane necunoscute au sustras mai multe sticle cu b\u0103uturi alcoolice \u0219i nonalcoolice dintr-un frigider situat \u00een incinta societ\u0103\u021bii.<\/p>\n<p>Echipajul deplasat la fa\u021ba locului a confirmat sesizarea. Din primele verific\u0103ri s-a stabilit c\u0103, \u00een jurul orei 02:30, f\u0103pta\u0219ii au p\u0103truns \u00een spa\u021biul delimitat al benzin\u0103riei \u0219i au for\u021bat sistemul de asigurare al frigiderului exterior, reu\u0219ind s\u0103 sustrag\u0103 b\u0103uturile f\u0103r\u0103 a distruge mecanismul de \u00eenchidere.<\/p>\n<h2>Cine sunt suspec\u021bii? Minori afla\u021bi \u00eentr-o tab\u0103r\u0103 de var\u0103 la Vatra Moldovi\u021bei<\/h2>\n<p>Poli\u021bi\u0219tii au demarat imediat investiga\u021biile \u00een comunele Vama, Frumosu \u0219i Vatra Moldovi\u021bei. Analiz\u00e2nd indiciile, anchetatorii au ajuns la concluzia c\u0103 autorii nu sunt localnici. Cercet\u0103rile s-au extins c\u0103tre unit\u0103\u021bile de cazare din zon\u0103, pista duc\u00e2nd la o pensiune din satul Vatra Moldovi\u021bei.<\/p>\n<p>Acolo, poli\u021bi\u0219tii au identificat cinci tineri inclu\u0219i \u00een cercul de suspec\u021bi, to\u021bi \u00een v\u00e2rst\u0103 de 16 ani \u0219i domicilia\u021bi \u00een municipiul Constan\u021ba:. Adolescen\u021bii se aflau \u00een zon\u0103 \u00een cadrul unei tabere de var\u0103 organizate, cu acordul p\u0103rin\u021bilor, fiind teoretic \u00een grija supraveghetorilor.<\/p>\n<h2>Prejudiciu asumat de p\u0103rin\u021bi \u0219i dosar penal pentru furt calificat<\/h2>\n<p>La audieri, minorii \u0219i-au recunoscut fapta. Ace\u0219tia le-au povestit poli\u021bi\u0219tilor c\u0103, la ora 02:30, au p\u0103r\u0103sit pe ascuns unitatea de cazare \u0219i au mers pe jos p\u00e2n\u0103 la sta\u021bia peco din localitatea vecin\u0103. Ajun\u0219i \u00een parcare, au for\u021bat u\u0219a frigiderului \u0219i au sustras mai multe doze \u0219i sticle din plastic cu b\u0103uturi.<\/p>\n<p>Poli\u021bi\u0219tii au luat leg\u0103tura telefonic\u0103 cu p\u0103rin\u021bii celor cinci adolescen\u021bi, inform\u00e2ndu-i despre situa\u021bia creat\u0103. P\u0103rin\u021bii \u0219i-au ar\u0103tat disponibilitatea imediat\u0103 de a achita integral prejudiciul provocat societ\u0103\u021bii comerciale.<\/p>\n<p>\u00cen cauz\u0103 a fost \u00eentocmit un dosar penal sub aspectul s\u0103v\u00e2r\u0219irii infrac\u021biunii de <strong>\u201efurt calificat\u201d<\/strong>. Cercet\u0103rile continu\u0103 sub \u00eendrumarea procurorului de caz, urm\u00e2nd ca, dup\u0103 administrarea \u00eentregului probatoriu, dosarul s\u0103 fie \u00eenaintat cu solu\u021bie legal\u0103 c\u0103tre Parchetul de pe l\u00e2ng\u0103 Judec\u0103toria C\u00e2mpulung Moldovenesc.<\/p>\n<\/div>\n<div class=\"post-body entry-content\" id=\"post-body\">\n<div class=\"separator\"><a href=\"https:\/\/blogger.googleusercontent.com\/img\/b\/R29vZ2xl\/AVvXsEgPl6YMlhRHSKK2tjv6XEoVYrN9bGQRv2gKwOGTpmyOwlJUkGfznba6Vd6iWNsTJlHZiW0VzL3sxc72TFOBNlO-yXTb4n4AdvpRwVQGfZcBSzJ7IIlzbGjsXN8BpbQd_j1t9O8aHOS0-LBt8wcylPXI9D-4BgU_4uMhFP7wB1Cemlz6b0AYeSfer6ZY5us\/s1200\/spargere-magazin.jpg\"><img decoding=\"async\" alt=\"Tab\u0103r\u0103 de var\u0103 cu dosar penal! Cinci adolescen\u021bi din Constan\u021ba au spart o benzin\u0103rie din Vama \u0219i au furat bere \u0219i sucuri\" border=\"0\" height=\"335\" loading=\"lazy\" src=\"https:\/\/blogger.googleusercontent.com\/img\/b\/R29vZ2xl\/AVvXsEgPl6YMlhRHSKK2tjv6XEoVYrN9bGQRv2gKwOGTpmyOwlJUkGfznba6Vd6iWNsTJlHZiW0VzL3sxc72TFOBNlO-yXTb4n4AdvpRwVQGfZcBSzJ7IIlzbGjsXN8BpbQd_j1t9O8aHOS0-LBt8wcylPXI9D-4BgU_4uMhFP7wB1Cemlz6b0AYeSfer6ZY5us\/w640-h335-rw\/spargere-magazin.jpg\" title=\"Tab\u0103r\u0103 de var\u0103 cu dosar penal! Cinci adolescen\u021bi din Constan\u021ba au spart o benzin\u0103rie din Vama \u0219i au furat bere \u0219i sucuri\" width=\"640\"><\/a><\/div>\n<p><strong>Ceea ce trebuia s\u0103 fie o simpl\u0103 tab\u0103r\u0103 de var\u0103 \u00een Bucovina s-a transformat \u00eentr-un dosar penal pentru cinci adolescen\u021bi din municipiul Constan\u021ba. Tinerii au profitat de neaten\u021bia supraveghetorilor \u00een miez de noapte \u0219i au sustras zeci de b\u0103uturi din frigiderul exterior al unei sta\u021bii de carburan\u021bi din comuna Vama.<\/strong><\/p>\n<p>Incidentul a fost raportat miercuri, 5 august 2026, la ora 08:30. Poli\u021bi\u0219tii Sec\u021biei 14 Poli\u021bie Rural\u0103 Vama au fost sesiza\u021bi prin 112 de c\u0103tre Mihai V., administratorul sta\u021biei peco din satul <a href=\"https:\/\/stirisuceava.net\/search\/label\/Str%C3%A2mtura\">Str\u00e2mtura<\/a>, comuna Vama. Acesta a reclamat c\u0103 persoane necunoscute au sustras mai multe sticle cu b\u0103uturi alcoolice \u0219i nonalcoolice dintr-un frigider situat \u00een incinta societ\u0103\u021bii.<\/p>\n<p>Echipajul deplasat la fa\u021ba locului a confirmat sesizarea. Din primele verific\u0103ri s-a stabilit c\u0103, \u00een jurul orei 02:30, f\u0103pta\u0219ii au p\u0103truns \u00een spa\u021biul delimitat al benzin\u0103riei \u0219i au for\u021bat sistemul de asigurare al frigiderului exterior, reu\u0219ind s\u0103 sustrag\u0103 b\u0103uturile f\u0103r\u0103 a distruge mecanismul de \u00eenchidere.<\/p>\n<h2>Cine sunt suspec\u021bii? Minori afla\u021bi \u00eentr-o tab\u0103r\u0103 de var\u0103 la Vatra Moldovi\u021bei<\/h2>\n<p>Poli\u021bi\u0219tii au demarat imediat investiga\u021biile \u00een comunele Vama, Frumosu \u0219i Vatra Moldovi\u021bei. Analiz\u00e2nd indiciile, anchetatorii au ajuns la concluzia c\u0103 autorii nu sunt localnici. Cercet\u0103rile s-au extins c\u0103tre unit\u0103\u021bile de cazare din zon\u0103, pista duc\u00e2nd la o pensiune din satul Vatra Moldovi\u021bei.<\/p>\n<p>Acolo, poli\u021bi\u0219tii au identificat cinci tineri inclu\u0219i \u00een cercul de suspec\u021bi, to\u021bi \u00een v\u00e2rst\u0103 de 16 ani \u0219i domicilia\u021bi \u00een municipiul Constan\u021ba:. Adolescen\u021bii se aflau \u00een zon\u0103 \u00een cadrul unei tabere de var\u0103 organizate, cu acordul p\u0103rin\u021bilor, fiind teoretic \u00een grija supraveghetorilor.<\/p>\n<h2>Prejudiciu asumat de p\u0103rin\u021bi \u0219i dosar penal pentru furt calificat<\/h2>\n<p>La audieri, minorii \u0219i-au recunoscut fapta. Ace\u0219tia le-au povestit poli\u021bi\u0219tilor c\u0103, la ora 02:30, au p\u0103r\u0103sit pe ascuns unitatea de cazare \u0219i au mers pe jos p\u00e2n\u0103 la sta\u021bia peco din localitatea vecin\u0103. Ajun\u0219i \u00een parcare, au for\u021bat u\u0219a frigiderului \u0219i au sustras mai multe doze \u0219i sticle din plastic cu b\u0103uturi.<\/p>\n<p>Poli\u021bi\u0219tii au luat leg\u0103tura telefonic\u0103 cu p\u0103rin\u021bii celor cinci adolescen\u021bi, inform\u00e2ndu-i despre situa\u021bia creat\u0103. P\u0103rin\u021bii \u0219i-au ar\u0103tat disponibilitatea imediat\u0103 de a achita integral prejudiciul provocat societ\u0103\u021bii comerciale.<\/p>\n<p>\u00cen cauz\u0103 a fost \u00eentocmit un dosar penal sub aspectul s\u0103v\u00e2r\u0219irii infrac\u021biunii de <strong>\u201efurt calificat\u201d<\/strong>. Cercet\u0103rile continu\u0103 sub \u00eendrumarea procurorului de caz, urm\u00e2nd ca, dup\u0103 administrarea \u00eentregului probatoriu, dosarul s\u0103 fie \u00eenaintat cu solu\u021bie legal\u0103 c\u0103tre Parchetul de pe l\u00e2ng\u0103 Judec\u0103toria C\u00e2mpulung Moldovenesc.<\/p>\n<\/div>\n<p>[analyse_source url=&#8221;https:\/\/www.stirisuceava.net\/2026\/08\/tabara-de-vara-cu-dosar-penal-cinci.html&#8221;]<\/p>\n","protected":false},"excerpt":{"rendered":"<p>[analyse_image type=&#8221;featured&#8221; src=&#8221;https:\/\/blogger.googleusercontent.com\/img\/b\/R29vZ2xl\/AVvXsEgPl6YMlhRHSKK2tjv6XEoVYrN9bGQRv2gKwOGTpmyOwlJUkGfznba6Vd6iWNsTJlHZiW0VzL3sxc72TFOBNlO-yXTb4n4AdvpRwVQGfZcBSzJ7IIlzbGjsXN8BpbQd_j1t9O8aHOS0-LBt8wcylPXI9D-4BgU_4uMhFP7wB1Cemlz6b0AYeSfer6ZY5us\/w1600\/spargere-magazin.jpg&#8221;] Ceea ce trebuia s\u0103 fie o simpl\u0103 tab\u0103r\u0103 de var\u0103 \u00een Bucovina s-a transformat \u00eentr-un dosar penal pentru cinci adolescen\u021bi din municipiul Constan\u021ba. Tinerii au profitat de neaten\u021bia supraveghetorilor \u00een miez de noapte \u0219i au sustras zeci de b\u0103uturi din frigiderul exterior al unei sta\u021bii de carburan\u021bi din comuna Vama. Incidentul a [&hellip;]<\/p>\n","protected":false},"author":1,"featured_media":0,"comment_status":"open","ping_status":"","sticky":false,"template":"","format":"standard","meta":{"footnotes":""},"categories":[89],"tags":[226,172],"class_list":["post-2083415","post","type-post","status-publish","format-standard","hentry","category-romania","tag-crawlmanager","tag-stirisuceava-net"],"_links":{"self":[{"href":"https:\/\/analyse.optim.biz\/index.php?rest_route=\/wp\/v2\/posts\/2083415","targetHints":{"allow":["GET"]}}],"collection":[{"href":"https:\/\/analyse.optim.biz\/index.php?rest_route=\/wp\/v2\/posts"}],"about":[{"href":"https:\/\/analyse.optim.biz\/index.php?rest_route=\/wp\/v2\/types\/post"}],"author":[{"embeddable":true,"href":"https:\/\/analyse.optim.biz\/index.php?rest_route=\/wp\/v2\/users\/1"}],"replies":[{"embeddable":true,"href":"https:\/\/analyse.optim.biz\/index.php?rest_route=%2Fwp%2Fv2%2Fcomments&post=2083415"}],"version-history":[{"count":0,"href":"https:\/\/analyse.optim.biz\/index.php?rest_route=\/wp\/v2\/posts\/2083415\/revisions"}],"wp:attachment":[{"href":"https:\/\/analyse.optim.biz\/index.php?rest_route=%2Fwp%2Fv2%2Fmedia&parent=2083415"}],"wp:term":[{"taxonomy":"category","embeddable":true,"href":"https:\/\/analyse.optim.biz\/index.php?rest_route=%2Fwp%2Fv2%2Fcategories&post=2083415"},{"taxonomy":"post_tag","embeddable":true,"href":"https:\/\/analyse.optim.biz\/index.php?rest_route=%2Fwp%2Fv2%2Ftags&post=2083415"}],"curies":[{"name":"wp","href":"https:\/\/api.w.org\/{rel}","templated":true}]}}