{"id":2083414,"date":"2026-08-06T16:36:50","date_gmt":"2026-08-06T13:36:50","guid":{"rendered":"https:\/\/analyse.optim.biz\/?p=2083414"},"modified":"2026-08-06T16:36:50","modified_gmt":"2026-08-06T13:36:50","slug":"furtuna-de-joi-seara-a-doborat-arbori-si-a-smuls-acoperisuri-in-judetul-suceava-interventii-isu-la-salcea-rasca-ciumarna-si-moara","status":"publish","type":"post","link":"https:\/\/analyse.optim.biz\/?p=2083414","title":{"rendered":"Furtuna de joi sear\u0103 a dobor\u00e2t arbori \u0219i a smuls acoperi\u0219uri \u00een jude\u021bul Suceava. Interven\u021bii ISU la Salcea, R\u00e2\u0219ca, Cium\u00e2rna \u0219i Moara"},"content":{"rendered":"<p>[analyse_image type=&#8221;featured&#8221; src=&#8221;https:\/\/www.newsbucovina.ro\/wp-content\/uploads\/2026\/08\/WhatsApp-Image-2026-08-06-at-19.31.25-1.jpeghttps:\/\/cdn.newsbucovina.ro\/wp-content\/uploads\/2026\/08\/WhatsApp-Image-2026-08-06-at-19.31.25-1.jpeg&#8221;]<\/p>\n<div class=\"td-post-content tagdiv-type\">\n<div class=\"td-a-rec td-a-rec-id-content_top  tdi_3 td_block_template_1\"><strong>Intr\u0103 acum \u0219i \u00een grupul de <\/p>\n<div class=\"wp-block-button\"><a class=\"wp-block-button__link wp-element-button\" href=\"https:\/\/t.me\/+TH8wcfnp8fw5NWI0\">Telegram News Bucovina<\/a><\/div>\n<p><\/strong><\/div>\n<p class=\"wp-block-paragraph\">Pe fondul manifest\u0103rii fenomenelor meteo periculoase, asociate avertiz\u0103rii cod portocaliu de instabilitate atmosferic\u0103 accentuat\u0103, pompierii militari \u0219i lucr\u0103torii serviciilor voluntare pentru situa\u021bii de urgen\u021b\u0103 au intervenit joi seara pe raza localit\u0103\u021bilor Salcea, R\u00e2\u0219ca \u0219i Cium\u00e2rna pentru \u00eendep\u0103rtarea unor arbori dobor\u00e2\u021bi pe carosabil.<\/p>\n<figure class=\"wp-block-gallery has-nested-images columns-default is-cropped wp-block-gallery-1 is-layout-flex wp-block-gallery-is-layout-flex\">\n<figure class=\"wp-block-image size-large\"><a href=\"https:\/\/cdn.newsbucovina.ro\/wp-content\/uploads\/2026\/08\/WhatsApp-Image-2026-08-06-at-19.31.25.jpeg\"><img loading=\"lazy\" decoding=\"async\" width=\"1024\" height=\"768\" data-id=\"445868\" src=\"https:\/\/cdn.newsbucovina.ro\/wp-content\/uploads\/2026\/08\/WhatsApp-Image-2026-08-06-at-19.31.25-1024x768.jpeg\" alt class=\"wp-image-445868\"><\/a><\/figure>\n<figure class=\"wp-block-image size-large\"><a href=\"https:\/\/cdn.newsbucovina.ro\/wp-content\/uploads\/2026\/08\/WhatsApp-Image-2026-08-06-at-19.31.26-1.jpeg\"><img loading=\"lazy\" decoding=\"async\" width=\"1024\" height=\"768\" data-id=\"445869\" src=\"https:\/\/cdn.newsbucovina.ro\/wp-content\/uploads\/2026\/08\/WhatsApp-Image-2026-08-06-at-19.31.26-1-1024x768.jpeg\" alt class=\"wp-image-445869\"><\/a><\/figure>\n<figure class=\"wp-block-image size-large\"><a href=\"https:\/\/cdn.newsbucovina.ro\/wp-content\/uploads\/2026\/08\/WhatsApp-Image-2026-08-06-at-19.31.26.jpeg\"><img decoding=\"async\" loading=\"lazy\" width=\"1024\" height=\"768\" data-id=\"445867\" src=\"https:\/\/cdn.newsbucovina.ro\/wp-content\/uploads\/2026\/08\/WhatsApp-Image-2026-08-06-at-19.31.26-1024x768.jpeg\" alt class=\"wp-image-445867\"><\/a><\/figure>\n<figure class=\"wp-block-image size-large\"><a href=\"https:\/\/cdn.newsbucovina.ro\/wp-content\/uploads\/2026\/08\/WhatsApp-Image-2026-08-06-at-19.31.27-1.jpeg\"><img decoding=\"async\" loading=\"lazy\" width=\"768\" height=\"1024\" data-id=\"445866\" src=\"https:\/\/cdn.newsbucovina.ro\/wp-content\/uploads\/2026\/08\/WhatsApp-Image-2026-08-06-at-19.31.27-1-768x1024.jpeg\" alt class=\"wp-image-445866\"><\/a><\/figure>\n<figure class=\"wp-block-image size-large\"><a href=\"https:\/\/cdn.newsbucovina.ro\/wp-content\/uploads\/2026\/08\/WhatsApp-Image-2026-08-06-at-19.31.27.jpeg\"><img decoding=\"async\" loading=\"lazy\" width=\"768\" height=\"1024\" data-id=\"445865\" src=\"https:\/\/cdn.newsbucovina.ro\/wp-content\/uploads\/2026\/08\/WhatsApp-Image-2026-08-06-at-19.31.27-768x1024.jpeg\" alt class=\"wp-image-445865\"><\/a><\/figure>\n<\/figure>\n<p class=\"wp-block-paragraph\">Salvatorii suceveni au ac\u021bionat, de asemenea, \u00een comuna Moara, unde v\u00e2ntul puternic a smuls \u00eenvelitoarea din tabl\u0103 a acoperi\u0219ului unei case de locuit.<\/p>\n<p class=\"wp-block-paragraph\">Pompierii militari suceveni au \u00eendep\u0103rtat de pe carosabil, un arbore c\u0103zut pe drumul spre Aeroport din localitatea Salcea.<\/p>\n<figure class=\"wp-block-image size-large\"><a href=\"https:\/\/cdn.newsbucovina.ro\/wp-content\/uploads\/2026\/08\/WhatsApp-Image-2026-08-06-at-19.32.41.jpeg\"><img decoding=\"async\" loading=\"lazy\" width=\"1024\" height=\"768\" src=\"https:\/\/cdn.newsbucovina.ro\/wp-content\/uploads\/2026\/08\/WhatsApp-Image-2026-08-06-at-19.32.41-1024x768.jpeg\" alt class=\"wp-image-445870\"><\/a><\/figure>\n<p class=\"wp-block-paragraph\">Din fericire, nu au fost \u00eenregistrate victime. O parte din misiuni au fost finalizate, iar for\u021bele de interven\u021bie r\u0103m\u00e2n mobilizate p\u00e2n\u0103 la terminarea opera\u021biunilor de \u00eendep\u0103rtare a efectelor negative ale furtunii.<\/p>\n<p class=\"wp-block-paragraph\">Purt\u0103torul de cuv\u00e2nt al ISU Suceava, locotenent-colonel Alin G\u0103leat\u0103, a precizat c\u0103 institu\u021bia va reveni cu informa\u021bii \u00een func\u021bie de evolu\u021bia situa\u021biei operative.<\/p>\n<p class=\"wp-block-paragraph\">Jude\u021bul Suceava se afl\u0103 p\u00e2n\u0103 la ora 23:00 sub avertizare cod portocaliu de intensific\u0103ri ale v\u00e2ntului cu vijelii puternice (rafale de 70-90 km\/h), averse toren\u021biale importante cantitativ, grindin\u0103 de medii \u0219i posibil mari dimensiuni (2-4 cm) \u0219i desc\u0103rc\u0103ri electrice. \u00cen intervale scurte de timp, cantit\u0103\u021bile de ap\u0103 pot ajunge la 25-40 l\/mp, izolat peste 50 l\/mp.<\/p>\n<figure class=\"wp-block-embed is-type-video is-provider-youtube wp-block-embed-youtube wp-embed-aspect-16-9 wp-has-aspect-ratio\">\n<div class=\"wp-block-embed__wrapper\">\n<div class=\"youtube-embed\" data-video_id=\"KyNd2p4Lwm8\"><iframe loading=\"lazy\" title=\"\"Antrenorul de VINETE\" a dat lovitura - Ardeii Portocalii de MITOC au cucerit Europa!!\" width=\"696\" height=\"392\" src=\"https:\/\/www.youtube.com\/embed\/KyNd2p4Lwm8?feature=oembed&amp;enablejsapi=1\" frameborder allow=\"accelerometer; autoplay; clipboard-write; encrypted-media; gyroscope; picture-in-picture; web-share\" referrerpolicy=\"strict-origin-when-cross-origin\" allowfullscreen><\/iframe><\/div>\n<\/div>\n<\/figure>\n<div class=\"td-a-rec td-a-rec-id-content_bottom  tdi_4 td_block_template_1\"><strong>Intr\u0103 acum \u0219i \u00een grupul de <\/p>\n<div class=\"wp-block-button\"><a class=\"wp-block-button__link wp-element-button\" href=\"https:\/\/t.me\/+TH8wcfnp8fw5NWI0\">Telegram News Bucovina<\/a><\/div>\n<p><\/strong><\/div>\n<\/div>\n<div class=\"td-post-content tagdiv-type\">\n<div class=\"td-a-rec td-a-rec-id-content_top  tdi_3 td_block_template_1\"><strong>Intr\u0103 acum \u0219i \u00een grupul de <\/p>\n<div class=\"wp-block-button\"><a class=\"wp-block-button__link wp-element-button\" href=\"https:\/\/t.me\/+TH8wcfnp8fw5NWI0\">Telegram News Bucovina<\/a><\/div>\n<p><\/strong><\/div>\n<p class=\"wp-block-paragraph\">Pe fondul manifest\u0103rii fenomenelor meteo periculoase, asociate avertiz\u0103rii cod portocaliu de instabilitate atmosferic\u0103 accentuat\u0103, pompierii militari \u0219i lucr\u0103torii serviciilor voluntare pentru situa\u021bii de urgen\u021b\u0103 au intervenit joi seara pe raza localit\u0103\u021bilor Salcea, R\u00e2\u0219ca \u0219i Cium\u00e2rna pentru \u00eendep\u0103rtarea unor arbori dobor\u00e2\u021bi pe carosabil.<\/p>\n<figure class=\"wp-block-gallery has-nested-images columns-default is-cropped wp-block-gallery-1 is-layout-flex wp-block-gallery-is-layout-flex\">\n<figure class=\"wp-block-image size-large\"><a href=\"https:\/\/cdn.newsbucovina.ro\/wp-content\/uploads\/2026\/08\/WhatsApp-Image-2026-08-06-at-19.31.25.jpeg\"><img loading=\"lazy\" decoding=\"async\" width=\"1024\" height=\"768\" data-id=\"445868\" src=\"https:\/\/cdn.newsbucovina.ro\/wp-content\/uploads\/2026\/08\/WhatsApp-Image-2026-08-06-at-19.31.25-1024x768.jpeg\" alt class=\"wp-image-445868\"><\/a><\/figure>\n<figure class=\"wp-block-image size-large\"><a href=\"https:\/\/cdn.newsbucovina.ro\/wp-content\/uploads\/2026\/08\/WhatsApp-Image-2026-08-06-at-19.31.26-1.jpeg\"><img loading=\"lazy\" decoding=\"async\" width=\"1024\" height=\"768\" data-id=\"445869\" src=\"https:\/\/cdn.newsbucovina.ro\/wp-content\/uploads\/2026\/08\/WhatsApp-Image-2026-08-06-at-19.31.26-1-1024x768.jpeg\" alt class=\"wp-image-445869\"><\/a><\/figure>\n<figure class=\"wp-block-image size-large\"><a href=\"https:\/\/cdn.newsbucovina.ro\/wp-content\/uploads\/2026\/08\/WhatsApp-Image-2026-08-06-at-19.31.26.jpeg\"><img decoding=\"async\" loading=\"lazy\" width=\"1024\" height=\"768\" data-id=\"445867\" src=\"https:\/\/cdn.newsbucovina.ro\/wp-content\/uploads\/2026\/08\/WhatsApp-Image-2026-08-06-at-19.31.26-1024x768.jpeg\" alt class=\"wp-image-445867\"><\/a><\/figure>\n<figure class=\"wp-block-image size-large\"><a href=\"https:\/\/cdn.newsbucovina.ro\/wp-content\/uploads\/2026\/08\/WhatsApp-Image-2026-08-06-at-19.31.27-1.jpeg\"><img decoding=\"async\" loading=\"lazy\" width=\"768\" height=\"1024\" data-id=\"445866\" src=\"https:\/\/cdn.newsbucovina.ro\/wp-content\/uploads\/2026\/08\/WhatsApp-Image-2026-08-06-at-19.31.27-1-768x1024.jpeg\" alt class=\"wp-image-445866\"><\/a><\/figure>\n<figure class=\"wp-block-image size-large\"><a href=\"https:\/\/cdn.newsbucovina.ro\/wp-content\/uploads\/2026\/08\/WhatsApp-Image-2026-08-06-at-19.31.27.jpeg\"><img decoding=\"async\" loading=\"lazy\" width=\"768\" height=\"1024\" data-id=\"445865\" src=\"https:\/\/cdn.newsbucovina.ro\/wp-content\/uploads\/2026\/08\/WhatsApp-Image-2026-08-06-at-19.31.27-768x1024.jpeg\" alt class=\"wp-image-445865\"><\/a><\/figure>\n<\/figure>\n<p class=\"wp-block-paragraph\">Salvatorii suceveni au ac\u021bionat, de asemenea, \u00een comuna Moara, unde v\u00e2ntul puternic a smuls \u00eenvelitoarea din tabl\u0103 a acoperi\u0219ului unei case de locuit.<\/p>\n<p class=\"wp-block-paragraph\">Pompierii militari suceveni au \u00eendep\u0103rtat de pe carosabil, un arbore c\u0103zut pe drumul spre Aeroport din localitatea Salcea.<\/p>\n<figure class=\"wp-block-image size-large\"><a href=\"https:\/\/cdn.newsbucovina.ro\/wp-content\/uploads\/2026\/08\/WhatsApp-Image-2026-08-06-at-19.32.41.jpeg\"><img decoding=\"async\" loading=\"lazy\" width=\"1024\" height=\"768\" src=\"https:\/\/cdn.newsbucovina.ro\/wp-content\/uploads\/2026\/08\/WhatsApp-Image-2026-08-06-at-19.32.41-1024x768.jpeg\" alt class=\"wp-image-445870\"><\/a><\/figure>\n<p class=\"wp-block-paragraph\">Din fericire, nu au fost \u00eenregistrate victime. O parte din misiuni au fost finalizate, iar for\u021bele de interven\u021bie r\u0103m\u00e2n mobilizate p\u00e2n\u0103 la terminarea opera\u021biunilor de \u00eendep\u0103rtare a efectelor negative ale furtunii.<\/p>\n<p class=\"wp-block-paragraph\">Purt\u0103torul de cuv\u00e2nt al ISU Suceava, locotenent-colonel Alin G\u0103leat\u0103, a precizat c\u0103 institu\u021bia va reveni cu informa\u021bii \u00een func\u021bie de evolu\u021bia situa\u021biei operative.<\/p>\n<p class=\"wp-block-paragraph\">Jude\u021bul Suceava se afl\u0103 p\u00e2n\u0103 la ora 23:00 sub avertizare cod portocaliu de intensific\u0103ri ale v\u00e2ntului cu vijelii puternice (rafale de 70-90 km\/h), averse toren\u021biale importante cantitativ, grindin\u0103 de medii \u0219i posibil mari dimensiuni (2-4 cm) \u0219i desc\u0103rc\u0103ri electrice. \u00cen intervale scurte de timp, cantit\u0103\u021bile de ap\u0103 pot ajunge la 25-40 l\/mp, izolat peste 50 l\/mp.<\/p>\n<figure class=\"wp-block-embed is-type-video is-provider-youtube wp-block-embed-youtube wp-embed-aspect-16-9 wp-has-aspect-ratio\">\n<div class=\"wp-block-embed__wrapper\">\n<div class=\"youtube-embed\" data-video_id=\"KyNd2p4Lwm8\"><iframe loading=\"lazy\" title=\"\"Antrenorul de VINETE\" a dat lovitura - Ardeii Portocalii de MITOC au cucerit Europa!!\" width=\"696\" height=\"392\" src=\"https:\/\/www.youtube.com\/embed\/KyNd2p4Lwm8?feature=oembed&amp;enablejsapi=1\" frameborder allow=\"accelerometer; autoplay; clipboard-write; encrypted-media; gyroscope; picture-in-picture; web-share\" referrerpolicy=\"strict-origin-when-cross-origin\" allowfullscreen><\/iframe><\/div>\n<\/div>\n<\/figure>\n<div class=\"td-a-rec td-a-rec-id-content_bottom  tdi_4 td_block_template_1\"><strong>Intr\u0103 acum \u0219i \u00een grupul de <\/p>\n<div class=\"wp-block-button\"><a class=\"wp-block-button__link wp-element-button\" href=\"https:\/\/t.me\/+TH8wcfnp8fw5NWI0\">Telegram News Bucovina<\/a><\/div>\n<p><\/strong><\/div>\n<\/div>\n<p>[analyse_source url=&#8221;https:\/\/www.newsbucovina.ro\/actualitate\/445864\/furtuna-de-joi-seara-a-doborat-arbori-si-a-smuls-acoperisuri-in-judetul-suceava-interventii-isu-la-salcea-rasca-ciumarna-si-moara&#8221;]<\/p>\n","protected":false},"excerpt":{"rendered":"<p>[analyse_image type=&#8221;featured&#8221; src=&#8221;https:\/\/www.newsbucovina.ro\/wp-content\/uploads\/2026\/08\/WhatsApp-Image-2026-08-06-at-19.31.25-1.jpeghttps:\/\/cdn.newsbucovina.ro\/wp-content\/uploads\/2026\/08\/WhatsApp-Image-2026-08-06-at-19.31.25-1.jpeg&#8221;] Intr\u0103 acum \u0219i \u00een grupul de Telegram News Bucovina Pe fondul manifest\u0103rii fenomenelor meteo periculoase, asociate avertiz\u0103rii cod portocaliu de instabilitate atmosferic\u0103 accentuat\u0103, pompierii militari \u0219i lucr\u0103torii serviciilor voluntare pentru situa\u021bii de urgen\u021b\u0103 au intervenit joi seara pe raza localit\u0103\u021bilor Salcea, R\u00e2\u0219ca \u0219i Cium\u00e2rna pentru \u00eendep\u0103rtarea unor arbori dobor\u00e2\u021bi pe carosabil. Salvatorii [&hellip;]<\/p>\n","protected":false},"author":1,"featured_media":0,"comment_status":"open","ping_status":"","sticky":false,"template":"","format":"standard","meta":{"footnotes":""},"categories":[89],"tags":[226,165],"class_list":["post-2083414","post","type-post","status-publish","format-standard","hentry","category-romania","tag-crawlmanager","tag-newsbucovina-ro"],"_links":{"self":[{"href":"https:\/\/analyse.optim.biz\/index.php?rest_route=\/wp\/v2\/posts\/2083414","targetHints":{"allow":["GET"]}}],"collection":[{"href":"https:\/\/analyse.optim.biz\/index.php?rest_route=\/wp\/v2\/posts"}],"about":[{"href":"https:\/\/analyse.optim.biz\/index.php?rest_route=\/wp\/v2\/types\/post"}],"author":[{"embeddable":true,"href":"https:\/\/analyse.optim.biz\/index.php?rest_route=\/wp\/v2\/users\/1"}],"replies":[{"embeddable":true,"href":"https:\/\/analyse.optim.biz\/index.php?rest_route=%2Fwp%2Fv2%2Fcomments&post=2083414"}],"version-history":[{"count":0,"href":"https:\/\/analyse.optim.biz\/index.php?rest_route=\/wp\/v2\/posts\/2083414\/revisions"}],"wp:attachment":[{"href":"https:\/\/analyse.optim.biz\/index.php?rest_route=%2Fwp%2Fv2%2Fmedia&parent=2083414"}],"wp:term":[{"taxonomy":"category","embeddable":true,"href":"https:\/\/analyse.optim.biz\/index.php?rest_route=%2Fwp%2Fv2%2Fcategories&post=2083414"},{"taxonomy":"post_tag","embeddable":true,"href":"https:\/\/analyse.optim.biz\/index.php?rest_route=%2Fwp%2Fv2%2Ftags&post=2083414"}],"curies":[{"name":"wp","href":"https:\/\/api.w.org\/{rel}","templated":true}]}}