{"id":2083413,"date":"2026-08-06T12:09:32","date_gmt":"2026-08-06T09:09:32","guid":{"rendered":"https:\/\/analyse.optim.biz\/?p=2083413"},"modified":"2026-08-06T12:09:32","modified_gmt":"2026-08-06T09:09:32","slug":"premiere-la-usv-pentru-echipa-de-handbal-masculin-de-cinci-ori-campioana-europeana-universitara","status":"publish","type":"post","link":"https:\/\/analyse.optim.biz\/?p=2083413","title":{"rendered":"Premiere la USV pentru echipa de handbal masculin, de cinci ori campioan\u0103 european\u0103 universitar\u0103"},"content":{"rendered":"<p>[analyse_image type=&#8221;featured&#8221; src=&#8221;https:\/\/www.newsbucovina.ro\/wp-content\/uploads\/2026\/08\/WhatsApp-Image-2026-08-06-at-14.57.462q.jpeghttps:\/\/cdn.newsbucovina.ro\/wp-content\/uploads\/2026\/08\/WhatsApp-Image-2026-08-06-at-14.57.462q.jpeg&#8221;]<\/p>\n<div class=\"td-post-content tagdiv-type\">\n<div class=\"td-a-rec td-a-rec-id-content_top  tdi_3 td_block_template_1\"><strong>Intr\u0103 acum \u0219i \u00een grupul de <\/p>\n<div class=\"wp-block-button\"><a class=\"wp-block-button__link wp-element-button\" href=\"https:\/\/t.me\/+TH8wcfnp8fw5NWI0\">Telegram News Bucovina<\/a><\/div>\n<p><\/strong><\/div>\n<p class=\"wp-block-paragraph\">Universitatea \u201e\u0218tefan cel Mare\u201d din Suceava va organiza s\u00e2mb\u0103t\u0103, 8 august 2026, \u00eencep\u00e2nd cu ora 12:00, \u00een Corpul A al universit\u0103\u021bii, ceremonia de premiere a echipei masculine de handbal, care a c\u00e2\u0219tigat pentru a cincea oar\u0103 titlul de campioan\u0103 european\u0103 universitar\u0103.<\/p>\n<figure class=\"wp-block-image size-large\"><a href=\"https:\/\/cdn.newsbucovina.ro\/wp-content\/uploads\/2026\/08\/WhatsApp-Image-2026-08-06-at-14.57.471.jpeg\"><img loading=\"lazy\" decoding=\"async\" width=\"1024\" height=\"683\" src=\"https:\/\/cdn.newsbucovina.ro\/wp-content\/uploads\/2026\/08\/WhatsApp-Image-2026-08-06-at-14.57.471-1024x683.jpeg\" alt class=\"wp-image-445801\"><\/a><\/figure>\n<p class=\"wp-block-paragraph\">La eveniment vor participa ministrul Educa\u021biei \u0219i Cercet\u0103rii, prof. univ. dr. Mihai Dimian, al\u0103turi de reprezentan\u021bi ai Universit\u0103\u021bii \u201e\u0218tefan cel Mare\u201d din Suceava, ai Prim\u0103riei Municipiului Suceava \u0219i ai Consiliului Jude\u021bean Suceava.<\/p>\n<figure class=\"wp-block-gallery has-nested-images columns-default is-cropped wp-block-gallery-1 is-layout-flex wp-block-gallery-is-layout-flex\">\n<figure class=\"wp-block-image size-large\"><a href=\"https:\/\/cdn.newsbucovina.ro\/wp-content\/uploads\/2026\/08\/WhatsApp-Image-2026-08-06-at-14.57.47.jpeg\"><img loading=\"lazy\" decoding=\"async\" width=\"1024\" height=\"614\" data-id=\"445802\" src=\"https:\/\/cdn.newsbucovina.ro\/wp-content\/uploads\/2026\/08\/WhatsApp-Image-2026-08-06-at-14.57.47-1024x614.jpeg\" alt class=\"wp-image-445802\"><\/a><\/figure>\n<figure class=\"wp-block-image size-large\"><a href=\"https:\/\/cdn.newsbucovina.ro\/wp-content\/uploads\/2026\/08\/WhatsApp-Image-2026-08-06-at-14.57.462q.jpeg\"><img decoding=\"async\" loading=\"lazy\" width=\"1024\" height=\"768\" data-id=\"445803\" src=\"https:\/\/cdn.newsbucovina.ro\/wp-content\/uploads\/2026\/08\/WhatsApp-Image-2026-08-06-at-14.57.462q-1024x768.jpeg\" alt class=\"wp-image-445803\"><\/a><\/figure>\n<\/figure>\n<p class=\"wp-block-paragraph\">Echipa Universit\u0103\u021bii \u201e\u0218tefan cel Mare\u201d din Suceava a c\u00e2\u0219tigat edi\u021bia 2026 a Jocurilor Europene Universitare la handbal masculin, competi\u021bie desf\u0103\u0219urat\u0103 la Salerno, \u00een Italia. Acesta este al cincilea trofeu continental din palmaresul forma\u021biei universitare, dup\u0103 cele cucerite \u00een anii 2017, 2022, 2023 \u0219i 2024.<\/p>\n<p class=\"wp-block-paragraph\">Ceremonia marcheaz\u0103 succesul sportivilor universit\u0103\u021bii \u0219i confirm\u0103 performan\u021ba constant\u0103 a echipei pe plan european.<\/p>\n<figure class=\"wp-block-embed is-type-video is-provider-youtube wp-block-embed-youtube wp-embed-aspect-16-9 wp-has-aspect-ratio\">\n<div class=\"wp-block-embed__wrapper\">\n<div class=\"youtube-embed\" data-video_id=\"owaoRC5i8gM\"><iframe loading=\"lazy\" title=\"De ce s\u0103 vrei s\u0103 MORI la 23 de ani?? Buchet de infrac\u021biuni = ADIO via\u021b\u0103!!! Nu a avut nicio \u0219ans\u0103...\" width=\"696\" height=\"392\" src=\"https:\/\/www.youtube.com\/embed\/owaoRC5i8gM?feature=oembed&amp;enablejsapi=1\" frameborder allow=\"accelerometer; autoplay; clipboard-write; encrypted-media; gyroscope; picture-in-picture; web-share\" referrerpolicy=\"strict-origin-when-cross-origin\" allowfullscreen><\/iframe><\/div>\n<\/div>\n<\/figure>\n<div class=\"td-a-rec td-a-rec-id-content_bottom  tdi_4 td_block_template_1\"><strong>Intr\u0103 acum \u0219i \u00een grupul de <\/p>\n<div class=\"wp-block-button\"><a class=\"wp-block-button__link wp-element-button\" href=\"https:\/\/t.me\/+TH8wcfnp8fw5NWI0\">Telegram News Bucovina<\/a><\/div>\n<p><\/strong><\/div>\n<\/div>\n<div class=\"td-post-content tagdiv-type\">\n<div class=\"td-a-rec td-a-rec-id-content_top  tdi_3 td_block_template_1\"><strong>Intr\u0103 acum \u0219i \u00een grupul de <\/p>\n<div class=\"wp-block-button\"><a class=\"wp-block-button__link wp-element-button\" href=\"https:\/\/t.me\/+TH8wcfnp8fw5NWI0\">Telegram News Bucovina<\/a><\/div>\n<p><\/strong><\/div>\n<p class=\"wp-block-paragraph\">Universitatea \u201e\u0218tefan cel Mare\u201d din Suceava va organiza s\u00e2mb\u0103t\u0103, 8 august 2026, \u00eencep\u00e2nd cu ora 12:00, \u00een Corpul A al universit\u0103\u021bii, ceremonia de premiere a echipei masculine de handbal, care a c\u00e2\u0219tigat pentru a cincea oar\u0103 titlul de campioan\u0103 european\u0103 universitar\u0103.<\/p>\n<figure class=\"wp-block-image size-large\"><a href=\"https:\/\/cdn.newsbucovina.ro\/wp-content\/uploads\/2026\/08\/WhatsApp-Image-2026-08-06-at-14.57.471.jpeg\"><img loading=\"lazy\" decoding=\"async\" width=\"1024\" height=\"683\" src=\"https:\/\/cdn.newsbucovina.ro\/wp-content\/uploads\/2026\/08\/WhatsApp-Image-2026-08-06-at-14.57.471-1024x683.jpeg\" alt class=\"wp-image-445801\"><\/a><\/figure>\n<p class=\"wp-block-paragraph\">La eveniment vor participa ministrul Educa\u021biei \u0219i Cercet\u0103rii, prof. univ. dr. Mihai Dimian, al\u0103turi de reprezentan\u021bi ai Universit\u0103\u021bii \u201e\u0218tefan cel Mare\u201d din Suceava, ai Prim\u0103riei Municipiului Suceava \u0219i ai Consiliului Jude\u021bean Suceava.<\/p>\n<figure class=\"wp-block-gallery has-nested-images columns-default is-cropped wp-block-gallery-1 is-layout-flex wp-block-gallery-is-layout-flex\">\n<figure class=\"wp-block-image size-large\"><a href=\"https:\/\/cdn.newsbucovina.ro\/wp-content\/uploads\/2026\/08\/WhatsApp-Image-2026-08-06-at-14.57.47.jpeg\"><img loading=\"lazy\" decoding=\"async\" width=\"1024\" height=\"614\" data-id=\"445802\" src=\"https:\/\/cdn.newsbucovina.ro\/wp-content\/uploads\/2026\/08\/WhatsApp-Image-2026-08-06-at-14.57.47-1024x614.jpeg\" alt class=\"wp-image-445802\"><\/a><\/figure>\n<figure class=\"wp-block-image size-large\"><a href=\"https:\/\/cdn.newsbucovina.ro\/wp-content\/uploads\/2026\/08\/WhatsApp-Image-2026-08-06-at-14.57.462q.jpeg\"><img decoding=\"async\" loading=\"lazy\" width=\"1024\" height=\"768\" data-id=\"445803\" src=\"https:\/\/cdn.newsbucovina.ro\/wp-content\/uploads\/2026\/08\/WhatsApp-Image-2026-08-06-at-14.57.462q-1024x768.jpeg\" alt class=\"wp-image-445803\"><\/a><\/figure>\n<\/figure>\n<p class=\"wp-block-paragraph\">Echipa Universit\u0103\u021bii \u201e\u0218tefan cel Mare\u201d din Suceava a c\u00e2\u0219tigat edi\u021bia 2026 a Jocurilor Europene Universitare la handbal masculin, competi\u021bie desf\u0103\u0219urat\u0103 la Salerno, \u00een Italia. Acesta este al cincilea trofeu continental din palmaresul forma\u021biei universitare, dup\u0103 cele cucerite \u00een anii 2017, 2022, 2023 \u0219i 2024.<\/p>\n<p class=\"wp-block-paragraph\">Ceremonia marcheaz\u0103 succesul sportivilor universit\u0103\u021bii \u0219i confirm\u0103 performan\u021ba constant\u0103 a echipei pe plan european.<\/p>\n<figure class=\"wp-block-embed is-type-video is-provider-youtube wp-block-embed-youtube wp-embed-aspect-16-9 wp-has-aspect-ratio\">\n<div class=\"wp-block-embed__wrapper\">\n<div class=\"youtube-embed\" data-video_id=\"owaoRC5i8gM\"><iframe loading=\"lazy\" title=\"De ce s\u0103 vrei s\u0103 MORI la 23 de ani?? Buchet de infrac\u021biuni = ADIO via\u021b\u0103!!! Nu a avut nicio \u0219ans\u0103...\" width=\"696\" height=\"392\" src=\"https:\/\/www.youtube.com\/embed\/owaoRC5i8gM?feature=oembed&amp;enablejsapi=1\" frameborder allow=\"accelerometer; autoplay; clipboard-write; encrypted-media; gyroscope; picture-in-picture; web-share\" referrerpolicy=\"strict-origin-when-cross-origin\" allowfullscreen><\/iframe><\/div>\n<\/div>\n<\/figure>\n<div class=\"td-a-rec td-a-rec-id-content_bottom  tdi_4 td_block_template_1\"><strong>Intr\u0103 acum \u0219i \u00een grupul de <\/p>\n<div class=\"wp-block-button\"><a class=\"wp-block-button__link wp-element-button\" href=\"https:\/\/t.me\/+TH8wcfnp8fw5NWI0\">Telegram News Bucovina<\/a><\/div>\n<p><\/strong><\/div>\n<\/div>\n<p>[analyse_source url=&#8221;https:\/\/www.newsbucovina.ro\/actualitate\/445800\/premiere-la-usv-pentru-echipa-de-handbal-masculin-de-cinci-ori-campioana-europeana-universitara&#8221;]<\/p>\n","protected":false},"excerpt":{"rendered":"<p>[analyse_image type=&#8221;featured&#8221; src=&#8221;https:\/\/www.newsbucovina.ro\/wp-content\/uploads\/2026\/08\/WhatsApp-Image-2026-08-06-at-14.57.462q.jpeghttps:\/\/cdn.newsbucovina.ro\/wp-content\/uploads\/2026\/08\/WhatsApp-Image-2026-08-06-at-14.57.462q.jpeg&#8221;] Intr\u0103 acum \u0219i \u00een grupul de Telegram News Bucovina Universitatea \u201e\u0218tefan cel Mare\u201d din Suceava va organiza s\u00e2mb\u0103t\u0103, 8 august 2026, \u00eencep\u00e2nd cu ora 12:00, \u00een Corpul A al universit\u0103\u021bii, ceremonia de premiere a echipei masculine de handbal, care a c\u00e2\u0219tigat pentru a cincea oar\u0103 titlul de campioan\u0103 european\u0103 universitar\u0103. La eveniment [&hellip;]<\/p>\n","protected":false},"author":1,"featured_media":0,"comment_status":"open","ping_status":"","sticky":false,"template":"","format":"standard","meta":{"footnotes":""},"categories":[89],"tags":[226,165],"class_list":["post-2083413","post","type-post","status-publish","format-standard","hentry","category-romania","tag-crawlmanager","tag-newsbucovina-ro"],"_links":{"self":[{"href":"https:\/\/analyse.optim.biz\/index.php?rest_route=\/wp\/v2\/posts\/2083413","targetHints":{"allow":["GET"]}}],"collection":[{"href":"https:\/\/analyse.optim.biz\/index.php?rest_route=\/wp\/v2\/posts"}],"about":[{"href":"https:\/\/analyse.optim.biz\/index.php?rest_route=\/wp\/v2\/types\/post"}],"author":[{"embeddable":true,"href":"https:\/\/analyse.optim.biz\/index.php?rest_route=\/wp\/v2\/users\/1"}],"replies":[{"embeddable":true,"href":"https:\/\/analyse.optim.biz\/index.php?rest_route=%2Fwp%2Fv2%2Fcomments&post=2083413"}],"version-history":[{"count":0,"href":"https:\/\/analyse.optim.biz\/index.php?rest_route=\/wp\/v2\/posts\/2083413\/revisions"}],"wp:attachment":[{"href":"https:\/\/analyse.optim.biz\/index.php?rest_route=%2Fwp%2Fv2%2Fmedia&parent=2083413"}],"wp:term":[{"taxonomy":"category","embeddable":true,"href":"https:\/\/analyse.optim.biz\/index.php?rest_route=%2Fwp%2Fv2%2Fcategories&post=2083413"},{"taxonomy":"post_tag","embeddable":true,"href":"https:\/\/analyse.optim.biz\/index.php?rest_route=%2Fwp%2Fv2%2Ftags&post=2083413"}],"curies":[{"name":"wp","href":"https:\/\/api.w.org\/{rel}","templated":true}]}}