{"id":2083411,"date":"2026-08-07T07:39:22","date_gmt":"2026-08-07T04:39:22","guid":{"rendered":"https:\/\/analyse.optim.biz\/?p=2083411"},"modified":"2026-08-07T07:39:22","modified_gmt":"2026-08-07T04:39:22","slug":"fata-de-12-ani-din-costana-cautata-de-politisti-dupa-ce-a-plecat-voluntar-de-la-domiciliu","status":"publish","type":"post","link":"https:\/\/analyse.optim.biz\/?p=2083411","title":{"rendered":"Fat\u0103 de 12 ani din Cost\u00e2na, c\u0103utat\u0103 de poli\u021bi\u0219ti dup\u0103 ce a plecat voluntar de la domiciliu"},"content":{"rendered":"<p>[analyse_image type=&#8221;featured&#8221; src=&#8221;https:\/\/www.newsbucovina.ro\/wp-content\/uploads\/2026\/08\/WhatsApp-Image-2026-08-07-at-10.12.58.jpeghttps:\/\/cdn.newsbucovina.ro\/wp-content\/uploads\/2026\/08\/WhatsApp-Image-2026-08-07-at-10.12.58.jpeg&#8221;]<\/p>\n<div class=\"td-post-content tagdiv-type\">\n<div class=\"td-a-rec td-a-rec-id-content_top  tdi_3 td_block_template_1\"><strong>Intr\u0103 acum \u0219i \u00een grupul de <\/p>\n<div class=\"wp-block-button\"><a class=\"wp-block-button__link wp-element-button\" href=\"https:\/\/t.me\/+TH8wcfnp8fw5NWI0\">Telegram News Bucovina<\/a><\/div>\n<p><\/strong><\/div>\n<p class=\"wp-block-paragraph\">Poli\u021bi\u0219tii din jude\u021bul Suceava desf\u0103\u0219oar\u0103 activit\u0103\u021bi de c\u0103utare \u0219i identificare a minorei Elena Alexandra M., \u00een v\u00e2rst\u0103 de 12 ani \u0219i 3 luni, domiciliat\u0103 \u00een satul Cost\u00e2na, comuna Todire\u0219ti.<\/p>\n<figure class=\"wp-block-image size-large\"><a href=\"https:\/\/cdn.newsbucovina.ro\/wp-content\/uploads\/2026\/08\/WhatsApp-Image-2026-08-07-at-10.12.58.jpeg\"><img loading=\"lazy\" decoding=\"async\" width=\"1024\" height=\"512\" src=\"https:\/\/cdn.newsbucovina.ro\/wp-content\/uploads\/2026\/08\/WhatsApp-Image-2026-08-07-at-10.12.58-1024x512.jpeg\" alt class=\"wp-image-445890\"><\/a><\/figure>\n<p class=\"wp-block-paragraph\">Potrivit anun\u021bului oficial al Poli\u021biei Jude\u021bene Suceava, minora a plecat voluntar de la domiciliu joi, 6 august 2026, \u00een jurul orei 15:30, \u0219i nu a mai revenit p\u00e2n\u0103 \u00een prezent.<\/p>\n<p class=\"wp-block-paragraph\">Semnalmentele minorei sunt: \u00een\u0103l\u021bime de aproximativ 150 cm, greutate de circa 40 kg, p\u0103r lung \u0219aten, ochi c\u0103prui, f\u0103r\u0103 semne distinctive. La momentul plec\u0103rii era \u00eembr\u0103cat\u0103 cu pantaloni negri, tricou negru \u0219i pantofi sport de culoare alb\u0103.<\/p>\n<p class=\"wp-block-paragraph\">Poli\u021bi\u0219tii solicit\u0103 oric\u0103rei persoane care de\u021bine informa\u021bii utile s\u0103 anun\u021be de \u00eendat\u0103 prin apel la 112 sau la cea mai apropiat\u0103 unitate de poli\u021bie.<\/p>\n<figure class=\"wp-block-embed is-type-video is-provider-youtube wp-block-embed-youtube wp-embed-aspect-16-9 wp-has-aspect-ratio\">\n<div class=\"wp-block-embed__wrapper\">\n<div class=\"youtube-embed\" data-video_id=\"KyNd2p4Lwm8\"><iframe loading=\"lazy\" title=\"\"Antrenorul de VINETE\" a dat lovitura - Ardeii Portocalii de MITOC au cucerit Europa!!\" width=\"696\" height=\"392\" src=\"https:\/\/www.youtube.com\/embed\/KyNd2p4Lwm8?feature=oembed&amp;enablejsapi=1\" frameborder allow=\"accelerometer; autoplay; clipboard-write; encrypted-media; gyroscope; picture-in-picture; web-share\" referrerpolicy=\"strict-origin-when-cross-origin\" allowfullscreen><\/iframe><\/div>\n<\/div>\n<\/figure>\n<div class=\"td-a-rec td-a-rec-id-content_bottom  tdi_4 td_block_template_1\"><strong>Intr\u0103 acum \u0219i \u00een grupul de <\/p>\n<div class=\"wp-block-button\"><a class=\"wp-block-button__link wp-element-button\" href=\"https:\/\/t.me\/+TH8wcfnp8fw5NWI0\">Telegram News Bucovina<\/a><\/div>\n<p><\/strong><\/div>\n<\/div>\n<div class=\"td-post-content tagdiv-type\">\n<div class=\"td-a-rec td-a-rec-id-content_top  tdi_3 td_block_template_1\"><strong>Intr\u0103 acum \u0219i \u00een grupul de <\/p>\n<div class=\"wp-block-button\"><a class=\"wp-block-button__link wp-element-button\" href=\"https:\/\/t.me\/+TH8wcfnp8fw5NWI0\">Telegram News Bucovina<\/a><\/div>\n<p><\/strong><\/div>\n<p class=\"wp-block-paragraph\">Poli\u021bi\u0219tii din jude\u021bul Suceava desf\u0103\u0219oar\u0103 activit\u0103\u021bi de c\u0103utare \u0219i identificare a minorei Elena Alexandra M., \u00een v\u00e2rst\u0103 de 12 ani \u0219i 3 luni, domiciliat\u0103 \u00een satul Cost\u00e2na, comuna Todire\u0219ti.<\/p>\n<figure class=\"wp-block-image size-large\"><a href=\"https:\/\/cdn.newsbucovina.ro\/wp-content\/uploads\/2026\/08\/WhatsApp-Image-2026-08-07-at-10.12.58.jpeg\"><img loading=\"lazy\" decoding=\"async\" width=\"1024\" height=\"512\" src=\"https:\/\/cdn.newsbucovina.ro\/wp-content\/uploads\/2026\/08\/WhatsApp-Image-2026-08-07-at-10.12.58-1024x512.jpeg\" alt class=\"wp-image-445890\"><\/a><\/figure>\n<p class=\"wp-block-paragraph\">Potrivit anun\u021bului oficial al Poli\u021biei Jude\u021bene Suceava, minora a plecat voluntar de la domiciliu joi, 6 august 2026, \u00een jurul orei 15:30, \u0219i nu a mai revenit p\u00e2n\u0103 \u00een prezent.<\/p>\n<p class=\"wp-block-paragraph\">Semnalmentele minorei sunt: \u00een\u0103l\u021bime de aproximativ 150 cm, greutate de circa 40 kg, p\u0103r lung \u0219aten, ochi c\u0103prui, f\u0103r\u0103 semne distinctive. La momentul plec\u0103rii era \u00eembr\u0103cat\u0103 cu pantaloni negri, tricou negru \u0219i pantofi sport de culoare alb\u0103.<\/p>\n<p class=\"wp-block-paragraph\">Poli\u021bi\u0219tii solicit\u0103 oric\u0103rei persoane care de\u021bine informa\u021bii utile s\u0103 anun\u021be de \u00eendat\u0103 prin apel la 112 sau la cea mai apropiat\u0103 unitate de poli\u021bie.<\/p>\n<figure class=\"wp-block-embed is-type-video is-provider-youtube wp-block-embed-youtube wp-embed-aspect-16-9 wp-has-aspect-ratio\">\n<div class=\"wp-block-embed__wrapper\">\n<div class=\"youtube-embed\" data-video_id=\"KyNd2p4Lwm8\"><iframe loading=\"lazy\" title=\"\"Antrenorul de VINETE\" a dat lovitura - Ardeii Portocalii de MITOC au cucerit Europa!!\" width=\"696\" height=\"392\" src=\"https:\/\/www.youtube.com\/embed\/KyNd2p4Lwm8?feature=oembed&amp;enablejsapi=1\" frameborder allow=\"accelerometer; autoplay; clipboard-write; encrypted-media; gyroscope; picture-in-picture; web-share\" referrerpolicy=\"strict-origin-when-cross-origin\" allowfullscreen><\/iframe><\/div>\n<\/div>\n<\/figure>\n<div class=\"td-a-rec td-a-rec-id-content_bottom  tdi_4 td_block_template_1\"><strong>Intr\u0103 acum \u0219i \u00een grupul de <\/p>\n<div class=\"wp-block-button\"><a class=\"wp-block-button__link wp-element-button\" href=\"https:\/\/t.me\/+TH8wcfnp8fw5NWI0\">Telegram News Bucovina<\/a><\/div>\n<p><\/strong><\/div>\n<\/div>\n<p>[analyse_source url=&#8221;https:\/\/www.newsbucovina.ro\/social\/445889\/fata-de-12-ani-din-costana-cautata-de-politisti-dupa-ce-a-plecat-voluntar-de-la-domiciliu&#8221;]<\/p>\n","protected":false},"excerpt":{"rendered":"<p>[analyse_image type=&#8221;featured&#8221; src=&#8221;https:\/\/www.newsbucovina.ro\/wp-content\/uploads\/2026\/08\/WhatsApp-Image-2026-08-07-at-10.12.58.jpeghttps:\/\/cdn.newsbucovina.ro\/wp-content\/uploads\/2026\/08\/WhatsApp-Image-2026-08-07-at-10.12.58.jpeg&#8221;] Intr\u0103 acum \u0219i \u00een grupul de Telegram News Bucovina Poli\u021bi\u0219tii din jude\u021bul Suceava desf\u0103\u0219oar\u0103 activit\u0103\u021bi de c\u0103utare \u0219i identificare a minorei Elena Alexandra M., \u00een v\u00e2rst\u0103 de 12 ani \u0219i 3 luni, domiciliat\u0103 \u00een satul Cost\u00e2na, comuna Todire\u0219ti. Potrivit anun\u021bului oficial al Poli\u021biei Jude\u021bene Suceava, minora a plecat voluntar de la domiciliu [&hellip;]<\/p>\n","protected":false},"author":1,"featured_media":0,"comment_status":"open","ping_status":"","sticky":false,"template":"","format":"standard","meta":{"footnotes":""},"categories":[89],"tags":[226,165],"class_list":["post-2083411","post","type-post","status-publish","format-standard","hentry","category-romania","tag-crawlmanager","tag-newsbucovina-ro"],"_links":{"self":[{"href":"https:\/\/analyse.optim.biz\/index.php?rest_route=\/wp\/v2\/posts\/2083411","targetHints":{"allow":["GET"]}}],"collection":[{"href":"https:\/\/analyse.optim.biz\/index.php?rest_route=\/wp\/v2\/posts"}],"about":[{"href":"https:\/\/analyse.optim.biz\/index.php?rest_route=\/wp\/v2\/types\/post"}],"author":[{"embeddable":true,"href":"https:\/\/analyse.optim.biz\/index.php?rest_route=\/wp\/v2\/users\/1"}],"replies":[{"embeddable":true,"href":"https:\/\/analyse.optim.biz\/index.php?rest_route=%2Fwp%2Fv2%2Fcomments&post=2083411"}],"version-history":[{"count":0,"href":"https:\/\/analyse.optim.biz\/index.php?rest_route=\/wp\/v2\/posts\/2083411\/revisions"}],"wp:attachment":[{"href":"https:\/\/analyse.optim.biz\/index.php?rest_route=%2Fwp%2Fv2%2Fmedia&parent=2083411"}],"wp:term":[{"taxonomy":"category","embeddable":true,"href":"https:\/\/analyse.optim.biz\/index.php?rest_route=%2Fwp%2Fv2%2Fcategories&post=2083411"},{"taxonomy":"post_tag","embeddable":true,"href":"https:\/\/analyse.optim.biz\/index.php?rest_route=%2Fwp%2Fv2%2Ftags&post=2083411"}],"curies":[{"name":"wp","href":"https:\/\/api.w.org\/{rel}","templated":true}]}}