{"id":2083409,"date":"2026-08-07T07:32:49","date_gmt":"2026-08-07T04:32:49","guid":{"rendered":"https:\/\/analyse.optim.biz\/?p=2083409"},"modified":"2026-08-07T07:32:49","modified_gmt":"2026-08-07T04:32:49","slug":"incendiu-la-o-casa-din-dolhestii-mari-acoperisul-a-fost-distrus-pe-o-suprafata-de-120-de-metri-patrati","status":"publish","type":"post","link":"https:\/\/analyse.optim.biz\/?p=2083409","title":{"rendered":"Incendiu la o cas\u0103 din Dolhe\u0219tii Mari. Acoperi\u0219ul a fost distrus pe o suprafa\u021b\u0103 de 120 de metri p\u0103tra\u021bi"},"content":{"rendered":"<p>[analyse_image type=&#8221;featured&#8221; src=&#8221;https:\/\/www.newsbucovina.ro\/wp-content\/uploads\/2026\/08\/WhatsApp-Image-2026-08-07-at-10.06.25.jpeghttps:\/\/cdn.newsbucovina.ro\/wp-content\/uploads\/2026\/08\/WhatsApp-Image-2026-08-07-at-10.06.25.jpeg&#8221;]<\/p>\n<div class=\"td-post-content tagdiv-type\">\n<div class=\"td-a-rec td-a-rec-id-content_top  tdi_3 td_block_template_1\"><strong>Intr\u0103 acum \u0219i \u00een grupul de <\/p>\n<div class=\"wp-block-button\"><a class=\"wp-block-button__link wp-element-button\" href=\"https:\/\/t.me\/+TH8wcfnp8fw5NWI0\">Telegram News Bucovina<\/a><\/div>\n<p><\/strong><\/div>\n<p class=\"wp-block-paragraph\">Joi, 6 august 2026, \u00een jurul orei 17:56, pompierii militari de la subunit\u0103\u021bile F\u0103lticeni, Dolhasca \u0219i Suceava au intervenit pentru stingerea unui incendiu izbucnit la o cas\u0103 de locuit din localitatea Dolhe\u0219tii Mari.<\/p>\n<figure class=\"wp-block-image size-large\"><a href=\"https:\/\/cdn.newsbucovina.ro\/wp-content\/uploads\/2026\/08\/WhatsApp-Image-2026-08-07-at-10.06.25.jpeg\"><img loading=\"lazy\" decoding=\"async\" width=\"1024\" height=\"576\" src=\"https:\/\/cdn.newsbucovina.ro\/wp-content\/uploads\/2026\/08\/WhatsApp-Image-2026-08-07-at-10.06.25-1024x576.jpeg\" alt class=\"wp-image-445884\"><\/a><\/figure>\n<p class=\"wp-block-paragraph\">Potrivit purt\u0103torului de cuv\u00e2nt al ISU Suceava, locotenent colonel Alin G\u0103leat\u0103, la sosirea echipajelor, fl\u0103c\u0103rile se manifestau la acoperi\u0219ul unei locuin\u021be tip duplex, cu doi proprietari, exist\u00e2nd pericol de propagare at\u00e2t la \u00eentreaga construc\u021bie, c\u00e2t \u0219i la anexele gospod\u0103re\u0219ti. For\u021bele de interven\u021bie au ac\u021bionat cu patru autospeciale de stingere \u0219i o ambulan\u021b\u0103 SMURD.<\/p>\n<p class=\"wp-block-paragraph\">Incendiul a fost lichidat la ora 21:10. Acoperi\u0219ul, construit pe astereal\u0103 din lemn \u0219i acoperit cu tabl\u0103, a fost distrus pe o suprafa\u021b\u0103 de aproximativ 120 de metri p\u0103tra\u021bi. Fl\u0103c\u0103rile au afectat pere\u021bii portan\u021bi, structura din lemn a mansardei, tencuiala exterioar\u0103, tavanul din gips-carton, obiecte de mobilier, elemente de t\u00e2mpl\u0103rie \u0219i diverse bunuri materiale aflate \u00een interior.<\/p>\n<p class=\"wp-block-paragraph\">Cauza probabil\u0103 a izbucnirii incendiului a fost un scurtcircuit la un conductor al re\u021belei electrice de medie tensiune, produs \u00een urma ac\u021biunii v\u00e2ntului puternic (cod portocaliu), urmat de aprinderea acoperi\u0219ului.<\/p>\n<p class=\"wp-block-paragraph\">Din fericire, nu s-au \u00eenregistrat victime. Pompierii au reu\u0219it s\u0103 salveze restul casei de locuit \u0219i anexele gospod\u0103re\u0219ti, \u00eempreun\u0103 cu bunurile aferente.<\/p>\n<figure class=\"wp-block-embed is-type-video is-provider-youtube wp-block-embed-youtube wp-embed-aspect-16-9 wp-has-aspect-ratio\">\n<div class=\"wp-block-embed__wrapper\">\n<div class=\"youtube-embed\" data-video_id=\"KyNd2p4Lwm8\"><iframe loading=\"lazy\" title=\"\"Antrenorul de VINETE\" a dat lovitura - Ardeii Portocalii de MITOC au cucerit Europa!!\" width=\"696\" height=\"392\" src=\"https:\/\/www.youtube.com\/embed\/KyNd2p4Lwm8?feature=oembed&amp;enablejsapi=1\" frameborder allow=\"accelerometer; autoplay; clipboard-write; encrypted-media; gyroscope; picture-in-picture; web-share\" referrerpolicy=\"strict-origin-when-cross-origin\" allowfullscreen><\/iframe><\/div>\n<\/div>\n<\/figure>\n<div class=\"td-a-rec td-a-rec-id-content_bottom  tdi_4 td_block_template_1\"><strong>Intr\u0103 acum \u0219i \u00een grupul de <\/p>\n<div class=\"wp-block-button\"><a class=\"wp-block-button__link wp-element-button\" href=\"https:\/\/t.me\/+TH8wcfnp8fw5NWI0\">Telegram News Bucovina<\/a><\/div>\n<p><\/strong><\/div>\n<\/div>\n<div class=\"td-post-content tagdiv-type\">\n<div class=\"td-a-rec td-a-rec-id-content_top  tdi_3 td_block_template_1\"><strong>Intr\u0103 acum \u0219i \u00een grupul de <\/p>\n<div class=\"wp-block-button\"><a class=\"wp-block-button__link wp-element-button\" href=\"https:\/\/t.me\/+TH8wcfnp8fw5NWI0\">Telegram News Bucovina<\/a><\/div>\n<p><\/strong><\/div>\n<p class=\"wp-block-paragraph\">Joi, 6 august 2026, \u00een jurul orei 17:56, pompierii militari de la subunit\u0103\u021bile F\u0103lticeni, Dolhasca \u0219i Suceava au intervenit pentru stingerea unui incendiu izbucnit la o cas\u0103 de locuit din localitatea Dolhe\u0219tii Mari.<\/p>\n<figure class=\"wp-block-image size-large\"><a href=\"https:\/\/cdn.newsbucovina.ro\/wp-content\/uploads\/2026\/08\/WhatsApp-Image-2026-08-07-at-10.06.25.jpeg\"><img loading=\"lazy\" decoding=\"async\" width=\"1024\" height=\"576\" src=\"https:\/\/cdn.newsbucovina.ro\/wp-content\/uploads\/2026\/08\/WhatsApp-Image-2026-08-07-at-10.06.25-1024x576.jpeg\" alt class=\"wp-image-445884\"><\/a><\/figure>\n<p class=\"wp-block-paragraph\">Potrivit purt\u0103torului de cuv\u00e2nt al ISU Suceava, locotenent colonel Alin G\u0103leat\u0103, la sosirea echipajelor, fl\u0103c\u0103rile se manifestau la acoperi\u0219ul unei locuin\u021be tip duplex, cu doi proprietari, exist\u00e2nd pericol de propagare at\u00e2t la \u00eentreaga construc\u021bie, c\u00e2t \u0219i la anexele gospod\u0103re\u0219ti. For\u021bele de interven\u021bie au ac\u021bionat cu patru autospeciale de stingere \u0219i o ambulan\u021b\u0103 SMURD.<\/p>\n<p class=\"wp-block-paragraph\">Incendiul a fost lichidat la ora 21:10. Acoperi\u0219ul, construit pe astereal\u0103 din lemn \u0219i acoperit cu tabl\u0103, a fost distrus pe o suprafa\u021b\u0103 de aproximativ 120 de metri p\u0103tra\u021bi. Fl\u0103c\u0103rile au afectat pere\u021bii portan\u021bi, structura din lemn a mansardei, tencuiala exterioar\u0103, tavanul din gips-carton, obiecte de mobilier, elemente de t\u00e2mpl\u0103rie \u0219i diverse bunuri materiale aflate \u00een interior.<\/p>\n<p class=\"wp-block-paragraph\">Cauza probabil\u0103 a izbucnirii incendiului a fost un scurtcircuit la un conductor al re\u021belei electrice de medie tensiune, produs \u00een urma ac\u021biunii v\u00e2ntului puternic (cod portocaliu), urmat de aprinderea acoperi\u0219ului.<\/p>\n<p class=\"wp-block-paragraph\">Din fericire, nu s-au \u00eenregistrat victime. Pompierii au reu\u0219it s\u0103 salveze restul casei de locuit \u0219i anexele gospod\u0103re\u0219ti, \u00eempreun\u0103 cu bunurile aferente.<\/p>\n<figure class=\"wp-block-embed is-type-video is-provider-youtube wp-block-embed-youtube wp-embed-aspect-16-9 wp-has-aspect-ratio\">\n<div class=\"wp-block-embed__wrapper\">\n<div class=\"youtube-embed\" data-video_id=\"KyNd2p4Lwm8\"><iframe loading=\"lazy\" title=\"\"Antrenorul de VINETE\" a dat lovitura - Ardeii Portocalii de MITOC au cucerit Europa!!\" width=\"696\" height=\"392\" src=\"https:\/\/www.youtube.com\/embed\/KyNd2p4Lwm8?feature=oembed&amp;enablejsapi=1\" frameborder allow=\"accelerometer; autoplay; clipboard-write; encrypted-media; gyroscope; picture-in-picture; web-share\" referrerpolicy=\"strict-origin-when-cross-origin\" allowfullscreen><\/iframe><\/div>\n<\/div>\n<\/figure>\n<div class=\"td-a-rec td-a-rec-id-content_bottom  tdi_4 td_block_template_1\"><strong>Intr\u0103 acum \u0219i \u00een grupul de <\/p>\n<div class=\"wp-block-button\"><a class=\"wp-block-button__link wp-element-button\" href=\"https:\/\/t.me\/+TH8wcfnp8fw5NWI0\">Telegram News Bucovina<\/a><\/div>\n<p><\/strong><\/div>\n<\/div>\n<p>[analyse_source url=&#8221;https:\/\/www.newsbucovina.ro\/social\/445883\/incendiu-la-o-casa-din-dolhestii-mari-acoperisul-a-fost-distrus-pe-o-suprafata-de-120-de-metri-patrati&#8221;]<\/p>\n","protected":false},"excerpt":{"rendered":"<p>[analyse_image type=&#8221;featured&#8221; src=&#8221;https:\/\/www.newsbucovina.ro\/wp-content\/uploads\/2026\/08\/WhatsApp-Image-2026-08-07-at-10.06.25.jpeghttps:\/\/cdn.newsbucovina.ro\/wp-content\/uploads\/2026\/08\/WhatsApp-Image-2026-08-07-at-10.06.25.jpeg&#8221;] Intr\u0103 acum \u0219i \u00een grupul de Telegram News Bucovina Joi, 6 august 2026, \u00een jurul orei 17:56, pompierii militari de la subunit\u0103\u021bile F\u0103lticeni, Dolhasca \u0219i Suceava au intervenit pentru stingerea unui incendiu izbucnit la o cas\u0103 de locuit din localitatea Dolhe\u0219tii Mari. Potrivit purt\u0103torului de cuv\u00e2nt al ISU Suceava, locotenent colonel Alin [&hellip;]<\/p>\n","protected":false},"author":1,"featured_media":0,"comment_status":"open","ping_status":"","sticky":false,"template":"","format":"standard","meta":{"footnotes":""},"categories":[89],"tags":[226,165],"class_list":["post-2083409","post","type-post","status-publish","format-standard","hentry","category-romania","tag-crawlmanager","tag-newsbucovina-ro"],"_links":{"self":[{"href":"https:\/\/analyse.optim.biz\/index.php?rest_route=\/wp\/v2\/posts\/2083409","targetHints":{"allow":["GET"]}}],"collection":[{"href":"https:\/\/analyse.optim.biz\/index.php?rest_route=\/wp\/v2\/posts"}],"about":[{"href":"https:\/\/analyse.optim.biz\/index.php?rest_route=\/wp\/v2\/types\/post"}],"author":[{"embeddable":true,"href":"https:\/\/analyse.optim.biz\/index.php?rest_route=\/wp\/v2\/users\/1"}],"replies":[{"embeddable":true,"href":"https:\/\/analyse.optim.biz\/index.php?rest_route=%2Fwp%2Fv2%2Fcomments&post=2083409"}],"version-history":[{"count":0,"href":"https:\/\/analyse.optim.biz\/index.php?rest_route=\/wp\/v2\/posts\/2083409\/revisions"}],"wp:attachment":[{"href":"https:\/\/analyse.optim.biz\/index.php?rest_route=%2Fwp%2Fv2%2Fmedia&parent=2083409"}],"wp:term":[{"taxonomy":"category","embeddable":true,"href":"https:\/\/analyse.optim.biz\/index.php?rest_route=%2Fwp%2Fv2%2Fcategories&post=2083409"},{"taxonomy":"post_tag","embeddable":true,"href":"https:\/\/analyse.optim.biz\/index.php?rest_route=%2Fwp%2Fv2%2Ftags&post=2083409"}],"curies":[{"name":"wp","href":"https:\/\/api.w.org\/{rel}","templated":true}]}}