{"id":2083408,"date":"2026-08-07T07:27:16","date_gmt":"2026-08-07T04:27:16","guid":{"rendered":"https:\/\/analyse.optim.biz\/?p=2083408"},"modified":"2026-08-07T07:27:16","modified_gmt":"2026-08-07T04:27:16","slug":"doi-tineri-cercetati-pentru-furt-calificat-dintr-o-societate-din-suceava-unul-a-fost-arestat-preventiv-celalalt-a-primit-control-judiciar","status":"publish","type":"post","link":"https:\/\/analyse.optim.biz\/?p=2083408","title":{"rendered":"Doi tineri cerceta\u021bi pentru furt calificat dintr-o societate din Suceava. Unul a fost arestat preventiv, cel\u0103lalt a primit control judiciar"},"content":{"rendered":"<p>[analyse_image type=&#8221;featured&#8221; src=&#8221;https:\/\/www.newsbucovina.ro\/wp-content\/uploads\/2025\/09\/hot-mascat-noaptea-furt-edited.jpghttps:\/\/cdn.newsbucovina.ro\/wp-content\/uploads\/2025\/09\/hot-mascat-noaptea-furt-edited.jpg&#8221;]<\/p>\n<div class=\"td-post-content tagdiv-type\">\n<div class=\"td-a-rec td-a-rec-id-content_top  tdi_3 td_block_template_1\"><strong>Intr\u0103 acum \u0219i \u00een grupul de <\/p>\n<div class=\"wp-block-button\"><a class=\"wp-block-button__link wp-element-button\" href=\"https:\/\/t.me\/+TH8wcfnp8fw5NWI0\">Telegram News Bucovina<\/a><\/div>\n<p><\/strong><\/div>\n<p class=\"wp-block-paragraph\">Parchetul de pe l\u00e2ng\u0103 Judec\u0103toria Suceava a anun\u021bat c\u0103, pe 5 august 2026, procurorii, cu sprijinul poli\u021bi\u0219tilor judiciari din cadrul Poli\u021biei Municipiului Suceava \u2013 Biroul Investiga\u021bii Criminale, au dispus re\u021binerea pentru 24 de ore a dou\u0103 persoane cercetate pentru furt calificat.<\/p>\n<figure class=\"wp-block-image size-large\"><a href=\"https:\/\/cdn.newsbucovina.ro\/wp-content\/uploads\/2023\/07\/furt-noaptea-pixabay.jpg\"><img loading=\"lazy\" decoding=\"async\" width=\"1024\" height=\"683\" src=\"https:\/\/cdn.newsbucovina.ro\/wp-content\/uploads\/2023\/07\/furt-noaptea-pixabay-1024x683.jpg.webp\" alt class=\"wp-image-366789\"><\/a><\/figure>\n<p class=\"wp-block-paragraph\">Potrivit ordonan\u021bei din 6 august 2026, a fost pus\u0103 \u00een mi\u0219care ac\u021biunea penal\u0103 fa\u021b\u0103 de cei doi. La data de 4 august 2026, \u00een jurul orei 01:47, ace\u0219tia ar fi p\u0103truns prin efrac\u021bie, cu fe\u021bele acoperite, \u00een sediul unei societ\u0103\u021bi comerciale din municipiul Suceava, for\u021b\u00e2nd u\u0219a de acces. Din interior au sustras dou\u0103 console PlayStation 5, patru controlere, dou\u0103 \u00eenc\u0103rc\u0103toare de controlere, un laptop Lenovo \u0219i un telefon mobil OnePlus 5T. Au for\u021bat \u0219i distrus casa de marcat, de unde au luat suma de 350 de lei.<\/p>\n<p class=\"wp-block-paragraph\">Prejudiciul total a fost estimat la 12.650 de lei, din care a fost recuperat\u0103 par\u021bial suma de 11.150 de lei.<\/p>\n<p class=\"wp-block-paragraph\">Av\u00e2nd \u00een vedere eforturile depuse de unul dintre inculpa\u021bi pentru restituirea bunurilor \u0219i identificarea celuilalt autor, precum \u0219i lipsa antecedentelor penale, fa\u021b\u0103 de acesta a fost dispus\u0103 m\u0103sura controlului judiciar pe o perioad\u0103 de 60 de zile, cu obliga\u021bia de a nu p\u0103r\u0103si teritoriul \u021b\u0103rii.<\/p>\n<p class=\"wp-block-paragraph\">Fa\u021b\u0103 de al doilea inculpat a fost formulat\u0103 propunere de arestare preventiv\u0103 pentru 30 de zile. Propunerea a fost admis\u0103 de judec\u0103torul de drepturi \u0219i libert\u0103\u021bi din cadrul Judec\u0103toriei Suceava, fiind emis mandat de arestare preventiv\u0103.<\/p>\n<p class=\"wp-block-paragraph\">Cercet\u0103rile continu\u0103 sub supravegherea procurorilor Parchetului de pe l\u00e2ng\u0103 Judec\u0103toria Suceava.<\/p>\n<figure class=\"wp-block-embed is-type-video is-provider-youtube wp-block-embed-youtube wp-embed-aspect-16-9 wp-has-aspect-ratio\">\n<div class=\"wp-block-embed__wrapper\">\n<div class=\"youtube-embed\" data-video_id=\"KyNd2p4Lwm8\"><iframe loading=\"lazy\" title=\"\"Antrenorul de VINETE\" a dat lovitura - Ardeii Portocalii de MITOC au cucerit Europa!!\" width=\"696\" height=\"392\" src=\"https:\/\/www.youtube.com\/embed\/KyNd2p4Lwm8?feature=oembed&amp;enablejsapi=1\" frameborder allow=\"accelerometer; autoplay; clipboard-write; encrypted-media; gyroscope; picture-in-picture; web-share\" referrerpolicy=\"strict-origin-when-cross-origin\" allowfullscreen><\/iframe><\/div>\n<\/div>\n<\/figure>\n<div class=\"td-a-rec td-a-rec-id-content_bottom  tdi_4 td_block_template_1\"><strong>Intr\u0103 acum \u0219i \u00een grupul de <\/p>\n<div class=\"wp-block-button\"><a class=\"wp-block-button__link wp-element-button\" href=\"https:\/\/t.me\/+TH8wcfnp8fw5NWI0\">Telegram News Bucovina<\/a><\/div>\n<p><\/strong><\/div>\n<\/div>\n<div class=\"td-post-content tagdiv-type\">\n<div class=\"td-a-rec td-a-rec-id-content_top  tdi_3 td_block_template_1\"><strong>Intr\u0103 acum \u0219i \u00een grupul de <\/p>\n<div class=\"wp-block-button\"><a class=\"wp-block-button__link wp-element-button\" href=\"https:\/\/t.me\/+TH8wcfnp8fw5NWI0\">Telegram News Bucovina<\/a><\/div>\n<p><\/strong><\/div>\n<p class=\"wp-block-paragraph\">Parchetul de pe l\u00e2ng\u0103 Judec\u0103toria Suceava a anun\u021bat c\u0103, pe 5 august 2026, procurorii, cu sprijinul poli\u021bi\u0219tilor judiciari din cadrul Poli\u021biei Municipiului Suceava \u2013 Biroul Investiga\u021bii Criminale, au dispus re\u021binerea pentru 24 de ore a dou\u0103 persoane cercetate pentru furt calificat.<\/p>\n<figure class=\"wp-block-image size-large\"><a href=\"https:\/\/cdn.newsbucovina.ro\/wp-content\/uploads\/2023\/07\/furt-noaptea-pixabay.jpg\"><img loading=\"lazy\" decoding=\"async\" width=\"1024\" height=\"683\" src=\"https:\/\/cdn.newsbucovina.ro\/wp-content\/uploads\/2023\/07\/furt-noaptea-pixabay-1024x683.jpg.webp\" alt class=\"wp-image-366789\"><\/a><\/figure>\n<p class=\"wp-block-paragraph\">Potrivit ordonan\u021bei din 6 august 2026, a fost pus\u0103 \u00een mi\u0219care ac\u021biunea penal\u0103 fa\u021b\u0103 de cei doi. La data de 4 august 2026, \u00een jurul orei 01:47, ace\u0219tia ar fi p\u0103truns prin efrac\u021bie, cu fe\u021bele acoperite, \u00een sediul unei societ\u0103\u021bi comerciale din municipiul Suceava, for\u021b\u00e2nd u\u0219a de acces. Din interior au sustras dou\u0103 console PlayStation 5, patru controlere, dou\u0103 \u00eenc\u0103rc\u0103toare de controlere, un laptop Lenovo \u0219i un telefon mobil OnePlus 5T. Au for\u021bat \u0219i distrus casa de marcat, de unde au luat suma de 350 de lei.<\/p>\n<p class=\"wp-block-paragraph\">Prejudiciul total a fost estimat la 12.650 de lei, din care a fost recuperat\u0103 par\u021bial suma de 11.150 de lei.<\/p>\n<p class=\"wp-block-paragraph\">Av\u00e2nd \u00een vedere eforturile depuse de unul dintre inculpa\u021bi pentru restituirea bunurilor \u0219i identificarea celuilalt autor, precum \u0219i lipsa antecedentelor penale, fa\u021b\u0103 de acesta a fost dispus\u0103 m\u0103sura controlului judiciar pe o perioad\u0103 de 60 de zile, cu obliga\u021bia de a nu p\u0103r\u0103si teritoriul \u021b\u0103rii.<\/p>\n<p class=\"wp-block-paragraph\">Fa\u021b\u0103 de al doilea inculpat a fost formulat\u0103 propunere de arestare preventiv\u0103 pentru 30 de zile. Propunerea a fost admis\u0103 de judec\u0103torul de drepturi \u0219i libert\u0103\u021bi din cadrul Judec\u0103toriei Suceava, fiind emis mandat de arestare preventiv\u0103.<\/p>\n<p class=\"wp-block-paragraph\">Cercet\u0103rile continu\u0103 sub supravegherea procurorilor Parchetului de pe l\u00e2ng\u0103 Judec\u0103toria Suceava.<\/p>\n<figure class=\"wp-block-embed is-type-video is-provider-youtube wp-block-embed-youtube wp-embed-aspect-16-9 wp-has-aspect-ratio\">\n<div class=\"wp-block-embed__wrapper\">\n<div class=\"youtube-embed\" data-video_id=\"KyNd2p4Lwm8\"><iframe loading=\"lazy\" title=\"\"Antrenorul de VINETE\" a dat lovitura - Ardeii Portocalii de MITOC au cucerit Europa!!\" width=\"696\" height=\"392\" src=\"https:\/\/www.youtube.com\/embed\/KyNd2p4Lwm8?feature=oembed&amp;enablejsapi=1\" frameborder allow=\"accelerometer; autoplay; clipboard-write; encrypted-media; gyroscope; picture-in-picture; web-share\" referrerpolicy=\"strict-origin-when-cross-origin\" allowfullscreen><\/iframe><\/div>\n<\/div>\n<\/figure>\n<div class=\"td-a-rec td-a-rec-id-content_bottom  tdi_4 td_block_template_1\"><strong>Intr\u0103 acum \u0219i \u00een grupul de <\/p>\n<div class=\"wp-block-button\"><a class=\"wp-block-button__link wp-element-button\" href=\"https:\/\/t.me\/+TH8wcfnp8fw5NWI0\">Telegram News Bucovina<\/a><\/div>\n<p><\/strong><\/div>\n<\/div>\n<p>[analyse_source url=&#8221;https:\/\/www.newsbucovina.ro\/social\/445879\/doi-tineri-cercetati-pentru-furt-calificat-dintr-o-societate-din-suceava-unul-a-fost-arestat-preventiv-celalalt-a-primit-control-judiciar&#8221;]<\/p>\n","protected":false},"excerpt":{"rendered":"<p>[analyse_image type=&#8221;featured&#8221; src=&#8221;https:\/\/www.newsbucovina.ro\/wp-content\/uploads\/2025\/09\/hot-mascat-noaptea-furt-edited.jpghttps:\/\/cdn.newsbucovina.ro\/wp-content\/uploads\/2025\/09\/hot-mascat-noaptea-furt-edited.jpg&#8221;] Intr\u0103 acum \u0219i \u00een grupul de Telegram News Bucovina Parchetul de pe l\u00e2ng\u0103 Judec\u0103toria Suceava a anun\u021bat c\u0103, pe 5 august 2026, procurorii, cu sprijinul poli\u021bi\u0219tilor judiciari din cadrul Poli\u021biei Municipiului Suceava \u2013 Biroul Investiga\u021bii Criminale, au dispus re\u021binerea pentru 24 de ore a dou\u0103 persoane cercetate pentru furt calificat. Potrivit ordonan\u021bei [&hellip;]<\/p>\n","protected":false},"author":1,"featured_media":0,"comment_status":"open","ping_status":"","sticky":false,"template":"","format":"standard","meta":{"footnotes":""},"categories":[89],"tags":[226,165],"class_list":["post-2083408","post","type-post","status-publish","format-standard","hentry","category-romania","tag-crawlmanager","tag-newsbucovina-ro"],"_links":{"self":[{"href":"https:\/\/analyse.optim.biz\/index.php?rest_route=\/wp\/v2\/posts\/2083408","targetHints":{"allow":["GET"]}}],"collection":[{"href":"https:\/\/analyse.optim.biz\/index.php?rest_route=\/wp\/v2\/posts"}],"about":[{"href":"https:\/\/analyse.optim.biz\/index.php?rest_route=\/wp\/v2\/types\/post"}],"author":[{"embeddable":true,"href":"https:\/\/analyse.optim.biz\/index.php?rest_route=\/wp\/v2\/users\/1"}],"replies":[{"embeddable":true,"href":"https:\/\/analyse.optim.biz\/index.php?rest_route=%2Fwp%2Fv2%2Fcomments&post=2083408"}],"version-history":[{"count":0,"href":"https:\/\/analyse.optim.biz\/index.php?rest_route=\/wp\/v2\/posts\/2083408\/revisions"}],"wp:attachment":[{"href":"https:\/\/analyse.optim.biz\/index.php?rest_route=%2Fwp%2Fv2%2Fmedia&parent=2083408"}],"wp:term":[{"taxonomy":"category","embeddable":true,"href":"https:\/\/analyse.optim.biz\/index.php?rest_route=%2Fwp%2Fv2%2Fcategories&post=2083408"},{"taxonomy":"post_tag","embeddable":true,"href":"https:\/\/analyse.optim.biz\/index.php?rest_route=%2Fwp%2Fv2%2Ftags&post=2083408"}],"curies":[{"name":"wp","href":"https:\/\/api.w.org\/{rel}","templated":true}]}}