{"id":2083406,"date":"2026-08-07T07:23:14","date_gmt":"2026-08-07T04:23:14","guid":{"rendered":"https:\/\/analyse.optim.biz\/?p=2083406"},"modified":"2026-08-07T07:23:14","modified_gmt":"2026-08-07T04:23:14","slug":"incendiu-provocat-de-trasnet-in-dornisoara-un-fanar-si-un-adapost-de-animale-au-ars-complet","status":"publish","type":"post","link":"https:\/\/analyse.optim.biz\/?p=2083406","title":{"rendered":"Incendiu provocat de tr\u0103snet \u00een Dorni\u0219oara. Un f\u00e2nar \u0219i un ad\u0103post de animale au ars complet"},"content":{"rendered":"<p>[analyse_image type=&#8221;featured&#8221; src=&#8221;https:\/\/www.newsbucovina.ro\/wp-content\/uploads\/2026\/08\/WhatsApp-Image-2026-08-07-at-10.06.00.jpeghttps:\/\/cdn.newsbucovina.ro\/wp-content\/uploads\/2026\/08\/WhatsApp-Image-2026-08-07-at-10.06.00.jpeg&#8221;]<\/p>\n<div class=\"td-post-content tagdiv-type\">\n<div class=\"td-a-rec td-a-rec-id-content_top  tdi_3 td_block_template_1\"><strong>Intr\u0103 acum \u0219i \u00een grupul de <\/p>\n<div class=\"wp-block-button\"><a class=\"wp-block-button__link wp-element-button\" href=\"https:\/\/t.me\/+TH8wcfnp8fw5NWI0\">Telegram News Bucovina<\/a><\/div>\n<p><\/strong><\/div>\n<p class=\"wp-block-paragraph\">Joi, 6 august 2026, \u00een jurul orei 15:30, pompierii militari de la subunit\u0103\u021bile Poiana Stampei \u0219i Vatra Dornei, \u00eempreun\u0103 cu lucr\u0103torii Serviciului Voluntar pentru Situa\u021bii de Urgen\u021b\u0103, au intervenit pentru stingerea unui incendiu izbucnit \u00een localitatea Dorni\u0219oara.<\/p>\n<figure class=\"wp-block-image size-large\"><a href=\"https:\/\/cdn.newsbucovina.ro\/wp-content\/uploads\/2026\/08\/WhatsApp-Image-2026-08-07-at-10.06.00.jpeg\"><img loading=\"lazy\" decoding=\"async\" width=\"1024\" height=\"576\" src=\"https:\/\/cdn.newsbucovina.ro\/wp-content\/uploads\/2026\/08\/WhatsApp-Image-2026-08-07-at-10.06.00-1024x576.jpeg\" alt class=\"wp-image-445877\"><\/a><\/figure>\n<p class=\"wp-block-paragraph\">La sosirea echipajelor, un f\u00e2nar \u0219i un ad\u0103post de animale, ambele construc\u021bii din lemn, ardeau generalizat, exist\u00e2nd pericol de propagare la o magazie aflat\u0103 \u00een apropiere. Din ad\u0103postul de animale au fost evacuate \u00een siguran\u021b\u0103 12 animale.<\/p>\n<p class=\"wp-block-paragraph\">Potrivit purt\u0103torului de cuv\u00e2nt al ISU Suceava, locotenent colonel Alin G\u0103leat\u0103, for\u021bele de interven\u021bie au ac\u021bionat cu dou\u0103 autospeciale de stingere, o ambulan\u021b\u0103 SMURD \u0219i un buldoexcavator. Incendiul a fost lichidat la ora 19:10.<\/p>\n<p class=\"wp-block-paragraph\">Cele dou\u0103 construc\u021bii au ars pe o suprafa\u021b\u0103 total\u0103 de aproximativ 170 de metri p\u0103tra\u021bi. Au mai fost distruse \u0219i circa 5 tone de f\u00e2n. Magazia din lemn a fost salvat\u0103 de pompieri.<\/p>\n<p class=\"wp-block-paragraph\">Cauza probabil\u0103 a izbucnirii incendiului a fost un tr\u0103snet direct. Din fericire, nu s-au \u00eenregistrat victime.<\/p>\n<figure class=\"wp-block-embed is-type-video is-provider-youtube wp-block-embed-youtube wp-embed-aspect-16-9 wp-has-aspect-ratio\">\n<div class=\"wp-block-embed__wrapper\">\n<div class=\"youtube-embed\" data-video_id=\"KyNd2p4Lwm8\"><iframe loading=\"lazy\" title=\"\"Antrenorul de VINETE\" a dat lovitura - Ardeii Portocalii de MITOC au cucerit Europa!!\" width=\"696\" height=\"392\" src=\"https:\/\/www.youtube.com\/embed\/KyNd2p4Lwm8?feature=oembed&amp;enablejsapi=1\" frameborder allow=\"accelerometer; autoplay; clipboard-write; encrypted-media; gyroscope; picture-in-picture; web-share\" referrerpolicy=\"strict-origin-when-cross-origin\" allowfullscreen><\/iframe><\/div>\n<\/div>\n<\/figure>\n<div class=\"td-a-rec td-a-rec-id-content_bottom  tdi_4 td_block_template_1\"><strong>Intr\u0103 acum \u0219i \u00een grupul de <\/p>\n<div class=\"wp-block-button\"><a class=\"wp-block-button__link wp-element-button\" href=\"https:\/\/t.me\/+TH8wcfnp8fw5NWI0\">Telegram News Bucovina<\/a><\/div>\n<p><\/strong><\/div>\n<\/div>\n<div class=\"td-post-content tagdiv-type\">\n<div class=\"td-a-rec td-a-rec-id-content_top  tdi_3 td_block_template_1\"><strong>Intr\u0103 acum \u0219i \u00een grupul de <\/p>\n<div class=\"wp-block-button\"><a class=\"wp-block-button__link wp-element-button\" href=\"https:\/\/t.me\/+TH8wcfnp8fw5NWI0\">Telegram News Bucovina<\/a><\/div>\n<p><\/strong><\/div>\n<p class=\"wp-block-paragraph\">Joi, 6 august 2026, \u00een jurul orei 15:30, pompierii militari de la subunit\u0103\u021bile Poiana Stampei \u0219i Vatra Dornei, \u00eempreun\u0103 cu lucr\u0103torii Serviciului Voluntar pentru Situa\u021bii de Urgen\u021b\u0103, au intervenit pentru stingerea unui incendiu izbucnit \u00een localitatea Dorni\u0219oara.<\/p>\n<figure class=\"wp-block-image size-large\"><a href=\"https:\/\/cdn.newsbucovina.ro\/wp-content\/uploads\/2026\/08\/WhatsApp-Image-2026-08-07-at-10.06.00.jpeg\"><img loading=\"lazy\" decoding=\"async\" width=\"1024\" height=\"576\" src=\"https:\/\/cdn.newsbucovina.ro\/wp-content\/uploads\/2026\/08\/WhatsApp-Image-2026-08-07-at-10.06.00-1024x576.jpeg\" alt class=\"wp-image-445877\"><\/a><\/figure>\n<p class=\"wp-block-paragraph\">La sosirea echipajelor, un f\u00e2nar \u0219i un ad\u0103post de animale, ambele construc\u021bii din lemn, ardeau generalizat, exist\u00e2nd pericol de propagare la o magazie aflat\u0103 \u00een apropiere. Din ad\u0103postul de animale au fost evacuate \u00een siguran\u021b\u0103 12 animale.<\/p>\n<p class=\"wp-block-paragraph\">Potrivit purt\u0103torului de cuv\u00e2nt al ISU Suceava, locotenent colonel Alin G\u0103leat\u0103, for\u021bele de interven\u021bie au ac\u021bionat cu dou\u0103 autospeciale de stingere, o ambulan\u021b\u0103 SMURD \u0219i un buldoexcavator. Incendiul a fost lichidat la ora 19:10.<\/p>\n<p class=\"wp-block-paragraph\">Cele dou\u0103 construc\u021bii au ars pe o suprafa\u021b\u0103 total\u0103 de aproximativ 170 de metri p\u0103tra\u021bi. Au mai fost distruse \u0219i circa 5 tone de f\u00e2n. Magazia din lemn a fost salvat\u0103 de pompieri.<\/p>\n<p class=\"wp-block-paragraph\">Cauza probabil\u0103 a izbucnirii incendiului a fost un tr\u0103snet direct. Din fericire, nu s-au \u00eenregistrat victime.<\/p>\n<figure class=\"wp-block-embed is-type-video is-provider-youtube wp-block-embed-youtube wp-embed-aspect-16-9 wp-has-aspect-ratio\">\n<div class=\"wp-block-embed__wrapper\">\n<div class=\"youtube-embed\" data-video_id=\"KyNd2p4Lwm8\"><iframe loading=\"lazy\" title=\"\"Antrenorul de VINETE\" a dat lovitura - Ardeii Portocalii de MITOC au cucerit Europa!!\" width=\"696\" height=\"392\" src=\"https:\/\/www.youtube.com\/embed\/KyNd2p4Lwm8?feature=oembed&amp;enablejsapi=1\" frameborder allow=\"accelerometer; autoplay; clipboard-write; encrypted-media; gyroscope; picture-in-picture; web-share\" referrerpolicy=\"strict-origin-when-cross-origin\" allowfullscreen><\/iframe><\/div>\n<\/div>\n<\/figure>\n<div class=\"td-a-rec td-a-rec-id-content_bottom  tdi_4 td_block_template_1\"><strong>Intr\u0103 acum \u0219i \u00een grupul de <\/p>\n<div class=\"wp-block-button\"><a class=\"wp-block-button__link wp-element-button\" href=\"https:\/\/t.me\/+TH8wcfnp8fw5NWI0\">Telegram News Bucovina<\/a><\/div>\n<p><\/strong><\/div>\n<\/div>\n<p>[analyse_source url=&#8221;https:\/\/www.newsbucovina.ro\/social\/445876\/incendiu-provocat-de-trasnet-in-dornisoara-un-fanar-si-un-adapost-de-animale-au-ars-complet&#8221;]<\/p>\n","protected":false},"excerpt":{"rendered":"<p>[analyse_image type=&#8221;featured&#8221; src=&#8221;https:\/\/www.newsbucovina.ro\/wp-content\/uploads\/2026\/08\/WhatsApp-Image-2026-08-07-at-10.06.00.jpeghttps:\/\/cdn.newsbucovina.ro\/wp-content\/uploads\/2026\/08\/WhatsApp-Image-2026-08-07-at-10.06.00.jpeg&#8221;] Intr\u0103 acum \u0219i \u00een grupul de Telegram News Bucovina Joi, 6 august 2026, \u00een jurul orei 15:30, pompierii militari de la subunit\u0103\u021bile Poiana Stampei \u0219i Vatra Dornei, \u00eempreun\u0103 cu lucr\u0103torii Serviciului Voluntar pentru Situa\u021bii de Urgen\u021b\u0103, au intervenit pentru stingerea unui incendiu izbucnit \u00een localitatea Dorni\u0219oara. La sosirea echipajelor, un f\u00e2nar \u0219i [&hellip;]<\/p>\n","protected":false},"author":1,"featured_media":0,"comment_status":"open","ping_status":"","sticky":false,"template":"","format":"standard","meta":{"footnotes":""},"categories":[89],"tags":[226,165],"class_list":["post-2083406","post","type-post","status-publish","format-standard","hentry","category-romania","tag-crawlmanager","tag-newsbucovina-ro"],"_links":{"self":[{"href":"https:\/\/analyse.optim.biz\/index.php?rest_route=\/wp\/v2\/posts\/2083406","targetHints":{"allow":["GET"]}}],"collection":[{"href":"https:\/\/analyse.optim.biz\/index.php?rest_route=\/wp\/v2\/posts"}],"about":[{"href":"https:\/\/analyse.optim.biz\/index.php?rest_route=\/wp\/v2\/types\/post"}],"author":[{"embeddable":true,"href":"https:\/\/analyse.optim.biz\/index.php?rest_route=\/wp\/v2\/users\/1"}],"replies":[{"embeddable":true,"href":"https:\/\/analyse.optim.biz\/index.php?rest_route=%2Fwp%2Fv2%2Fcomments&post=2083406"}],"version-history":[{"count":0,"href":"https:\/\/analyse.optim.biz\/index.php?rest_route=\/wp\/v2\/posts\/2083406\/revisions"}],"wp:attachment":[{"href":"https:\/\/analyse.optim.biz\/index.php?rest_route=%2Fwp%2Fv2%2Fmedia&parent=2083406"}],"wp:term":[{"taxonomy":"category","embeddable":true,"href":"https:\/\/analyse.optim.biz\/index.php?rest_route=%2Fwp%2Fv2%2Fcategories&post=2083406"},{"taxonomy":"post_tag","embeddable":true,"href":"https:\/\/analyse.optim.biz\/index.php?rest_route=%2Fwp%2Fv2%2Ftags&post=2083406"}],"curies":[{"name":"wp","href":"https:\/\/api.w.org\/{rel}","templated":true}]}}