{"id":2083405,"date":"2026-08-07T16:28:46","date_gmt":"2026-08-07T13:28:46","guid":{"rendered":"https:\/\/analyse.optim.biz\/?p=2083405"},"modified":"2026-08-07T16:28:46","modified_gmt":"2026-08-07T13:28:46","slug":"deputatul-de-suceava-petru-gabriel-negrea-cere-salvarea-caselor-traditionale-din-bucovina","status":"publish","type":"post","link":"https:\/\/analyse.optim.biz\/?p=2083405","title":{"rendered":"Deputatul de Suceava Petru Gabriel Negrea cere salvarea caselor tradi\u021bionale din Bucovina"},"content":{"rendered":"<p>[analyse_image type=&#8221;featured&#8221; src=&#8221;https:\/\/www.newsbucovina.ro\/wp-content\/uploads\/2026\/08\/WhatsApp-Image-2026-08-07-at-16.55.45.jpeghttps:\/\/cdn.newsbucovina.ro\/wp-content\/uploads\/2026\/08\/WhatsApp-Image-2026-08-07-at-16.55.45.jpeg&#8221;]<\/p>\n<div class=\"td-post-content tagdiv-type\">\n<div class=\"td-a-rec td-a-rec-id-content_top  tdi_3 td_block_template_1\"><strong>Intr\u0103 acum \u0219i \u00een grupul de <\/p>\n<div class=\"wp-block-button\"><a class=\"wp-block-button__link wp-element-button\" href=\"https:\/\/t.me\/+TH8wcfnp8fw5NWI0\">Telegram News Bucovina<\/a><\/div>\n<p><\/strong><\/div>\n<p class=\"wp-block-paragraph\">Deputatul AUR de Suceava, Petru Gabriel Negrea, a adresat vineri, 7 august 2026, o \u00eentrebare oficial\u0103 Direc\u021biei Jude\u021bene pentru Cultur\u0103 Suceava, prin care solicit\u0103 date concrete despre num\u0103rul caselor tradi\u021bionale deja incluse \u00een Patrimoniul Cultural Na\u021bional, precum \u0219i m\u0103surile care pot fi luate pentru identificarea, protejarea \u0219i clasarea altor gospod\u0103rii \u021b\u0103r\u0103ne\u0219ti cu specific bucovinean.<\/p>\n<figure class=\"wp-block-image size-large\"><a href=\"https:\/\/cdn.newsbucovina.ro\/wp-content\/uploads\/2026\/08\/WhatsApp-Image-2026-08-07-at-16.55.45.jpeg\"><img loading=\"lazy\" decoding=\"async\" width=\"1024\" height=\"683\" src=\"https:\/\/cdn.newsbucovina.ro\/wp-content\/uploads\/2026\/08\/WhatsApp-Image-2026-08-07-at-16.55.45-1024x683.jpeg\" alt class=\"wp-image-445920\"><\/a><\/figure>\n<p class=\"wp-block-paragraph\">Demersul vine pe fondul unei realit\u0103\u021bi \u00eengrijor\u0103toare: numeroase case tradi\u021bionale din lemn, unele cu o vechime de peste o sut\u0103 de ani, sunt abandonate, se degradeaz\u0103 continuu sau ajung s\u0103 fie distruse, folosite ca lemn de foc ori v\u00e2ndute la pre\u021buri derizorii. Aceste construc\u021bii, parte esen\u021bial\u0103 a peisajului \u0219i identit\u0103\u021bii rurale a Bucovinei, risc\u0103 s\u0103 dispar\u0103 odat\u0103 cu ele o parte important\u0103 din memoria colectiv\u0103 a regiunii.<\/p>\n<p class=\"wp-block-paragraph\">\u201ePatrimoniul Bucovinei reprezint\u0103 identitatea noastr\u0103. Nu putem r\u0103m\u00e2ne nep\u0103s\u0103tori \u00een timp ce dispar valori autentice, construite de genera\u021biile care au cl\u0103dit aceast\u0103 regiune. Avem obliga\u021bia moral\u0103 \u0219i institu\u021bional\u0103 de a le proteja \u0219i de a le transmite genera\u021biilor viitoare\u201d, a declarat deputatul Petru Gabriel Negrea.<\/p>\n<p class=\"wp-block-paragraph\">Prin aceast\u0103 ini\u021biativ\u0103, parlamentarul urm\u0103re\u0219te identificarea unor solu\u021bii practice prin care imobilele respective s\u0103 poat\u0103 fi clasate \u00een patrimoniu, restaurate \u0219i valorificate \u00een folosul comunit\u0103\u021bilor locale. \u00cen acela\u0219i timp, propune o implicare mai activ\u0103 a autorit\u0103\u021bilor locale \u0219i centrale \u00een elaborarea unor proiecte de conservare, inclusiv prin crearea de muzee ale satului \u0219i prin dezvoltarea turismului rural care s\u0103 pun\u0103 \u00een valoare arhitectura tradi\u021bional\u0103.<\/p>\n<p class=\"wp-block-paragraph\">Un element important semnalat de deputat este disponibilitatea exprimat\u0103 de numero\u0219i proprietari \u0219i urma\u0219i ai acestor gospod\u0103rii de a dona imobilele, cu condi\u021bia ca acestea s\u0103 fie salvate \u0219i puse \u00een valoare \u00een interes public.<\/p>\n<p class=\"wp-block-paragraph\">Petru Gabriel Negrea a anun\u021bat c\u0103 va face public r\u0103spunsul oficial al Direc\u021biei Jude\u021bene pentru Cultur\u0103 Suceava \u0219i c\u0103 va continua s\u0103 sus\u021bin\u0103 m\u0103suri concrete menite s\u0103 protejeze patrimoniul construit al Bucovinei<\/p>\n<div class=\"td-a-rec td-a-rec-id-content_bottom  tdi_4 td_block_template_1\"><strong>Intr\u0103 acum \u0219i \u00een grupul de <\/p>\n<div class=\"wp-block-button\"><a class=\"wp-block-button__link wp-element-button\" href=\"https:\/\/t.me\/+TH8wcfnp8fw5NWI0\">Telegram News Bucovina<\/a><\/div>\n<p><\/strong><\/div>\n<\/div>\n<div class=\"td-post-content tagdiv-type\">\n<div class=\"td-a-rec td-a-rec-id-content_top  tdi_3 td_block_template_1\"><strong>Intr\u0103 acum \u0219i \u00een grupul de <\/p>\n<div class=\"wp-block-button\"><a class=\"wp-block-button__link wp-element-button\" href=\"https:\/\/t.me\/+TH8wcfnp8fw5NWI0\">Telegram News Bucovina<\/a><\/div>\n<p><\/strong><\/div>\n<p class=\"wp-block-paragraph\">Deputatul AUR de Suceava, Petru Gabriel Negrea, a adresat vineri, 7 august 2026, o \u00eentrebare oficial\u0103 Direc\u021biei Jude\u021bene pentru Cultur\u0103 Suceava, prin care solicit\u0103 date concrete despre num\u0103rul caselor tradi\u021bionale deja incluse \u00een Patrimoniul Cultural Na\u021bional, precum \u0219i m\u0103surile care pot fi luate pentru identificarea, protejarea \u0219i clasarea altor gospod\u0103rii \u021b\u0103r\u0103ne\u0219ti cu specific bucovinean.<\/p>\n<figure class=\"wp-block-image size-large\"><a href=\"https:\/\/cdn.newsbucovina.ro\/wp-content\/uploads\/2026\/08\/WhatsApp-Image-2026-08-07-at-16.55.45.jpeg\"><img loading=\"lazy\" decoding=\"async\" width=\"1024\" height=\"683\" src=\"https:\/\/cdn.newsbucovina.ro\/wp-content\/uploads\/2026\/08\/WhatsApp-Image-2026-08-07-at-16.55.45-1024x683.jpeg\" alt class=\"wp-image-445920\"><\/a><\/figure>\n<p class=\"wp-block-paragraph\">Demersul vine pe fondul unei realit\u0103\u021bi \u00eengrijor\u0103toare: numeroase case tradi\u021bionale din lemn, unele cu o vechime de peste o sut\u0103 de ani, sunt abandonate, se degradeaz\u0103 continuu sau ajung s\u0103 fie distruse, folosite ca lemn de foc ori v\u00e2ndute la pre\u021buri derizorii. Aceste construc\u021bii, parte esen\u021bial\u0103 a peisajului \u0219i identit\u0103\u021bii rurale a Bucovinei, risc\u0103 s\u0103 dispar\u0103 odat\u0103 cu ele o parte important\u0103 din memoria colectiv\u0103 a regiunii.<\/p>\n<p class=\"wp-block-paragraph\">\u201ePatrimoniul Bucovinei reprezint\u0103 identitatea noastr\u0103. Nu putem r\u0103m\u00e2ne nep\u0103s\u0103tori \u00een timp ce dispar valori autentice, construite de genera\u021biile care au cl\u0103dit aceast\u0103 regiune. Avem obliga\u021bia moral\u0103 \u0219i institu\u021bional\u0103 de a le proteja \u0219i de a le transmite genera\u021biilor viitoare\u201d, a declarat deputatul Petru Gabriel Negrea.<\/p>\n<p class=\"wp-block-paragraph\">Prin aceast\u0103 ini\u021biativ\u0103, parlamentarul urm\u0103re\u0219te identificarea unor solu\u021bii practice prin care imobilele respective s\u0103 poat\u0103 fi clasate \u00een patrimoniu, restaurate \u0219i valorificate \u00een folosul comunit\u0103\u021bilor locale. \u00cen acela\u0219i timp, propune o implicare mai activ\u0103 a autorit\u0103\u021bilor locale \u0219i centrale \u00een elaborarea unor proiecte de conservare, inclusiv prin crearea de muzee ale satului \u0219i prin dezvoltarea turismului rural care s\u0103 pun\u0103 \u00een valoare arhitectura tradi\u021bional\u0103.<\/p>\n<p class=\"wp-block-paragraph\">Un element important semnalat de deputat este disponibilitatea exprimat\u0103 de numero\u0219i proprietari \u0219i urma\u0219i ai acestor gospod\u0103rii de a dona imobilele, cu condi\u021bia ca acestea s\u0103 fie salvate \u0219i puse \u00een valoare \u00een interes public.<\/p>\n<p class=\"wp-block-paragraph\">Petru Gabriel Negrea a anun\u021bat c\u0103 va face public r\u0103spunsul oficial al Direc\u021biei Jude\u021bene pentru Cultur\u0103 Suceava \u0219i c\u0103 va continua s\u0103 sus\u021bin\u0103 m\u0103suri concrete menite s\u0103 protejeze patrimoniul construit al Bucovinei<\/p>\n<div class=\"td-a-rec td-a-rec-id-content_bottom  tdi_4 td_block_template_1\"><strong>Intr\u0103 acum \u0219i \u00een grupul de <\/p>\n<div class=\"wp-block-button\"><a class=\"wp-block-button__link wp-element-button\" href=\"https:\/\/t.me\/+TH8wcfnp8fw5NWI0\">Telegram News Bucovina<\/a><\/div>\n<p><\/strong><\/div>\n<\/div>\n<p>[analyse_source url=&#8221;https:\/\/www.newsbucovina.ro\/politica\/445919\/deputatul-de-suceava-petru-gabriel-negrea-cere-salvarea-caselor-traditionale-din-bucovina&#8221;]<\/p>\n","protected":false},"excerpt":{"rendered":"<p>[analyse_image type=&#8221;featured&#8221; src=&#8221;https:\/\/www.newsbucovina.ro\/wp-content\/uploads\/2026\/08\/WhatsApp-Image-2026-08-07-at-16.55.45.jpeghttps:\/\/cdn.newsbucovina.ro\/wp-content\/uploads\/2026\/08\/WhatsApp-Image-2026-08-07-at-16.55.45.jpeg&#8221;] Intr\u0103 acum \u0219i \u00een grupul de Telegram News Bucovina Deputatul AUR de Suceava, Petru Gabriel Negrea, a adresat vineri, 7 august 2026, o \u00eentrebare oficial\u0103 Direc\u021biei Jude\u021bene pentru Cultur\u0103 Suceava, prin care solicit\u0103 date concrete despre num\u0103rul caselor tradi\u021bionale deja incluse \u00een Patrimoniul Cultural Na\u021bional, precum \u0219i m\u0103surile care pot fi luate [&hellip;]<\/p>\n","protected":false},"author":1,"featured_media":0,"comment_status":"open","ping_status":"","sticky":false,"template":"","format":"standard","meta":{"footnotes":""},"categories":[89],"tags":[226,165],"class_list":["post-2083405","post","type-post","status-publish","format-standard","hentry","category-romania","tag-crawlmanager","tag-newsbucovina-ro"],"_links":{"self":[{"href":"https:\/\/analyse.optim.biz\/index.php?rest_route=\/wp\/v2\/posts\/2083405","targetHints":{"allow":["GET"]}}],"collection":[{"href":"https:\/\/analyse.optim.biz\/index.php?rest_route=\/wp\/v2\/posts"}],"about":[{"href":"https:\/\/analyse.optim.biz\/index.php?rest_route=\/wp\/v2\/types\/post"}],"author":[{"embeddable":true,"href":"https:\/\/analyse.optim.biz\/index.php?rest_route=\/wp\/v2\/users\/1"}],"replies":[{"embeddable":true,"href":"https:\/\/analyse.optim.biz\/index.php?rest_route=%2Fwp%2Fv2%2Fcomments&post=2083405"}],"version-history":[{"count":0,"href":"https:\/\/analyse.optim.biz\/index.php?rest_route=\/wp\/v2\/posts\/2083405\/revisions"}],"wp:attachment":[{"href":"https:\/\/analyse.optim.biz\/index.php?rest_route=%2Fwp%2Fv2%2Fmedia&parent=2083405"}],"wp:term":[{"taxonomy":"category","embeddable":true,"href":"https:\/\/analyse.optim.biz\/index.php?rest_route=%2Fwp%2Fv2%2Fcategories&post=2083405"},{"taxonomy":"post_tag","embeddable":true,"href":"https:\/\/analyse.optim.biz\/index.php?rest_route=%2Fwp%2Fv2%2Ftags&post=2083405"}],"curies":[{"name":"wp","href":"https:\/\/api.w.org\/{rel}","templated":true}]}}