{"id":2083403,"date":"2026-08-06T13:20:31","date_gmt":"2026-08-06T10:20:31","guid":{"rendered":"https:\/\/analyse.optim.biz\/?p=2083403"},"modified":"2026-08-06T13:20:31","modified_gmt":"2026-08-06T10:20:31","slug":"gheorghe-soldan-dupa-mai-bine-de-zece-ani-se-toarna-asfalt-intre-costana-si-scheia-pe-dj-178a-ce-traverseaza-una-dintre-cele-mai-frumoase-zone-impadurite-din-apropierea-municipiului-suceava","status":"publish","type":"post","link":"https:\/\/analyse.optim.biz\/?p=2083403","title":{"rendered":"Gheorghe \u0218oldan: Dup\u0103 mai bine de zece ani se toarn\u0103 asfalt \u00eentre Cost\u00e2na \u0219i \u0218cheia pe DJ 178A ce traverseaz\u0103 una dintre cele mai frumoase zone \u00eemp\u0103durite din apropierea municipiului Suceava"},"content":{"rendered":"<p>[analyse_image type=&#8221;featured&#8221; src=&#8221;https:\/\/www.newsbucovina.ro\/wp-content\/uploads\/2026\/08\/asfalt-drum-judetean-costana-scheia-3.jpeghttps:\/\/cdn.newsbucovina.ro\/wp-content\/uploads\/2026\/08\/asfalt-drum-judetean-costana-scheia-3.jpeg&#8221;]<\/p>\n<div class=\"td-post-content tagdiv-type\">\n<div class=\"td-a-rec td-a-rec-id-content_top  tdi_3 td_block_template_1\"><strong>Intr\u0103 acum \u0219i \u00een grupul de <\/p>\n<div class=\"wp-block-button\"><a class=\"wp-block-button__link wp-element-button\" href=\"https:\/\/t.me\/+TH8wcfnp8fw5NWI0\">Telegram News Bucovina<\/a><\/div>\n<p><\/strong><\/div>\n<p class=\"wp-block-paragraph\">Pre\u0219edintele Consiliului Jude\u021bean Suceava, Gheorghe \u0218oldan, a anun\u021bat c\u0103 de ieri dup\u0103-amiaz\u0103 se toarn\u0103 un nou covor asfaltic pe DJ 178A, pe tronsonul de aproximativ 11 kilometri dintre Cost\u00e2na \u0219i \u0218cheia.<\/p>\n<figure class=\"wp-block-gallery has-nested-images columns-default is-cropped wp-block-gallery-1 is-layout-flex wp-block-gallery-is-layout-flex\">\n<figure class=\"wp-block-image size-large\"><a href=\"https:\/\/cdn.newsbucovina.ro\/wp-content\/uploads\/2026\/08\/asfalt-drum-judetean-costana-scheia-1.jpeg\"><img loading=\"lazy\" decoding=\"async\" width=\"1024\" height=\"576\" data-id=\"445818\" src=\"https:\/\/cdn.newsbucovina.ro\/wp-content\/uploads\/2026\/08\/asfalt-drum-judetean-costana-scheia-1-1024x576.jpeg\" alt class=\"wp-image-445818\"><\/a><\/figure>\n<figure class=\"wp-block-image size-large\"><a href=\"https:\/\/cdn.newsbucovina.ro\/wp-content\/uploads\/2026\/08\/asfalt-drum-judetean-costana-scheia-2.jpeg\"><img loading=\"lazy\" decoding=\"async\" width=\"1024\" height=\"576\" data-id=\"445826\" src=\"https:\/\/cdn.newsbucovina.ro\/wp-content\/uploads\/2026\/08\/asfalt-drum-judetean-costana-scheia-2-1024x576.jpeg\" alt class=\"wp-image-445826\"><\/a><\/figure>\n<figure class=\"wp-block-image size-large\"><a href=\"https:\/\/cdn.newsbucovina.ro\/wp-content\/uploads\/2026\/08\/asfalt-drum-judetean-costana-scheia-3.jpeg\"><img decoding=\"async\" loading=\"lazy\" width=\"1024\" height=\"683\" data-id=\"445816\" src=\"https:\/\/cdn.newsbucovina.ro\/wp-content\/uploads\/2026\/08\/asfalt-drum-judetean-costana-scheia-3-1024x683.jpeg\" alt class=\"wp-image-445816\"><\/a><\/figure>\n<figure class=\"wp-block-image size-large\"><a href=\"https:\/\/cdn.newsbucovina.ro\/wp-content\/uploads\/2026\/08\/asfalt-drum-judetean-costana-scheia-4.jpeg\"><img decoding=\"async\" loading=\"lazy\" width=\"1024\" height=\"576\" data-id=\"445815\" src=\"https:\/\/cdn.newsbucovina.ro\/wp-content\/uploads\/2026\/08\/asfalt-drum-judetean-costana-scheia-4-1024x576.jpeg\" alt class=\"wp-image-445815\"><\/a><\/figure>\n<figure class=\"wp-block-image size-large\"><a href=\"https:\/\/cdn.newsbucovina.ro\/wp-content\/uploads\/2026\/08\/asfalt-drum-judetean-costana-scheia-5.jpeg\"><img decoding=\"async\" loading=\"lazy\" width=\"1024\" height=\"683\" data-id=\"445817\" src=\"https:\/\/cdn.newsbucovina.ro\/wp-content\/uploads\/2026\/08\/asfalt-drum-judetean-costana-scheia-5-1024x683.jpeg\" alt class=\"wp-image-445817\"><\/a><\/figure>\n<figure class=\"wp-block-image size-large\"><a href=\"https:\/\/cdn.newsbucovina.ro\/wp-content\/uploads\/2026\/08\/asfalt-drum-judetean-costana-scheia-6.jpeg\"><img decoding=\"async\" loading=\"lazy\" width=\"1024\" height=\"576\" data-id=\"445821\" src=\"https:\/\/cdn.newsbucovina.ro\/wp-content\/uploads\/2026\/08\/asfalt-drum-judetean-costana-scheia-6-1024x576.jpeg\" alt class=\"wp-image-445821\"><\/a><\/figure>\n<figure class=\"wp-block-image size-large\"><a href=\"https:\/\/cdn.newsbucovina.ro\/wp-content\/uploads\/2026\/08\/asfalt-drum-judetean-costana-scheia-7.jpeg\"><img decoding=\"async\" loading=\"lazy\" width=\"1024\" height=\"683\" data-id=\"445820\" src=\"https:\/\/cdn.newsbucovina.ro\/wp-content\/uploads\/2026\/08\/asfalt-drum-judetean-costana-scheia-7-1024x683.jpeg\" alt class=\"wp-image-445820\"><\/a><\/figure>\n<figure class=\"wp-block-image size-large\"><a href=\"https:\/\/cdn.newsbucovina.ro\/wp-content\/uploads\/2026\/08\/asfalt-drum-judetean-costana-scheia-10-1.jpeg\"><img decoding=\"async\" loading=\"lazy\" width=\"1024\" height=\"576\" data-id=\"445825\" src=\"https:\/\/cdn.newsbucovina.ro\/wp-content\/uploads\/2026\/08\/asfalt-drum-judetean-costana-scheia-10-1-1024x576.jpeg\" alt class=\"wp-image-445825\"><\/a><\/figure>\n<figure class=\"wp-block-image size-large\"><a href=\"https:\/\/cdn.newsbucovina.ro\/wp-content\/uploads\/2026\/08\/asfalt-drum-judetean-costana-scheia-9.jpeg\"><img decoding=\"async\" loading=\"lazy\" width=\"1024\" height=\"576\" data-id=\"445823\" src=\"https:\/\/cdn.newsbucovina.ro\/wp-content\/uploads\/2026\/08\/asfalt-drum-judetean-costana-scheia-9-1024x576.jpeg\" alt class=\"wp-image-445823\"><\/a><\/figure>\n<figure class=\"wp-block-image size-large\"><a href=\"https:\/\/cdn.newsbucovina.ro\/wp-content\/uploads\/2026\/08\/asfalt-drum-judetean-costana-scheia-10.jpeg\"><img decoding=\"async\" loading=\"lazy\" width=\"1024\" height=\"576\" data-id=\"445822\" src=\"https:\/\/cdn.newsbucovina.ro\/wp-content\/uploads\/2026\/08\/asfalt-drum-judetean-costana-scheia-10-1024x576.jpeg\" alt class=\"wp-image-445822\"><\/a><\/figure>\n<figure class=\"wp-block-image size-large\"><a href=\"https:\/\/cdn.newsbucovina.ro\/wp-content\/uploads\/2026\/08\/asfalt-drum-judetean-costana-scheia-11.jpeg\"><img decoding=\"async\" loading=\"lazy\" width=\"1024\" height=\"576\" data-id=\"445819\" src=\"https:\/\/cdn.newsbucovina.ro\/wp-content\/uploads\/2026\/08\/asfalt-drum-judetean-costana-scheia-11-1024x576.jpeg\" alt class=\"wp-image-445819\"><\/a><\/figure>\n<\/figure>\n<p class=\"wp-block-paragraph\">\u00cen ultimele zile au fost executate repara\u021biile necesare, au fost tratate zonele degradate \u0219i au fost aduse la profil acostamentele. Lucr\u0103rile au \u00eenceput dinspre Cost\u00e2na \u0219i avanseaz\u0103 c\u0103tre \u0218cheia. Dac\u0103 ritmul de lucru se va men\u021bine, asfaltarea va fi finalizat\u0103 \u00een cel mult dou\u0103 s\u0103pt\u0103m\u00e2ni.<\/p>\n<p class=\"wp-block-paragraph\">DJ 178A traverseaz\u0103 una dintre cele mai frumoase zone \u00eemp\u0103durite din apropierea municipiului Suceava \u0219i reprezint\u0103 un drum important pentru locuitorii din Cost\u00e2na, Mihoveni \u0219i \u0218cheia, dar \u0219i pentru numero\u0219ii \u0219oferi care circul\u0103 zilnic pe acest traseu.<\/p>\n<p class=\"wp-block-paragraph\">Dup\u0103 mai bine de un deceniu, acest drum jude\u021bean va oferi din nou condi\u021bii bune \u0219i sigure de circula\u021bie, a subliniat pre\u0219edintele Consiliului Jude\u021bean Suceava.<\/p>\n<figure class=\"wp-block-embed is-type-video is-provider-youtube wp-block-embed-youtube wp-embed-aspect-16-9 wp-has-aspect-ratio\">\n<div class=\"wp-block-embed__wrapper\">\n<div class=\"youtube-embed\" data-video_id=\"owaoRC5i8gM\"><iframe loading=\"lazy\" title=\"De ce s\u0103 vrei s\u0103 MORI la 23 de ani?? Buchet de infrac\u021biuni = ADIO via\u021b\u0103!!! Nu a avut nicio \u0219ans\u0103...\" width=\"696\" height=\"392\" src=\"https:\/\/www.youtube.com\/embed\/owaoRC5i8gM?feature=oembed&amp;enablejsapi=1\" frameborder allow=\"accelerometer; autoplay; clipboard-write; encrypted-media; gyroscope; picture-in-picture; web-share\" referrerpolicy=\"strict-origin-when-cross-origin\" allowfullscreen><\/iframe><\/div>\n<\/div>\n<\/figure>\n<div class=\"td-a-rec td-a-rec-id-content_bottom  tdi_4 td_block_template_1\"><strong>Intr\u0103 acum \u0219i \u00een grupul de <\/p>\n<div class=\"wp-block-button\"><a class=\"wp-block-button__link wp-element-button\" href=\"https:\/\/t.me\/+TH8wcfnp8fw5NWI0\">Telegram News Bucovina<\/a><\/div>\n<p><\/strong><\/div>\n<\/div>\n<div class=\"td-post-content tagdiv-type\">\n<div class=\"td-a-rec td-a-rec-id-content_top  tdi_3 td_block_template_1\"><strong>Intr\u0103 acum \u0219i \u00een grupul de <\/p>\n<div class=\"wp-block-button\"><a class=\"wp-block-button__link wp-element-button\" href=\"https:\/\/t.me\/+TH8wcfnp8fw5NWI0\">Telegram News Bucovina<\/a><\/div>\n<p><\/strong><\/div>\n<p class=\"wp-block-paragraph\">Pre\u0219edintele Consiliului Jude\u021bean Suceava, Gheorghe \u0218oldan, a anun\u021bat c\u0103 de ieri dup\u0103-amiaz\u0103 se toarn\u0103 un nou covor asfaltic pe DJ 178A, pe tronsonul de aproximativ 11 kilometri dintre Cost\u00e2na \u0219i \u0218cheia.<\/p>\n<figure class=\"wp-block-gallery has-nested-images columns-default is-cropped wp-block-gallery-1 is-layout-flex wp-block-gallery-is-layout-flex\">\n<figure class=\"wp-block-image size-large\"><a href=\"https:\/\/cdn.newsbucovina.ro\/wp-content\/uploads\/2026\/08\/asfalt-drum-judetean-costana-scheia-1.jpeg\"><img loading=\"lazy\" decoding=\"async\" width=\"1024\" height=\"576\" data-id=\"445818\" src=\"https:\/\/cdn.newsbucovina.ro\/wp-content\/uploads\/2026\/08\/asfalt-drum-judetean-costana-scheia-1-1024x576.jpeg\" alt class=\"wp-image-445818\"><\/a><\/figure>\n<figure class=\"wp-block-image size-large\"><a href=\"https:\/\/cdn.newsbucovina.ro\/wp-content\/uploads\/2026\/08\/asfalt-drum-judetean-costana-scheia-2.jpeg\"><img loading=\"lazy\" decoding=\"async\" width=\"1024\" height=\"576\" data-id=\"445826\" src=\"https:\/\/cdn.newsbucovina.ro\/wp-content\/uploads\/2026\/08\/asfalt-drum-judetean-costana-scheia-2-1024x576.jpeg\" alt class=\"wp-image-445826\"><\/a><\/figure>\n<figure class=\"wp-block-image size-large\"><a href=\"https:\/\/cdn.newsbucovina.ro\/wp-content\/uploads\/2026\/08\/asfalt-drum-judetean-costana-scheia-3.jpeg\"><img decoding=\"async\" loading=\"lazy\" width=\"1024\" height=\"683\" data-id=\"445816\" src=\"https:\/\/cdn.newsbucovina.ro\/wp-content\/uploads\/2026\/08\/asfalt-drum-judetean-costana-scheia-3-1024x683.jpeg\" alt class=\"wp-image-445816\"><\/a><\/figure>\n<figure class=\"wp-block-image size-large\"><a href=\"https:\/\/cdn.newsbucovina.ro\/wp-content\/uploads\/2026\/08\/asfalt-drum-judetean-costana-scheia-4.jpeg\"><img decoding=\"async\" loading=\"lazy\" width=\"1024\" height=\"576\" data-id=\"445815\" src=\"https:\/\/cdn.newsbucovina.ro\/wp-content\/uploads\/2026\/08\/asfalt-drum-judetean-costana-scheia-4-1024x576.jpeg\" alt class=\"wp-image-445815\"><\/a><\/figure>\n<figure class=\"wp-block-image size-large\"><a href=\"https:\/\/cdn.newsbucovina.ro\/wp-content\/uploads\/2026\/08\/asfalt-drum-judetean-costana-scheia-5.jpeg\"><img decoding=\"async\" loading=\"lazy\" width=\"1024\" height=\"683\" data-id=\"445817\" src=\"https:\/\/cdn.newsbucovina.ro\/wp-content\/uploads\/2026\/08\/asfalt-drum-judetean-costana-scheia-5-1024x683.jpeg\" alt class=\"wp-image-445817\"><\/a><\/figure>\n<figure class=\"wp-block-image size-large\"><a href=\"https:\/\/cdn.newsbucovina.ro\/wp-content\/uploads\/2026\/08\/asfalt-drum-judetean-costana-scheia-6.jpeg\"><img decoding=\"async\" loading=\"lazy\" width=\"1024\" height=\"576\" data-id=\"445821\" src=\"https:\/\/cdn.newsbucovina.ro\/wp-content\/uploads\/2026\/08\/asfalt-drum-judetean-costana-scheia-6-1024x576.jpeg\" alt class=\"wp-image-445821\"><\/a><\/figure>\n<figure class=\"wp-block-image size-large\"><a href=\"https:\/\/cdn.newsbucovina.ro\/wp-content\/uploads\/2026\/08\/asfalt-drum-judetean-costana-scheia-7.jpeg\"><img decoding=\"async\" loading=\"lazy\" width=\"1024\" height=\"683\" data-id=\"445820\" src=\"https:\/\/cdn.newsbucovina.ro\/wp-content\/uploads\/2026\/08\/asfalt-drum-judetean-costana-scheia-7-1024x683.jpeg\" alt class=\"wp-image-445820\"><\/a><\/figure>\n<figure class=\"wp-block-image size-large\"><a href=\"https:\/\/cdn.newsbucovina.ro\/wp-content\/uploads\/2026\/08\/asfalt-drum-judetean-costana-scheia-10-1.jpeg\"><img decoding=\"async\" loading=\"lazy\" width=\"1024\" height=\"576\" data-id=\"445825\" src=\"https:\/\/cdn.newsbucovina.ro\/wp-content\/uploads\/2026\/08\/asfalt-drum-judetean-costana-scheia-10-1-1024x576.jpeg\" alt class=\"wp-image-445825\"><\/a><\/figure>\n<figure class=\"wp-block-image size-large\"><a href=\"https:\/\/cdn.newsbucovina.ro\/wp-content\/uploads\/2026\/08\/asfalt-drum-judetean-costana-scheia-9.jpeg\"><img decoding=\"async\" loading=\"lazy\" width=\"1024\" height=\"576\" data-id=\"445823\" src=\"https:\/\/cdn.newsbucovina.ro\/wp-content\/uploads\/2026\/08\/asfalt-drum-judetean-costana-scheia-9-1024x576.jpeg\" alt class=\"wp-image-445823\"><\/a><\/figure>\n<figure class=\"wp-block-image size-large\"><a href=\"https:\/\/cdn.newsbucovina.ro\/wp-content\/uploads\/2026\/08\/asfalt-drum-judetean-costana-scheia-10.jpeg\"><img decoding=\"async\" loading=\"lazy\" width=\"1024\" height=\"576\" data-id=\"445822\" src=\"https:\/\/cdn.newsbucovina.ro\/wp-content\/uploads\/2026\/08\/asfalt-drum-judetean-costana-scheia-10-1024x576.jpeg\" alt class=\"wp-image-445822\"><\/a><\/figure>\n<figure class=\"wp-block-image size-large\"><a href=\"https:\/\/cdn.newsbucovina.ro\/wp-content\/uploads\/2026\/08\/asfalt-drum-judetean-costana-scheia-11.jpeg\"><img decoding=\"async\" loading=\"lazy\" width=\"1024\" height=\"576\" data-id=\"445819\" src=\"https:\/\/cdn.newsbucovina.ro\/wp-content\/uploads\/2026\/08\/asfalt-drum-judetean-costana-scheia-11-1024x576.jpeg\" alt class=\"wp-image-445819\"><\/a><\/figure>\n<\/figure>\n<p class=\"wp-block-paragraph\">\u00cen ultimele zile au fost executate repara\u021biile necesare, au fost tratate zonele degradate \u0219i au fost aduse la profil acostamentele. Lucr\u0103rile au \u00eenceput dinspre Cost\u00e2na \u0219i avanseaz\u0103 c\u0103tre \u0218cheia. Dac\u0103 ritmul de lucru se va men\u021bine, asfaltarea va fi finalizat\u0103 \u00een cel mult dou\u0103 s\u0103pt\u0103m\u00e2ni.<\/p>\n<p class=\"wp-block-paragraph\">DJ 178A traverseaz\u0103 una dintre cele mai frumoase zone \u00eemp\u0103durite din apropierea municipiului Suceava \u0219i reprezint\u0103 un drum important pentru locuitorii din Cost\u00e2na, Mihoveni \u0219i \u0218cheia, dar \u0219i pentru numero\u0219ii \u0219oferi care circul\u0103 zilnic pe acest traseu.<\/p>\n<p class=\"wp-block-paragraph\">Dup\u0103 mai bine de un deceniu, acest drum jude\u021bean va oferi din nou condi\u021bii bune \u0219i sigure de circula\u021bie, a subliniat pre\u0219edintele Consiliului Jude\u021bean Suceava.<\/p>\n<figure class=\"wp-block-embed is-type-video is-provider-youtube wp-block-embed-youtube wp-embed-aspect-16-9 wp-has-aspect-ratio\">\n<div class=\"wp-block-embed__wrapper\">\n<div class=\"youtube-embed\" data-video_id=\"owaoRC5i8gM\"><iframe loading=\"lazy\" title=\"De ce s\u0103 vrei s\u0103 MORI la 23 de ani?? Buchet de infrac\u021biuni = ADIO via\u021b\u0103!!! Nu a avut nicio \u0219ans\u0103...\" width=\"696\" height=\"392\" src=\"https:\/\/www.youtube.com\/embed\/owaoRC5i8gM?feature=oembed&amp;enablejsapi=1\" frameborder allow=\"accelerometer; autoplay; clipboard-write; encrypted-media; gyroscope; picture-in-picture; web-share\" referrerpolicy=\"strict-origin-when-cross-origin\" allowfullscreen><\/iframe><\/div>\n<\/div>\n<\/figure>\n<div class=\"td-a-rec td-a-rec-id-content_bottom  tdi_4 td_block_template_1\"><strong>Intr\u0103 acum \u0219i \u00een grupul de <\/p>\n<div class=\"wp-block-button\"><a class=\"wp-block-button__link wp-element-button\" href=\"https:\/\/t.me\/+TH8wcfnp8fw5NWI0\">Telegram News Bucovina<\/a><\/div>\n<p><\/strong><\/div>\n<\/div>\n<p>[analyse_source url=&#8221;https:\/\/www.newsbucovina.ro\/actualitate\/445814\/gheorghe-soldan-dupa-mai-bine-de-zece-ani-se-toarna-asfalt-intre-costana-si-scheia-pe-dj-178a-ce-traverseaza-una-dintre-cele-mai-frumoase-zone-impadurite-din-apropierea-municipiului-suceava&#8221;]<\/p>\n","protected":false},"excerpt":{"rendered":"<p>[analyse_image type=&#8221;featured&#8221; src=&#8221;https:\/\/www.newsbucovina.ro\/wp-content\/uploads\/2026\/08\/asfalt-drum-judetean-costana-scheia-3.jpeghttps:\/\/cdn.newsbucovina.ro\/wp-content\/uploads\/2026\/08\/asfalt-drum-judetean-costana-scheia-3.jpeg&#8221;] Intr\u0103 acum \u0219i \u00een grupul de Telegram News Bucovina Pre\u0219edintele Consiliului Jude\u021bean Suceava, Gheorghe \u0218oldan, a anun\u021bat c\u0103 de ieri dup\u0103-amiaz\u0103 se toarn\u0103 un nou covor asfaltic pe DJ 178A, pe tronsonul de aproximativ 11 kilometri dintre Cost\u00e2na \u0219i \u0218cheia. \u00cen ultimele zile au fost executate repara\u021biile necesare, au fost tratate zonele [&hellip;]<\/p>\n","protected":false},"author":1,"featured_media":0,"comment_status":"open","ping_status":"","sticky":false,"template":"","format":"standard","meta":{"footnotes":""},"categories":[89],"tags":[226,165],"class_list":["post-2083403","post","type-post","status-publish","format-standard","hentry","category-romania","tag-crawlmanager","tag-newsbucovina-ro"],"_links":{"self":[{"href":"https:\/\/analyse.optim.biz\/index.php?rest_route=\/wp\/v2\/posts\/2083403","targetHints":{"allow":["GET"]}}],"collection":[{"href":"https:\/\/analyse.optim.biz\/index.php?rest_route=\/wp\/v2\/posts"}],"about":[{"href":"https:\/\/analyse.optim.biz\/index.php?rest_route=\/wp\/v2\/types\/post"}],"author":[{"embeddable":true,"href":"https:\/\/analyse.optim.biz\/index.php?rest_route=\/wp\/v2\/users\/1"}],"replies":[{"embeddable":true,"href":"https:\/\/analyse.optim.biz\/index.php?rest_route=%2Fwp%2Fv2%2Fcomments&post=2083403"}],"version-history":[{"count":0,"href":"https:\/\/analyse.optim.biz\/index.php?rest_route=\/wp\/v2\/posts\/2083403\/revisions"}],"wp:attachment":[{"href":"https:\/\/analyse.optim.biz\/index.php?rest_route=%2Fwp%2Fv2%2Fmedia&parent=2083403"}],"wp:term":[{"taxonomy":"category","embeddable":true,"href":"https:\/\/analyse.optim.biz\/index.php?rest_route=%2Fwp%2Fv2%2Fcategories&post=2083403"},{"taxonomy":"post_tag","embeddable":true,"href":"https:\/\/analyse.optim.biz\/index.php?rest_route=%2Fwp%2Fv2%2Ftags&post=2083403"}],"curies":[{"name":"wp","href":"https:\/\/api.w.org\/{rel}","templated":true}]}}