{"id":2083401,"date":"2026-08-07T19:03:35","date_gmt":"2026-08-07T16:03:35","guid":{"rendered":"https:\/\/analyse.optim.biz\/?p=2083401"},"modified":"2026-08-07T19:03:35","modified_gmt":"2026-08-07T16:03:35","slug":"calendarul-zilei-8-august-sfantul-preot-mucenic-alexandru-din-basarabia-sf-ierarh-emilian-marturisitorul","status":"publish","type":"post","link":"https:\/\/analyse.optim.biz\/?p=2083401","title":{"rendered":"Calendarul zilei 8 august: Sf\u00e2ntul Preot Mucenic Alexandru din Basarabia. Sf. ierarh Emilian M\u0103rturisitorul"},"content":{"rendered":"<p>[analyse_image type=&#8221;featured&#8221; src=&#8221;https:\/\/r3media.ro\/wp-content\/uploads\/2022\/08\/maxresdefault-2.jpghttps:\/\/r3media.ro\/wp-content\/uploads\/2022\/08\/maxresdefault-2.jpg&#8221;]<\/p>\n<article id=\"template-id-109\" class=\"post-109 tdb_templates type-tdb_templates status-publish post\">\n<div id=\"tdi_2\" class=\"tdc-zone\">\n<div class=\"tdc_zone tdi_3  wpb_row td-pb-row\">\n<div id=\"tdi_4\" class=\"tdc-row\">\n<div class=\"vc_row tdi_5  wpb_row td-pb-row\">\n<div class=\"vc_column tdi_7  wpb_column vc_column_container tdc-column td-pb-span8\">\n<div class=\"wpb_wrapper\">\n<div class=\"td_block_wrap tdb_breadcrumbs tdi_8 td-pb-border-top td_block_template_1 tdb-breadcrumbs \" data-td-block-uid=\"tdi_8\">\n<div class=\"tdb-block-inner td-fix-index\"><span><a title=\"Vede\u021bi toate articolele \u00een PRIM PLAN\" class=\"tdb-entry-crumb\" href=\"https:\/\/r3media.ro\/category\/stiri-prim-plan\/\">PRIM PLAN<\/a><\/span><span class=\"tdb-bred-no-url-last\">Calendarul zilei 8 august: Sf\u00e2ntul Preot Mucenic Alexandru din Basarabia. Sf. ierarh&#8230;<\/span><\/div>\n<\/div>\n<div class=\"td_block_wrap tdb_single_categories tdi_9 td-pb-border-top td_block_template_1 \" data-td-block-uid=\"tdi_9\">\n<div class=\"tdb-category td-fix-index\"><a class=\"tdb-entry-category\" href=\"https:\/\/r3media.ro\/category\/stiri-prim-plan\/\">PRIM PLAN<\/a><a class=\"tdb-entry-category\" href=\"https:\/\/r3media.ro\/category\/stiri\/\">\u0218TIRI<\/a><a class=\"tdb-entry-category\" href=\"https:\/\/r3media.ro\/category\/video-news\/\">VIDEO<\/a><\/div>\n<\/div>\n<div class=\"td_block_wrap tdb_title tdi_10 tdb-single-title td-pb-border-top td_block_template_1\" data-td-block-uid=\"tdi_10\">\n<div class=\"tdb-block-inner td-fix-index\">\n<h1 class=\"tdb-title-text\">Calendarul zilei 8 august: Sf\u00e2ntul Preot Mucenic Alexandru din Basarabia. Sf. ierarh Emilian M\u0103rturisitorul<\/h1>\n<\/div>\n<\/div>\n<div class=\"vc_row_inner tdi_12  vc_row vc_inner wpb_row td-pb-row\">\n<div class=\"vc_column_inner tdi_14  wpb_column vc_column_container tdc-inner-column td-pb-span12\">\n<div class=\"vc_column-inner\">\n<div class=\"wpb_wrapper\">\n<div class=\"td_block_wrap tdb_single_author tdi_15 td-pb-border-top td_block_template_1 tdb-post-meta\" data-td-block-uid=\"tdi_15\">\n<div class=\"tdb-block-inner td-fix-index\">\n<div class=\"tdb-author-name-wrap\"><a class=\"tdb-author-name\" href=\"https:\/\/r3media.ro\/author\/redactia\/\">Redac\u021bia<\/a><\/div>\n<\/div>\n<\/div>\n<div class=\"td_block_wrap tdb_single_date tdi_16 td-pb-border-top td_block_template_1 tdb-post-meta\" data-td-block-uid=\"tdi_16\">\n<div class=\"tdb-block-inner td-fix-index\"><time class=\"entry-date updated td-module-date\" datetime=\"2026-08-07T22:03:35+03:00\">07\/08\/2026<\/time><\/div>\n<\/div>\n<\/div>\n<\/div>\n<\/div>\n<\/div>\n<div class=\"td_block_wrap tdb_single_content tdi_18 td-pb-border-top td_block_template_1 td-post-content tagdiv-type\" data-td-block-uid=\"tdi_18\">\n<div class=\"tdb-block-inner td-fix-index\">\n<p><strong>Sf\u00e2ntul Preot Mucenic Alexandru Baltaga s-a n\u0103scut \u00een binecuv\u00e2ntata Basarabie, la 14 aprilie 1861, \u00een comuna Lozova, jude\u021bul L\u0103pu\u0219na. El a f\u0103cut parte dintr-o familie binecredincioas\u0103 care a dat mul\u021bi slujitori vrednici acestui \u021binut. Tat\u0103l s\u0103u, preotul \u0218tefan Baltaga, slujea la biserica Sf\u00e2ntul Nicolae din Lozova, fiind ajutat \u00een slujirea sa de preoteasa Elena, o femeie plin\u0103 de evlavie \u0219i fric\u0103 de Dumnezeu, care a s\u0103dit aceste virtu\u021bi de timpuriu \u0219i \u00een sufletul fiului ei.<\/strong><\/p>\n<p>Copilul Alexandru a urmat cursurile \u0219colii parohiale din Lozova, apoi ale Seminarului Teologic din Chi\u0219in\u0103u. Dup\u0103 terminarea studiilor, i s-a \u00eencredin\u021bat responsabilitatea de pedagog al \u0218colii Spirituale de b\u0103ie\u021bi din Chi\u0219in\u0103u.<\/p>\n<p>S-a c\u0103s\u0103torit cu Elena Bivol, \u0219i ea fiic\u0103 de preot, al\u0103turi de care a \u00eenfiat \u0219i a crescut doi copii, pe Vsevolod \u0219i Margareta. La scurt timp, \u00een anul 1886, a fost hirotonit pe seama bisericii Sf\u00e2ntul Ierarh Nicolae din C\u0103l\u0103ra\u0219i-Sat, \u00een jude\u021bul L\u0103pu\u0219na, unde a slujit ca preot p\u00e2n\u0103 la sf\u00e2r\u0219itul vie\u021bii. Sf\u00e2ntul Alexandru a dat dovad\u0103 de o mare putere de munc\u0103, minte p\u0103trunz\u0103toare, voin\u021b\u0103 ne\u00eenduplecat\u0103 \u0219i tact deosebit de p\u0103stor duhovnicesc. Pentru calit\u0103\u021bile sale, a primit o serie de responsabilit\u0103\u021bi administrative \u00een cadrul Arhiepiscopiei Chi\u0219in\u0103ului.<\/p>\n<p>Totodat\u0103 s-a ostenit s\u0103 cultive \u00een inimile tinerilor dragostea de Dumnezeu \u0219i de Biseric\u0103. Pentru o mai bun\u0103 propov\u0103duire a cuv\u00e2ntului lui Dumnezeu \u00een limba rom\u00e2n\u0103, pe \u00een\u021belesul poporului, \u00eentre anii 1906 \u0219i 1917, al\u0103turi de Arhimandritul Gurie Grosu, viitorul mitropolit al Basarabiei, \u0219i de Preotul Constantin Popovici, cu multe str\u0103danii, a redeschis Tipografia Eparhial\u0103, iar, \u00eencep\u00e2nd cu anul 1908, a tip\u0103rit revista \u201eLumin\u0103torul\u201d, buletinul eparhial al Arhiepiscopiei Chi\u0219in\u0103ului.<\/p>\n<p>\u00cen anul 1918, a fost ales reprezentant al preo\u021bimii basarabene \u00een Sfatul \u021a\u0103rii \u0219i, \u00een 27 martie 1918, a votat pentru Unirea Basarabiei cu Rom\u00e2nia.<\/p>\n<p>A urmat un r\u0103stimp de pace \u0219i bun\u0103 sporire. Sf\u00e2ntul Alexandru a intensificat propov\u0103duirea Evangheliei lui Hristos \u00een r\u00e2ndul credincio\u0219ilor, a organizat pelerinaje \u0219i procesiuni cu icoana f\u0103c\u0103toare de minuni a Maicii Domnului de la Kazan, aduc\u00e2nd icoana la biserica din C\u0103l\u0103ra\u0219i, \u00een care slujea, spre ocrotirea \u0219i alinarea credincio\u0219ilor. Astfel, p\u00e2n\u0103 \u00een 1940, Basarabia a fost ferit\u0103 de prigonirea credin\u021bei, care avea loc \u00een Rusia vecin\u0103, unde, \u00eencep\u00e2nd cu Revolu\u021bia Bol\u0219evic\u0103 din 1917, mul\u021bime de ierarhi, preo\u021bi, c\u0103lug\u0103ri \u0219i credincio\u0219i au m\u0103rturisit pe Hristos, primind moarte muceniceasc\u0103.<\/p>\n<p>\u00cens\u0103, \u00een anul 1940, Basarabia \u0219i Bucovina au fost ocupate de Uniunea Sovietic\u0103. V\u0103z\u00e2nd pericolul dictaturii atee, Sf\u00e2ntul a hot\u0103r\u00e2t s\u0103 \u00ee\u015fi salveze so\u0163ia \u015fi copiii, trimi\u0163\u00e2ndu-i dincolo de Prut, \u00een inima \u0163\u0103rii mame-Rom\u00e2nia, iar el a r\u0103mas \u00een parohie, st\u00e2nd al\u0103turi de credincio\u0219ii s\u0103i \u0219i \u00eemb\u0103rb\u0103t\u00e2ndu-i, pentru a face fa\u021b\u0103 prigoanei care tocmai \u00eencepea \u00een Basarabia.<\/p>\n<p>Atunci, Sf\u00e2ntul Alexandru s-a ar\u0103tat st\u00e2lp al credin\u021bei, m\u0103rturisind c\u0103 nu-\u0219i va l\u0103sa turma s\u0103 fie \u00eenghi\u021bit\u0103 de \u201elupii ro\u0219ii\u201d, adic\u0103 de comuni\u0219tii f\u0103r\u0103 de Dumnezeu. \u00cen acele vremuri de grea \u00eencercare, Sf\u00e2ntul a aflat singura sc\u0103pare la Dumnezeu, \u0219i mai cu seam\u0103 la Maica Domnului, fa\u021b\u0103 de care avea mare evlavie \u0219i c\u0103reia i-a cerut necontenit mijlocirea.<\/p>\n<p>\u00cen ziua de 31 august 1940, necredincio\u0219ii au venit s\u0103 \u00eel aresteze chiar \u00een timpul Sfintei Liturghii. Sf\u00e2ntul i-a rugat st\u0103ruitor s\u0103 \u00eel lase s\u0103 termine Dumnezeiasca Liturghie, urm\u00e2nd ca apoi s\u0103 se supun\u0103. A fost arestat \u0219i dus la Chi\u0219in\u0103u, fiind \u00eenvinuit c\u0103 a fost ostil Rusiei Sovietice \u0219i a militat pentru unirea cu \u021bara mam\u0103, Rom\u00e2nia.<\/p>\n<p>Atunci fericitul Alexandru, b\u0103rbat ales, neclintit \u00een credin\u021b\u0103, nu s-a l\u0103sat tulburat de lucrarea celor potrivnici, ci a stat drept \u00eenaintea acestora, m\u0103rturisind c\u0103 tot ce a f\u0103cut, a f\u0103cut spre binele credincio\u0219ilor, care aveau nevoie s\u0103 fie \u00eempreun\u0103 cu fra\u021bii lor de un neam \u0219i de o credin\u021b\u0103, s\u0103 aib\u0103 dreptul s\u0103 se roage \u0219i s\u0103 \u00eenve\u021be \u00een limba lor matern\u0103 \u0219i s\u0103 fie p\u0103zi\u021bi de pericolul ateismului.<\/p>\n<p>Auzind acestea, necredincio\u0219ii l-au torturat \u0219i, \u00een batjocur\u0103, i-au zis: \u201eArat\u0103-ne pe Dumnezeul t\u0103u!\u201d. Iar Sf\u00e2ntul, insuflat de Duhul Sf\u00e2nt, a oferit r\u0103spunsul cel \u00een\u021belept, zic\u00e2nd: \u201eAtunci c\u00e2nd voi \u00eemi ar\u0103ta\u021bi mintea voastr\u0103, atunci vi-L ar\u0103t \u0219i eu pe Dumnezeul meu!\u201d. Sf\u00e2ntul Alexandru a fost \u00eentemni\u021bat p\u00e2n\u0103 la 22 iunie 1941, c\u00e2nd Armata Rom\u00e2n\u0103 a trecut Prutul pentru a elibera Basarabia.<\/p>\n<p>Atunci, pentru c\u0103 b\u0103tr\u00e2nul m\u0103rturisitor nu apucase s\u0103 fie condamnat, a fost deportat \u00een regim de urgen\u021b\u0103 la \u00eenchisoarea din ora\u0219ul Kazan, \u00een actuala Republic\u0103 Tatarstan din Federa\u021bia Rus\u0103. Pe calea spre exil, mucenicul lui Hristos a fost supus multor chinuri.<\/p>\n<p>El a suportat ocara, a fost b\u0103tut, dezbr\u0103cat de haine, tras de barb\u0103, \u00een condi\u021bii greu de \u00eendurat, dar pe toate le-a r\u0103bdat, rug\u00e2ndu-se lui Dumnezeu s\u0103 \u00eel \u00eent\u0103reasc\u0103 \u00een suferin\u021be. Din cauza torturilor la care a fost supus, \u0219i-a \u00eencredin\u021bat sufletul \u00een m\u00e2inile lui Dumnezeu, la v\u00e2rsta de 80 de ani, \u00een \u00eenchisoarea din Kazan, \u00een ziua de 7 august 1941, fiind \u00eempodobit cu sl\u0103vit\u0103 cunun\u0103 muceniceasc\u0103.<\/p>\n<h2>Sf\u00e2ntul Emilian<\/h2>\n<p>Sf\u00e2ntul Emilian, Episcopul cet\u0103\u021bii Cizic a tr\u0103it \u00een timpul domniei \u00eemp\u0103ratului Leon Armeanul (813-820) care a luptat \u00eempotriva sfintelor icoane. De multe ori s-au f\u0103cut presiuni asupra Sf\u00e2ntului Emilian pentru a renun\u021ba la cinstirea icoanelor, dar acesta nu a cedat. Pentru aceasta a suferit multe chinuri.<\/p>\n<p>Pe toate le-a r\u0103bdat cu bucurie av\u00e2nd n\u0103dejdea c\u0103 pentru necazurile cele vremelnice va dob\u00e2ndi bun\u0103t\u0103\u021bile cele ve\u0219nice. Sf\u00e2ntul Emilian a trecut la Domnul \u00een exil \u00een anul 815, \u00eencunun\u00e2ndu-se cu cununa m\u0103rturisirii. De aceea este numit p\u00e2n\u0103 ast\u0103zi M<em>\u0103rturisitorul<\/em>.<\/p>\n<div class=\"crp_related     crp-masonry\">\n<h2>\u00ceN CONTEXT<\/h2>\n<ul>\n<li><a href=\"https:\/\/r3media.ro\/calendarul-zilei-4-ianuarie-soborul-sfintilor-70-de-apostoli\/\" class=\"crp_link post-34856\"><span class=\"crp_title\">Calendarul zilei 4 ianuarie: Soborul Sfin\u021bilor 70 de apostoli<\/span><\/a><\/li>\n<li><a href=\"https:\/\/r3media.ro\/18-iulie-sf-emilian-de-la-durostor\/\" class=\"crp_link post-50753\"><span class=\"crp_title\">Calendarul zilei 18 iulie: Sf. Emilian de la Durostor<\/span><\/a><\/li>\n<li><a href=\"https:\/\/r3media.ro\/calendarul-zilei-9-mai-sf-proroc-isaia-sf-mc-hristofor-aducerea-la-bari-a-moastelor-sf-ier-nicolae\/\" class=\"crp_link post-94576\"><span class=\"crp_title\">Calendarul zilei 9 mai: Sf. Proroc Isaia; Sf. Mc. Hristofor; Aducerea la Bari a moa\u0219telor\u2026<\/span><\/a><\/li>\n<li><a href=\"https:\/\/r3media.ro\/calendarul-zilei-22-iunie-sf-ierarh-grigorie-dascalul-mitropolitul-tarii-romanesti-sf-sfintit-mc-eusebiu-episcopul-samosatei\/\" class=\"crp_link post-48963\"><span class=\"crp_title\">Calendarul zilei 22 iunie: Sf. Ierarh Grigorie Dasc\u0103lul, Mitropolitul \u021a\u0103rii Rom\u00e2ne\u0219ti; Sf.\u2026<\/span><\/a><\/li>\n<li><a href=\"https:\/\/r3media.ro\/calendarul-zilei-7-ianuarie-sfantul-ioan-botezatorul-craciunul-pe-calendarul-vechi\/\" class=\"crp_link post-10400\"><span class=\"crp_title\">Calendarul zilei 7 ianuarie: Sf\u00e2ntul Ioan Botez\u0103torul. Cr\u0103ciunul pe calendarul vechi<\/span><\/a><\/li>\n<li><a href=\"https:\/\/r3media.ro\/16-iunie-sf-ier-martir-neofit-cretanul-sfantul-ierarh-tihon-episcopul-amatundei\/\" class=\"crp_link post-118388\"><span class=\"crp_title\">Calendarul zilei 16 iunie: Sf. Ier. Martir Neofit Cretanul; Sf\u00e2ntul Ierarh Tihon, Episcopul\u2026<\/span><\/a><\/li>\n<li><a href=\"https:\/\/r3media.ro\/3-august-iraclie-basarabia-sfintii-isaachie-dalmat-si-faust\/\" class=\"crp_link post-78476\"><span class=\"crp_title\">Calendarul zilei 3 august: Sf.Iraclie din Basarabia. Sfin\u021bii Isaachie, Dalmat \u0219i Faust<\/span><\/a><\/li>\n<li><a href=\"https:\/\/r3media.ro\/28-iunie-cedarea-basarabiei-a-nordului-bucovinei-in-urma-ultimatumului-sovietic-ucraineni\/\" class=\"crp_link post-49451\"><span class=\"crp_title\">Calendarul zilei 28 iunie: 86 de ani de la cedarea f\u0103r\u0103 lupt\u0103 a Basarabiei, a nordului\u2026<\/span><\/a><\/li>\n<\/ul>\n<\/div>\n<\/div>\n<\/div>\n<div class=\"td_block_wrap tdb_single_tags tdi_19 td-pb-border-top td_block_template_1\" data-td-block-uid=\"tdi_19\">\n<div class=\"tdb-block-inner td-fix-index\">\n<ul class=\"tdb-tags\">\n<li><span>SUBIECTE FIERBIN\u021aI<\/span><\/li>\n<li><a href=\"https:\/\/r3media.ro\/tag\/calendar-ortodox\/\">calendar ortodox<\/a><\/li>\n<li><a href=\"https:\/\/r3media.ro\/tag\/calendarul-zilei\/\">calendarul zilei<\/a><\/li>\n<li><a href=\"https:\/\/r3media.ro\/tag\/calendarul-zilei-8-august\/\">calendarul zilei 8 august<\/a><\/li>\n<\/ul>\n<\/div>\n<\/div>\n<div class=\"td_block_wrap td_block_9 tdi_20 td_with_ajax_pagination td-pb-border-top td_block_template_1 td-column-2 td_block_padding td_block_bot_line\" data-td-block-uid=\"tdi_20\">\n<div class=\"td-block-title-wrap\">\n<h4 class=\"block-title td-block-title\"><span class=\"td-pulldown-size\">CITE\u0218TE MAI MULT<\/span><\/h4>\n<\/div>\n<div id=\"tdi_20\" class=\"td_block_inner\">\n<div class=\"td-block-row\">\n<div class=\"td-block-span6\">\n<div class=\"td_module_8 td_module_wrap\">\n<div class=\"item-details\">\n<h3 class=\"entry-title td-module-title\"><a href=\"https:\/\/r3media.ro\/drona-gasita-mare-mamaia-zona-loft-video\/\" rel=\"bookmark\" title=\"VIDEO | O dron\u0103 a fost g\u0103sit\u0103 \u00een mare, \u00een Mamaia, \u00een zona Loft\">VIDEO | O dron\u0103 a fost g\u0103sit\u0103 \u00een mare, \u00een Mamaia, \u00een zona Loft<\/a><\/h3>\n<div class=\"td-module-meta-info\"><a href=\"https:\/\/r3media.ro\/category\/actualitate\/\" class=\"td-post-category\">ACTUALITATE<\/a><span class=\"td-post-author-name\"><a href=\"https:\/\/r3media.ro\/author\/oana\/\">Oana Ivan<\/a><span>&#8211;<\/span><\/span><span class=\"td-post-date\"><time class=\"entry-date updated td-module-date\" datetime=\"2026-08-05T21:48:11+03:00\">05\/08\/2026<\/time><\/span><\/div>\n<\/div>\n<\/div>\n<\/div>\n<div class=\"td-block-span6\">\n<div class=\"td_module_8 td_module_wrap\">\n<div class=\"item-details\">\n<h3 class=\"entry-title td-module-title\"><a href=\"https:\/\/r3media.ro\/show-iluzie-si-realitate-de-la-the-truman-show-la-son-of-a-rich\/\" rel=\"bookmark\" title=\"Show, iluzie \u0219i realitate: de la The Truman Show la Son of a Rich\">Show, iluzie \u0219i realitate: de la The Truman Show la Son of a Rich<\/a><\/h3>\n<div class=\"td-module-meta-info\"><a href=\"https:\/\/r3media.ro\/category\/opinii\/\" class=\"td-post-category\">OPINII<\/a><span class=\"td-post-author-name\"><a href=\"https:\/\/r3media.ro\/author\/costi_balasoiu\/\">Constantin B\u0103l\u0103\u0219oiu<\/a><span>&#8211;<\/span><\/span><span class=\"td-post-date\"><time class=\"entry-date updated td-module-date\" datetime=\"2026-08-04T21:41:25+03:00\">04\/08\/2026<\/time><\/span><\/div>\n<\/div>\n<\/div>\n<\/div>\n<\/div>\n<div class=\"td-block-row\">\n<div class=\"td-block-span6\">\n<div class=\"td_module_8 td_module_wrap\">\n<div class=\"item-details\">\n<h3 class=\"entry-title td-module-title\"><a href=\"https:\/\/r3media.ro\/cand-incepe-scoala-in-2026-structura-an-nou-scolar\/\" rel=\"bookmark\" title=\"C\u00e2nd \u00eencepe \u0219coala \u00een 2026: Structura noului an \u0219colar, vacan\u021bele \u0219i zilele libere\">C\u00e2nd \u00eencepe \u0219coala \u00een 2026: Structura noului an \u0219colar, vacan\u021bele \u0219i zilele libere<\/a><\/h3>\n<div class=\"td-module-meta-info\"><a href=\"https:\/\/r3media.ro\/category\/actualitate\/\" class=\"td-post-category\">ACTUALITATE<\/a><span class=\"td-post-author-name\"><a href=\"https:\/\/r3media.ro\/author\/oana\/\">Oana Ivan<\/a><span>&#8211;<\/span><\/span><span class=\"td-post-date\"><time class=\"entry-date updated td-module-date\" datetime=\"2026-08-03T22:23:20+03:00\">03\/08\/2026<\/time><\/span><\/div>\n<\/div>\n<\/div>\n<\/div>\n<div class=\"td-block-span6\">\n<div class=\"td_module_8 td_module_wrap\">\n<div class=\"item-details\">\n<h3 class=\"entry-title td-module-title\"><a href=\"https:\/\/r3media.ro\/tara-europa-norvegia-masini-electrice-inmatriculate-cota-ridicata\/\" rel=\"bookmark\" title=\"\u021aara din Europa unde aproape toate ma\u0219inile \u00eenmatriculate sune electrice. Cota a ajuns la 97,6% \u00een iulie\">\u021aara din Europa unde aproape toate ma\u0219inile \u00eenmatriculate sune electrice. Cota a ajuns la&#8230;<\/a><\/h3>\n<div class=\"td-module-meta-info\"><a href=\"https:\/\/r3media.ro\/category\/actualitate\/\" class=\"td-post-category\">ACTUALITATE<\/a><span class=\"td-post-author-name\"><a href=\"https:\/\/r3media.ro\/author\/oana\/\">Oana Ivan<\/a><span>&#8211;<\/span><\/span><span class=\"td-post-date\"><time class=\"entry-date updated td-module-date\" datetime=\"2026-08-03T17:01:21+03:00\">03\/08\/2026<\/time><\/span><\/div>\n<\/div>\n<\/div>\n<\/div>\n<\/div>\n<div class=\"td-block-row\">\n<div class=\"td-block-span6\">\n<div class=\"td_module_8 td_module_wrap\">\n<div class=\"item-details\">\n<h3 class=\"entry-title td-module-title\"><a href=\"https:\/\/r3media.ro\/puterea-mitologica-instalata-a-romaniei\/\" rel=\"bookmark\" title=\"Puterea mitologic\u0103 instalat\u0103 a Rom\u00e2niei\">Puterea mitologic\u0103 instalat\u0103 a Rom\u00e2niei<\/a><\/h3>\n<div class=\"td-module-meta-info\"><a href=\"https:\/\/r3media.ro\/category\/opinii\/\" class=\"td-post-category\">OPINII<\/a><span class=\"td-post-author-name\"><a href=\"https:\/\/r3media.ro\/author\/tru\/\">TRU (Traian Ungureanu)<\/a><span>&#8211;<\/span><\/span><span class=\"td-post-date\"><time class=\"entry-date updated td-module-date\" datetime=\"2026-08-02T22:08:04+03:00\">02\/08\/2026<\/time><\/span><\/div>\n<\/div>\n<\/div>\n<\/div>\n<div class=\"td-block-span6\">\n<div class=\"td_module_8 td_module_wrap\">\n<div class=\"item-details\">\n<h3 class=\"entry-title td-module-title\"><a href=\"https:\/\/r3media.ro\/hyundai-recheama-service-masini-electrice-inster-risc-incendiu\/\" rel=\"bookmark\" title=\"Hyundai recheam\u0103 \u00een service zeci de mii de ma\u0219ini electrice din cauza riscului de incendiu\">Hyundai recheam\u0103 \u00een service zeci de mii de ma\u0219ini electrice din cauza riscului de&#8230;<\/a><\/h3>\n<div class=\"td-module-meta-info\"><a href=\"https:\/\/r3media.ro\/category\/actualitate\/\" class=\"td-post-category\">ACTUALITATE<\/a><span class=\"td-post-author-name\"><a href=\"https:\/\/r3media.ro\/author\/oana\/\">Oana Ivan<\/a><span>&#8211;<\/span><\/span><span class=\"td-post-date\"><time class=\"entry-date updated td-module-date\" datetime=\"2026-08-02T08:34:05+03:00\">02\/08\/2026<\/time><\/span><\/div>\n<\/div>\n<\/div>\n<\/div>\n<\/div>\n<div class=\"td-block-row\">\n<div class=\"td-block-span6\">\n<div class=\"td_module_8 td_module_wrap\">\n<div class=\"item-details\">\n<h3 class=\"entry-title td-module-title\"><a href=\"https:\/\/r3media.ro\/dragostea-care-transcende-epoci-descult-in-parc-1967\/\" rel=\"bookmark\" title=\"Dragostea care transcende epoci \u2014 Descul\u021b \u00een parc (1967)\">Dragostea care transcende epoci \u2014 Descul\u021b \u00een parc (1967)<\/a><\/h3>\n<div class=\"td-module-meta-info\"><a href=\"https:\/\/r3media.ro\/category\/opinii\/\" class=\"td-post-category\">OPINII<\/a><span class=\"td-post-author-name\"><a href=\"https:\/\/r3media.ro\/author\/costi_balasoiu\/\">Constantin B\u0103l\u0103\u0219oiu<\/a><span>&#8211;<\/span><\/span><span class=\"td-post-date\"><time class=\"entry-date updated td-module-date\" datetime=\"2026-08-01T13:45:14+03:00\">01\/08\/2026<\/time><\/span><\/div>\n<\/div>\n<\/div>\n<\/div>\n<div class=\"td-block-span6\">\n<div class=\"td_module_8 td_module_wrap\">\n<div class=\"item-details\">\n<h3 class=\"entry-title td-module-title\"><a href=\"https:\/\/r3media.ro\/masina-electrica-foc-turcia-incarcat-vehicul-explozie-pompieri-stingere-incendiu-video\/\" rel=\"bookmark\" title=\"VIDEO | O ma\u0219in\u0103 electric\u0103 a luat foc \u00een timp ce se afla la \u00eenc\u0103rcat. Vehiculul a explodat chiar c\u00e2nd pompierii \u00eencercau s\u0103 sting\u0103 incendiul folosind o p\u0103tur\u0103 ignifug\u0103\">VIDEO | O ma\u0219in\u0103 electric\u0103 a luat foc \u00een timp ce se afla la&#8230;<\/a><\/h3>\n<div class=\"td-module-meta-info\"><a href=\"https:\/\/r3media.ro\/category\/actualitate\/\" class=\"td-post-category\">ACTUALITATE<\/a><span class=\"td-post-author-name\"><a href=\"https:\/\/r3media.ro\/author\/oana\/\">Oana Ivan<\/a><span>&#8211;<\/span><\/span><span class=\"td-post-date\"><time class=\"entry-date updated td-module-date\" datetime=\"2026-07-31T13:33:48+03:00\">31\/07\/2026<\/time><\/span><\/div>\n<\/div>\n<\/div>\n<\/div>\n<\/div>\n<div class=\"td-block-row\">\n<div class=\"td-block-span6\">\n<div class=\"td_module_8 td_module_wrap\">\n<div class=\"item-details\">\n<h3 class=\"entry-title td-module-title\"><a href=\"https:\/\/r3media.ro\/spania-asediu-migranti-exclava-ceuta-africa-madrid-trupe-securitate-video\/\" rel=\"bookmark\" title=\"VIDEO | Spania se afl\u0103 sub asediu: Mii de migran\u021bi au luat cu asalt exclava Ceuta din Africa. Madridul a trimis trupe pentru a consolida securitatea\">VIDEO | Spania se afl\u0103 sub asediu: Mii de migran\u021bi au luat cu asalt&#8230;<\/a><\/h3>\n<div class=\"td-module-meta-info\"><a href=\"https:\/\/r3media.ro\/category\/actualitate\/\" class=\"td-post-category\">ACTUALITATE<\/a><span class=\"td-post-author-name\"><a href=\"https:\/\/r3media.ro\/author\/oana\/\">Oana Ivan<\/a><span>&#8211;<\/span><\/span><span class=\"td-post-date\"><time class=\"entry-date updated td-module-date\" datetime=\"2026-07-31T12:39:57+03:00\">31\/07\/2026<\/time><\/span><\/div>\n<\/div>\n<\/div>\n<\/div>\n<div class=\"td-block-span6\">\n<div class=\"td_module_8 td_module_wrap\">\n<div class=\"item-details\">\n<h3 class=\"entry-title td-module-title\"><a href=\"https:\/\/r3media.ro\/expert-ucraina-faliment-agricultura-romaneasca-tehnologii-ue\/\" rel=\"bookmark\" title=\"Un expert explic\u0103 felul \u00een care concuren\u021ba din Ucraina bag\u0103 \u00een faliment agricultura rom\u00e2neasc\u0103: Folosesc tehnologii interzise \u00een UE\">Un expert explic\u0103 felul \u00een care concuren\u021ba din Ucraina bag\u0103 \u00een faliment agricultura rom\u00e2neasc\u0103:&#8230;<\/a><\/h3>\n<div class=\"td-module-meta-info\"><a href=\"https:\/\/r3media.ro\/category\/actualitate\/\" class=\"td-post-category\">ACTUALITATE<\/a><span class=\"td-post-author-name\"><a href=\"https:\/\/r3media.ro\/author\/radu_ursan\/\">Radu Ursan<\/a><span>&#8211;<\/span><\/span><span class=\"td-post-date\"><time class=\"entry-date updated td-module-date\" datetime=\"2026-07-30T09:51:48+03:00\">30\/07\/2026<\/time><\/span><\/div>\n<\/div>\n<\/div>\n<\/div>\n<\/div>\n<div class=\"td-block-row\">\n<div class=\"td-block-span6\">\n<div class=\"td_module_8 td_module_wrap\">\n<div class=\"item-details\">\n<h3 class=\"entry-title td-module-title\"><a href=\"https:\/\/r3media.ro\/cornel-nistorescu-drone-razboi-ucraina\/\" rel=\"bookmark\" title=\"Cornel Nistorescu, dup\u0103 incidentele cu drone: Adie a aer de r\u0103zboi. De mirare c\u0103 dronele ucrainene nu au st\u00e2rnit at\u00e2ta t\u0103r\u0103boi\">Cornel Nistorescu, dup\u0103 incidentele cu drone: Adie a aer de r\u0103zboi. De mirare c\u0103&#8230;<\/a><\/h3>\n<div class=\"td-module-meta-info\"><a href=\"https:\/\/r3media.ro\/category\/actualitate\/\" class=\"td-post-category\">ACTUALITATE<\/a><span class=\"td-post-author-name\"><a href=\"https:\/\/r3media.ro\/author\/radu_ursan\/\">Radu Ursan<\/a><span>&#8211;<\/span><\/span><span class=\"td-post-date\"><time class=\"entry-date updated td-module-date\" datetime=\"2026-07-28T10:21:51+03:00\">28\/07\/2026<\/time><\/span><\/div>\n<\/div>\n<\/div>\n<\/div>\n<div class=\"td-block-span6\">\n<div class=\"td_module_8 td_module_wrap\">\n<div class=\"item-details\">\n<h3 class=\"entry-title td-module-title\"><a href=\"https:\/\/r3media.ro\/bnr-recomanda-romani-rezerve-de-cash-atacuri-cibernetice-numerar-relevant-criza\/\" rel=\"bookmark\" title=\"BNR le recomand\u0103 rom\u00e2nilor s\u0103 p\u0103streze rezerve de cash: Numerarul se poate dovedi relevant \u00een criz\u0103\">BNR le recomand\u0103 rom\u00e2nilor s\u0103 p\u0103streze rezerve de cash: Numerarul se poate dovedi relevant&#8230;<\/a><\/h3>\n<div class=\"td-module-meta-info\"><a href=\"https:\/\/r3media.ro\/category\/actualitate\/\" class=\"td-post-category\">ACTUALITATE<\/a><span class=\"td-post-author-name\"><a href=\"https:\/\/r3media.ro\/author\/oana\/\">Oana Ivan<\/a><span>&#8211;<\/span><\/span><span class=\"td-post-date\"><time class=\"entry-date updated td-module-date\" datetime=\"2026-07-27T13:11:47+03:00\">27\/07\/2026<\/time><\/span><\/div>\n<\/div>\n<\/div>\n<\/div>\n<\/div>\n<\/div>\n<div class=\"td-load-more-wrap td-load-more-infinite-wrap\" id=\"infinite-lm-tdi_20\"><a href=\"https:\/\/r3media.ro\/calendarul-zilei-8-august-sf-ierarh-emilian-marturisitorul\/\" class=\"td_ajax_load_more td_ajax_load_more_js\" aria-label=\"\u00cenc\u0103rca\u021bi mai multe\" id=\"next-page-tdi_20\" data-td_block_id=\"tdi_20\">\u00cenc\u0103rca\u021bi mai multe<\/a><\/div>\n<\/div>\n<div class=\"td_block_wrap tdb_single_comments tdi_21 tdb-comm-layout2 td-pb-border-top td_block_template_1\" data-td-block-uid=\"tdi_21\">\n<div class=\"tdb-block-inner td-fix-index\">\n<div class=\"comments\" id=\"comments\">\n<div id=\"respond\" class=\"comment-respond\">\n<h3 id=\"reply-title\" class=\"comment-reply-title\">AI CEVA DE SPUS? <small><a rel=\"nofollow\" id=\"cancel-comment-reply-link\" href=\"https:\/\/r3media.ro\/calendarul-zilei-8-august-sf-ierarh-emilian-marturisitorul\/#respond\">Renun\u021ba\u021bi la r\u0103spuns<\/a><\/small><\/h3>\n<div class=\"comment-form-input-wrap td-form-comment\">\n<div class=\"td-warning-comment\">V\u0103 rug\u0103m s\u0103 introduce\u021bi comentariul dvs.!<\/div>\n<\/div>\n<div class=\"comment-form-input-wrap td-form-author\">\n<div class=\"td-warning-author\">Introduce\u021bi aici numele dvs.<\/div>\n<\/div>\n<div class=\"comment-form-input-wrap td-form-email\">\n<div class=\"td-warning-email-error\">A\u021bi introdus o adres\u0103 de e-mail incorect\u0103!<\/div>\n<div class=\"td-warning-email\">V\u0103 rug\u0103m s\u0103 introduce\u021bi adresa dvs. de e-mail aici<\/div>\n<\/div>\n<\/div>\n<\/div>\n<\/div>\n<\/div>\n<\/div>\n<\/div>\n<div class=\"vc_column tdi_23  wpb_column vc_column_container tdc-column td-pb-span4 td-is-sticky\">\n<div class=\"wpb_wrapper\" data-sticky-enabled-on=\"W3RydWUsdHJ1ZSx0cnVlLHRydWVd\" data-sticky-offset=\"20\" data-sticky-is-width-auto=\"W2ZhbHNlLGZhbHNlLGZhbHNlLGZhbHNlXQ==\">\n<div class=\"wpb_wrapper td_block_wrap vc_widget_sidebar tdi_25 \">\n<div class=\"td_block_wrap td_block_7 td_block_widget tdi_26 td-pb-border-top td_block_template_1 td-column-1 td_block_padding\" data-td-block-uid=\"tdi_26\">\n<div class=\"td-block-title-wrap\">\n<h4 class=\"block-title td-block-title\"><span class=\"td-pulldown-size\">Articole RELA\u021aIONATE<\/span><\/h4>\n<\/div>\n<div id=\"tdi_26\" class=\"td_block_inner\">\n<div class=\"td-block-span12\">\n<div class=\"td_module_6 td_module_wrap td-animation-stack\">\n<div class=\"td-module-thumb\"><a href=\"https:\/\/r3media.ro\/fani-stapanul-inelelor-surpriza-sezonul-3-sauron\/\" rel=\"bookmark\" class=\"td-image-wrap \" title=\"Fanii \u201eSt\u0103p\u00e2nul Inelelor\u201c ar putea avea o surpriz\u0103 \u00een sezonul 3 din serialul \u201eInelele Puterii\u201c. Sauron se va confrunta cu o creatur\u0103 de temut\"><img loading=\"lazy\" decoding=\"async\" class=\"entry-thumb\" src=\"https:\/\/r3media.ro\/wp-content\/uploads\/2026\/08\/stapanul-inelelor-sauron-100x70.png\" alt title=\"Fanii \u201eSt\u0103p\u00e2nul Inelelor\u201c ar putea avea o surpriz\u0103 \u00een sezonul 3 din serialul \u201eInelele Puterii\u201c. Sauron se va confrunta cu o creatur\u0103 de temut\" width=\"100\" height=\"70\"><\/a><\/div>\n<div class=\"item-details\">\n<h3 class=\"entry-title td-module-title\"><a href=\"https:\/\/r3media.ro\/fani-stapanul-inelelor-surpriza-sezonul-3-sauron\/\" rel=\"bookmark\" title=\"Fanii \u201eSt\u0103p\u00e2nul Inelelor\u201c ar putea avea o surpriz\u0103 \u00een sezonul 3 din serialul \u201eInelele Puterii\u201c. Sauron se va confrunta cu o creatur\u0103 de temut\">Fanii \u201eSt\u0103p\u00e2nul Inelelor\u201c ar putea avea o surpriz\u0103 \u00een sezonul 3&#8230;<\/a><\/h3>\n<div class=\"td-module-meta-info\"><span class=\"td-post-date\"><time class=\"entry-date updated td-module-date\" datetime=\"2026-08-08T00:19:31+03:00\">08\/08\/2026<\/time><\/span><\/div>\n<\/div>\n<\/div>\n<\/div>\n<div class=\"td-block-span12\">\n<div class=\"td_module_6 td_module_wrap td-animation-stack\">\n<div class=\"td-module-thumb\"><a href=\"https:\/\/r3media.ro\/calendarul-zilei-8-august-1917-incepe-marea-batalie-de-la-oituz-din-primul-razboi-mondial\/\" rel=\"bookmark\" class=\"td-image-wrap \" title=\"Calendarul zilei | 8 august 1917: \u00cencepe marea b\u0103t\u0103lie de la Oituz, din Primul R\u0103zboi Mondial\"><img loading=\"lazy\" decoding=\"async\" class=\"entry-thumb\" src=\"https:\/\/r3media.ro\/wp-content\/uploads\/2021\/08\/sddefault-2-100x70.jpg\" alt title=\"Calendarul zilei | 8 august 1917: \u00cencepe marea b\u0103t\u0103lie de la Oituz, din Primul R\u0103zboi Mondial\" width=\"100\" height=\"70\"><\/a><\/div>\n<div class=\"item-details\">\n<h3 class=\"entry-title td-module-title\"><a href=\"https:\/\/r3media.ro\/calendarul-zilei-8-august-1917-incepe-marea-batalie-de-la-oituz-din-primul-razboi-mondial\/\" rel=\"bookmark\" title=\"Calendarul zilei | 8 august 1917: \u00cencepe marea b\u0103t\u0103lie de la Oituz, din Primul R\u0103zboi Mondial\">Calendarul zilei | 8 august 1917: \u00cencepe marea b\u0103t\u0103lie de la&#8230;<\/a><\/h3>\n<div class=\"td-module-meta-info\"><span class=\"td-post-date\"><time class=\"entry-date updated td-module-date\" datetime=\"2026-08-07T22:00:04+03:00\">07\/08\/2026<\/time><\/span><\/div>\n<\/div>\n<\/div>\n<\/div>\n<div class=\"td-block-span12\">\n<div class=\"td_module_6 td_module_wrap td-animation-stack\">\n<div class=\"td-module-thumb\"><a href=\"https:\/\/r3media.ro\/david-popovici-fair-play-sportivi-rusi-competitii\/\" rel=\"bookmark\" class=\"td-image-wrap \" title=\"David Popovici, fair-play la revenirea sportivilor ru\u0219i \u00een competi\u021bii: Le urez succes, sper s\u0103 fiu mai bun dec\u00e2t ei\"><img loading=\"lazy\" decoding=\"async\" class=\"entry-thumb\" src=\"https:\/\/r3media.ro\/wp-content\/uploads\/2024\/08\/david-popovici-aur-olimpiada-100x70.jpg\" alt title=\"David Popovici, fair-play la revenirea sportivilor ru\u0219i \u00een competi\u021bii: Le urez succes, sper s\u0103 fiu mai bun dec\u00e2t ei\" width=\"100\" height=\"70\"><\/a><\/div>\n<div class=\"item-details\">\n<h3 class=\"entry-title td-module-title\"><a href=\"https:\/\/r3media.ro\/david-popovici-fair-play-sportivi-rusi-competitii\/\" rel=\"bookmark\" title=\"David Popovici, fair-play la revenirea sportivilor ru\u0219i \u00een competi\u021bii: Le urez succes, sper s\u0103 fiu mai bun dec\u00e2t ei\">David Popovici, fair-play la revenirea sportivilor ru\u0219i \u00een competi\u021bii: Le urez&#8230;<\/a><\/h3>\n<div class=\"td-module-meta-info\"><span class=\"td-post-date\"><time class=\"entry-date updated td-module-date\" datetime=\"2026-08-07T15:07:51+03:00\">07\/08\/2026<\/time><\/span><\/div>\n<\/div>\n<\/div>\n<\/div>\n<div class=\"td-block-span12\">\n<div class=\"td_module_6 td_module_wrap td-animation-stack\">\n<div class=\"td-module-thumb\"><a href=\"https:\/\/r3media.ro\/untold-sadghuru-new-age-schimbarea-la-fata\/\" rel=\"bookmark\" class=\"td-image-wrap \" title=\"VIDEO | UNTOLD a adus un guru new age pe scen\u0103, \u00een ziua Schimb\u0103rii la Fa\u021b\u0103. UNTOLD ofer\u0103 gratuit participan\u021bilor medita\u021biile yoghinului\"><img loading=\"lazy\" decoding=\"async\" class=\"entry-thumb\" src=\"https:\/\/r3media.ro\/wp-content\/uploads\/2026\/08\/sadghuru-untold-100x70.jpg\" alt title=\"VIDEO | UNTOLD a adus un guru new age pe scen\u0103, \u00een ziua Schimb\u0103rii la Fa\u021b\u0103. UNTOLD ofer\u0103 gratuit participan\u021bilor medita\u021biile yoghinului\" width=\"100\" height=\"70\"><\/a><\/div>\n<div class=\"item-details\">\n<h3 class=\"entry-title td-module-title\"><a href=\"https:\/\/r3media.ro\/untold-sadghuru-new-age-schimbarea-la-fata\/\" rel=\"bookmark\" title=\"VIDEO | UNTOLD a adus un guru new age pe scen\u0103, \u00een ziua Schimb\u0103rii la Fa\u021b\u0103. UNTOLD ofer\u0103 gratuit participan\u021bilor medita\u021biile yoghinului\">VIDEO | UNTOLD a adus un guru new age pe scen\u0103,&#8230;<\/a><\/h3>\n<div class=\"td-module-meta-info\"><span class=\"td-post-date\"><time class=\"entry-date updated td-module-date\" datetime=\"2026-08-07T12:51:06+03:00\">07\/08\/2026<\/time><\/span><\/div>\n<\/div>\n<\/div>\n<\/div>\n<div class=\"td-block-span12\">\n<div class=\"td_module_6 td_module_wrap td-animation-stack\">\n<div class=\"td-module-thumb\"><a href=\"https:\/\/r3media.ro\/asociatia-energie-inteligenta-romania-inchidere-capacitati-energetice\/\" rel=\"bookmark\" class=\"td-image-wrap \" title=\"Asocia\u021bia Energie Inteligent\u0103: Rom\u00e2nia a \u00eenchis capacit\u0103\u021bi energetice printr-un mecanism obligatoriu \u0219i a l\u0103sat \u00eenlocuirea lor \u00eentr-un mecanism financiar nesigur, \u00eent\u00e2rziat \u0219i subfinan\u021bat\"><img loading=\"lazy\" decoding=\"async\" class=\"entry-thumb\" src=\"https:\/\/r3media.ro\/wp-content\/uploads\/2026\/08\/termocentrala-turceni-100x70.jpg\" alt title=\"Asocia\u021bia Energie Inteligent\u0103: Rom\u00e2nia a \u00eenchis capacit\u0103\u021bi energetice printr-un mecanism obligatoriu \u0219i a l\u0103sat \u00eenlocuirea lor \u00eentr-un mecanism financiar nesigur, \u00eent\u00e2rziat \u0219i subfinan\u021bat\" width=\"100\" height=\"70\"><\/a><\/div>\n<div class=\"item-details\">\n<h3 class=\"entry-title td-module-title\"><a href=\"https:\/\/r3media.ro\/asociatia-energie-inteligenta-romania-inchidere-capacitati-energetice\/\" rel=\"bookmark\" title=\"Asocia\u021bia Energie Inteligent\u0103: Rom\u00e2nia a \u00eenchis capacit\u0103\u021bi energetice printr-un mecanism obligatoriu \u0219i a l\u0103sat \u00eenlocuirea lor \u00eentr-un mecanism financiar nesigur, \u00eent\u00e2rziat \u0219i subfinan\u021bat\">Asocia\u021bia Energie Inteligent\u0103: Rom\u00e2nia a \u00eenchis capacit\u0103\u021bi energetice printr-un mecanism obligatoriu&#8230;<\/a><\/h3>\n<div class=\"td-module-meta-info\"><span class=\"td-post-date\"><time class=\"entry-date updated td-module-date\" datetime=\"2026-08-07T11:40:00+03:00\">07\/08\/2026<\/time><\/span><\/div>\n<\/div>\n<\/div>\n<\/div>\n<div class=\"td-block-span12\">\n<div class=\"td_module_6 td_module_wrap td-animation-stack\">\n<div class=\"td-module-thumb\"><a href=\"https:\/\/r3media.ro\/foto-podul-constantin-cel-mare-nord-dunare-imperiu-roman\/\" rel=\"bookmark\" class=\"td-image-wrap \" title=\"FOTO | Podul lui Constantin cel Mare, construit pentru a lega nordul Dun\u0103rii cu Imperiul Roman, a ie\u0219it la iveal\u0103 din cauza nivelului sc\u0103zut al fluviului\"><img loading=\"lazy\" decoding=\"async\" class=\"entry-thumb\" src=\"https:\/\/r3media.ro\/wp-content\/uploads\/2026\/08\/pod-constantin-cel-mare-sucidava-100x70.jpg\" alt title=\"FOTO | Podul lui Constantin cel Mare, construit pentru a lega nordul Dun\u0103rii cu Imperiul Roman, a ie\u0219it la iveal\u0103 din cauza nivelului sc\u0103zut al fluviului\" width=\"100\" height=\"70\"><\/a><\/div>\n<div class=\"item-details\">\n<h3 class=\"entry-title td-module-title\"><a href=\"https:\/\/r3media.ro\/foto-podul-constantin-cel-mare-nord-dunare-imperiu-roman\/\" rel=\"bookmark\" title=\"FOTO | Podul lui Constantin cel Mare, construit pentru a lega nordul Dun\u0103rii cu Imperiul Roman, a ie\u0219it la iveal\u0103 din cauza nivelului sc\u0103zut al fluviului\">FOTO | Podul lui Constantin cel Mare, construit pentru a lega&#8230;<\/a><\/h3>\n<div class=\"td-module-meta-info\"><span class=\"td-post-date\"><time class=\"entry-date updated td-module-date\" datetime=\"2026-08-07T10:41:02+03:00\">07\/08\/2026<\/time><\/span><\/div>\n<\/div>\n<\/div>\n<\/div>\n<div class=\"td-block-span12\">\n<div class=\"td_module_6 td_module_wrap td-animation-stack\">\n<div class=\"td-module-thumb\"><a href=\"https:\/\/r3media.ro\/calendarul-zilei-7-august-sf-teodora-de-la-sihla\/\" rel=\"bookmark\" class=\"td-image-wrap \" title=\"Calendarul zilei 7 august: Sf. Teodora de la Sihla\"><img loading=\"lazy\" decoding=\"async\" class=\"entry-thumb\" src=\"https:\/\/r3media.ro\/wp-content\/uploads\/2021\/08\/Sfanta-Teodora-de-la-Sihla-100x70.jpg\" alt title=\"Calendarul zilei 7 august: Sf. Teodora de la Sihla\" width=\"100\" height=\"70\"><\/a><\/div>\n<div class=\"item-details\">\n<h3 class=\"entry-title td-module-title\"><a href=\"https:\/\/r3media.ro\/calendarul-zilei-7-august-sf-teodora-de-la-sihla\/\" rel=\"bookmark\" title=\"Calendarul zilei 7 august: Sf. Teodora de la Sihla\">Calendarul zilei 7 august: Sf. Teodora de la Sihla<\/a><\/h3>\n<div class=\"td-module-meta-info\"><span class=\"td-post-date\"><time class=\"entry-date updated td-module-date\" datetime=\"2026-08-06T22:30:30+03:00\">06\/08\/2026<\/time><\/span><\/div>\n<\/div>\n<\/div>\n<\/div>\n<\/div>\n<\/div>\n<aside class=\"td_block_template_1 widget widget_recent_comments\">\n<h4 class=\"block-title\"><span>INTR\u0102 \u00ceN DISCU\u021aIE!<\/span><\/h4>\n<ul id=\"recentcomments\">\n<li class=\"recentcomments\"><span class=\"comment-author-link\">Kostel<\/span> la <a href=\"https:\/\/r3media.ro\/david-popovici-fair-play-sportivi-rusi-competitii\/#comment-40355\">David Popovici, fair-play la revenirea sportivilor ru\u0219i \u00een competi\u021bii: Le urez succes, sper s\u0103 fiu mai bun dec\u00e2t ei<\/a><\/li>\n<li class=\"recentcomments\"><span class=\"comment-author-link\">IvanHose<\/span> la <a href=\"https:\/\/r3media.ro\/kia-recheama-service-prima-generatie-masini-electrice-e-niro-risc-incendiu\/#comment-40354\">Kia recheam\u0103 \u00een service prima genera\u021bie de ma\u0219ini electrice e-Niro din cauza riscului de incendiu<\/a><\/li>\n<li class=\"recentcomments\"><span class=\"comment-author-link\">Gelu<\/span> la <a href=\"https:\/\/r3media.ro\/un-tongalez-un-sud-african-si-un-australian-vor-evolua-pentru-nationala-de-rugby-a-romaniei\/#comment-40353\">Rugby: Un tongalez, un sud-african \u0219i un australian au depus jur\u0103m\u00e2ntul de credin\u021b\u0103 fa\u021b\u0103 de Rom\u00e2nia<\/a><\/li>\n<li class=\"recentcomments\"><span class=\"comment-author-link\">George<\/span> la <a href=\"https:\/\/r3media.ro\/mariuca-zaharia-fetita-12-ani-marasesti\/#comment-40352\">Calendarul zilei 6 august: M\u0103riuca Zaharia, feti\u021ba de 12 ani c\u0103zut\u0103 la M\u0103r\u0103\u0219e\u0219ti, care nu mai are loc \u00een manualele de istorie<\/a><\/li>\n<li class=\"recentcomments\"><span class=\"comment-author-link\">Nicu<\/span> la <a href=\"https:\/\/r3media.ro\/ucraina-scuze-grecia-drona-marina-insula-lefkada-expolozie-portul-constanta\/#comment-40351\">Ucraina i-a cerut scuze Greciei pentru c\u0103 o dron\u0103 marin\u0103 a ajuns l\u00e2ng\u0103 Insula Lefkada. Nicio vorb\u0103 despre drona care putea s\u0103 arunce \u00een aer Portul Constan\u021ba<\/a><\/li>\n<li class=\"recentcomments\"><span class=\"comment-author-link\">Nicu<\/span> la <a href=\"https:\/\/r3media.ro\/bulgaria-nivelul-scazut-al-apelor-dunarii-nu-afecteaza-centrala-nucleara-de-la-kozlodui\/#comment-40350\">Bulgaria: Nivelul sc\u0103zut al apelor Dun\u0103rii NU afecteaz\u0103 centrala nuclear\u0103 de la Kozlodui<\/a><\/li>\n<li class=\"recentcomments\"><span class=\"comment-author-link\">Cristian<\/span> la <a href=\"https:\/\/r3media.ro\/4-august-1919-armata-romana-budapesta\/#comment-40349\">Calendarul zilei: 4 august 1919, cucerirea Budapestei de c\u0103tre Armata Rom\u00e2n\u0103<\/a><\/li>\n<\/ul>\n<\/aside>\n<aside class=\"td_block_template_1 widget widget_search\">\n<h4 class=\"block-title\"><span>CAUT\u0102 \u0218I VEI G\u0102SI<\/span><\/h4>\n<\/aside>\n<\/div>\n<\/div>\n<\/div>\n<\/div>\n<\/div>\n<\/div>\n<\/div>\n<p><span class=\"td-page-meta\"><\/span><span class=\"td-page-meta\"><span class=\"td-page-meta\"><\/span><\/span><span class=\"td-page-meta\"><\/span><\/article>\n<\/p>\n<div class=\"td_block_wrap tdb_single_content tdi_18 td-pb-border-top td_block_template_1 td-post-content tagdiv-type\" data-td-block-uid=\"tdi_18\">\n<div class=\"tdb-block-inner td-fix-index\">\n<p><strong>Sf\u00e2ntul Preot Mucenic Alexandru Baltaga s-a n\u0103scut \u00een binecuv\u00e2ntata Basarabie, la 14 aprilie 1861, \u00een comuna Lozova, jude\u021bul L\u0103pu\u0219na. El a f\u0103cut parte dintr-o familie binecredincioas\u0103 care a dat mul\u021bi slujitori vrednici acestui \u021binut. Tat\u0103l s\u0103u, preotul \u0218tefan Baltaga, slujea la biserica Sf\u00e2ntul Nicolae din Lozova, fiind ajutat \u00een slujirea sa de preoteasa Elena, o femeie plin\u0103 de evlavie \u0219i fric\u0103 de Dumnezeu, care a s\u0103dit aceste virtu\u021bi de timpuriu \u0219i \u00een sufletul fiului ei.<\/strong><\/p>\n<p>Copilul Alexandru a urmat cursurile \u0219colii parohiale din Lozova, apoi ale Seminarului Teologic din Chi\u0219in\u0103u. Dup\u0103 terminarea studiilor, i s-a \u00eencredin\u021bat responsabilitatea de pedagog al \u0218colii Spirituale de b\u0103ie\u021bi din Chi\u0219in\u0103u.<\/p>\n<p>S-a c\u0103s\u0103torit cu Elena Bivol, \u0219i ea fiic\u0103 de preot, al\u0103turi de care a \u00eenfiat \u0219i a crescut doi copii, pe Vsevolod \u0219i Margareta. La scurt timp, \u00een anul 1886, a fost hirotonit pe seama bisericii Sf\u00e2ntul Ierarh Nicolae din C\u0103l\u0103ra\u0219i-Sat, \u00een jude\u021bul L\u0103pu\u0219na, unde a slujit ca preot p\u00e2n\u0103 la sf\u00e2r\u0219itul vie\u021bii. Sf\u00e2ntul Alexandru a dat dovad\u0103 de o mare putere de munc\u0103, minte p\u0103trunz\u0103toare, voin\u021b\u0103 ne\u00eenduplecat\u0103 \u0219i tact deosebit de p\u0103stor duhovnicesc. Pentru calit\u0103\u021bile sale, a primit o serie de responsabilit\u0103\u021bi administrative \u00een cadrul Arhiepiscopiei Chi\u0219in\u0103ului.<\/p>\n<p>Totodat\u0103 s-a ostenit s\u0103 cultive \u00een inimile tinerilor dragostea de Dumnezeu \u0219i de Biseric\u0103. Pentru o mai bun\u0103 propov\u0103duire a cuv\u00e2ntului lui Dumnezeu \u00een limba rom\u00e2n\u0103, pe \u00een\u021belesul poporului, \u00eentre anii 1906 \u0219i 1917, al\u0103turi de Arhimandritul Gurie Grosu, viitorul mitropolit al Basarabiei, \u0219i de Preotul Constantin Popovici, cu multe str\u0103danii, a redeschis Tipografia Eparhial\u0103, iar, \u00eencep\u00e2nd cu anul 1908, a tip\u0103rit revista \u201eLumin\u0103torul\u201d, buletinul eparhial al Arhiepiscopiei Chi\u0219in\u0103ului.<\/p>\n<p>\u00cen anul 1918, a fost ales reprezentant al preo\u021bimii basarabene \u00een Sfatul \u021a\u0103rii \u0219i, \u00een 27 martie 1918, a votat pentru Unirea Basarabiei cu Rom\u00e2nia.<\/p>\n<p>A urmat un r\u0103stimp de pace \u0219i bun\u0103 sporire. Sf\u00e2ntul Alexandru a intensificat propov\u0103duirea Evangheliei lui Hristos \u00een r\u00e2ndul credincio\u0219ilor, a organizat pelerinaje \u0219i procesiuni cu icoana f\u0103c\u0103toare de minuni a Maicii Domnului de la Kazan, aduc\u00e2nd icoana la biserica din C\u0103l\u0103ra\u0219i, \u00een care slujea, spre ocrotirea \u0219i alinarea credincio\u0219ilor. Astfel, p\u00e2n\u0103 \u00een 1940, Basarabia a fost ferit\u0103 de prigonirea credin\u021bei, care avea loc \u00een Rusia vecin\u0103, unde, \u00eencep\u00e2nd cu Revolu\u021bia Bol\u0219evic\u0103 din 1917, mul\u021bime de ierarhi, preo\u021bi, c\u0103lug\u0103ri \u0219i credincio\u0219i au m\u0103rturisit pe Hristos, primind moarte muceniceasc\u0103.<\/p>\n<p>\u00cens\u0103, \u00een anul 1940, Basarabia \u0219i Bucovina au fost ocupate de Uniunea Sovietic\u0103. V\u0103z\u00e2nd pericolul dictaturii atee, Sf\u00e2ntul a hot\u0103r\u00e2t s\u0103 \u00ee\u015fi salveze so\u0163ia \u015fi copiii, trimi\u0163\u00e2ndu-i dincolo de Prut, \u00een inima \u0163\u0103rii mame-Rom\u00e2nia, iar el a r\u0103mas \u00een parohie, st\u00e2nd al\u0103turi de credincio\u0219ii s\u0103i \u0219i \u00eemb\u0103rb\u0103t\u00e2ndu-i, pentru a face fa\u021b\u0103 prigoanei care tocmai \u00eencepea \u00een Basarabia.<\/p>\n<p>Atunci, Sf\u00e2ntul Alexandru s-a ar\u0103tat st\u00e2lp al credin\u021bei, m\u0103rturisind c\u0103 nu-\u0219i va l\u0103sa turma s\u0103 fie \u00eenghi\u021bit\u0103 de \u201elupii ro\u0219ii\u201d, adic\u0103 de comuni\u0219tii f\u0103r\u0103 de Dumnezeu. \u00cen acele vremuri de grea \u00eencercare, Sf\u00e2ntul a aflat singura sc\u0103pare la Dumnezeu, \u0219i mai cu seam\u0103 la Maica Domnului, fa\u021b\u0103 de care avea mare evlavie \u0219i c\u0103reia i-a cerut necontenit mijlocirea.<\/p>\n<p>\u00cen ziua de 31 august 1940, necredincio\u0219ii au venit s\u0103 \u00eel aresteze chiar \u00een timpul Sfintei Liturghii. Sf\u00e2ntul i-a rugat st\u0103ruitor s\u0103 \u00eel lase s\u0103 termine Dumnezeiasca Liturghie, urm\u00e2nd ca apoi s\u0103 se supun\u0103. A fost arestat \u0219i dus la Chi\u0219in\u0103u, fiind \u00eenvinuit c\u0103 a fost ostil Rusiei Sovietice \u0219i a militat pentru unirea cu \u021bara mam\u0103, Rom\u00e2nia.<\/p>\n<p>Atunci fericitul Alexandru, b\u0103rbat ales, neclintit \u00een credin\u021b\u0103, nu s-a l\u0103sat tulburat de lucrarea celor potrivnici, ci a stat drept \u00eenaintea acestora, m\u0103rturisind c\u0103 tot ce a f\u0103cut, a f\u0103cut spre binele credincio\u0219ilor, care aveau nevoie s\u0103 fie \u00eempreun\u0103 cu fra\u021bii lor de un neam \u0219i de o credin\u021b\u0103, s\u0103 aib\u0103 dreptul s\u0103 se roage \u0219i s\u0103 \u00eenve\u021be \u00een limba lor matern\u0103 \u0219i s\u0103 fie p\u0103zi\u021bi de pericolul ateismului.<\/p>\n<p>Auzind acestea, necredincio\u0219ii l-au torturat \u0219i, \u00een batjocur\u0103, i-au zis: \u201eArat\u0103-ne pe Dumnezeul t\u0103u!\u201d. Iar Sf\u00e2ntul, insuflat de Duhul Sf\u00e2nt, a oferit r\u0103spunsul cel \u00een\u021belept, zic\u00e2nd: \u201eAtunci c\u00e2nd voi \u00eemi ar\u0103ta\u021bi mintea voastr\u0103, atunci vi-L ar\u0103t \u0219i eu pe Dumnezeul meu!\u201d. Sf\u00e2ntul Alexandru a fost \u00eentemni\u021bat p\u00e2n\u0103 la 22 iunie 1941, c\u00e2nd Armata Rom\u00e2n\u0103 a trecut Prutul pentru a elibera Basarabia.<\/p>\n<p>Atunci, pentru c\u0103 b\u0103tr\u00e2nul m\u0103rturisitor nu apucase s\u0103 fie condamnat, a fost deportat \u00een regim de urgen\u021b\u0103 la \u00eenchisoarea din ora\u0219ul Kazan, \u00een actuala Republic\u0103 Tatarstan din Federa\u021bia Rus\u0103. Pe calea spre exil, mucenicul lui Hristos a fost supus multor chinuri.<\/p>\n<p>El a suportat ocara, a fost b\u0103tut, dezbr\u0103cat de haine, tras de barb\u0103, \u00een condi\u021bii greu de \u00eendurat, dar pe toate le-a r\u0103bdat, rug\u00e2ndu-se lui Dumnezeu s\u0103 \u00eel \u00eent\u0103reasc\u0103 \u00een suferin\u021be. Din cauza torturilor la care a fost supus, \u0219i-a \u00eencredin\u021bat sufletul \u00een m\u00e2inile lui Dumnezeu, la v\u00e2rsta de 80 de ani, \u00een \u00eenchisoarea din Kazan, \u00een ziua de 7 august 1941, fiind \u00eempodobit cu sl\u0103vit\u0103 cunun\u0103 muceniceasc\u0103.<\/p>\n<h2>Sf\u00e2ntul Emilian<\/h2>\n<p>Sf\u00e2ntul Emilian, Episcopul cet\u0103\u021bii Cizic a tr\u0103it \u00een timpul domniei \u00eemp\u0103ratului Leon Armeanul (813-820) care a luptat \u00eempotriva sfintelor icoane. De multe ori s-au f\u0103cut presiuni asupra Sf\u00e2ntului Emilian pentru a renun\u021ba la cinstirea icoanelor, dar acesta nu a cedat. Pentru aceasta a suferit multe chinuri.<\/p>\n<p>Pe toate le-a r\u0103bdat cu bucurie av\u00e2nd n\u0103dejdea c\u0103 pentru necazurile cele vremelnice va dob\u00e2ndi bun\u0103t\u0103\u021bile cele ve\u0219nice. Sf\u00e2ntul Emilian a trecut la Domnul \u00een exil \u00een anul 815, \u00eencunun\u00e2ndu-se cu cununa m\u0103rturisirii. De aceea este numit p\u00e2n\u0103 ast\u0103zi M<em>\u0103rturisitorul<\/em>.<\/p>\n<div class=\"crp_related     crp-masonry\">\n<h2>\u00ceN CONTEXT<\/h2>\n<ul>\n<li><a href=\"https:\/\/r3media.ro\/calendarul-zilei-4-ianuarie-soborul-sfintilor-70-de-apostoli\/\" class=\"crp_link post-34856\"><span class=\"crp_title\">Calendarul zilei 4 ianuarie: Soborul Sfin\u021bilor 70 de apostoli<\/span><\/a><\/li>\n<li><a href=\"https:\/\/r3media.ro\/18-iulie-sf-emilian-de-la-durostor\/\" class=\"crp_link post-50753\"><span class=\"crp_title\">Calendarul zilei 18 iulie: Sf. Emilian de la Durostor<\/span><\/a><\/li>\n<li><a href=\"https:\/\/r3media.ro\/calendarul-zilei-9-mai-sf-proroc-isaia-sf-mc-hristofor-aducerea-la-bari-a-moastelor-sf-ier-nicolae\/\" class=\"crp_link post-94576\"><span class=\"crp_title\">Calendarul zilei 9 mai: Sf. Proroc Isaia; Sf. Mc. Hristofor; Aducerea la Bari a moa\u0219telor\u2026<\/span><\/a><\/li>\n<li><a href=\"https:\/\/r3media.ro\/calendarul-zilei-22-iunie-sf-ierarh-grigorie-dascalul-mitropolitul-tarii-romanesti-sf-sfintit-mc-eusebiu-episcopul-samosatei\/\" class=\"crp_link post-48963\"><span class=\"crp_title\">Calendarul zilei 22 iunie: Sf. Ierarh Grigorie Dasc\u0103lul, Mitropolitul \u021a\u0103rii Rom\u00e2ne\u0219ti; Sf.\u2026<\/span><\/a><\/li>\n<li><a href=\"https:\/\/r3media.ro\/calendarul-zilei-7-ianuarie-sfantul-ioan-botezatorul-craciunul-pe-calendarul-vechi\/\" class=\"crp_link post-10400\"><span class=\"crp_title\">Calendarul zilei 7 ianuarie: Sf\u00e2ntul Ioan Botez\u0103torul. Cr\u0103ciunul pe calendarul vechi<\/span><\/a><\/li>\n<li><a href=\"https:\/\/r3media.ro\/16-iunie-sf-ier-martir-neofit-cretanul-sfantul-ierarh-tihon-episcopul-amatundei\/\" class=\"crp_link post-118388\"><span class=\"crp_title\">Calendarul zilei 16 iunie: Sf. Ier. Martir Neofit Cretanul; Sf\u00e2ntul Ierarh Tihon, Episcopul\u2026<\/span><\/a><\/li>\n<li><a href=\"https:\/\/r3media.ro\/3-august-iraclie-basarabia-sfintii-isaachie-dalmat-si-faust\/\" class=\"crp_link post-78476\"><span class=\"crp_title\">Calendarul zilei 3 august: Sf.Iraclie din Basarabia. Sfin\u021bii Isaachie, Dalmat \u0219i Faust<\/span><\/a><\/li>\n<li><a href=\"https:\/\/r3media.ro\/28-iunie-cedarea-basarabiei-a-nordului-bucovinei-in-urma-ultimatumului-sovietic-ucraineni\/\" class=\"crp_link post-49451\"><span class=\"crp_title\">Calendarul zilei 28 iunie: 86 de ani de la cedarea f\u0103r\u0103 lupt\u0103 a Basarabiei, a nordului\u2026<\/span><\/a><\/li>\n<\/ul>\n<\/div>\n<\/div>\n<\/div>\n<p>[analyse_source url=&#8221;https:\/\/r3media.ro\/calendarul-zilei-8-august-sf-ierarh-emilian-marturisitorul\/&#8221;]<\/p>\n","protected":false},"excerpt":{"rendered":"<p>[analyse_image type=&#8221;featured&#8221; src=&#8221;https:\/\/r3media.ro\/wp-content\/uploads\/2022\/08\/maxresdefault-2.jpghttps:\/\/r3media.ro\/wp-content\/uploads\/2022\/08\/maxresdefault-2.jpg&#8221;] PRIM PLANCalendarul zilei 8 august: Sf\u00e2ntul Preot Mucenic Alexandru din Basarabia. Sf. ierarh&#8230; PRIM PLAN\u0218TIRIVIDEO Calendarul zilei 8 august: Sf\u00e2ntul Preot Mucenic Alexandru din Basarabia. Sf. ierarh Emilian M\u0103rturisitorul Redac\u021bia 07\/08\/2026 Sf\u00e2ntul Preot Mucenic Alexandru Baltaga s-a n\u0103scut \u00een binecuv\u00e2ntata Basarabie, la 14 aprilie 1861, \u00een comuna Lozova, jude\u021bul L\u0103pu\u0219na. El a [&hellip;]<\/p>\n","protected":false},"author":1,"featured_media":0,"comment_status":"open","ping_status":"","sticky":false,"template":"","format":"standard","meta":{"footnotes":""},"categories":[89],"tags":[226,93],"class_list":["post-2083401","post","type-post","status-publish","format-standard","hentry","category-romania","tag-crawlmanager","tag-r3media-ro"],"_links":{"self":[{"href":"https:\/\/analyse.optim.biz\/index.php?rest_route=\/wp\/v2\/posts\/2083401","targetHints":{"allow":["GET"]}}],"collection":[{"href":"https:\/\/analyse.optim.biz\/index.php?rest_route=\/wp\/v2\/posts"}],"about":[{"href":"https:\/\/analyse.optim.biz\/index.php?rest_route=\/wp\/v2\/types\/post"}],"author":[{"embeddable":true,"href":"https:\/\/analyse.optim.biz\/index.php?rest_route=\/wp\/v2\/users\/1"}],"replies":[{"embeddable":true,"href":"https:\/\/analyse.optim.biz\/index.php?rest_route=%2Fwp%2Fv2%2Fcomments&post=2083401"}],"version-history":[{"count":0,"href":"https:\/\/analyse.optim.biz\/index.php?rest_route=\/wp\/v2\/posts\/2083401\/revisions"}],"wp:attachment":[{"href":"https:\/\/analyse.optim.biz\/index.php?rest_route=%2Fwp%2Fv2%2Fmedia&parent=2083401"}],"wp:term":[{"taxonomy":"category","embeddable":true,"href":"https:\/\/analyse.optim.biz\/index.php?rest_route=%2Fwp%2Fv2%2Fcategories&post=2083401"},{"taxonomy":"post_tag","embeddable":true,"href":"https:\/\/analyse.optim.biz\/index.php?rest_route=%2Fwp%2Fv2%2Ftags&post=2083401"}],"curies":[{"name":"wp","href":"https:\/\/api.w.org\/{rel}","templated":true}]}}