{"id":2083399,"date":"2026-08-07T19:00:04","date_gmt":"2026-08-07T16:00:04","guid":{"rendered":"https:\/\/analyse.optim.biz\/?p=2083399"},"modified":"2026-08-07T19:00:04","modified_gmt":"2026-08-07T16:00:04","slug":"calendarul-zilei-8-august-1917-incepe-marea-batalie-de-la-oituz-din-primul-razboi-mondial","status":"publish","type":"post","link":"https:\/\/analyse.optim.biz\/?p=2083399","title":{"rendered":"Calendarul zilei | 8 august 1917: \u00cencepe marea b\u0103t\u0103lie de la Oituz, din Primul R\u0103zboi Mondial"},"content":{"rendered":"<p>[analyse_image type=&#8221;featured&#8221; src=&#8221;https:\/\/r3media.ro\/wp-content\/uploads\/2021\/08\/sddefault-2.jpghttps:\/\/r3media.ro\/wp-content\/uploads\/2021\/08\/sddefault-2.jpg&#8221;]<\/p>\n<article id=\"template-id-109\" class=\"post-109 tdb_templates type-tdb_templates status-publish post\">\n<div id=\"tdi_2\" class=\"tdc-zone\">\n<div class=\"tdc_zone tdi_3  wpb_row td-pb-row\">\n<div id=\"tdi_4\" class=\"tdc-row\">\n<div class=\"vc_row tdi_5  wpb_row td-pb-row\">\n<div class=\"vc_column tdi_7  wpb_column vc_column_container tdc-column td-pb-span8\">\n<div class=\"wpb_wrapper\">\n<div class=\"td_block_wrap tdb_breadcrumbs tdi_8 td-pb-border-top td_block_template_1 tdb-breadcrumbs \" data-td-block-uid=\"tdi_8\">\n<div class=\"tdb-block-inner td-fix-index\"><span><a title=\"Vede\u021bi toate articolele \u00een PRIM PLAN\" class=\"tdb-entry-crumb\" href=\"https:\/\/r3media.ro\/category\/stiri-prim-plan\/\">PRIM PLAN<\/a><\/span><span class=\"tdb-bred-no-url-last\">Calendarul zilei | 8 august 1917: \u00cencepe marea b\u0103t\u0103lie de la Oituz,&#8230;<\/span><\/div>\n<\/div>\n<div class=\"td_block_wrap tdb_single_categories tdi_9 td-pb-border-top td_block_template_1 \" data-td-block-uid=\"tdi_9\">\n<div class=\"tdb-category td-fix-index\"><a class=\"tdb-entry-category\" href=\"https:\/\/r3media.ro\/category\/stiri-prim-plan\/\">PRIM PLAN<\/a><a class=\"tdb-entry-category\" href=\"https:\/\/r3media.ro\/category\/stiri\/\">\u0218TIRI<\/a><a class=\"tdb-entry-category\" href=\"https:\/\/r3media.ro\/category\/video-news\/\">VIDEO<\/a><\/div>\n<\/div>\n<div class=\"td_block_wrap tdb_title tdi_10 tdb-single-title td-pb-border-top td_block_template_1\" data-td-block-uid=\"tdi_10\">\n<div class=\"tdb-block-inner td-fix-index\">\n<h1 class=\"tdb-title-text\">Calendarul zilei | 8 august 1917: \u00cencepe marea b\u0103t\u0103lie de la Oituz, din Primul R\u0103zboi Mondial<\/h1>\n<\/div>\n<\/div>\n<div class=\"vc_row_inner tdi_12  vc_row vc_inner wpb_row td-pb-row\">\n<div class=\"vc_column_inner tdi_14  wpb_column vc_column_container tdc-inner-column td-pb-span12\">\n<div class=\"vc_column-inner\">\n<div class=\"wpb_wrapper\">\n<div class=\"td_block_wrap tdb_single_author tdi_15 td-pb-border-top td_block_template_1 tdb-post-meta\" data-td-block-uid=\"tdi_15\">\n<div class=\"tdb-block-inner td-fix-index\">\n<div class=\"tdb-author-name-wrap\"><a class=\"tdb-author-name\" href=\"https:\/\/r3media.ro\/author\/redactia\/\">Redac\u021bia<\/a><\/div>\n<\/div>\n<\/div>\n<div class=\"td_block_wrap tdb_single_date tdi_16 td-pb-border-top td_block_template_1 tdb-post-meta\" data-td-block-uid=\"tdi_16\">\n<div class=\"tdb-block-inner td-fix-index\"><time class=\"entry-date updated td-module-date\" datetime=\"2026-08-07T22:00:04+03:00\">07\/08\/2026<\/time><\/div>\n<\/div>\n<\/div>\n<\/div>\n<\/div>\n<\/div>\n<div class=\"td_block_wrap tdb_single_featured_image tdi_17 tdb-content-horiz-left td-pb-border-top td_block_template_1\" data-td-block-uid=\"tdi_17\">\n<div class=\"tdb-block-inner td-fix-index\">\n<div class=\"wpb_video_wrapper\">\n<\/div>\n<\/div>\n<\/div>\n<div class=\"td_block_wrap tdb_single_content tdi_18 td-pb-border-top td_block_template_1 td-post-content tagdiv-type\" data-td-block-uid=\"tdi_18\">\n<div class=\"tdb-block-inner td-fix-index\">\n<p><strong>Pe 8 august 1917 \u00eencepea una dintre b\u0103t\u0103liile reprezentative pentru eroismul armatei rom\u00e2ne din Primul R\u0103zboi Mondial.<\/strong><\/p>\n<p>Este vorba despre a treia b\u0103t\u0103lie de la Oituz, cea decisiv\u0103, dintre cele purtate \u00een Primul R\u0103zboi Mondial. Armata a 2-a, comandat\u0103 de Generalul Alexandru Averescu, s-a \u00eenfruntat cu Armata 1-a Austro-Ungar\u0103. \u00cen aceast\u0103 b\u0103t\u0103lie a luat parte \u0219i viitorul german Erwin Rommel, fiind grav r\u0103nit de c\u0103tre r\u0103zboinicii rom\u00e2ni.<\/p>\n<p>E o incursiune \u00een trecut, ceea ce alia\u021bii no\u0219tri americani numesc \u201elec\u021bie de \u00eenv\u0103\u021bat\u201d, valabile ieri ca \u0219i azi: atunci, rom\u00e2nii au reu\u0219it s\u0103 \u00eenving\u0103, chiar dac\u0103 inamicul avea o superioritate numeric\u0103 de 4 la 1.<\/p>\n<p>Inamicul pl\u0103nuia s\u0103 atace cu Grupul Gerock, aripa sa stanga, de-a lungul V\u0103ii Oituzului. Efortul principal revenea Corpului 8 austro-ungar, care era dispus \u00eentre Valea Doftanei \u0219i M\u0103gura Ca\u0219inului, \u00een fa\u021ba Diviziilor 7 \u0219i 6 Infanterie rom\u00e2ne. Acesta era alcatuit din Divizia 70 Infanterie austro-ungar\u0103, Divizia 117 german\u0103 \u0219i Divizia 71 austro-ungar\u0103. \u00cen rezerv\u0103 avea Diviziile 7 si 8 Cavalerie austro-ungare, care erau preg\u0103tite s\u0103 exploateze un eventual succes al infanteriei.<\/p>\n<p>Atacul a fost hot\u0103r\u00e2t pentru data de 8 august 1917. Iat\u0103 cum descrie a\u0219ezarea for\u021belor, siteul specializat <a href=\"http:\/\/www.ligamilitarilor.ro\/istorie-militara\/batalia-de-la-oituz-primul-razboi-mondial\/\" target=\"_blank\" rel=\"noopener\">Liga Militarilor<\/a>:<\/p>\n<p>\u201ePregatirea de artilerie a durat patru ore si jumatate si a fost foarte violenta. In sectorul Diviziei 7, varful Pravila a fost asaltat de patru ori de Divizia 70 austro-ungara fara nici un rezultat, Regimentul 27 Dorobanti Bacau, pe aripa dreapta a diviziei romane, rezistand pe pozitie. La aripa stanga, Regimentul 16 Dorobanti Baia, presat de Divizia 117 Infanterie germana a cedat 1-2 km in zona varfului Ungureanu, suferind pierderi mari.<\/p>\n<p>Companiile 9 si 10 au fost incercuite, dar au reusit sa iasa spre liniile amice. Varful Balcuta a fost atacat de Divizia 71 austro-ungara, care, cu mari eforturi, a impins inapoi Regimentele 11 Dorobanti si 7 Vanatori aproximativ 1-2 km. La sud, Regimentul 10 Dorobanti Putna a reusit sa-si pastreze pozitia. Astfel, in timpul primei zile a bataliei, Corpul 8 austro-ungar a realizat o patrundere in zona centrala a frontului.<\/p>\n<div class=\"youtube-embed\" data-video_id=\"K0HNue3yOBY\"><\/div>\n<p>In timpul noptii, generalul Valeanu, comandantul Corpului 4 roman, a ordonat un contraatac in zona centrala, trupele sale reusind sa recastige o parte din terenul pierdut in timpul zilei. Regimentul 27 a capturat 200 de prizonieri, 3 mitraliere si un tun. Dar pe 9 august, dupa-masa, Puterile Centrale au reluat ofensiva. Divizia 117 germana a fortat Regimentul 16 sa se retraga pe Muntele Cosna, Diviziile 70 Infanterie si 7 Cavalerie austro-ungare au luat varful Pravila. Divizia 7 Infanterie romana s-a retras pe un nou aliniament de aparare.<\/p>\n<p>Pe 10 august 1917, presiunea asupra Diviziei 7 s-a marit, trupele romane fiind nevoite sa cedeze Slanicul, iar Muntele Cosna a fost asaltat puternic, dar a rezistat. Situatia era critica, deoarece turpele din prima linie erau epuizate dupa trei zile de lupte extrem de violente, iar Corpul 4 nu mai dispunea de rezerve. De asemenea pozitiile pe care se afla erau ultimile inaltimi inaintea vaii Trotusului. Generarul de corp de armata Alexandru Averescu a ordonat Corpului 2 sa trimita toate rezervele disponibile si a cerut intariri Marelui Cartier General. Deoarece batalia de la Marasesti era in toi nu s-a putut trimite urgent decat Divizia 1 Cavalerie, care a ajuns la Onesti in a doua zi dimineata. Mai erau in drum Batalionul de Vanatori Munte si Brigada de Graniceri.<\/p>\n<p>Generalul Gerock a aruncat in lupta si el ultimele rezerve pe 11 august, in incercarea de a sparge frontul. Diviziile 70 Infanterie si 7 Cavalerie austro-ungare au atacat Ciresoiaia, care era aparata de Regimentul 15 Dorobanti Razboieni. Toate asalturile au fost respinse, dar, in urma infiltrarii unor unitati austriece pe la sud de varf, fiind amenintat cu incercuirea, regimentul s-a retras in Valea Trotusului. Targul Ocna era acum direct amenintat. Mai la sud, Divizia 117 germana a asaltat din nou Muntele Cosna, dar nu a reusit sa-l cucereasca. A realizat insa patrunderi pe la sud, in satul Oituz, unde inaitarea a fost oprita. Avand spatele amenintat, trupele romane de pe Cosna s-au repliat. Grupul Gerock reusise sa cucereasca si ultimele doua inaltimi care il desparteau de Valea Trotusului. In acest moment au sosit intaririle. Doua batalioane contraataca in zona Ciresoaia si reusesc sa recastige o parte din terenul pierdut si sa refaca legatura cu stanga Armatei 9 ruse. La 19:00 Divizia 1 Cavalerie a fost si ea aruncata in lupta. A atacat cu o brigada trupele germane de panta sudica a Muntelui Cosna, iar cu Brigada 2 Rosiori Dealul Stibor, cucerind ambele obiective. Regimentul 1 Vanatori, trimis de la Corpul 2 roman, a contratacat si el sustinut de doua autoblindate si a respins unitatile Diviziei 117 care intrasera in satul Oituz.<\/p>\n<p>Pericolul fusese indepartat, dar patrunderea realizata de Corpoul 18 Rezerva german in zona Panciu la flancul stang al Armatei 2 l-a silit pe generalul Averescu sa mute iar o parte din rezerve in zona Corpului 2. Chiar daca fortele i se diminuasera si Brigada de Graniceri inca nu sosise, generalul Valeanu a hotarat sa reia Varful Ciresoaia pe 12 august. Atacul a fost dat de Regimentul 27, un batalion din Regimentul 15, doua batalioane din Divizia 2 rusa (din Armata 9) si Batalionul de Vanatori de Munte (care era de fapt un batalion intarit, avand 5 companii de puscasi si 2 de mitraliere). Acesta de abia sosise dupa un mars de 160 km si a pornit la asalt dupa o pauza de 20 de minute. Pentru a realiza surpriza, nu s-a realizat pregatirea de artilerie. Batalionul de Vanatori de Munte, sub comanda maiorului Virgil Badulescu, a rupt apararea Diviziei 70 Infanterie austro-ungara si a patruns in spatele pozitiilor inamice. A luat 417 de prizonieri si 4 mitraliere, pierderile suferite de batalion fiind infime: 2 morti si 19 raniti. In total divizia austro-ungara a pierdut 1500 de oameni la Ciresoaia. Pentru aceasta actiune opt ofiteri ai batalionului, in frunte cu comandantul, au primit Ordinul Mihai Viteazul clasa a III-a, aproximativ un sfert din totalul de 25 acordate pentru toata batalia de la Oituz. Steagul batalionului a fost decorat de asemenea aceasta mare distinctie.<\/p>\n<p>In timpul noptii a sosit si Brigada de Graniceri. Ea a primit sarcina ca a doua zi sa atace pe la sud de raul Oituz. Divizia 1 Cavalerie, intarita cu patru batalioane si doua baterii trebuia sa reia Muntele Cosna si inainteze spre Slanic, iar Divizia 7 Infanterie sa continue inaintarea in zona Ciresoaia.<\/p>\n<p>Pe 13 august, la ora 5:00, dupa o scurta pregatire de artilerie, Divizia 7 a trecut la atac, impreuna cu Divizia 2 rusa de la dreapta sa, silind Divizia 70 austro-ungara sa se retraga. Au intervenit insa rezervele trimise de Grupul Gerock si au respins Regimentul 195 Infanterie rus, amenintand flancul trupelor romane, care au trebuit sa se replieze. In sectorul Cosna, Divizia 1 Cavaleire a reusit sa cucereasca varful si apoi sa-l mentina in fata contraatacurilor Diviziei 117 germane. Brigada de Graniceri, comandata de colonelul Gheorghe Cantacuzino, decorat cu Ordinul Mihai Viteazul clasa a III-a pentru luptele din 1916, era obosita in urma marsului fortat din zilele precedente. Colonelul a cerut o amanare. Atacul a inceput la ora 10:00, dar a esuat in fata rezistentei organizate a Diviziei 71 austro-ungare. Dupa-amiaza, al doilea atac a avut aceeasi soarta. Pierderile au fost insemnate, aproximativ 800 de oameni.<\/p>\n<p>A urmat o pauza de 5 zile. Luptele au avut un caracter local, iar cele doua tabere si-au reorganizat fortele si si-au intarit pozitiile ocupate. Pe 16 august, Regimentul 2 Graniceri a cucerit varful Runcu, doi din ofiterii sai fiind decorati cu Ordinul Mihai Viteazul clasa a III-a pentru faptele lor din acea zi.<\/p>\n<p>Pe 19 august Armata 1 austro-ungara a reluat atacul. Sectorul ales era cel al varfului Cosna, aparat de Divizia 1 Cavalerie care fusese intercalata intre Divziile 6 si 7 Infanterie. Dispunand de o superioritate insemnata de forte, trupele germane au reusit sa ocupe varful, dar cavaleristii romani s-au repliat pe panta estica a muntelui, unde au rezistat pe pozitii. In cursul noptii, Armata 2 a trimis intariri in sector doua batalioane de granicieri si un regiment de infanterie. Pe 20 august, la ora 7:00, Divizia 1 Cavalerie astfel intarita si sustinuta de toata artileria romana disponibila a atacat si a reusit sa reia o parte din terenul pierdut ziua precedenta.<\/p>\n<p>Aceasta actiune a constituit ultimul episod major a celei de-a doua batalii de la Oituz, purtata in vara anului 1917. Armata 1 austro-ungara reusise doar sa inainteze intre 2 si 6 km pe un front larg de 20 km si esuase sa patrunda pe Valea Trotusului, de unde sa ameninte spatele armatelor romane si ruse din sudul Moldovei.<\/p>\n<p>In total 25 de Ordine Mihai Viteazul clasa a III-a au fost acordate ofiterilor romani pentru faptele savarsite in august 1917 in zona Oituz. Drapelele de lupta a trei unitati (un regiment si doua batalioane) au fost decorate cu aceeasi prestigioasa decoratie\u201d.<\/p>\n<div class=\"crp_related     crp-masonry\">\n<h2>\u00ceN CONTEXT<\/h2>\n<ul>\n<li><a href=\"https:\/\/r3media.ro\/calendarul-zilei-22-august-moartea-ecaterinei-teodoroiu-ultimele-cuvinte-ale-eroinei-au-fost-inainte-baieti-nu-vedeti-ca-sunt-intre-voi\/\" class=\"crp_link post-26436\"><span class=\"crp_title\">Calendarul zilei 22 august: 108 ani de la moartea Ecaterinei Teodoroiu. Ultimele cuvinte ale\u2026<\/span><\/a><\/li>\n<li><a href=\"https:\/\/r3media.ro\/calendarul-zilei-1-septembrie-inceputul-noului-an-bisericesc-si-prima-zi-in-noul-an-traditional-romanesc\/\" class=\"crp_link post-27187\"><span class=\"crp_title\">Calendarul zilei: 1 septembrie, \u00eenceputul noului an bisericesc \u0219i prima zi \u00een noul an\u2026<\/span><\/a><\/li>\n<li><a href=\"https:\/\/r3media.ro\/26-mai-inaugurarea-canalului-dunare-marea-neagra\/\" class=\"crp_link post-47056\"><span class=\"crp_title\">Calendarul zilei 26 mai: 42 de ani de la inaugurarea canalului Dun\u0103re &#8211; Marea Neagr\u0103,\u2026<\/span><\/a><\/li>\n<li><a href=\"https:\/\/r3media.ro\/mariuca-zaharia-fetita-12-ani-marasesti\/\" class=\"crp_link post-22102\"><span class=\"crp_title\">Calendarul zilei 6 august: M\u0103riuca Zaharia, feti\u021ba de 12 ani c\u0103zut\u0103 la M\u0103r\u0103\u0219e\u0219ti, care nu\u2026<\/span><\/a><\/li>\n<li><a href=\"https:\/\/r3media.ro\/calendarul-zilei-3-aprilie-ziua-jandarmeriei-romane\/\" class=\"crp_link post-41983\"><span class=\"crp_title\">Calendarul zilei 3 aprilie: Ziua Jandarmeriei Rom\u00e2ne<\/span><\/a><\/li>\n<li><a href=\"https:\/\/r3media.ro\/calendarul-zilei-7-ianuarie-sfantul-ioan-botezatorul-craciunul-pe-calendarul-vechi\/\" class=\"crp_link post-10400\"><span class=\"crp_title\">Calendarul zilei 7 ianuarie: Sf\u00e2ntul Ioan Botez\u0103torul. Cr\u0103ciunul pe calendarul vechi<\/span><\/a><\/li>\n<li><a href=\"https:\/\/r3media.ro\/calendarul-zilei-9-10-mai-ziua-independentei-romaniei-video\/\" class=\"crp_link post-20045\"><span class=\"crp_title\">Calendarul zilei 9 mai: Ziua \u00eencheierii celui de-al Doilea R\u0103zboi Mondial \u00een Europa \u0219i\u2026<\/span><\/a><\/li>\n<li><a href=\"https:\/\/r3media.ro\/4-august-1919-armata-romana-budapesta\/\" class=\"crp_link post-25422\"><span class=\"crp_title\">Calendarul zilei: 4 august 1919, cucerirea Budapestei de c\u0103tre Armata Rom\u00e2n\u0103<\/span><\/a><\/li>\n<\/ul>\n<\/div>\n<\/div>\n<\/div>\n<div class=\"td_block_wrap tdb_single_tags tdi_19 td-pb-border-top td_block_template_1\" data-td-block-uid=\"tdi_19\">\n<div class=\"tdb-block-inner td-fix-index\">\n<ul class=\"tdb-tags\">\n<li><span>SUBIECTE FIERBIN\u021aI<\/span><\/li>\n<li><a href=\"https:\/\/r3media.ro\/tag\/batalia-de-la-oituz\/\">batalia de la oituz<\/a><\/li>\n<li><a href=\"https:\/\/r3media.ro\/tag\/calendarul-zilei\/\">calendarul zilei<\/a><\/li>\n<li><a href=\"https:\/\/r3media.ro\/tag\/calendarul-zilei-8-august\/\">calendarul zilei 8 august<\/a><\/li>\n<li><a href=\"https:\/\/r3media.ro\/tag\/istoria-romaniei\/\">istoria romaniei<\/a><\/li>\n<li><a href=\"https:\/\/r3media.ro\/tag\/ministerul-apararii-nationale-mapn\/\">ministerul apararii nationale (mapn)<\/a><\/li>\n<li><a href=\"https:\/\/r3media.ro\/tag\/primul-razboi-mondial\/\">primul razboi mondial<\/a><\/li>\n<\/ul>\n<\/div>\n<\/div>\n<div class=\"td_block_wrap td_block_9 tdi_20 td_with_ajax_pagination td-pb-border-top td_block_template_1 td-column-2 td_block_padding td_block_bot_line\" data-td-block-uid=\"tdi_20\">\n<div class=\"td-block-title-wrap\">\n<h4 class=\"block-title td-block-title\"><span class=\"td-pulldown-size\">CITE\u0218TE MAI MULT<\/span><\/h4>\n<\/div>\n<div id=\"tdi_20\" class=\"td_block_inner\">\n<div class=\"td-block-row\">\n<div class=\"td-block-span6\">\n<div class=\"td_module_8 td_module_wrap\">\n<div class=\"item-details\">\n<h3 class=\"entry-title td-module-title\"><a href=\"https:\/\/r3media.ro\/drona-gasita-mare-mamaia-zona-loft-video\/\" rel=\"bookmark\" title=\"VIDEO | O dron\u0103 a fost g\u0103sit\u0103 \u00een mare, \u00een Mamaia, \u00een zona Loft\">VIDEO | O dron\u0103 a fost g\u0103sit\u0103 \u00een mare, \u00een Mamaia, \u00een zona Loft<\/a><\/h3>\n<div class=\"td-module-meta-info\"><a href=\"https:\/\/r3media.ro\/category\/actualitate\/\" class=\"td-post-category\">ACTUALITATE<\/a><span class=\"td-post-author-name\"><a href=\"https:\/\/r3media.ro\/author\/oana\/\">Oana Ivan<\/a><span>&#8211;<\/span><\/span><span class=\"td-post-date\"><time class=\"entry-date updated td-module-date\" datetime=\"2026-08-05T21:48:11+03:00\">05\/08\/2026<\/time><\/span><\/div>\n<\/div>\n<\/div>\n<\/div>\n<div class=\"td-block-span6\">\n<div class=\"td_module_8 td_module_wrap\">\n<div class=\"item-details\">\n<h3 class=\"entry-title td-module-title\"><a href=\"https:\/\/r3media.ro\/show-iluzie-si-realitate-de-la-the-truman-show-la-son-of-a-rich\/\" rel=\"bookmark\" title=\"Show, iluzie \u0219i realitate: de la The Truman Show la Son of a Rich\">Show, iluzie \u0219i realitate: de la The Truman Show la Son of a Rich<\/a><\/h3>\n<div class=\"td-module-meta-info\"><a href=\"https:\/\/r3media.ro\/category\/opinii\/\" class=\"td-post-category\">OPINII<\/a><span class=\"td-post-author-name\"><a href=\"https:\/\/r3media.ro\/author\/costi_balasoiu\/\">Constantin B\u0103l\u0103\u0219oiu<\/a><span>&#8211;<\/span><\/span><span class=\"td-post-date\"><time class=\"entry-date updated td-module-date\" datetime=\"2026-08-04T21:41:25+03:00\">04\/08\/2026<\/time><\/span><\/div>\n<\/div>\n<\/div>\n<\/div>\n<\/div>\n<div class=\"td-block-row\">\n<div class=\"td-block-span6\">\n<div class=\"td_module_8 td_module_wrap\">\n<div class=\"item-details\">\n<h3 class=\"entry-title td-module-title\"><a href=\"https:\/\/r3media.ro\/cand-incepe-scoala-in-2026-structura-an-nou-scolar\/\" rel=\"bookmark\" title=\"C\u00e2nd \u00eencepe \u0219coala \u00een 2026: Structura noului an \u0219colar, vacan\u021bele \u0219i zilele libere\">C\u00e2nd \u00eencepe \u0219coala \u00een 2026: Structura noului an \u0219colar, vacan\u021bele \u0219i zilele libere<\/a><\/h3>\n<div class=\"td-module-meta-info\"><a href=\"https:\/\/r3media.ro\/category\/actualitate\/\" class=\"td-post-category\">ACTUALITATE<\/a><span class=\"td-post-author-name\"><a href=\"https:\/\/r3media.ro\/author\/oana\/\">Oana Ivan<\/a><span>&#8211;<\/span><\/span><span class=\"td-post-date\"><time class=\"entry-date updated td-module-date\" datetime=\"2026-08-03T22:23:20+03:00\">03\/08\/2026<\/time><\/span><\/div>\n<\/div>\n<\/div>\n<\/div>\n<div class=\"td-block-span6\">\n<div class=\"td_module_8 td_module_wrap\">\n<div class=\"item-details\">\n<h3 class=\"entry-title td-module-title\"><a href=\"https:\/\/r3media.ro\/tara-europa-norvegia-masini-electrice-inmatriculate-cota-ridicata\/\" rel=\"bookmark\" title=\"\u021aara din Europa unde aproape toate ma\u0219inile \u00eenmatriculate sune electrice. Cota a ajuns la 97,6% \u00een iulie\">\u021aara din Europa unde aproape toate ma\u0219inile \u00eenmatriculate sune electrice. Cota a ajuns la&#8230;<\/a><\/h3>\n<div class=\"td-module-meta-info\"><a href=\"https:\/\/r3media.ro\/category\/actualitate\/\" class=\"td-post-category\">ACTUALITATE<\/a><span class=\"td-post-author-name\"><a href=\"https:\/\/r3media.ro\/author\/oana\/\">Oana Ivan<\/a><span>&#8211;<\/span><\/span><span class=\"td-post-date\"><time class=\"entry-date updated td-module-date\" datetime=\"2026-08-03T17:01:21+03:00\">03\/08\/2026<\/time><\/span><\/div>\n<\/div>\n<\/div>\n<\/div>\n<\/div>\n<div class=\"td-block-row\">\n<div class=\"td-block-span6\">\n<div class=\"td_module_8 td_module_wrap\">\n<div class=\"item-details\">\n<h3 class=\"entry-title td-module-title\"><a href=\"https:\/\/r3media.ro\/puterea-mitologica-instalata-a-romaniei\/\" rel=\"bookmark\" title=\"Puterea mitologic\u0103 instalat\u0103 a Rom\u00e2niei\">Puterea mitologic\u0103 instalat\u0103 a Rom\u00e2niei<\/a><\/h3>\n<div class=\"td-module-meta-info\"><a href=\"https:\/\/r3media.ro\/category\/opinii\/\" class=\"td-post-category\">OPINII<\/a><span class=\"td-post-author-name\"><a href=\"https:\/\/r3media.ro\/author\/tru\/\">TRU (Traian Ungureanu)<\/a><span>&#8211;<\/span><\/span><span class=\"td-post-date\"><time class=\"entry-date updated td-module-date\" datetime=\"2026-08-02T22:08:04+03:00\">02\/08\/2026<\/time><\/span><\/div>\n<\/div>\n<\/div>\n<\/div>\n<div class=\"td-block-span6\">\n<div class=\"td_module_8 td_module_wrap\">\n<div class=\"item-details\">\n<h3 class=\"entry-title td-module-title\"><a href=\"https:\/\/r3media.ro\/hyundai-recheama-service-masini-electrice-inster-risc-incendiu\/\" rel=\"bookmark\" title=\"Hyundai recheam\u0103 \u00een service zeci de mii de ma\u0219ini electrice din cauza riscului de incendiu\">Hyundai recheam\u0103 \u00een service zeci de mii de ma\u0219ini electrice din cauza riscului de&#8230;<\/a><\/h3>\n<div class=\"td-module-meta-info\"><a href=\"https:\/\/r3media.ro\/category\/actualitate\/\" class=\"td-post-category\">ACTUALITATE<\/a><span class=\"td-post-author-name\"><a href=\"https:\/\/r3media.ro\/author\/oana\/\">Oana Ivan<\/a><span>&#8211;<\/span><\/span><span class=\"td-post-date\"><time class=\"entry-date updated td-module-date\" datetime=\"2026-08-02T08:34:05+03:00\">02\/08\/2026<\/time><\/span><\/div>\n<\/div>\n<\/div>\n<\/div>\n<\/div>\n<div class=\"td-block-row\">\n<div class=\"td-block-span6\">\n<div class=\"td_module_8 td_module_wrap\">\n<div class=\"item-details\">\n<h3 class=\"entry-title td-module-title\"><a href=\"https:\/\/r3media.ro\/dragostea-care-transcende-epoci-descult-in-parc-1967\/\" rel=\"bookmark\" title=\"Dragostea care transcende epoci \u2014 Descul\u021b \u00een parc (1967)\">Dragostea care transcende epoci \u2014 Descul\u021b \u00een parc (1967)<\/a><\/h3>\n<div class=\"td-module-meta-info\"><a href=\"https:\/\/r3media.ro\/category\/opinii\/\" class=\"td-post-category\">OPINII<\/a><span class=\"td-post-author-name\"><a href=\"https:\/\/r3media.ro\/author\/costi_balasoiu\/\">Constantin B\u0103l\u0103\u0219oiu<\/a><span>&#8211;<\/span><\/span><span class=\"td-post-date\"><time class=\"entry-date updated td-module-date\" datetime=\"2026-08-01T13:45:14+03:00\">01\/08\/2026<\/time><\/span><\/div>\n<\/div>\n<\/div>\n<\/div>\n<div class=\"td-block-span6\">\n<div class=\"td_module_8 td_module_wrap\">\n<div class=\"item-details\">\n<h3 class=\"entry-title td-module-title\"><a href=\"https:\/\/r3media.ro\/masina-electrica-foc-turcia-incarcat-vehicul-explozie-pompieri-stingere-incendiu-video\/\" rel=\"bookmark\" title=\"VIDEO | O ma\u0219in\u0103 electric\u0103 a luat foc \u00een timp ce se afla la \u00eenc\u0103rcat. Vehiculul a explodat chiar c\u00e2nd pompierii \u00eencercau s\u0103 sting\u0103 incendiul folosind o p\u0103tur\u0103 ignifug\u0103\">VIDEO | O ma\u0219in\u0103 electric\u0103 a luat foc \u00een timp ce se afla la&#8230;<\/a><\/h3>\n<div class=\"td-module-meta-info\"><a href=\"https:\/\/r3media.ro\/category\/actualitate\/\" class=\"td-post-category\">ACTUALITATE<\/a><span class=\"td-post-author-name\"><a href=\"https:\/\/r3media.ro\/author\/oana\/\">Oana Ivan<\/a><span>&#8211;<\/span><\/span><span class=\"td-post-date\"><time class=\"entry-date updated td-module-date\" datetime=\"2026-07-31T13:33:48+03:00\">31\/07\/2026<\/time><\/span><\/div>\n<\/div>\n<\/div>\n<\/div>\n<\/div>\n<div class=\"td-block-row\">\n<div class=\"td-block-span6\">\n<div class=\"td_module_8 td_module_wrap\">\n<div class=\"item-details\">\n<h3 class=\"entry-title td-module-title\"><a href=\"https:\/\/r3media.ro\/spania-asediu-migranti-exclava-ceuta-africa-madrid-trupe-securitate-video\/\" rel=\"bookmark\" title=\"VIDEO | Spania se afl\u0103 sub asediu: Mii de migran\u021bi au luat cu asalt exclava Ceuta din Africa. Madridul a trimis trupe pentru a consolida securitatea\">VIDEO | Spania se afl\u0103 sub asediu: Mii de migran\u021bi au luat cu asalt&#8230;<\/a><\/h3>\n<div class=\"td-module-meta-info\"><a href=\"https:\/\/r3media.ro\/category\/actualitate\/\" class=\"td-post-category\">ACTUALITATE<\/a><span class=\"td-post-author-name\"><a href=\"https:\/\/r3media.ro\/author\/oana\/\">Oana Ivan<\/a><span>&#8211;<\/span><\/span><span class=\"td-post-date\"><time class=\"entry-date updated td-module-date\" datetime=\"2026-07-31T12:39:57+03:00\">31\/07\/2026<\/time><\/span><\/div>\n<\/div>\n<\/div>\n<\/div>\n<div class=\"td-block-span6\">\n<div class=\"td_module_8 td_module_wrap\">\n<div class=\"item-details\">\n<h3 class=\"entry-title td-module-title\"><a href=\"https:\/\/r3media.ro\/expert-ucraina-faliment-agricultura-romaneasca-tehnologii-ue\/\" rel=\"bookmark\" title=\"Un expert explic\u0103 felul \u00een care concuren\u021ba din Ucraina bag\u0103 \u00een faliment agricultura rom\u00e2neasc\u0103: Folosesc tehnologii interzise \u00een UE\">Un expert explic\u0103 felul \u00een care concuren\u021ba din Ucraina bag\u0103 \u00een faliment agricultura rom\u00e2neasc\u0103:&#8230;<\/a><\/h3>\n<div class=\"td-module-meta-info\"><a href=\"https:\/\/r3media.ro\/category\/actualitate\/\" class=\"td-post-category\">ACTUALITATE<\/a><span class=\"td-post-author-name\"><a href=\"https:\/\/r3media.ro\/author\/radu_ursan\/\">Radu Ursan<\/a><span>&#8211;<\/span><\/span><span class=\"td-post-date\"><time class=\"entry-date updated td-module-date\" datetime=\"2026-07-30T09:51:48+03:00\">30\/07\/2026<\/time><\/span><\/div>\n<\/div>\n<\/div>\n<\/div>\n<\/div>\n<div class=\"td-block-row\">\n<div class=\"td-block-span6\">\n<div class=\"td_module_8 td_module_wrap\">\n<div class=\"item-details\">\n<h3 class=\"entry-title td-module-title\"><a href=\"https:\/\/r3media.ro\/cornel-nistorescu-drone-razboi-ucraina\/\" rel=\"bookmark\" title=\"Cornel Nistorescu, dup\u0103 incidentele cu drone: Adie a aer de r\u0103zboi. De mirare c\u0103 dronele ucrainene nu au st\u00e2rnit at\u00e2ta t\u0103r\u0103boi\">Cornel Nistorescu, dup\u0103 incidentele cu drone: Adie a aer de r\u0103zboi. De mirare c\u0103&#8230;<\/a><\/h3>\n<div class=\"td-module-meta-info\"><a href=\"https:\/\/r3media.ro\/category\/actualitate\/\" class=\"td-post-category\">ACTUALITATE<\/a><span class=\"td-post-author-name\"><a href=\"https:\/\/r3media.ro\/author\/radu_ursan\/\">Radu Ursan<\/a><span>&#8211;<\/span><\/span><span class=\"td-post-date\"><time class=\"entry-date updated td-module-date\" datetime=\"2026-07-28T10:21:51+03:00\">28\/07\/2026<\/time><\/span><\/div>\n<\/div>\n<\/div>\n<\/div>\n<div class=\"td-block-span6\">\n<div class=\"td_module_8 td_module_wrap\">\n<div class=\"item-details\">\n<h3 class=\"entry-title td-module-title\"><a href=\"https:\/\/r3media.ro\/bnr-recomanda-romani-rezerve-de-cash-atacuri-cibernetice-numerar-relevant-criza\/\" rel=\"bookmark\" title=\"BNR le recomand\u0103 rom\u00e2nilor s\u0103 p\u0103streze rezerve de cash: Numerarul se poate dovedi relevant \u00een criz\u0103\">BNR le recomand\u0103 rom\u00e2nilor s\u0103 p\u0103streze rezerve de cash: Numerarul se poate dovedi relevant&#8230;<\/a><\/h3>\n<div class=\"td-module-meta-info\"><a href=\"https:\/\/r3media.ro\/category\/actualitate\/\" class=\"td-post-category\">ACTUALITATE<\/a><span class=\"td-post-author-name\"><a href=\"https:\/\/r3media.ro\/author\/oana\/\">Oana Ivan<\/a><span>&#8211;<\/span><\/span><span class=\"td-post-date\"><time class=\"entry-date updated td-module-date\" datetime=\"2026-07-27T13:11:47+03:00\">27\/07\/2026<\/time><\/span><\/div>\n<\/div>\n<\/div>\n<\/div>\n<\/div>\n<\/div>\n<div class=\"td-load-more-wrap td-load-more-infinite-wrap\" id=\"infinite-lm-tdi_20\"><a href=\"https:\/\/r3media.ro\/calendarul-zilei-8-august-1917-incepe-marea-batalie-de-la-oituz-din-primul-razboi-mondial\/\" class=\"td_ajax_load_more td_ajax_load_more_js\" aria-label=\"\u00cenc\u0103rca\u021bi mai multe\" id=\"next-page-tdi_20\" data-td_block_id=\"tdi_20\">\u00cenc\u0103rca\u021bi mai multe<\/a><\/div>\n<\/div>\n<div class=\"td_block_wrap tdb_single_comments tdi_21 tdb-comm-layout2 td-pb-border-top td_block_template_1\" data-td-block-uid=\"tdi_21\">\n<div class=\"tdb-block-inner td-fix-index\">\n<div class=\"comments\" id=\"comments\">\n<div id=\"respond\" class=\"comment-respond\">\n<h3 id=\"reply-title\" class=\"comment-reply-title\">AI CEVA DE SPUS? <small><a rel=\"nofollow\" id=\"cancel-comment-reply-link\" href=\"https:\/\/r3media.ro\/calendarul-zilei-8-august-1917-incepe-marea-batalie-de-la-oituz-din-primul-razboi-mondial\/#respond\">Renun\u021ba\u021bi la r\u0103spuns<\/a><\/small><\/h3>\n<div class=\"comment-form-input-wrap td-form-comment\">\n<div class=\"td-warning-comment\">V\u0103 rug\u0103m s\u0103 introduce\u021bi comentariul dvs.!<\/div>\n<\/div>\n<div class=\"comment-form-input-wrap td-form-author\">\n<div class=\"td-warning-author\">Introduce\u021bi aici numele dvs.<\/div>\n<\/div>\n<div class=\"comment-form-input-wrap td-form-email\">\n<div class=\"td-warning-email-error\">A\u021bi introdus o adres\u0103 de e-mail incorect\u0103!<\/div>\n<div class=\"td-warning-email\">V\u0103 rug\u0103m s\u0103 introduce\u021bi adresa dvs. de e-mail aici<\/div>\n<\/div>\n<\/div>\n<\/div>\n<\/div>\n<\/div>\n<\/div>\n<\/div>\n<div class=\"vc_column tdi_23  wpb_column vc_column_container tdc-column td-pb-span4 td-is-sticky\">\n<div class=\"wpb_wrapper\" data-sticky-enabled-on=\"W3RydWUsdHJ1ZSx0cnVlLHRydWVd\" data-sticky-offset=\"20\" data-sticky-is-width-auto=\"W2ZhbHNlLGZhbHNlLGZhbHNlLGZhbHNlXQ==\">\n<div class=\"wpb_wrapper td_block_wrap vc_widget_sidebar tdi_25 \">\n<div class=\"td_block_wrap td_block_7 td_block_widget tdi_26 td-pb-border-top td_block_template_1 td-column-1 td_block_padding\" data-td-block-uid=\"tdi_26\">\n<div class=\"td-block-title-wrap\">\n<h4 class=\"block-title td-block-title\"><span class=\"td-pulldown-size\">Articole RELA\u021aIONATE<\/span><\/h4>\n<\/div>\n<div id=\"tdi_26\" class=\"td_block_inner\">\n<div class=\"td-block-span12\">\n<div class=\"td_module_6 td_module_wrap td-animation-stack\">\n<div class=\"td-module-thumb\"><a href=\"https:\/\/r3media.ro\/fani-stapanul-inelelor-surpriza-sezonul-3-sauron\/\" rel=\"bookmark\" class=\"td-image-wrap \" title=\"Fanii \u201eSt\u0103p\u00e2nul Inelelor\u201c ar putea avea o surpriz\u0103 \u00een sezonul 3 din serialul \u201eInelele Puterii\u201c. Sauron se va confrunta cu o creatur\u0103 de temut\"><img loading=\"lazy\" decoding=\"async\" class=\"entry-thumb\" src=\"https:\/\/r3media.ro\/wp-content\/uploads\/2026\/08\/stapanul-inelelor-sauron-100x70.png\" alt title=\"Fanii \u201eSt\u0103p\u00e2nul Inelelor\u201c ar putea avea o surpriz\u0103 \u00een sezonul 3 din serialul \u201eInelele Puterii\u201c. Sauron se va confrunta cu o creatur\u0103 de temut\" width=\"100\" height=\"70\"><\/a><\/div>\n<div class=\"item-details\">\n<h3 class=\"entry-title td-module-title\"><a href=\"https:\/\/r3media.ro\/fani-stapanul-inelelor-surpriza-sezonul-3-sauron\/\" rel=\"bookmark\" title=\"Fanii \u201eSt\u0103p\u00e2nul Inelelor\u201c ar putea avea o surpriz\u0103 \u00een sezonul 3 din serialul \u201eInelele Puterii\u201c. Sauron se va confrunta cu o creatur\u0103 de temut\">Fanii \u201eSt\u0103p\u00e2nul Inelelor\u201c ar putea avea o surpriz\u0103 \u00een sezonul 3&#8230;<\/a><\/h3>\n<div class=\"td-module-meta-info\"><span class=\"td-post-date\"><time class=\"entry-date updated td-module-date\" datetime=\"2026-08-08T00:19:31+03:00\">08\/08\/2026<\/time><\/span><\/div>\n<\/div>\n<\/div>\n<\/div>\n<div class=\"td-block-span12\">\n<div class=\"td_module_6 td_module_wrap td-animation-stack\">\n<div class=\"td-module-thumb\"><a href=\"https:\/\/r3media.ro\/calendarul-zilei-8-august-sf-ierarh-emilian-marturisitorul\/\" rel=\"bookmark\" class=\"td-image-wrap \" title=\"Calendarul zilei 8 august: Sf\u00e2ntul Preot Mucenic Alexandru din Basarabia. Sf. ierarh Emilian M\u0103rturisitorul\"><img loading=\"lazy\" decoding=\"async\" class=\"entry-thumb\" src=\"https:\/\/r3media.ro\/wp-content\/uploads\/2022\/08\/maxresdefault-2-100x70.jpg\" alt title=\"Calendarul zilei 8 august: Sf\u00e2ntul Preot Mucenic Alexandru din Basarabia. Sf. ierarh Emilian M\u0103rturisitorul\" width=\"100\" height=\"70\"><\/a><\/div>\n<div class=\"item-details\">\n<h3 class=\"entry-title td-module-title\"><a href=\"https:\/\/r3media.ro\/calendarul-zilei-8-august-sf-ierarh-emilian-marturisitorul\/\" rel=\"bookmark\" title=\"Calendarul zilei 8 august: Sf\u00e2ntul Preot Mucenic Alexandru din Basarabia. Sf. ierarh Emilian M\u0103rturisitorul\">Calendarul zilei 8 august: Sf\u00e2ntul Preot Mucenic Alexandru din Basarabia. Sf&#8230;.<\/a><\/h3>\n<div class=\"td-module-meta-info\"><span class=\"td-post-date\"><time class=\"entry-date updated td-module-date\" datetime=\"2026-08-07T22:03:35+03:00\">07\/08\/2026<\/time><\/span><\/div>\n<\/div>\n<\/div>\n<\/div>\n<div class=\"td-block-span12\">\n<div class=\"td_module_6 td_module_wrap td-animation-stack\">\n<div class=\"td-module-thumb\"><a href=\"https:\/\/r3media.ro\/david-popovici-fair-play-sportivi-rusi-competitii\/\" rel=\"bookmark\" class=\"td-image-wrap \" title=\"David Popovici, fair-play la revenirea sportivilor ru\u0219i \u00een competi\u021bii: Le urez succes, sper s\u0103 fiu mai bun dec\u00e2t ei\"><img loading=\"lazy\" decoding=\"async\" class=\"entry-thumb\" src=\"https:\/\/r3media.ro\/wp-content\/uploads\/2024\/08\/david-popovici-aur-olimpiada-100x70.jpg\" alt title=\"David Popovici, fair-play la revenirea sportivilor ru\u0219i \u00een competi\u021bii: Le urez succes, sper s\u0103 fiu mai bun dec\u00e2t ei\" width=\"100\" height=\"70\"><\/a><\/div>\n<div class=\"item-details\">\n<h3 class=\"entry-title td-module-title\"><a href=\"https:\/\/r3media.ro\/david-popovici-fair-play-sportivi-rusi-competitii\/\" rel=\"bookmark\" title=\"David Popovici, fair-play la revenirea sportivilor ru\u0219i \u00een competi\u021bii: Le urez succes, sper s\u0103 fiu mai bun dec\u00e2t ei\">David Popovici, fair-play la revenirea sportivilor ru\u0219i \u00een competi\u021bii: Le urez&#8230;<\/a><\/h3>\n<div class=\"td-module-meta-info\"><span class=\"td-post-date\"><time class=\"entry-date updated td-module-date\" datetime=\"2026-08-07T15:07:51+03:00\">07\/08\/2026<\/time><\/span><\/div>\n<\/div>\n<\/div>\n<\/div>\n<div class=\"td-block-span12\">\n<div class=\"td_module_6 td_module_wrap td-animation-stack\">\n<div class=\"td-module-thumb\"><a href=\"https:\/\/r3media.ro\/untold-sadghuru-new-age-schimbarea-la-fata\/\" rel=\"bookmark\" class=\"td-image-wrap \" title=\"VIDEO | UNTOLD a adus un guru new age pe scen\u0103, \u00een ziua Schimb\u0103rii la Fa\u021b\u0103. UNTOLD ofer\u0103 gratuit participan\u021bilor medita\u021biile yoghinului\"><img loading=\"lazy\" decoding=\"async\" class=\"entry-thumb\" src=\"https:\/\/r3media.ro\/wp-content\/uploads\/2026\/08\/sadghuru-untold-100x70.jpg\" alt title=\"VIDEO | UNTOLD a adus un guru new age pe scen\u0103, \u00een ziua Schimb\u0103rii la Fa\u021b\u0103. UNTOLD ofer\u0103 gratuit participan\u021bilor medita\u021biile yoghinului\" width=\"100\" height=\"70\"><\/a><\/div>\n<div class=\"item-details\">\n<h3 class=\"entry-title td-module-title\"><a href=\"https:\/\/r3media.ro\/untold-sadghuru-new-age-schimbarea-la-fata\/\" rel=\"bookmark\" title=\"VIDEO | UNTOLD a adus un guru new age pe scen\u0103, \u00een ziua Schimb\u0103rii la Fa\u021b\u0103. UNTOLD ofer\u0103 gratuit participan\u021bilor medita\u021biile yoghinului\">VIDEO | UNTOLD a adus un guru new age pe scen\u0103,&#8230;<\/a><\/h3>\n<div class=\"td-module-meta-info\"><span class=\"td-post-date\"><time class=\"entry-date updated td-module-date\" datetime=\"2026-08-07T12:51:06+03:00\">07\/08\/2026<\/time><\/span><\/div>\n<\/div>\n<\/div>\n<\/div>\n<div class=\"td-block-span12\">\n<div class=\"td_module_6 td_module_wrap td-animation-stack\">\n<div class=\"td-module-thumb\"><a href=\"https:\/\/r3media.ro\/asociatia-energie-inteligenta-romania-inchidere-capacitati-energetice\/\" rel=\"bookmark\" class=\"td-image-wrap \" title=\"Asocia\u021bia Energie Inteligent\u0103: Rom\u00e2nia a \u00eenchis capacit\u0103\u021bi energetice printr-un mecanism obligatoriu \u0219i a l\u0103sat \u00eenlocuirea lor \u00eentr-un mecanism financiar nesigur, \u00eent\u00e2rziat \u0219i subfinan\u021bat\"><img loading=\"lazy\" decoding=\"async\" class=\"entry-thumb\" src=\"https:\/\/r3media.ro\/wp-content\/uploads\/2026\/08\/termocentrala-turceni-100x70.jpg\" alt title=\"Asocia\u021bia Energie Inteligent\u0103: Rom\u00e2nia a \u00eenchis capacit\u0103\u021bi energetice printr-un mecanism obligatoriu \u0219i a l\u0103sat \u00eenlocuirea lor \u00eentr-un mecanism financiar nesigur, \u00eent\u00e2rziat \u0219i subfinan\u021bat\" width=\"100\" height=\"70\"><\/a><\/div>\n<div class=\"item-details\">\n<h3 class=\"entry-title td-module-title\"><a href=\"https:\/\/r3media.ro\/asociatia-energie-inteligenta-romania-inchidere-capacitati-energetice\/\" rel=\"bookmark\" title=\"Asocia\u021bia Energie Inteligent\u0103: Rom\u00e2nia a \u00eenchis capacit\u0103\u021bi energetice printr-un mecanism obligatoriu \u0219i a l\u0103sat \u00eenlocuirea lor \u00eentr-un mecanism financiar nesigur, \u00eent\u00e2rziat \u0219i subfinan\u021bat\">Asocia\u021bia Energie Inteligent\u0103: Rom\u00e2nia a \u00eenchis capacit\u0103\u021bi energetice printr-un mecanism obligatoriu&#8230;<\/a><\/h3>\n<div class=\"td-module-meta-info\"><span class=\"td-post-date\"><time class=\"entry-date updated td-module-date\" datetime=\"2026-08-07T11:40:00+03:00\">07\/08\/2026<\/time><\/span><\/div>\n<\/div>\n<\/div>\n<\/div>\n<div class=\"td-block-span12\">\n<div class=\"td_module_6 td_module_wrap td-animation-stack\">\n<div class=\"td-module-thumb\"><a href=\"https:\/\/r3media.ro\/foto-podul-constantin-cel-mare-nord-dunare-imperiu-roman\/\" rel=\"bookmark\" class=\"td-image-wrap \" title=\"FOTO | Podul lui Constantin cel Mare, construit pentru a lega nordul Dun\u0103rii cu Imperiul Roman, a ie\u0219it la iveal\u0103 din cauza nivelului sc\u0103zut al fluviului\"><img loading=\"lazy\" decoding=\"async\" class=\"entry-thumb\" src=\"https:\/\/r3media.ro\/wp-content\/uploads\/2026\/08\/pod-constantin-cel-mare-sucidava-100x70.jpg\" alt title=\"FOTO | Podul lui Constantin cel Mare, construit pentru a lega nordul Dun\u0103rii cu Imperiul Roman, a ie\u0219it la iveal\u0103 din cauza nivelului sc\u0103zut al fluviului\" width=\"100\" height=\"70\"><\/a><\/div>\n<div class=\"item-details\">\n<h3 class=\"entry-title td-module-title\"><a href=\"https:\/\/r3media.ro\/foto-podul-constantin-cel-mare-nord-dunare-imperiu-roman\/\" rel=\"bookmark\" title=\"FOTO | Podul lui Constantin cel Mare, construit pentru a lega nordul Dun\u0103rii cu Imperiul Roman, a ie\u0219it la iveal\u0103 din cauza nivelului sc\u0103zut al fluviului\">FOTO | Podul lui Constantin cel Mare, construit pentru a lega&#8230;<\/a><\/h3>\n<div class=\"td-module-meta-info\"><span class=\"td-post-date\"><time class=\"entry-date updated td-module-date\" datetime=\"2026-08-07T10:41:02+03:00\">07\/08\/2026<\/time><\/span><\/div>\n<\/div>\n<\/div>\n<\/div>\n<div class=\"td-block-span12\">\n<div class=\"td_module_6 td_module_wrap td-animation-stack\">\n<div class=\"td-module-thumb\"><a href=\"https:\/\/r3media.ro\/calendarul-zilei-7-august-sf-teodora-de-la-sihla\/\" rel=\"bookmark\" class=\"td-image-wrap \" title=\"Calendarul zilei 7 august: Sf. Teodora de la Sihla\"><img loading=\"lazy\" decoding=\"async\" class=\"entry-thumb\" src=\"https:\/\/r3media.ro\/wp-content\/uploads\/2021\/08\/Sfanta-Teodora-de-la-Sihla-100x70.jpg\" alt title=\"Calendarul zilei 7 august: Sf. Teodora de la Sihla\" width=\"100\" height=\"70\"><\/a><\/div>\n<div class=\"item-details\">\n<h3 class=\"entry-title td-module-title\"><a href=\"https:\/\/r3media.ro\/calendarul-zilei-7-august-sf-teodora-de-la-sihla\/\" rel=\"bookmark\" title=\"Calendarul zilei 7 august: Sf. Teodora de la Sihla\">Calendarul zilei 7 august: Sf. Teodora de la Sihla<\/a><\/h3>\n<div class=\"td-module-meta-info\"><span class=\"td-post-date\"><time class=\"entry-date updated td-module-date\" datetime=\"2026-08-06T22:30:30+03:00\">06\/08\/2026<\/time><\/span><\/div>\n<\/div>\n<\/div>\n<\/div>\n<\/div>\n<\/div>\n<aside class=\"td_block_template_1 widget widget_recent_comments\">\n<h4 class=\"block-title\"><span>INTR\u0102 \u00ceN DISCU\u021aIE!<\/span><\/h4>\n<ul id=\"recentcomments\">\n<li class=\"recentcomments\"><span class=\"comment-author-link\">Kostel<\/span> la <a href=\"https:\/\/r3media.ro\/david-popovici-fair-play-sportivi-rusi-competitii\/#comment-40355\">David Popovici, fair-play la revenirea sportivilor ru\u0219i \u00een competi\u021bii: Le urez succes, sper s\u0103 fiu mai bun dec\u00e2t ei<\/a><\/li>\n<li class=\"recentcomments\"><span class=\"comment-author-link\">IvanHose<\/span> la <a href=\"https:\/\/r3media.ro\/kia-recheama-service-prima-generatie-masini-electrice-e-niro-risc-incendiu\/#comment-40354\">Kia recheam\u0103 \u00een service prima genera\u021bie de ma\u0219ini electrice e-Niro din cauza riscului de incendiu<\/a><\/li>\n<li class=\"recentcomments\"><span class=\"comment-author-link\">Gelu<\/span> la <a href=\"https:\/\/r3media.ro\/un-tongalez-un-sud-african-si-un-australian-vor-evolua-pentru-nationala-de-rugby-a-romaniei\/#comment-40353\">Rugby: Un tongalez, un sud-african \u0219i un australian au depus jur\u0103m\u00e2ntul de credin\u021b\u0103 fa\u021b\u0103 de Rom\u00e2nia<\/a><\/li>\n<li class=\"recentcomments\"><span class=\"comment-author-link\">George<\/span> la <a href=\"https:\/\/r3media.ro\/mariuca-zaharia-fetita-12-ani-marasesti\/#comment-40352\">Calendarul zilei 6 august: M\u0103riuca Zaharia, feti\u021ba de 12 ani c\u0103zut\u0103 la M\u0103r\u0103\u0219e\u0219ti, care nu mai are loc \u00een manualele de istorie<\/a><\/li>\n<li class=\"recentcomments\"><span class=\"comment-author-link\">Nicu<\/span> la <a href=\"https:\/\/r3media.ro\/ucraina-scuze-grecia-drona-marina-insula-lefkada-expolozie-portul-constanta\/#comment-40351\">Ucraina i-a cerut scuze Greciei pentru c\u0103 o dron\u0103 marin\u0103 a ajuns l\u00e2ng\u0103 Insula Lefkada. Nicio vorb\u0103 despre drona care putea s\u0103 arunce \u00een aer Portul Constan\u021ba<\/a><\/li>\n<li class=\"recentcomments\"><span class=\"comment-author-link\">Nicu<\/span> la <a href=\"https:\/\/r3media.ro\/bulgaria-nivelul-scazut-al-apelor-dunarii-nu-afecteaza-centrala-nucleara-de-la-kozlodui\/#comment-40350\">Bulgaria: Nivelul sc\u0103zut al apelor Dun\u0103rii NU afecteaz\u0103 centrala nuclear\u0103 de la Kozlodui<\/a><\/li>\n<li class=\"recentcomments\"><span class=\"comment-author-link\">Cristian<\/span> la <a href=\"https:\/\/r3media.ro\/4-august-1919-armata-romana-budapesta\/#comment-40349\">Calendarul zilei: 4 august 1919, cucerirea Budapestei de c\u0103tre Armata Rom\u00e2n\u0103<\/a><\/li>\n<\/ul>\n<\/aside>\n<aside class=\"td_block_template_1 widget widget_search\">\n<h4 class=\"block-title\"><span>CAUT\u0102 \u0218I VEI G\u0102SI<\/span><\/h4>\n<\/aside>\n<\/div>\n<\/div>\n<\/div>\n<\/div>\n<\/div>\n<\/div>\n<\/div>\n<p><span class=\"td-page-meta\"><\/span><span class=\"td-page-meta\"><span class=\"td-page-meta\"><\/span><\/span><span class=\"td-page-meta\"><\/span><\/article>\n<\/p>\n<div class=\"td_block_wrap tdb_single_content tdi_18 td-pb-border-top td_block_template_1 td-post-content tagdiv-type\" data-td-block-uid=\"tdi_18\">\n<div class=\"tdb-block-inner td-fix-index\">\n<p><strong>Pe 8 august 1917 \u00eencepea una dintre b\u0103t\u0103liile reprezentative pentru eroismul armatei rom\u00e2ne din Primul R\u0103zboi Mondial.<\/strong><\/p>\n<p>Este vorba despre a treia b\u0103t\u0103lie de la Oituz, cea decisiv\u0103, dintre cele purtate \u00een Primul R\u0103zboi Mondial. Armata a 2-a, comandat\u0103 de Generalul Alexandru Averescu, s-a \u00eenfruntat cu Armata 1-a Austro-Ungar\u0103. \u00cen aceast\u0103 b\u0103t\u0103lie a luat parte \u0219i viitorul german Erwin Rommel, fiind grav r\u0103nit de c\u0103tre r\u0103zboinicii rom\u00e2ni.<\/p>\n<p>E o incursiune \u00een trecut, ceea ce alia\u021bii no\u0219tri americani numesc \u201elec\u021bie de \u00eenv\u0103\u021bat\u201d, valabile ieri ca \u0219i azi: atunci, rom\u00e2nii au reu\u0219it s\u0103 \u00eenving\u0103, chiar dac\u0103 inamicul avea o superioritate numeric\u0103 de 4 la 1.<\/p>\n<p>Inamicul pl\u0103nuia s\u0103 atace cu Grupul Gerock, aripa sa stanga, de-a lungul V\u0103ii Oituzului. Efortul principal revenea Corpului 8 austro-ungar, care era dispus \u00eentre Valea Doftanei \u0219i M\u0103gura Ca\u0219inului, \u00een fa\u021ba Diviziilor 7 \u0219i 6 Infanterie rom\u00e2ne. Acesta era alcatuit din Divizia 70 Infanterie austro-ungar\u0103, Divizia 117 german\u0103 \u0219i Divizia 71 austro-ungar\u0103. \u00cen rezerv\u0103 avea Diviziile 7 si 8 Cavalerie austro-ungare, care erau preg\u0103tite s\u0103 exploateze un eventual succes al infanteriei.<\/p>\n<p>Atacul a fost hot\u0103r\u00e2t pentru data de 8 august 1917. Iat\u0103 cum descrie a\u0219ezarea for\u021belor, siteul specializat <a href=\"http:\/\/www.ligamilitarilor.ro\/istorie-militara\/batalia-de-la-oituz-primul-razboi-mondial\/\" target=\"_blank\" rel=\"noopener\">Liga Militarilor<\/a>:<\/p>\n<p>\u201ePregatirea de artilerie a durat patru ore si jumatate si a fost foarte violenta. In sectorul Diviziei 7, varful Pravila a fost asaltat de patru ori de Divizia 70 austro-ungara fara nici un rezultat, Regimentul 27 Dorobanti Bacau, pe aripa dreapta a diviziei romane, rezistand pe pozitie. La aripa stanga, Regimentul 16 Dorobanti Baia, presat de Divizia 117 Infanterie germana a cedat 1-2 km in zona varfului Ungureanu, suferind pierderi mari.<\/p>\n<p>Companiile 9 si 10 au fost incercuite, dar au reusit sa iasa spre liniile amice. Varful Balcuta a fost atacat de Divizia 71 austro-ungara, care, cu mari eforturi, a impins inapoi Regimentele 11 Dorobanti si 7 Vanatori aproximativ 1-2 km. La sud, Regimentul 10 Dorobanti Putna a reusit sa-si pastreze pozitia. Astfel, in timpul primei zile a bataliei, Corpul 8 austro-ungar a realizat o patrundere in zona centrala a frontului.<\/p>\n<div class=\"youtube-embed\" data-video_id=\"K0HNue3yOBY\"><\/div>\n<p>In timpul noptii, generalul Valeanu, comandantul Corpului 4 roman, a ordonat un contraatac in zona centrala, trupele sale reusind sa recastige o parte din terenul pierdut in timpul zilei. Regimentul 27 a capturat 200 de prizonieri, 3 mitraliere si un tun. Dar pe 9 august, dupa-masa, Puterile Centrale au reluat ofensiva. Divizia 117 germana a fortat Regimentul 16 sa se retraga pe Muntele Cosna, Diviziile 70 Infanterie si 7 Cavalerie austro-ungare au luat varful Pravila. Divizia 7 Infanterie romana s-a retras pe un nou aliniament de aparare.<\/p>\n<p>Pe 10 august 1917, presiunea asupra Diviziei 7 s-a marit, trupele romane fiind nevoite sa cedeze Slanicul, iar Muntele Cosna a fost asaltat puternic, dar a rezistat. Situatia era critica, deoarece turpele din prima linie erau epuizate dupa trei zile de lupte extrem de violente, iar Corpul 4 nu mai dispunea de rezerve. De asemenea pozitiile pe care se afla erau ultimile inaltimi inaintea vaii Trotusului. Generarul de corp de armata Alexandru Averescu a ordonat Corpului 2 sa trimita toate rezervele disponibile si a cerut intariri Marelui Cartier General. Deoarece batalia de la Marasesti era in toi nu s-a putut trimite urgent decat Divizia 1 Cavalerie, care a ajuns la Onesti in a doua zi dimineata. Mai erau in drum Batalionul de Vanatori Munte si Brigada de Graniceri.<\/p>\n<p>Generalul Gerock a aruncat in lupta si el ultimele rezerve pe 11 august, in incercarea de a sparge frontul. Diviziile 70 Infanterie si 7 Cavalerie austro-ungare au atacat Ciresoiaia, care era aparata de Regimentul 15 Dorobanti Razboieni. Toate asalturile au fost respinse, dar, in urma infiltrarii unor unitati austriece pe la sud de varf, fiind amenintat cu incercuirea, regimentul s-a retras in Valea Trotusului. Targul Ocna era acum direct amenintat. Mai la sud, Divizia 117 germana a asaltat din nou Muntele Cosna, dar nu a reusit sa-l cucereasca. A realizat insa patrunderi pe la sud, in satul Oituz, unde inaitarea a fost oprita. Avand spatele amenintat, trupele romane de pe Cosna s-au repliat. Grupul Gerock reusise sa cucereasca si ultimele doua inaltimi care il desparteau de Valea Trotusului. In acest moment au sosit intaririle. Doua batalioane contraataca in zona Ciresoaia si reusesc sa recastige o parte din terenul pierdut si sa refaca legatura cu stanga Armatei 9 ruse. La 19:00 Divizia 1 Cavalerie a fost si ea aruncata in lupta. A atacat cu o brigada trupele germane de panta sudica a Muntelui Cosna, iar cu Brigada 2 Rosiori Dealul Stibor, cucerind ambele obiective. Regimentul 1 Vanatori, trimis de la Corpul 2 roman, a contratacat si el sustinut de doua autoblindate si a respins unitatile Diviziei 117 care intrasera in satul Oituz.<\/p>\n<p>Pericolul fusese indepartat, dar patrunderea realizata de Corpoul 18 Rezerva german in zona Panciu la flancul stang al Armatei 2 l-a silit pe generalul Averescu sa mute iar o parte din rezerve in zona Corpului 2. Chiar daca fortele i se diminuasera si Brigada de Graniceri inca nu sosise, generalul Valeanu a hotarat sa reia Varful Ciresoaia pe 12 august. Atacul a fost dat de Regimentul 27, un batalion din Regimentul 15, doua batalioane din Divizia 2 rusa (din Armata 9) si Batalionul de Vanatori de Munte (care era de fapt un batalion intarit, avand 5 companii de puscasi si 2 de mitraliere). Acesta de abia sosise dupa un mars de 160 km si a pornit la asalt dupa o pauza de 20 de minute. Pentru a realiza surpriza, nu s-a realizat pregatirea de artilerie. Batalionul de Vanatori de Munte, sub comanda maiorului Virgil Badulescu, a rupt apararea Diviziei 70 Infanterie austro-ungara si a patruns in spatele pozitiilor inamice. A luat 417 de prizonieri si 4 mitraliere, pierderile suferite de batalion fiind infime: 2 morti si 19 raniti. In total divizia austro-ungara a pierdut 1500 de oameni la Ciresoaia. Pentru aceasta actiune opt ofiteri ai batalionului, in frunte cu comandantul, au primit Ordinul Mihai Viteazul clasa a III-a, aproximativ un sfert din totalul de 25 acordate pentru toata batalia de la Oituz. Steagul batalionului a fost decorat de asemenea aceasta mare distinctie.<\/p>\n<p>In timpul noptii a sosit si Brigada de Graniceri. Ea a primit sarcina ca a doua zi sa atace pe la sud de raul Oituz. Divizia 1 Cavalerie, intarita cu patru batalioane si doua baterii trebuia sa reia Muntele Cosna si inainteze spre Slanic, iar Divizia 7 Infanterie sa continue inaintarea in zona Ciresoaia.<\/p>\n<p>Pe 13 august, la ora 5:00, dupa o scurta pregatire de artilerie, Divizia 7 a trecut la atac, impreuna cu Divizia 2 rusa de la dreapta sa, silind Divizia 70 austro-ungara sa se retraga. Au intervenit insa rezervele trimise de Grupul Gerock si au respins Regimentul 195 Infanterie rus, amenintand flancul trupelor romane, care au trebuit sa se replieze. In sectorul Cosna, Divizia 1 Cavaleire a reusit sa cucereasca varful si apoi sa-l mentina in fata contraatacurilor Diviziei 117 germane. Brigada de Graniceri, comandata de colonelul Gheorghe Cantacuzino, decorat cu Ordinul Mihai Viteazul clasa a III-a pentru luptele din 1916, era obosita in urma marsului fortat din zilele precedente. Colonelul a cerut o amanare. Atacul a inceput la ora 10:00, dar a esuat in fata rezistentei organizate a Diviziei 71 austro-ungare. Dupa-amiaza, al doilea atac a avut aceeasi soarta. Pierderile au fost insemnate, aproximativ 800 de oameni.<\/p>\n<p>A urmat o pauza de 5 zile. Luptele au avut un caracter local, iar cele doua tabere si-au reorganizat fortele si si-au intarit pozitiile ocupate. Pe 16 august, Regimentul 2 Graniceri a cucerit varful Runcu, doi din ofiterii sai fiind decorati cu Ordinul Mihai Viteazul clasa a III-a pentru faptele lor din acea zi.<\/p>\n<p>Pe 19 august Armata 1 austro-ungara a reluat atacul. Sectorul ales era cel al varfului Cosna, aparat de Divizia 1 Cavalerie care fusese intercalata intre Divziile 6 si 7 Infanterie. Dispunand de o superioritate insemnata de forte, trupele germane au reusit sa ocupe varful, dar cavaleristii romani s-au repliat pe panta estica a muntelui, unde au rezistat pe pozitii. In cursul noptii, Armata 2 a trimis intariri in sector doua batalioane de granicieri si un regiment de infanterie. Pe 20 august, la ora 7:00, Divizia 1 Cavalerie astfel intarita si sustinuta de toata artileria romana disponibila a atacat si a reusit sa reia o parte din terenul pierdut ziua precedenta.<\/p>\n<p>Aceasta actiune a constituit ultimul episod major a celei de-a doua batalii de la Oituz, purtata in vara anului 1917. Armata 1 austro-ungara reusise doar sa inainteze intre 2 si 6 km pe un front larg de 20 km si esuase sa patrunda pe Valea Trotusului, de unde sa ameninte spatele armatelor romane si ruse din sudul Moldovei.<\/p>\n<p>In total 25 de Ordine Mihai Viteazul clasa a III-a au fost acordate ofiterilor romani pentru faptele savarsite in august 1917 in zona Oituz. Drapelele de lupta a trei unitati (un regiment si doua batalioane) au fost decorate cu aceeasi prestigioasa decoratie\u201d.<\/p>\n<div class=\"crp_related     crp-masonry\">\n<h2>\u00ceN CONTEXT<\/h2>\n<ul>\n<li><a href=\"https:\/\/r3media.ro\/calendarul-zilei-22-august-moartea-ecaterinei-teodoroiu-ultimele-cuvinte-ale-eroinei-au-fost-inainte-baieti-nu-vedeti-ca-sunt-intre-voi\/\" class=\"crp_link post-26436\"><span class=\"crp_title\">Calendarul zilei 22 august: 108 ani de la moartea Ecaterinei Teodoroiu. Ultimele cuvinte ale\u2026<\/span><\/a><\/li>\n<li><a href=\"https:\/\/r3media.ro\/calendarul-zilei-1-septembrie-inceputul-noului-an-bisericesc-si-prima-zi-in-noul-an-traditional-romanesc\/\" class=\"crp_link post-27187\"><span class=\"crp_title\">Calendarul zilei: 1 septembrie, \u00eenceputul noului an bisericesc \u0219i prima zi \u00een noul an\u2026<\/span><\/a><\/li>\n<li><a href=\"https:\/\/r3media.ro\/26-mai-inaugurarea-canalului-dunare-marea-neagra\/\" class=\"crp_link post-47056\"><span class=\"crp_title\">Calendarul zilei 26 mai: 42 de ani de la inaugurarea canalului Dun\u0103re &#8211; Marea Neagr\u0103,\u2026<\/span><\/a><\/li>\n<li><a href=\"https:\/\/r3media.ro\/mariuca-zaharia-fetita-12-ani-marasesti\/\" class=\"crp_link post-22102\"><span class=\"crp_title\">Calendarul zilei 6 august: M\u0103riuca Zaharia, feti\u021ba de 12 ani c\u0103zut\u0103 la M\u0103r\u0103\u0219e\u0219ti, care nu\u2026<\/span><\/a><\/li>\n<li><a href=\"https:\/\/r3media.ro\/calendarul-zilei-3-aprilie-ziua-jandarmeriei-romane\/\" class=\"crp_link post-41983\"><span class=\"crp_title\">Calendarul zilei 3 aprilie: Ziua Jandarmeriei Rom\u00e2ne<\/span><\/a><\/li>\n<li><a href=\"https:\/\/r3media.ro\/calendarul-zilei-7-ianuarie-sfantul-ioan-botezatorul-craciunul-pe-calendarul-vechi\/\" class=\"crp_link post-10400\"><span class=\"crp_title\">Calendarul zilei 7 ianuarie: Sf\u00e2ntul Ioan Botez\u0103torul. Cr\u0103ciunul pe calendarul vechi<\/span><\/a><\/li>\n<li><a href=\"https:\/\/r3media.ro\/calendarul-zilei-9-10-mai-ziua-independentei-romaniei-video\/\" class=\"crp_link post-20045\"><span class=\"crp_title\">Calendarul zilei 9 mai: Ziua \u00eencheierii celui de-al Doilea R\u0103zboi Mondial \u00een Europa \u0219i\u2026<\/span><\/a><\/li>\n<li><a href=\"https:\/\/r3media.ro\/4-august-1919-armata-romana-budapesta\/\" class=\"crp_link post-25422\"><span class=\"crp_title\">Calendarul zilei: 4 august 1919, cucerirea Budapestei de c\u0103tre Armata Rom\u00e2n\u0103<\/span><\/a><\/li>\n<\/ul>\n<\/div>\n<\/div>\n<\/div>\n<p>[analyse_source url=&#8221;https:\/\/r3media.ro\/calendarul-zilei-8-august-1917-incepe-marea-batalie-de-la-oituz-din-primul-razboi-mondial\/&#8221;]<\/p>\n","protected":false},"excerpt":{"rendered":"<p>[analyse_image type=&#8221;featured&#8221; src=&#8221;https:\/\/r3media.ro\/wp-content\/uploads\/2021\/08\/sddefault-2.jpghttps:\/\/r3media.ro\/wp-content\/uploads\/2021\/08\/sddefault-2.jpg&#8221;] PRIM PLANCalendarul zilei | 8 august 1917: \u00cencepe marea b\u0103t\u0103lie de la Oituz,&#8230; PRIM PLAN\u0218TIRIVIDEO Calendarul zilei | 8 august 1917: \u00cencepe marea b\u0103t\u0103lie de la Oituz, din Primul R\u0103zboi Mondial Redac\u021bia 07\/08\/2026 Pe 8 august 1917 \u00eencepea una dintre b\u0103t\u0103liile reprezentative pentru eroismul armatei rom\u00e2ne din Primul R\u0103zboi Mondial. Este vorba [&hellip;]<\/p>\n","protected":false},"author":1,"featured_media":0,"comment_status":"open","ping_status":"","sticky":false,"template":"","format":"standard","meta":{"footnotes":""},"categories":[89],"tags":[226,93],"class_list":["post-2083399","post","type-post","status-publish","format-standard","hentry","category-romania","tag-crawlmanager","tag-r3media-ro"],"_links":{"self":[{"href":"https:\/\/analyse.optim.biz\/index.php?rest_route=\/wp\/v2\/posts\/2083399","targetHints":{"allow":["GET"]}}],"collection":[{"href":"https:\/\/analyse.optim.biz\/index.php?rest_route=\/wp\/v2\/posts"}],"about":[{"href":"https:\/\/analyse.optim.biz\/index.php?rest_route=\/wp\/v2\/types\/post"}],"author":[{"embeddable":true,"href":"https:\/\/analyse.optim.biz\/index.php?rest_route=\/wp\/v2\/users\/1"}],"replies":[{"embeddable":true,"href":"https:\/\/analyse.optim.biz\/index.php?rest_route=%2Fwp%2Fv2%2Fcomments&post=2083399"}],"version-history":[{"count":0,"href":"https:\/\/analyse.optim.biz\/index.php?rest_route=\/wp\/v2\/posts\/2083399\/revisions"}],"wp:attachment":[{"href":"https:\/\/analyse.optim.biz\/index.php?rest_route=%2Fwp%2Fv2%2Fmedia&parent=2083399"}],"wp:term":[{"taxonomy":"category","embeddable":true,"href":"https:\/\/analyse.optim.biz\/index.php?rest_route=%2Fwp%2Fv2%2Fcategories&post=2083399"},{"taxonomy":"post_tag","embeddable":true,"href":"https:\/\/analyse.optim.biz\/index.php?rest_route=%2Fwp%2Fv2%2Ftags&post=2083399"}],"curies":[{"name":"wp","href":"https:\/\/api.w.org\/{rel}","templated":true}]}}